{"id":172816,"date":"2026-04-25T08:00:52","date_gmt":"2026-04-25T08:00:52","guid":{"rendered":"https:\/\/www.nettali.com\/?p=172816"},"modified":"2026-04-25T14:02:00","modified_gmt":"2026-04-25T14:02:00","slug":"combat-royal-ada-fass-defie-le-roi-sa-thies","status":"publish","type":"post","link":"https:\/\/www.nettali.com\/2026\/04\/25\/combat-royal-ada-fass-defie-le-roi-sa-thies\/","title":{"rendered":"COMBAT ROYAL - Ada Fass d\u00e9fie le Roi Sa Thi\u00e8s"},"content":{"rendered":"<p><strong>NETTALI.COM - Le combat entre Sa Thi\u00e8s et Ada Fass est d\u00e9sormais ficel\u00e9. L\u2019affiche, mont\u00e9e par Al Bourakh Events, oppose deux lutteurs aux trajectoires marqu\u00e9es par des ascensions rapides.<\/strong><\/p>\n<p>Sacr\u00e9 r\u00e9cemment Roi des Ar\u00e8nes, Sa Thi\u00e8s sort d\u2019une victoire face \u00e0 Modou L\u00f4, acquise le 5 avril dernier. Ce statut l\u2019oblige \u00e0 d\u00e9fendre son tr\u00f4ne d\u00e8s son prochain combat. En face, Ada Fass s\u2019est impos\u00e9 comme l\u2019un des noms forts de sa g\u00e9n\u00e9ration. Le lutteur a renforc\u00e9 sa position dans l\u2019ar\u00e8ne en dominant Eumeu S\u00e8ne en moins de trois minutes, le 19 avril.<\/p>\n<p>Ce duel met ainsi aux prises deux dynamiques diff\u00e9rentes. Pour Sa Thi\u00e8s, il s\u2019agit de confirmer sa place au sommet et de consolider la domination de la lign\u00e9e de Double Less. Pour Ada Fass, l\u2019enjeu est clair : franchir un cap d\u00e9cisif et viser une cons\u00e9cration pr\u00e9coce.<\/p>\n<p>Le premier face-\u00e0-face entre les deux protagonistes est pr\u00e9vu le 2 mai \u00e0 Paris. Cette rencontre marquera le lancement officiel de la phase de confrontation m\u00e9diatique, en pr\u00e9lude \u00e0 un combat pr\u00e9sent\u00e9 comme l\u2019un des rendez-vous majeurs de la saison 2026-2027.<\/p>\n<div class='share-to-whatsapp-wrapper'><div class='share-on-whsp'>PARTAGER SUR : <\/div><a data-text='COMBAT ROYAL - Ada Fass d\u00e9fie le Roi Sa Thi\u00e8s' data-link='https:\/\/www.nettali.com\/2026\/04\/25\/combat-royal-ada-fass-defie-le-roi-sa-thies\/' class='whatsapp-button whatsapp-share'>WhatsApp<\/a><div class='clear '><\/div><\/div>","protected":false},"excerpt":{"rendered":"<p>NETTALI.COM - Le combat entre Sa Thi\u00e8s et Ada Fass est d\u00e9sormais ficel\u00e9. L\u2019affiche, mont\u00e9e par Al Bourakh Events, oppose deux lutteurs aux trajectoires marqu\u00e9es par des ascensions rapides. Sacr\u00e9 r\u00e9cemment Roi des Ar\u00e8nes, Sa Thi\u00e8s sort d\u2019une victoire face \u00e0 Modou L\u00f4, acquise le 5 avril dernier. Ce statut l\u2019oblige \u00e0 d\u00e9fendre son tr\u00f4ne [&hellip;]<\/p>\n","protected":false},"author":5,"featured_media":172817,"comment_status":"open","ping_status":"open","sticky":false,"template":"","format":"standard","meta":{"_et_pb_use_builder":"","_et_pb_old_content":""},"categories":[6],"tags":[],"yoast_head":"<!-- This site is optimized with the Yoast SEO Premium plugin v17.8 (Yoast SEO v17.8) - https:\/\/yoast.com\/wordpress\/plugins\/seo\/ -->\n<title>COMBAT ROYAL - Ada Fass d\u00e9fie le Roi Sa Thi\u00e8s | Nettali.com<\/title>\n<meta name=\"robots\" content=\"index, follow, max-snippet:-1, max-image-preview:large, max-video-preview:-1\" \/>\n<link rel=\"canonical\" href=\"https:\/\/www.nettali.com\/2026\/04\/25\/combat-royal-ada-fass-defie-le-roi-sa-thies\/\" \/>\n<meta property=\"og:locale\" content=\"fr_FR\" \/>\n<meta property=\"og:type\" content=\"article\" \/>\n<meta property=\"og:title\" content=\"COMBAT ROYAL - Ada Fass d\u00e9fie le Roi Sa Thi\u00e8s\" \/>\n<meta property=\"og:description\" content=\"NETTALI.COM - Le combat entre Sa Thi\u00e8s et Ada Fass est d\u00e9sormais ficel\u00e9. L\u2019affiche, mont\u00e9e par Al Bourakh Events, oppose deux lutteurs aux trajectoires marqu\u00e9es par des ascensions rapides. Sacr\u00e9 r\u00e9cemment Roi des Ar\u00e8nes, Sa Thi\u00e8s sort d\u2019une victoire face \u00e0 Modou L\u00f4, acquise le 5 avril dernier. Ce statut l\u2019oblige \u00e0 d\u00e9fendre son tr\u00f4ne [&hellip;]\" \/>\n<meta property=\"og:url\" content=\"https:\/\/www.nettali.com\/2026\/04\/25\/combat-royal-ada-fass-defie-le-roi-sa-thies\/\" \/>\n<meta property=\"og:site_name\" content=\"Nettali.com\" \/>\n<meta property=\"article:publisher\" content=\"https:\/\/www.facebook.com\/nettalicom\" \/>\n<meta property=\"article:published_time\" content=\"2026-04-25T08:00:52+00:00\" \/>\n<meta property=\"article:modified_time\" content=\"2026-04-25T14:02:00+00:00\" \/>\n<meta property=\"og:image\" content=\"https:\/\/www.nettali.com\/wp-content\/uploads\/2026\/04\/Screenshot_20260425_133307_Chrome.jpg\" \/>\n\t<meta property=\"og:image:width\" content=\"1080\" \/>\n\t<meta property=\"og:image:height\" content=\"712\" \/>\n<meta name=\"twitter:card\" content=\"summary_large_image\" \/>\n<meta name=\"twitter:label1\" content=\"\u00c9crit par\" \/>\n\t<meta name=\"twitter:data1\" content=\"Ibrahima\" \/>\n\t<meta name=\"twitter:label2\" content=\"Dur\u00e9e de lecture estim\u00e9e\" \/>\n\t<meta name=\"twitter:data2\" content=\"1 minute\" \/>\n<script type=\"application\/ld+json\" class=\"yoast-schema-graph\">{\"@context\":\"https:\/\/schema.org\",\"@graph\":[{\"@type\":\"WebSite\",\"@id\":\"https:\/\/www.nettali.com\/#website\",\"url\":\"https:\/\/www.nettali.com\/\",\"name\":\"Nettali.com\",\"description\":\"Le rendez-vous critique du Net\",\"potentialAction\":[{\"@type\":\"SearchAction\",\"target\":{\"@type\":\"EntryPoint\",\"urlTemplate\":\"https:\/\/www.nettali.com\/?s={search_term_string}\"},\"query-input\":\"required name=search_term_string\"}],\"inLanguage\":\"fr-FR\"},{\"@type\":\"ImageObject\",\"@id\":\"https:\/\/www.nettali.com\/2026\/04\/25\/combat-royal-ada-fass-defie-le-roi-sa-thies\/#primaryimage\",\"inLanguage\":\"fr-FR\",\"url\":\"https:\/\/www.nettali.com\/wp-content\/uploads\/2026\/04\/Screenshot_20260425_133307_Chrome.jpg\",\"contentUrl\":\"https:\/\/www.nettali.com\/wp-content\/uploads\/2026\/04\/Screenshot_20260425_133307_Chrome.jpg\",\"width\":1080,\"height\":712},{\"@type\":\"WebPage\",\"@id\":\"https:\/\/www.nettali.com\/2026\/04\/25\/combat-royal-ada-fass-defie-le-roi-sa-thies\/#webpage\",\"url\":\"https:\/\/www.nettali.com\/2026\/04\/25\/combat-royal-ada-fass-defie-le-roi-sa-thies\/\",\"name\":\"COMBAT ROYAL - Ada Fass d\\u00e9fie le Roi Sa Thi\\u00e8s | Nettali.com\",\"isPartOf\":{\"@id\":\"https:\/\/www.nettali.com\/#website\"},\"primaryImageOfPage\":{\"@id\":\"https:\/\/www.nettali.com\/2026\/04\/25\/combat-royal-ada-fass-defie-le-roi-sa-thies\/#primaryimage\"},\"datePublished\":\"2026-04-25T08:00:52+00:00\",\"dateModified\":\"2026-04-25T14:02:00+00:00\",\"author\":{\"@id\":\"https:\/\/www.nettali.com\/#\/schema\/person\/bb147657c2986240405a608162b9bb23\"},\"breadcrumb\":{\"@id\":\"https:\/\/www.nettali.com\/2026\/04\/25\/combat-royal-ada-fass-defie-le-roi-sa-thies\/#breadcrumb\"},\"inLanguage\":\"fr-FR\",\"potentialAction\":[{\"@type\":\"ReadAction\",\"target\":[\"https:\/\/www.nettali.com\/2026\/04\/25\/combat-royal-ada-fass-defie-le-roi-sa-thies\/\"]}]},{\"@type\":\"BreadcrumbList\",\"@id\":\"https:\/\/www.nettali.com\/2026\/04\/25\/combat-royal-ada-fass-defie-le-roi-sa-thies\/#breadcrumb\",\"itemListElement\":[{\"@type\":\"ListItem\",\"position\":1,\"name\":\"Accueil\",\"item\":\"https:\/\/www.nettali.com\/\"},{\"@type\":\"ListItem\",\"position\":2,\"name\":\"COMBAT ROYAL - Ada Fass d\\u00e9fie le Roi Sa Thi\\u00e8s\"}]},{\"@type\":\"Person\",\"@id\":\"https:\/\/www.nettali.com\/#\/schema\/person\/bb147657c2986240405a608162b9bb23\",\"name\":\"Ibrahima\",\"image\":{\"@type\":\"ImageObject\",\"@id\":\"https:\/\/www.nettali.com\/#personlogo\",\"inLanguage\":\"fr-FR\",\"url\":\"https:\/\/secure.gravatar.com\/avatar\/26a8a81f09f0dd7624c9d5c36c9ba3a2?s=96&d=mm&r=g\",\"contentUrl\":\"https:\/\/secure.gravatar.com\/avatar\/26a8a81f09f0dd7624c9d5c36c9ba3a2?s=96&d=mm&r=g\",\"caption\":\"Ibrahima\"},\"sameAs\":[\"https:\/\/www.nettali.com\"]}]}<\/script>\n<!-- \/ Yoast SEO Premium plugin. -->","yoast_head_json":{"title":"COMBAT ROYAL - Ada Fass d\u00e9fie le Roi Sa Thi\u00e8s | Nettali.com","robots":{"index":"index","follow":"follow","max-snippet":"max-snippet:-1","max-image-preview":"max-image-preview:large","max-video-preview":"max-video-preview:-1"},"canonical":"https:\/\/www.nettali.com\/2026\/04\/25\/combat-royal-ada-fass-defie-le-roi-sa-thies\/","og_locale":"fr_FR","og_type":"article","og_title":"COMBAT ROYAL - Ada Fass d\u00e9fie le Roi Sa Thi\u00e8s","og_description":"NETTALI.COM - Le combat entre Sa Thi\u00e8s et Ada Fass est d\u00e9sormais ficel\u00e9. L\u2019affiche, mont\u00e9e par Al Bourakh Events, oppose deux lutteurs aux trajectoires marqu\u00e9es par des ascensions rapides. Sacr\u00e9 r\u00e9cemment Roi des Ar\u00e8nes, Sa Thi\u00e8s sort d\u2019une victoire face \u00e0 Modou L\u00f4, acquise le 5 avril dernier. Ce statut l\u2019oblige \u00e0 d\u00e9fendre son tr\u00f4ne [&hellip;]","og_url":"https:\/\/www.nettali.com\/2026\/04\/25\/combat-royal-ada-fass-defie-le-roi-sa-thies\/","og_site_name":"Nettali.com","article_publisher":"https:\/\/www.facebook.com\/nettalicom","article_published_time":"2026-04-25T08:00:52+00:00","article_modified_time":"2026-04-25T14:02:00+00:00","og_image":[{"width":1080,"height":712,"url":"https:\/\/www.nettali.com\/wp-content\/uploads\/2026\/04\/Screenshot_20260425_133307_Chrome.jpg","type":"image\/jpeg"}],"twitter_card":"summary_large_image","twitter_misc":{"\u00c9crit par":"Ibrahima","Dur\u00e9e de lecture estim\u00e9e":"1 minute"},"schema":{"@context":"https:\/\/schema.org","@graph":[{"@type":"WebSite","@id":"https:\/\/www.nettali.com\/#website","url":"https:\/\/www.nettali.com\/","name":"Nettali.com","description":"Le rendez-vous critique du Net","potentialAction":[{"@type":"SearchAction","target":{"@type":"EntryPoint","urlTemplate":"https:\/\/www.nettali.com\/?s={search_term_string}"},"query-input":"required name=search_term_string"}],"inLanguage":"fr-FR"},{"@type":"ImageObject","@id":"https:\/\/www.nettali.com\/2026\/04\/25\/combat-royal-ada-fass-defie-le-roi-sa-thies\/#primaryimage","inLanguage":"fr-FR","url":"https:\/\/www.nettali.com\/wp-content\/uploads\/2026\/04\/Screenshot_20260425_133307_Chrome.jpg","contentUrl":"https:\/\/www.nettali.com\/wp-content\/uploads\/2026\/04\/Screenshot_20260425_133307_Chrome.jpg","width":1080,"height":712},{"@type":"WebPage","@id":"https:\/\/www.nettali.com\/2026\/04\/25\/combat-royal-ada-fass-defie-le-roi-sa-thies\/#webpage","url":"https:\/\/www.nettali.com\/2026\/04\/25\/combat-royal-ada-fass-defie-le-roi-sa-thies\/","name":"COMBAT ROYAL - Ada Fass d\u00e9fie le Roi Sa Thi\u00e8s | Nettali.com","isPartOf":{"@id":"https:\/\/www.nettali.com\/#website"},"primaryImageOfPage":{"@id":"https:\/\/www.nettali.com\/2026\/04\/25\/combat-royal-ada-fass-defie-le-roi-sa-thies\/#primaryimage"},"datePublished":"2026-04-25T08:00:52+00:00","dateModified":"2026-04-25T14:02:00+00:00","author":{"@id":"https:\/\/www.nettali.com\/#\/schema\/person\/bb147657c2986240405a608162b9bb23"},"breadcrumb":{"@id":"https:\/\/www.nettali.com\/2026\/04\/25\/combat-royal-ada-fass-defie-le-roi-sa-thies\/#breadcrumb"},"inLanguage":"fr-FR","potentialAction":[{"@type":"ReadAction","target":["https:\/\/www.nettali.com\/2026\/04\/25\/combat-royal-ada-fass-defie-le-roi-sa-thies\/"]}]},{"@type":"BreadcrumbList","@id":"https:\/\/www.nettali.com\/2026\/04\/25\/combat-royal-ada-fass-defie-le-roi-sa-thies\/#breadcrumb","itemListElement":[{"@type":"ListItem","position":1,"name":"Accueil","item":"https:\/\/www.nettali.com\/"},{"@type":"ListItem","position":2,"name":"COMBAT ROYAL - Ada Fass d\u00e9fie le Roi Sa Thi\u00e8s"}]},{"@type":"Person","@id":"https:\/\/www.nettali.com\/#\/schema\/person\/bb147657c2986240405a608162b9bb23","name":"Ibrahima","image":{"@type":"ImageObject","@id":"https:\/\/www.nettali.com\/#personlogo","inLanguage":"fr-FR","url":"https:\/\/secure.gravatar.com\/avatar\/26a8a81f09f0dd7624c9d5c36c9ba3a2?s=96&d=mm&r=g","contentUrl":"https:\/\/secure.gravatar.com\/avatar\/26a8a81f09f0dd7624c9d5c36c9ba3a2?s=96&d=mm&r=g","caption":"Ibrahima"},"sameAs":["https:\/\/www.nettali.com"]}]}},"_links":{"self":[{"href":"https:\/\/www.nettali.com\/rest\/wp\/v2\/posts\/172816"}],"collection":[{"href":"https:\/\/www.nettali.com\/rest\/wp\/v2\/posts"}],"about":[{"href":"https:\/\/www.nettali.com\/rest\/wp\/v2\/types\/post"}],"author":[{"embeddable":true,"href":"https:\/\/www.nettali.com\/rest\/wp\/v2\/users\/5"}],"replies":[{"embeddable":true,"href":"https:\/\/www.nettali.com\/rest\/wp\/v2\/comments?post=172816"}],"version-history":[{"count":1,"href":"https:\/\/www.nettali.com\/rest\/wp\/v2\/posts\/172816\/revisions"}],"predecessor-version":[{"id":172818,"href":"https:\/\/www.nettali.com\/rest\/wp\/v2\/posts\/172816\/revisions\/172818"}],"wp:featuredmedia":[{"embeddable":true,"href":"https:\/\/www.nettali.com\/rest\/wp\/v2\/media\/172817"}],"wp:attachment":[{"href":"https:\/\/www.nettali.com\/rest\/wp\/v2\/media?parent=172816"}],"wp:term":[{"taxonomy":"category","embeddable":true,"href":"https:\/\/www.nettali.com\/rest\/wp\/v2\/categories?post=172816"},{"taxonomy":"post_tag","embeddable":true,"href":"https:\/\/www.nettali.com\/rest\/wp\/v2\/tags?post=172816"}],"curies":[{"name":"wp","href":"https:\/\/api.w.org\/{rel}","templated":true}]}}