{"id":172803,"date":"2026-04-25T15:00:29","date_gmt":"2026-04-25T15:00:29","guid":{"rendered":"https:\/\/www.nettali.com\/?p=172803"},"modified":"2026-04-25T19:46:11","modified_gmt":"2026-04-25T19:46:11","slug":"cameroun-longue-suspension-pour-onana","status":"publish","type":"post","link":"https:\/\/www.nettali.com\/2026\/04\/25\/cameroun-longue-suspension-pour-onana\/","title":{"rendered":"CAMEROUN - Longue suspension pour Onana ?"},"content":{"rendered":"<p><strong>NETTALI.COM -<\/strong> Le conflit entre Andr\u00e9 Onana (30 ans, 53 s\u00e9lections) et la f\u00e9d\u00e9ration camerounaise continue de s\u2019envenimer. \u00c9cart\u00e9 de la s\u00e9lection depuis plusieurs mois, le gardien a r\u00e9cemment raviv\u00e9 les tensions avec des propos tenus en direct sur les r\u00e9seaux sociaux, visant indirectement Samuel Eto'o.<\/p>\n<p>Selon Sport News Africa, la FECAFOOT doit prochainement se pencher sur son cas, avec la possibilit\u00e9 d\u2019une suspension de longue dur\u00e9e. Une issue qui s\u2019inscrirait dans la continuit\u00e9 d\u2019un bras de fer d\u00e9j\u00e0 ancien, puisque le portier avait notamment \u00e9t\u00e9 \u00e9cart\u00e9 lors de la derni\u00e8re CAN en raison de ses relations tr\u00e8s tendues avec Eto\u2019o.<\/p>\n<div class='share-to-whatsapp-wrapper'><div class='share-on-whsp'>PARTAGER SUR : <\/div><a data-text='CAMEROUN - Longue suspension pour Onana ?' data-link='https:\/\/www.nettali.com\/2026\/04\/25\/cameroun-longue-suspension-pour-onana\/' class='whatsapp-button whatsapp-share'>WhatsApp<\/a><div class='clear '><\/div><\/div>","protected":false},"excerpt":{"rendered":"<p>NETTALI.COM - Le conflit entre Andr\u00e9 Onana (30 ans, 53 s\u00e9lections) et la f\u00e9d\u00e9ration camerounaise continue de s\u2019envenimer. \u00c9cart\u00e9 de la s\u00e9lection depuis plusieurs mois, le gardien a r\u00e9cemment raviv\u00e9 les tensions avec des propos tenus en direct sur les r\u00e9seaux sociaux, visant indirectement Samuel Eto'o. Selon Sport News Africa, la FECAFOOT doit prochainement se [&hellip;]<\/p>\n","protected":false},"author":2,"featured_media":172804,"comment_status":"open","ping_status":"open","sticky":false,"template":"","format":"standard","meta":{"_et_pb_use_builder":"","_et_pb_old_content":""},"categories":[6],"tags":[],"yoast_head":"<!-- This site is optimized with the Yoast SEO Premium plugin v17.8 (Yoast SEO v17.8) - https:\/\/yoast.com\/wordpress\/plugins\/seo\/ -->\n<title>CAMEROUN - Longue suspension pour Onana ? | Nettali.com<\/title>\n<meta name=\"robots\" content=\"index, follow, max-snippet:-1, max-image-preview:large, max-video-preview:-1\" \/>\n<link rel=\"canonical\" href=\"https:\/\/www.nettali.com\/2026\/04\/25\/cameroun-longue-suspension-pour-onana\/\" \/>\n<meta property=\"og:locale\" content=\"fr_FR\" \/>\n<meta property=\"og:type\" content=\"article\" \/>\n<meta property=\"og:title\" content=\"CAMEROUN - Longue suspension pour Onana ?\" \/>\n<meta property=\"og:description\" content=\"NETTALI.COM - Le conflit entre Andr\u00e9 Onana (30 ans, 53 s\u00e9lections) et la f\u00e9d\u00e9ration camerounaise continue de s\u2019envenimer. \u00c9cart\u00e9 de la s\u00e9lection depuis plusieurs mois, le gardien a r\u00e9cemment raviv\u00e9 les tensions avec des propos tenus en direct sur les r\u00e9seaux sociaux, visant indirectement Samuel Eto&#039;o. Selon Sport News Africa, la FECAFOOT doit prochainement se [&hellip;]\" \/>\n<meta property=\"og:url\" content=\"https:\/\/www.nettali.com\/2026\/04\/25\/cameroun-longue-suspension-pour-onana\/\" \/>\n<meta property=\"og:site_name\" content=\"Nettali.com\" \/>\n<meta property=\"article:publisher\" content=\"https:\/\/www.facebook.com\/nettalicom\" \/>\n<meta property=\"article:published_time\" content=\"2026-04-25T15:00:29+00:00\" \/>\n<meta property=\"article:modified_time\" content=\"2026-04-25T19:46:11+00:00\" \/>\n<meta property=\"og:image\" content=\"https:\/\/www.nettali.com\/wp-content\/uploads\/2026\/04\/images-3-2.jpeg\" \/>\n\t<meta property=\"og:image:width\" content=\"275\" \/>\n\t<meta property=\"og:image:height\" content=\"183\" \/>\n<meta name=\"twitter:card\" content=\"summary_large_image\" \/>\n<meta name=\"twitter:label1\" content=\"\u00c9crit par\" \/>\n\t<meta name=\"twitter:data1\" content=\"CK\" \/>\n\t<meta name=\"twitter:label2\" content=\"Dur\u00e9e de lecture estim\u00e9e\" \/>\n\t<meta name=\"twitter:data2\" content=\"1 minute\" \/>\n<script type=\"application\/ld+json\" class=\"yoast-schema-graph\">{\"@context\":\"https:\/\/schema.org\",\"@graph\":[{\"@type\":\"WebSite\",\"@id\":\"https:\/\/www.nettali.com\/#website\",\"url\":\"https:\/\/www.nettali.com\/\",\"name\":\"Nettali.com\",\"description\":\"Le rendez-vous critique du Net\",\"potentialAction\":[{\"@type\":\"SearchAction\",\"target\":{\"@type\":\"EntryPoint\",\"urlTemplate\":\"https:\/\/www.nettali.com\/?s={search_term_string}\"},\"query-input\":\"required name=search_term_string\"}],\"inLanguage\":\"fr-FR\"},{\"@type\":\"ImageObject\",\"@id\":\"https:\/\/www.nettali.com\/2026\/04\/25\/cameroun-longue-suspension-pour-onana\/#primaryimage\",\"inLanguage\":\"fr-FR\",\"url\":\"https:\/\/www.nettali.com\/wp-content\/uploads\/2026\/04\/images-3-2.jpeg\",\"contentUrl\":\"https:\/\/www.nettali.com\/wp-content\/uploads\/2026\/04\/images-3-2.jpeg\",\"width\":275,\"height\":183},{\"@type\":\"WebPage\",\"@id\":\"https:\/\/www.nettali.com\/2026\/04\/25\/cameroun-longue-suspension-pour-onana\/#webpage\",\"url\":\"https:\/\/www.nettali.com\/2026\/04\/25\/cameroun-longue-suspension-pour-onana\/\",\"name\":\"CAMEROUN - Longue suspension pour Onana ? | Nettali.com\",\"isPartOf\":{\"@id\":\"https:\/\/www.nettali.com\/#website\"},\"primaryImageOfPage\":{\"@id\":\"https:\/\/www.nettali.com\/2026\/04\/25\/cameroun-longue-suspension-pour-onana\/#primaryimage\"},\"datePublished\":\"2026-04-25T15:00:29+00:00\",\"dateModified\":\"2026-04-25T19:46:11+00:00\",\"author\":{\"@id\":\"https:\/\/www.nettali.com\/#\/schema\/person\/d8ac7b7e27ddad43f1c0d2ef090d7f71\"},\"breadcrumb\":{\"@id\":\"https:\/\/www.nettali.com\/2026\/04\/25\/cameroun-longue-suspension-pour-onana\/#breadcrumb\"},\"inLanguage\":\"fr-FR\",\"potentialAction\":[{\"@type\":\"ReadAction\",\"target\":[\"https:\/\/www.nettali.com\/2026\/04\/25\/cameroun-longue-suspension-pour-onana\/\"]}]},{\"@type\":\"BreadcrumbList\",\"@id\":\"https:\/\/www.nettali.com\/2026\/04\/25\/cameroun-longue-suspension-pour-onana\/#breadcrumb\",\"itemListElement\":[{\"@type\":\"ListItem\",\"position\":1,\"name\":\"Accueil\",\"item\":\"https:\/\/www.nettali.com\/\"},{\"@type\":\"ListItem\",\"position\":2,\"name\":\"CAMEROUN - Longue suspension pour Onana ?\"}]},{\"@type\":\"Person\",\"@id\":\"https:\/\/www.nettali.com\/#\/schema\/person\/d8ac7b7e27ddad43f1c0d2ef090d7f71\",\"name\":\"CK\",\"image\":{\"@type\":\"ImageObject\",\"@id\":\"https:\/\/www.nettali.com\/#personlogo\",\"inLanguage\":\"fr-FR\",\"url\":\"https:\/\/secure.gravatar.com\/avatar\/1d8d5118b9327d94da7cd4ce7f17fec2?s=96&d=mm&r=g\",\"contentUrl\":\"https:\/\/secure.gravatar.com\/avatar\/1d8d5118b9327d94da7cd4ce7f17fec2?s=96&d=mm&r=g\",\"caption\":\"CK\"},\"sameAs\":[\"https:\/\/www.nettali.com\"]}]}<\/script>\n<!-- \/ Yoast SEO Premium plugin. -->","yoast_head_json":{"title":"CAMEROUN - Longue suspension pour Onana ? | Nettali.com","robots":{"index":"index","follow":"follow","max-snippet":"max-snippet:-1","max-image-preview":"max-image-preview:large","max-video-preview":"max-video-preview:-1"},"canonical":"https:\/\/www.nettali.com\/2026\/04\/25\/cameroun-longue-suspension-pour-onana\/","og_locale":"fr_FR","og_type":"article","og_title":"CAMEROUN - Longue suspension pour Onana ?","og_description":"NETTALI.COM - Le conflit entre Andr\u00e9 Onana (30 ans, 53 s\u00e9lections) et la f\u00e9d\u00e9ration camerounaise continue de s\u2019envenimer. \u00c9cart\u00e9 de la s\u00e9lection depuis plusieurs mois, le gardien a r\u00e9cemment raviv\u00e9 les tensions avec des propos tenus en direct sur les r\u00e9seaux sociaux, visant indirectement Samuel Eto'o. Selon Sport News Africa, la FECAFOOT doit prochainement se [&hellip;]","og_url":"https:\/\/www.nettali.com\/2026\/04\/25\/cameroun-longue-suspension-pour-onana\/","og_site_name":"Nettali.com","article_publisher":"https:\/\/www.facebook.com\/nettalicom","article_published_time":"2026-04-25T15:00:29+00:00","article_modified_time":"2026-04-25T19:46:11+00:00","og_image":[{"width":275,"height":183,"url":"https:\/\/www.nettali.com\/wp-content\/uploads\/2026\/04\/images-3-2.jpeg","type":"image\/jpeg"}],"twitter_card":"summary_large_image","twitter_misc":{"\u00c9crit par":"CK","Dur\u00e9e de lecture estim\u00e9e":"1 minute"},"schema":{"@context":"https:\/\/schema.org","@graph":[{"@type":"WebSite","@id":"https:\/\/www.nettali.com\/#website","url":"https:\/\/www.nettali.com\/","name":"Nettali.com","description":"Le rendez-vous critique du Net","potentialAction":[{"@type":"SearchAction","target":{"@type":"EntryPoint","urlTemplate":"https:\/\/www.nettali.com\/?s={search_term_string}"},"query-input":"required name=search_term_string"}],"inLanguage":"fr-FR"},{"@type":"ImageObject","@id":"https:\/\/www.nettali.com\/2026\/04\/25\/cameroun-longue-suspension-pour-onana\/#primaryimage","inLanguage":"fr-FR","url":"https:\/\/www.nettali.com\/wp-content\/uploads\/2026\/04\/images-3-2.jpeg","contentUrl":"https:\/\/www.nettali.com\/wp-content\/uploads\/2026\/04\/images-3-2.jpeg","width":275,"height":183},{"@type":"WebPage","@id":"https:\/\/www.nettali.com\/2026\/04\/25\/cameroun-longue-suspension-pour-onana\/#webpage","url":"https:\/\/www.nettali.com\/2026\/04\/25\/cameroun-longue-suspension-pour-onana\/","name":"CAMEROUN - Longue suspension pour Onana ? | Nettali.com","isPartOf":{"@id":"https:\/\/www.nettali.com\/#website"},"primaryImageOfPage":{"@id":"https:\/\/www.nettali.com\/2026\/04\/25\/cameroun-longue-suspension-pour-onana\/#primaryimage"},"datePublished":"2026-04-25T15:00:29+00:00","dateModified":"2026-04-25T19:46:11+00:00","author":{"@id":"https:\/\/www.nettali.com\/#\/schema\/person\/d8ac7b7e27ddad43f1c0d2ef090d7f71"},"breadcrumb":{"@id":"https:\/\/www.nettali.com\/2026\/04\/25\/cameroun-longue-suspension-pour-onana\/#breadcrumb"},"inLanguage":"fr-FR","potentialAction":[{"@type":"ReadAction","target":["https:\/\/www.nettali.com\/2026\/04\/25\/cameroun-longue-suspension-pour-onana\/"]}]},{"@type":"BreadcrumbList","@id":"https:\/\/www.nettali.com\/2026\/04\/25\/cameroun-longue-suspension-pour-onana\/#breadcrumb","itemListElement":[{"@type":"ListItem","position":1,"name":"Accueil","item":"https:\/\/www.nettali.com\/"},{"@type":"ListItem","position":2,"name":"CAMEROUN - Longue suspension pour Onana ?"}]},{"@type":"Person","@id":"https:\/\/www.nettali.com\/#\/schema\/person\/d8ac7b7e27ddad43f1c0d2ef090d7f71","name":"CK","image":{"@type":"ImageObject","@id":"https:\/\/www.nettali.com\/#personlogo","inLanguage":"fr-FR","url":"https:\/\/secure.gravatar.com\/avatar\/1d8d5118b9327d94da7cd4ce7f17fec2?s=96&d=mm&r=g","contentUrl":"https:\/\/secure.gravatar.com\/avatar\/1d8d5118b9327d94da7cd4ce7f17fec2?s=96&d=mm&r=g","caption":"CK"},"sameAs":["https:\/\/www.nettali.com"]}]}},"_links":{"self":[{"href":"https:\/\/www.nettali.com\/rest\/wp\/v2\/posts\/172803"}],"collection":[{"href":"https:\/\/www.nettali.com\/rest\/wp\/v2\/posts"}],"about":[{"href":"https:\/\/www.nettali.com\/rest\/wp\/v2\/types\/post"}],"author":[{"embeddable":true,"href":"https:\/\/www.nettali.com\/rest\/wp\/v2\/users\/2"}],"replies":[{"embeddable":true,"href":"https:\/\/www.nettali.com\/rest\/wp\/v2\/comments?post=172803"}],"version-history":[{"count":1,"href":"https:\/\/www.nettali.com\/rest\/wp\/v2\/posts\/172803\/revisions"}],"predecessor-version":[{"id":172805,"href":"https:\/\/www.nettali.com\/rest\/wp\/v2\/posts\/172803\/revisions\/172805"}],"wp:featuredmedia":[{"embeddable":true,"href":"https:\/\/www.nettali.com\/rest\/wp\/v2\/media\/172804"}],"wp:attachment":[{"href":"https:\/\/www.nettali.com\/rest\/wp\/v2\/media?parent=172803"}],"wp:term":[{"taxonomy":"category","embeddable":true,"href":"https:\/\/www.nettali.com\/rest\/wp\/v2\/categories?post=172803"},{"taxonomy":"post_tag","embeddable":true,"href":"https:\/\/www.nettali.com\/rest\/wp\/v2\/tags?post=172803"}],"curies":[{"name":"wp","href":"https:\/\/api.w.org\/{rel}","templated":true}]}}