{"id":172799,"date":"2026-04-25T13:00:49","date_gmt":"2026-04-25T13:00:49","guid":{"rendered":"https:\/\/www.nettali.com\/?p=172799"},"modified":"2026-04-25T08:25:20","modified_gmt":"2026-04-25T08:25:20","slug":"macky-sall-candidat-poste-secretaire-general-nations-unies-mon-pays-na-engage-aucune-demarche-contre-ma-personne","status":"publish","type":"post","link":"https:\/\/www.nettali.com\/2026\/04\/25\/macky-sall-candidat-poste-secretaire-general-nations-unies-mon-pays-na-engage-aucune-demarche-contre-ma-personne\/","title":{"rendered":"MACKY SALL, CANDIDAT POSTE SECR\u00c9TAIRE G\u00c9N\u00c9RAL NATIONS UNIES - \"Mon pays n\u2019a engag\u00e9 aucune d\u00e9marche contre ma personne\""},"content":{"rendered":"<p><strong>NETTALI.COM - Interview\u00e9 par Deutsche Welle, la radio internationale allemande, en fran\u00e7ais, le candidat au poste de secr\u00e9taire g\u00e9n\u00e9ral des Nations Unies, Macky Sall, est revenu sur plusieurs sujets sensibles qui jalonnent sa campagne. Il se pr\u00e9sente comme la voix d\u00e9complex\u00e9e de l\u2019Afrique.<\/strong><\/p>\n<p>Le fondement de la candidature de Macky Sall au poste de secr\u00e9taire g\u00e9n\u00e9ral des Nations Unies est corr\u00e9l\u00e9 \u00e0 une volont\u00e9 de se prot\u00e9ger d'\u00e9ventuelles poursuites judiciaires au S\u00e9n\u00e9gal. Le candidat, interview\u00e9 par Deutsche Welle, a convoqu\u00e9 la d\u00e9rision pour balayer cette th\u00e8se. \u201c<em>D'abord, c'est \u00e9tonnant que ceux qui gouvernent soient mes opposants. Aujourd'hui, c'est eux le pouvoir. Donc aujourd'hui, c'est moi qui suis dans l'opposition. Donc il faut quand m\u00eame fixer les choses. Deuxi\u00e8mement, mon pays n'a engag\u00e9 aucune d\u00e9marche, la justice de mon pays je veux dire, contre ma personne et contre l'action qui a \u00e9t\u00e9 men\u00e9e pendant que j'\u00e9tais pr\u00e9sident de la R\u00e9publique<\/em>\u201d, r\u00e9pond-t-il.<\/p>\n<p>Macky Sall se pr\u00e9sente, en effet, comme un \u201cd\u00e9mocrate\u201d. \u201c<em>J'ai quitt\u00e9 le pouvoir et j'avais dit que je ferai deux mandats, je m'en irai et c'est ce que j'ai fait<\/em>\u201d, dit-il. Avant de faire remarquer qu\u2019il y avait une hypoth\u00e8se qui lui permettait de postuler pour un troisi\u00e8me mandat, s\u2019il l\u2019avait voulu. Ceci \u00e9tant dit, il invite ses adversaires politiques \u00e0 mener leur combat \u201c<em>avec lucidit\u00e9 et avec respect<\/em>\u201d.<\/p>\n<p>Aujourd\u2019hui, l\u2019ancien chef d\u2019Etat souligne \u00eatre pass\u00e9 \u00e0 une \u00e9tape sup\u00e9rieure de sa vie politique. \u201cJ'ai d\u00e9j\u00e0 dirig\u00e9 le S\u00e9n\u00e9gal pendant douze ans, donc je n'ai plus rien \u00e0 prouver au S\u00e9n\u00e9gal ni en Afrique. Donc voil\u00e0 dans quelle perspective je me situe. (\u2026) Et je pense que c'est \u00e7a qui est essentiel. Moi, j'ai tourn\u00e9 la page, bien s\u00fbr, je suis un acteur politique, j'ai un parti politique, mais je suis dans la perspective de servir le monde \u00e0 travers les Nations Unies\u201d, mart\u00e8le-t-il.<\/p>\n<p>Cependant, arriver \u00e0 une telle station n\u2019est pas une sin\u00e9cure, en t\u00e9moigne la tournure des \u00e9v\u00e9nements pour sa campagne, notamment, les divisions au sein de l\u2019Union africaine \u00e0 propos de sa candidature. Mais, il croit en son profil et son exp\u00e9rience. \u201c<em>J\u2019ai servi \u00e0 diff\u00e9rents \u00e9chelons politiques, administratifs et diplomatiques. Cette exp\u00e9rience cumul\u00e9e dans le temps m'a permis d'avoir l'occasion de pouvoir \u00e9couter, de pouvoir engager des discussions, des n\u00e9gociations et surtout aussi de pouvoir prendre des d\u00e9cisions<\/em>\u201d, avance-t-il comme argument.<\/p>\n<p>Mieux, en ces temps de crises o\u00f9 l\u2019ONU est marginalis\u00e9e dans la recherche de paix, le candidat Sall estime avoir la stature et l\u2019entregent pour replacer l\u2019organisation au centre du jeu et impulser les solutions qui vont permettre d\u2019en venir \u00e0 bout. \u201c<em>Aujourd'hui, si on regarde de pr\u00e8s ce qui se passe, c'est que l'ONU, dans beaucoup de crises, est un peu mise de c\u00f4t\u00e9. Ce qui est regrettable parce que c'est l'organisation qui doit prendre en charge, en principe, les grandes n\u00e9gociations, la r\u00e9solution des grands conflits. Et aujourd'hui plus que jamais, nous avons besoin de cette organisation des Nations unies revitalis\u00e9e. Je pense avoir les capacit\u00e9s en termes de facilit\u00e9 de dialogue, en termes \u00e9galement de construction de consensus, \u00e0 m\u00eame de pouvoir, vraiment redonner cette nouvelle vocation \u00e0 l'organisation universelle<\/em>\u201d.<\/p>\n<p>Pour cela, l\u2019ancien Chef d\u2019Etat compte mener une r\u00e9forme \u201c<em>\u00e0 deux niveaux, d'abord au niveau du secr\u00e9tariat, puis au niveau des \u00c9tats membres<\/em>\u201d, s\u2019il est \u00e9lu \u00e0 la t\u00eate de l\u2019institution. Le premier niveau de r\u00e9forme va concerner l'organisation, ellem\u00eame. Macky Sall pr\u00e9conise une r\u00e9forme du fonctionnement. Pour cela, il entend prendre des mesures fortes \u201cpour r\u00e9duire les duplicit\u00e9s, les superpositions de mandats ou m\u00eame de structures, ce que l'organisme peut prendre en charge directement pour optimiser, pour rationaliser et \u00e9galement pour faire en sorte que le fonctionnement se fasse de la meilleure des fa\u00e7ons\u201d.<\/p>\n<p>Le second niveau, le plus ardu, va engager les \u00c9tats membres. Le candidat s\u2019explique : \u201c<em>C'est d'abord comment les \u00c9tats membres comptent financer l'activit\u00e9 des Nations unies sur la base des rationalisations d\u00e9j\u00e0 faites ant\u00e9rieurement. Mais \u00e9galement comment l'ONU, elle-m\u00eame, va \u00e9voluer avec l'ouverture possible du Conseil de s\u00e9curit\u00e9 qui doit refl\u00e9ter le monde d'aujourd'hui<\/em>\u201d.<\/p>\n<p>Mais c\u2019est l\u00e0 o\u00f9 le b\u00e2t blesse, car, il le dit lui-m\u00eame, \u201c<em>c'est un grand d\u00e9bat qui est engag\u00e9 depuis 92<\/em>\u201d. En effet, il s\u2019agit de faire en sorte que le Conseil s'\u00e9largisse un peu plus en int\u00e9grant des pays, surtout du Sud global, qui ne sont pas bien repr\u00e9sent\u00e9s. \u201c<em>Comment \u00e9galement r\u00e9pondre \u00e0 la demande des autres grands pays, comme le groupe des quatre ? Et de fa\u00e7on g\u00e9n\u00e9rale, comment cette r\u00e9forme peut \u00eatre men\u00e9e de fa\u00e7on consensuelle, tout en gardant l'esprit d'efficacit\u00e9 du Conseil ? Parce qu'il ne s'agit pas aussi d'ouvrir pour apr\u00e8s \u00eatre bloqu\u00e9. Mais toute cette probl\u00e9matique, elle sera sur la table, mais avec les \u00c9tats membres<\/em>\u201d, dit-il.<\/p>\n<p>Donc, aux yeux de Macky Sall, \u201c<em>c'est le moment pour l'Afrique de revenir en premi\u00e8re ligne en servant cette organisation, puisque, dit-il, les d\u00e9fis majeurs de la s\u00e9curit\u00e9 et de la paix aujourd'hui, la plupart du temps, se font en Afrique. Bien s\u00fbr, poursuit-il, avec les crises r\u00e9centes, l'Afrique n'est plus vraiment le terrain de pr\u00e9dilection des crises parce qu'on le voit en Europe avec l'Ukraine, la Russie, on le voit dans le Moyen-Orient, on le voit aujourd'hui avec l'Iran et aussi les \u00c9tats-Unis et Isra\u00ebl. Mais avoir un Africain aujourd'hui \u00e0 la t\u00eate de l'organisation, \u00e7a fait sens, dans le sens o\u00f9 on parlerait aussi au nom du Sud global et surtout, il s'agirait aussi de travailler sur tous les probl\u00e8mes du monde<\/em>\u201d.<\/p>\n<div class='share-to-whatsapp-wrapper'><div class='share-on-whsp'>PARTAGER SUR : <\/div><a data-text='MACKY SALL, CANDIDAT POSTE SECR\u00c9TAIRE G\u00c9N\u00c9RAL NATIONS UNIES - \"Mon pays n\u2019a engag\u00e9 aucune d\u00e9marche contre ma personne\"' data-link='https:\/\/www.nettali.com\/2026\/04\/25\/macky-sall-candidat-poste-secretaire-general-nations-unies-mon-pays-na-engage-aucune-demarche-contre-ma-personne\/' class='whatsapp-button whatsapp-share'>WhatsApp<\/a><div class='clear '><\/div><\/div>","protected":false},"excerpt":{"rendered":"<p>NETTALI.COM - Interview\u00e9 par Deutsche Welle, la radio internationale allemande, en fran\u00e7ais, le candidat au poste de secr\u00e9taire g\u00e9n\u00e9ral des Nations Unies, Macky Sall, est revenu sur plusieurs sujets sensibles qui jalonnent sa campagne. Il se pr\u00e9sente comme la voix d\u00e9complex\u00e9e de l\u2019Afrique. Le fondement de la candidature de Macky Sall au poste de secr\u00e9taire [&hellip;]<\/p>\n","protected":false},"author":2,"featured_media":172748,"comment_status":"open","ping_status":"open","sticky":true,"template":"","format":"standard","meta":{"_et_pb_use_builder":"","_et_pb_old_content":""},"categories":[8],"tags":[],"yoast_head":"<!-- This site is optimized with the Yoast SEO Premium plugin v17.8 (Yoast SEO v17.8) - https:\/\/yoast.com\/wordpress\/plugins\/seo\/ -->\n<title>MACKY SALL, CANDIDAT POSTE SECR\u00c9TAIRE G\u00c9N\u00c9RAL NATIONS UNIES - &quot;Mon pays n\u2019a engag\u00e9 aucune d\u00e9marche contre ma personne&quot; | Nettali.com<\/title>\n<meta name=\"robots\" content=\"index, follow, max-snippet:-1, max-image-preview:large, max-video-preview:-1\" \/>\n<link rel=\"canonical\" href=\"https:\/\/www.nettali.com\/2026\/04\/25\/macky-sall-candidat-poste-secretaire-general-nations-unies-mon-pays-na-engage-aucune-demarche-contre-ma-personne\/\" \/>\n<meta property=\"og:locale\" content=\"fr_FR\" \/>\n<meta property=\"og:type\" content=\"article\" \/>\n<meta property=\"og:title\" content=\"MACKY SALL, CANDIDAT POSTE SECR\u00c9TAIRE G\u00c9N\u00c9RAL NATIONS UNIES - &quot;Mon pays n\u2019a engag\u00e9 aucune d\u00e9marche contre ma personne&quot;\" \/>\n<meta property=\"og:description\" content=\"NETTALI.COM - Interview\u00e9 par Deutsche Welle, la radio internationale allemande, en fran\u00e7ais, le candidat au poste de secr\u00e9taire g\u00e9n\u00e9ral des Nations Unies, Macky Sall, est revenu sur plusieurs sujets sensibles qui jalonnent sa campagne. Il se pr\u00e9sente comme la voix d\u00e9complex\u00e9e de l\u2019Afrique. Le fondement de la candidature de Macky Sall au poste de secr\u00e9taire [&hellip;]\" \/>\n<meta property=\"og:url\" content=\"https:\/\/www.nettali.com\/2026\/04\/25\/macky-sall-candidat-poste-secretaire-general-nations-unies-mon-pays-na-engage-aucune-demarche-contre-ma-personne\/\" \/>\n<meta property=\"og:site_name\" content=\"Nettali.com\" \/>\n<meta property=\"article:publisher\" content=\"https:\/\/www.facebook.com\/nettalicom\" \/>\n<meta property=\"article:published_time\" content=\"2026-04-25T13:00:49+00:00\" \/>\n<meta property=\"article:modified_time\" content=\"2026-04-25T08:25:20+00:00\" \/>\n<meta property=\"og:image\" content=\"https:\/\/www.nettali.com\/wp-content\/uploads\/2026\/04\/Macky-Sall.jpg\" \/>\n\t<meta property=\"og:image:width\" content=\"2048\" \/>\n\t<meta property=\"og:image:height\" content=\"1364\" \/>\n<meta name=\"twitter:card\" content=\"summary_large_image\" \/>\n<meta name=\"twitter:label1\" content=\"\u00c9crit par\" \/>\n\t<meta name=\"twitter:data1\" content=\"CK\" \/>\n\t<meta name=\"twitter:label2\" content=\"Dur\u00e9e de lecture estim\u00e9e\" \/>\n\t<meta name=\"twitter:data2\" content=\"5 minutes\" \/>\n<script type=\"application\/ld+json\" class=\"yoast-schema-graph\">{\"@context\":\"https:\/\/schema.org\",\"@graph\":[{\"@type\":\"WebSite\",\"@id\":\"https:\/\/www.nettali.com\/#website\",\"url\":\"https:\/\/www.nettali.com\/\",\"name\":\"Nettali.com\",\"description\":\"Le rendez-vous critique du Net\",\"potentialAction\":[{\"@type\":\"SearchAction\",\"target\":{\"@type\":\"EntryPoint\",\"urlTemplate\":\"https:\/\/www.nettali.com\/?s={search_term_string}\"},\"query-input\":\"required name=search_term_string\"}],\"inLanguage\":\"fr-FR\"},{\"@type\":\"ImageObject\",\"@id\":\"https:\/\/www.nettali.com\/2026\/04\/25\/macky-sall-candidat-poste-secretaire-general-nations-unies-mon-pays-na-engage-aucune-demarche-contre-ma-personne\/#primaryimage\",\"inLanguage\":\"fr-FR\",\"url\":\"https:\/\/www.nettali.com\/wp-content\/uploads\/2026\/04\/Macky-Sall.jpg\",\"contentUrl\":\"https:\/\/www.nettali.com\/wp-content\/uploads\/2026\/04\/Macky-Sall.jpg\",\"width\":2048,\"height\":1364},{\"@type\":\"WebPage\",\"@id\":\"https:\/\/www.nettali.com\/2026\/04\/25\/macky-sall-candidat-poste-secretaire-general-nations-unies-mon-pays-na-engage-aucune-demarche-contre-ma-personne\/#webpage\",\"url\":\"https:\/\/www.nettali.com\/2026\/04\/25\/macky-sall-candidat-poste-secretaire-general-nations-unies-mon-pays-na-engage-aucune-demarche-contre-ma-personne\/\",\"name\":\"MACKY SALL, CANDIDAT POSTE SECR\\u00c9TAIRE G\\u00c9N\\u00c9RAL NATIONS UNIES - \\\"Mon pays n\\u2019a engag\\u00e9 aucune d\\u00e9marche contre ma personne\\\" | Nettali.com\",\"isPartOf\":{\"@id\":\"https:\/\/www.nettali.com\/#website\"},\"primaryImageOfPage\":{\"@id\":\"https:\/\/www.nettali.com\/2026\/04\/25\/macky-sall-candidat-poste-secretaire-general-nations-unies-mon-pays-na-engage-aucune-demarche-contre-ma-personne\/#primaryimage\"},\"datePublished\":\"2026-04-25T13:00:49+00:00\",\"dateModified\":\"2026-04-25T08:25:20+00:00\",\"author\":{\"@id\":\"https:\/\/www.nettali.com\/#\/schema\/person\/d8ac7b7e27ddad43f1c0d2ef090d7f71\"},\"breadcrumb\":{\"@id\":\"https:\/\/www.nettali.com\/2026\/04\/25\/macky-sall-candidat-poste-secretaire-general-nations-unies-mon-pays-na-engage-aucune-demarche-contre-ma-personne\/#breadcrumb\"},\"inLanguage\":\"fr-FR\",\"potentialAction\":[{\"@type\":\"ReadAction\",\"target\":[\"https:\/\/www.nettali.com\/2026\/04\/25\/macky-sall-candidat-poste-secretaire-general-nations-unies-mon-pays-na-engage-aucune-demarche-contre-ma-personne\/\"]}]},{\"@type\":\"BreadcrumbList\",\"@id\":\"https:\/\/www.nettali.com\/2026\/04\/25\/macky-sall-candidat-poste-secretaire-general-nations-unies-mon-pays-na-engage-aucune-demarche-contre-ma-personne\/#breadcrumb\",\"itemListElement\":[{\"@type\":\"ListItem\",\"position\":1,\"name\":\"Accueil\",\"item\":\"https:\/\/www.nettali.com\/\"},{\"@type\":\"ListItem\",\"position\":2,\"name\":\"MACKY SALL, CANDIDAT POSTE SECR\\u00c9TAIRE G\\u00c9N\\u00c9RAL NATIONS UNIES - \\\"Mon pays n\\u2019a engag\\u00e9 aucune d\\u00e9marche contre ma personne\\\"\"}]},{\"@type\":\"Person\",\"@id\":\"https:\/\/www.nettali.com\/#\/schema\/person\/d8ac7b7e27ddad43f1c0d2ef090d7f71\",\"name\":\"CK\",\"image\":{\"@type\":\"ImageObject\",\"@id\":\"https:\/\/www.nettali.com\/#personlogo\",\"inLanguage\":\"fr-FR\",\"url\":\"https:\/\/secure.gravatar.com\/avatar\/1d8d5118b9327d94da7cd4ce7f17fec2?s=96&d=mm&r=g\",\"contentUrl\":\"https:\/\/secure.gravatar.com\/avatar\/1d8d5118b9327d94da7cd4ce7f17fec2?s=96&d=mm&r=g\",\"caption\":\"CK\"},\"sameAs\":[\"https:\/\/www.nettali.com\"]}]}<\/script>\n<!-- \/ Yoast SEO Premium plugin. -->","yoast_head_json":{"title":"MACKY SALL, CANDIDAT POSTE SECR\u00c9TAIRE G\u00c9N\u00c9RAL NATIONS UNIES - \"Mon pays n\u2019a engag\u00e9 aucune d\u00e9marche contre ma personne\" | Nettali.com","robots":{"index":"index","follow":"follow","max-snippet":"max-snippet:-1","max-image-preview":"max-image-preview:large","max-video-preview":"max-video-preview:-1"},"canonical":"https:\/\/www.nettali.com\/2026\/04\/25\/macky-sall-candidat-poste-secretaire-general-nations-unies-mon-pays-na-engage-aucune-demarche-contre-ma-personne\/","og_locale":"fr_FR","og_type":"article","og_title":"MACKY SALL, CANDIDAT POSTE SECR\u00c9TAIRE G\u00c9N\u00c9RAL NATIONS UNIES - \"Mon pays n\u2019a engag\u00e9 aucune d\u00e9marche contre ma personne\"","og_description":"NETTALI.COM - Interview\u00e9 par Deutsche Welle, la radio internationale allemande, en fran\u00e7ais, le candidat au poste de secr\u00e9taire g\u00e9n\u00e9ral des Nations Unies, Macky Sall, est revenu sur plusieurs sujets sensibles qui jalonnent sa campagne. Il se pr\u00e9sente comme la voix d\u00e9complex\u00e9e de l\u2019Afrique. Le fondement de la candidature de Macky Sall au poste de secr\u00e9taire [&hellip;]","og_url":"https:\/\/www.nettali.com\/2026\/04\/25\/macky-sall-candidat-poste-secretaire-general-nations-unies-mon-pays-na-engage-aucune-demarche-contre-ma-personne\/","og_site_name":"Nettali.com","article_publisher":"https:\/\/www.facebook.com\/nettalicom","article_published_time":"2026-04-25T13:00:49+00:00","article_modified_time":"2026-04-25T08:25:20+00:00","og_image":[{"width":2048,"height":1364,"url":"https:\/\/www.nettali.com\/wp-content\/uploads\/2026\/04\/Macky-Sall.jpg","type":"image\/jpeg"}],"twitter_card":"summary_large_image","twitter_misc":{"\u00c9crit par":"CK","Dur\u00e9e de lecture estim\u00e9e":"5 minutes"},"schema":{"@context":"https:\/\/schema.org","@graph":[{"@type":"WebSite","@id":"https:\/\/www.nettali.com\/#website","url":"https:\/\/www.nettali.com\/","name":"Nettali.com","description":"Le rendez-vous critique du Net","potentialAction":[{"@type":"SearchAction","target":{"@type":"EntryPoint","urlTemplate":"https:\/\/www.nettali.com\/?s={search_term_string}"},"query-input":"required name=search_term_string"}],"inLanguage":"fr-FR"},{"@type":"ImageObject","@id":"https:\/\/www.nettali.com\/2026\/04\/25\/macky-sall-candidat-poste-secretaire-general-nations-unies-mon-pays-na-engage-aucune-demarche-contre-ma-personne\/#primaryimage","inLanguage":"fr-FR","url":"https:\/\/www.nettali.com\/wp-content\/uploads\/2026\/04\/Macky-Sall.jpg","contentUrl":"https:\/\/www.nettali.com\/wp-content\/uploads\/2026\/04\/Macky-Sall.jpg","width":2048,"height":1364},{"@type":"WebPage","@id":"https:\/\/www.nettali.com\/2026\/04\/25\/macky-sall-candidat-poste-secretaire-general-nations-unies-mon-pays-na-engage-aucune-demarche-contre-ma-personne\/#webpage","url":"https:\/\/www.nettali.com\/2026\/04\/25\/macky-sall-candidat-poste-secretaire-general-nations-unies-mon-pays-na-engage-aucune-demarche-contre-ma-personne\/","name":"MACKY SALL, CANDIDAT POSTE SECR\u00c9TAIRE G\u00c9N\u00c9RAL NATIONS UNIES - \"Mon pays n\u2019a engag\u00e9 aucune d\u00e9marche contre ma personne\" | Nettali.com","isPartOf":{"@id":"https:\/\/www.nettali.com\/#website"},"primaryImageOfPage":{"@id":"https:\/\/www.nettali.com\/2026\/04\/25\/macky-sall-candidat-poste-secretaire-general-nations-unies-mon-pays-na-engage-aucune-demarche-contre-ma-personne\/#primaryimage"},"datePublished":"2026-04-25T13:00:49+00:00","dateModified":"2026-04-25T08:25:20+00:00","author":{"@id":"https:\/\/www.nettali.com\/#\/schema\/person\/d8ac7b7e27ddad43f1c0d2ef090d7f71"},"breadcrumb":{"@id":"https:\/\/www.nettali.com\/2026\/04\/25\/macky-sall-candidat-poste-secretaire-general-nations-unies-mon-pays-na-engage-aucune-demarche-contre-ma-personne\/#breadcrumb"},"inLanguage":"fr-FR","potentialAction":[{"@type":"ReadAction","target":["https:\/\/www.nettali.com\/2026\/04\/25\/macky-sall-candidat-poste-secretaire-general-nations-unies-mon-pays-na-engage-aucune-demarche-contre-ma-personne\/"]}]},{"@type":"BreadcrumbList","@id":"https:\/\/www.nettali.com\/2026\/04\/25\/macky-sall-candidat-poste-secretaire-general-nations-unies-mon-pays-na-engage-aucune-demarche-contre-ma-personne\/#breadcrumb","itemListElement":[{"@type":"ListItem","position":1,"name":"Accueil","item":"https:\/\/www.nettali.com\/"},{"@type":"ListItem","position":2,"name":"MACKY SALL, CANDIDAT POSTE SECR\u00c9TAIRE G\u00c9N\u00c9RAL NATIONS UNIES - \"Mon pays n\u2019a engag\u00e9 aucune d\u00e9marche contre ma personne\""}]},{"@type":"Person","@id":"https:\/\/www.nettali.com\/#\/schema\/person\/d8ac7b7e27ddad43f1c0d2ef090d7f71","name":"CK","image":{"@type":"ImageObject","@id":"https:\/\/www.nettali.com\/#personlogo","inLanguage":"fr-FR","url":"https:\/\/secure.gravatar.com\/avatar\/1d8d5118b9327d94da7cd4ce7f17fec2?s=96&d=mm&r=g","contentUrl":"https:\/\/secure.gravatar.com\/avatar\/1d8d5118b9327d94da7cd4ce7f17fec2?s=96&d=mm&r=g","caption":"CK"},"sameAs":["https:\/\/www.nettali.com"]}]}},"_links":{"self":[{"href":"https:\/\/www.nettali.com\/rest\/wp\/v2\/posts\/172799"}],"collection":[{"href":"https:\/\/www.nettali.com\/rest\/wp\/v2\/posts"}],"about":[{"href":"https:\/\/www.nettali.com\/rest\/wp\/v2\/types\/post"}],"author":[{"embeddable":true,"href":"https:\/\/www.nettali.com\/rest\/wp\/v2\/users\/2"}],"replies":[{"embeddable":true,"href":"https:\/\/www.nettali.com\/rest\/wp\/v2\/comments?post=172799"}],"version-history":[{"count":1,"href":"https:\/\/www.nettali.com\/rest\/wp\/v2\/posts\/172799\/revisions"}],"predecessor-version":[{"id":172800,"href":"https:\/\/www.nettali.com\/rest\/wp\/v2\/posts\/172799\/revisions\/172800"}],"wp:featuredmedia":[{"embeddable":true,"href":"https:\/\/www.nettali.com\/rest\/wp\/v2\/media\/172748"}],"wp:attachment":[{"href":"https:\/\/www.nettali.com\/rest\/wp\/v2\/media?parent=172799"}],"wp:term":[{"taxonomy":"category","embeddable":true,"href":"https:\/\/www.nettali.com\/rest\/wp\/v2\/categories?post=172799"},{"taxonomy":"post_tag","embeddable":true,"href":"https:\/\/www.nettali.com\/rest\/wp\/v2\/tags?post=172799"}],"curies":[{"name":"wp","href":"https:\/\/api.w.org\/{rel}","templated":true}]}}