{"id":171911,"date":"2026-04-04T22:44:34","date_gmt":"2026-04-04T22:44:34","guid":{"rendered":"https:\/\/www.nettali.com\/?p=171911"},"modified":"2026-04-04T20:56:40","modified_gmt":"2026-04-04T20:56:40","slug":"retour-en-images-sur-la-celebration-du-66e-anniversaire-de-lindependance-du-senegal","status":"publish","type":"post","link":"https:\/\/www.nettali.com\/2026\/04\/04\/retour-en-images-sur-la-celebration-du-66e-anniversaire-de-lindependance-du-senegal\/","title":{"rendered":"Retour en images sur la c\u00e9l\u00e9bration du 66e anniversaire de l\u2019ind\u00e9pendance du S\u00e9n\u00e9gal."},"content":{"rendered":"<p><strong>NETTALI.COM - Le pr\u00e9sident de la R\u00e9publique, Bassirou Diomaye Faye, a salu\u00e9, samedi, la tenue \u00e0 Thi\u00e8s (ouest) d\u2019une \u201dtr\u00e8s belle et riche c\u00e9r\u00e9monie\u201d de c\u00e9l\u00e9bration du 66-\u00e8me anniversaire de l\u2019accession du S\u00e9n\u00e9gal \u00e0 la souverainet\u00e9 internationale, marqu\u00e9e par un d\u00e9fil\u00e9 \u201dimpeccable\u201d.<\/strong><\/p>\n<p><em>\"Nous venons de c\u00e9l\u00e9brer avec brio le 66\u00e8me anniversaire de l\u2019accession de notre pays \u00e0 l\u2019ind\u00e9pendance. La c\u00e9r\u00e9monie a \u00e9t\u00e9 tr\u00e8s belle et riche, avec la participation tr\u00e8s remarqu\u00e9e d\u2019un d\u00e9tachement gabonais\u201d<\/em>, a notamment, dit le chef de l\u2019\u00c9tat, dans un discours prononc\u00e9 au terme du d\u00e9fil\u00e9 civil et militaire sur l\u2019Avenue Caen.<\/p>\n<p><em>\"Nous avons assist\u00e9 \u00e0 un d\u00e9fil\u00e9 impeccable, ici \u00e0 Thi\u00e8s, cit\u00e9 du Cayor, symbole de dignit\u00e9 et du refus de l\u2019asservissement\u201d<\/em>, a-t-il ajout\u00e9.<\/p>\n<p>Il a fait part au ministre des Forces arm\u00e9es de son \"enti\u00e8re satisfaction\u201d \u00e0 l\u2019endroit de toutes les Forces de d\u00e9fense et de s\u00e9curit\u00e9 pour la \"parfaite organisation\u201d de ce d\u00e9fil\u00e9 officiel d\u00e9localis\u00e9 cette ann\u00e9e \u00e0 Thi\u00e8s.<\/p>\n<p>Le pr\u00e9sident a \u00e9galement adress\u00e9 ses chaleureuses f\u00e9licitations au chef d\u2019\u00e9tat-major g\u00e9n\u00e9ral des Arm\u00e9es, au Haut Commandant de la Gendarmerie nationale, ainsi qu\u2019\u00e0 l\u2019ensemble des commandants des Forces de d\u00e9fense et de s\u00e9curit\u00e9, et au commandant de la Zone militaire n\u00b0 7, couvrant les r\u00e9gions administratives de Thi\u00e8s et Diourbel.<\/p>\n<p>Les Forces de d\u00e9fense et de s\u00e9curit\u00e9, ainsi que les participants civils et les anciens combattants ont aussi \u00e9t\u00e9 associ\u00e9s \u00e0 ces f\u00e9licitations.<\/p>\n<p><em>\"La partition jou\u00e9e par chacun de vous a honor\u00e9 toute la R\u00e9publique et rendu la f\u00eate plus belle\u201d<\/em>, a notamment dit le pr\u00e9sident Bassirou Diomaye Faye.<\/p>\n\n\t\t<style type=\"text\/css\">\n\t\t\t#gallery-1 {\n\t\t\t\tmargin: auto;\n\t\t\t}\n\t\t\t#gallery-1 .gallery-item {\n\t\t\t\tfloat: left;\n\t\t\t\tmargin-top: 10px;\n\t\t\t\ttext-align: center;\n\t\t\t\twidth: 100%;\n\t\t\t}\n\t\t\t#gallery-1 img {\n\t\t\t\tborder: 2px solid #cfcfcf;\n\t\t\t}\n\t\t\t#gallery-1 .gallery-caption {\n\t\t\t\tmargin-left: 0;\n\t\t\t}\n\t\t\t\/* see gallery_shortcode() in wp-includes\/media.php *\/\n\t\t<\/style>\n\t\t<div id='gallery-1' class='gallery galleryid-171911 gallery-columns-1 gallery-size-full'><dl class='gallery-item'>\n\t\t\t<dt class='gallery-icon landscape'>\n\t\t\t\t<a href='https:\/\/www.nettali.com\/2026\/04\/04\/retour-en-images-sur-la-celebration-du-66e-anniversaire-de-lindependance-du-senegal\/defile1\/'><img width=\"1080\" height=\"720\" src=\"https:\/\/www.nettali.com\/wp-content\/uploads\/2026\/04\/Defile\u03011.jpg\" class=\"attachment-full size-full\" alt=\"\" loading=\"lazy\" srcset=\"https:\/\/www.nettali.com\/wp-content\/uploads\/2026\/04\/Defile\u03011.jpg 1080w, https:\/\/www.nettali.com\/wp-content\/uploads\/2026\/04\/Defile\u03011-300x200.jpg 300w, https:\/\/www.nettali.com\/wp-content\/uploads\/2026\/04\/Defile\u03011-1024x683.jpg 1024w, https:\/\/www.nettali.com\/wp-content\/uploads\/2026\/04\/Defile\u03011-768x512.jpg 768w\" sizes=\"(max-width: 1080px) 100vw, 1080px\" \/><\/a>\n\t\t\t<\/dt><\/dl><br style=\"clear: both\" \/><dl class='gallery-item'>\n\t\t\t<dt class='gallery-icon landscape'>\n\t\t\t\t<a href='https:\/\/www.nettali.com\/2026\/04\/04\/retour-en-images-sur-la-celebration-du-66e-anniversaire-de-lindependance-du-senegal\/defile2\/'><img width=\"1080\" height=\"720\" src=\"https:\/\/www.nettali.com\/wp-content\/uploads\/2026\/04\/Defile\u03012.jpg\" class=\"attachment-full size-full\" alt=\"\" loading=\"lazy\" srcset=\"https:\/\/www.nettali.com\/wp-content\/uploads\/2026\/04\/Defile\u03012.jpg 1080w, https:\/\/www.nettali.com\/wp-content\/uploads\/2026\/04\/Defile\u03012-300x200.jpg 300w, https:\/\/www.nettali.com\/wp-content\/uploads\/2026\/04\/Defile\u03012-1024x683.jpg 1024w, https:\/\/www.nettali.com\/wp-content\/uploads\/2026\/04\/Defile\u03012-768x512.jpg 768w\" sizes=\"(max-width: 1080px) 100vw, 1080px\" \/><\/a>\n\t\t\t<\/dt><\/dl><br style=\"clear: both\" \/><dl class='gallery-item'>\n\t\t\t<dt class='gallery-icon landscape'>\n\t\t\t\t<a href='https:\/\/www.nettali.com\/2026\/04\/04\/retour-en-images-sur-la-celebration-du-66e-anniversaire-de-lindependance-du-senegal\/defile4\/'><img width=\"1080\" height=\"720\" src=\"https:\/\/www.nettali.com\/wp-content\/uploads\/2026\/04\/Defile\u03014.jpg\" class=\"attachment-full size-full\" alt=\"\" loading=\"lazy\" srcset=\"https:\/\/www.nettali.com\/wp-content\/uploads\/2026\/04\/Defile\u03014.jpg 1080w, https:\/\/www.nettali.com\/wp-content\/uploads\/2026\/04\/Defile\u03014-300x200.jpg 300w, https:\/\/www.nettali.com\/wp-content\/uploads\/2026\/04\/Defile\u03014-1024x683.jpg 1024w, https:\/\/www.nettali.com\/wp-content\/uploads\/2026\/04\/Defile\u03014-768x512.jpg 768w\" sizes=\"(max-width: 1080px) 100vw, 1080px\" \/><\/a>\n\t\t\t<\/dt><\/dl><br style=\"clear: both\" \/><dl class='gallery-item'>\n\t\t\t<dt class='gallery-icon landscape'>\n\t\t\t\t<a href='https:\/\/www.nettali.com\/2026\/04\/04\/retour-en-images-sur-la-celebration-du-66e-anniversaire-de-lindependance-du-senegal\/defile5\/'><img width=\"1080\" height=\"720\" src=\"https:\/\/www.nettali.com\/wp-content\/uploads\/2026\/04\/Defile\u03015.jpg\" class=\"attachment-full size-full\" alt=\"\" loading=\"lazy\" srcset=\"https:\/\/www.nettali.com\/wp-content\/uploads\/2026\/04\/Defile\u03015.jpg 1080w, https:\/\/www.nettali.com\/wp-content\/uploads\/2026\/04\/Defile\u03015-300x200.jpg 300w, https:\/\/www.nettali.com\/wp-content\/uploads\/2026\/04\/Defile\u03015-1024x683.jpg 1024w, https:\/\/www.nettali.com\/wp-content\/uploads\/2026\/04\/Defile\u03015-768x512.jpg 768w\" sizes=\"(max-width: 1080px) 100vw, 1080px\" \/><\/a>\n\t\t\t<\/dt><\/dl><br style=\"clear: both\" \/><dl class='gallery-item'>\n\t\t\t<dt class='gallery-icon landscape'>\n\t\t\t\t<a href='https:\/\/www.nettali.com\/2026\/04\/04\/retour-en-images-sur-la-celebration-du-66e-anniversaire-de-lindependance-du-senegal\/defile3\/'><img width=\"1280\" height=\"853\" src=\"https:\/\/www.nettali.com\/wp-content\/uploads\/2026\/04\/Defile\u03013.jpg\" class=\"attachment-full size-full\" alt=\"\" loading=\"lazy\" srcset=\"https:\/\/www.nettali.com\/wp-content\/uploads\/2026\/04\/Defile\u03013.jpg 1280w, https:\/\/www.nettali.com\/wp-content\/uploads\/2026\/04\/Defile\u03013-300x200.jpg 300w, https:\/\/www.nettali.com\/wp-content\/uploads\/2026\/04\/Defile\u03013-1024x682.jpg 1024w, https:\/\/www.nettali.com\/wp-content\/uploads\/2026\/04\/Defile\u03013-768x512.jpg 768w, https:\/\/www.nettali.com\/wp-content\/uploads\/2026\/04\/Defile\u03013-1080x720.jpg 1080w\" sizes=\"(max-width: 1280px) 100vw, 1280px\" \/><\/a>\n\t\t\t<\/dt><\/dl><br style=\"clear: both\" \/>\n\t\t<\/div>\n\n<div class='share-to-whatsapp-wrapper'><div class='share-on-whsp'>PARTAGER SUR : <\/div><a data-text='Retour en images sur la c\u00e9l\u00e9bration du 66e anniversaire de l\u2019ind\u00e9pendance du S\u00e9n\u00e9gal.' data-link='https:\/\/www.nettali.com\/2026\/04\/04\/retour-en-images-sur-la-celebration-du-66e-anniversaire-de-lindependance-du-senegal\/' class='whatsapp-button whatsapp-share'>WhatsApp<\/a><div class='clear '><\/div><\/div>","protected":false},"excerpt":{"rendered":"<p>NETTALI.COM - Le pr\u00e9sident de la R\u00e9publique, Bassirou Diomaye Faye, a salu\u00e9, samedi, la tenue \u00e0 Thi\u00e8s (ouest) d\u2019une \u201dtr\u00e8s belle et riche c\u00e9r\u00e9monie\u201d de c\u00e9l\u00e9bration du 66-\u00e8me anniversaire de l\u2019accession du S\u00e9n\u00e9gal \u00e0 la souverainet\u00e9 internationale, marqu\u00e9e par un d\u00e9fil\u00e9 \u201dimpeccable\u201d. \"Nous venons de c\u00e9l\u00e9brer avec brio le 66\u00e8me anniversaire de l\u2019accession de notre [&hellip;]<\/p>\n","protected":false},"author":4,"featured_media":171916,"comment_status":"open","ping_status":"open","sticky":false,"template":"","format":"standard","meta":{"_et_pb_use_builder":"","_et_pb_old_content":""},"categories":[3],"tags":[],"yoast_head":"<!-- This site is optimized with the Yoast SEO Premium plugin v17.8 (Yoast SEO v17.8) - https:\/\/yoast.com\/wordpress\/plugins\/seo\/ -->\n<title>Retour en images sur la c\u00e9l\u00e9bration du 66e anniversaire de l\u2019ind\u00e9pendance du S\u00e9n\u00e9gal. | Nettali.com<\/title>\n<meta name=\"robots\" content=\"index, follow, max-snippet:-1, max-image-preview:large, max-video-preview:-1\" \/>\n<link rel=\"canonical\" href=\"https:\/\/www.nettali.com\/2026\/04\/04\/retour-en-images-sur-la-celebration-du-66e-anniversaire-de-lindependance-du-senegal\/\" \/>\n<meta property=\"og:locale\" content=\"fr_FR\" \/>\n<meta property=\"og:type\" content=\"article\" \/>\n<meta property=\"og:title\" content=\"Retour en images sur la c\u00e9l\u00e9bration du 66e anniversaire de l\u2019ind\u00e9pendance du S\u00e9n\u00e9gal.\" \/>\n<meta property=\"og:description\" content=\"NETTALI.COM - Le pr\u00e9sident de la R\u00e9publique, Bassirou Diomaye Faye, a salu\u00e9, samedi, la tenue \u00e0 Thi\u00e8s (ouest) d\u2019une \u201dtr\u00e8s belle et riche c\u00e9r\u00e9monie\u201d de c\u00e9l\u00e9bration du 66-\u00e8me anniversaire de l\u2019accession du S\u00e9n\u00e9gal \u00e0 la souverainet\u00e9 internationale, marqu\u00e9e par un d\u00e9fil\u00e9 \u201dimpeccable\u201d. &quot;Nous venons de c\u00e9l\u00e9brer avec brio le 66\u00e8me anniversaire de l\u2019accession de notre [&hellip;]\" \/>\n<meta property=\"og:url\" content=\"https:\/\/www.nettali.com\/2026\/04\/04\/retour-en-images-sur-la-celebration-du-66e-anniversaire-de-lindependance-du-senegal\/\" \/>\n<meta property=\"og:site_name\" content=\"Nettali.com\" \/>\n<meta property=\"article:publisher\" content=\"https:\/\/www.facebook.com\/nettalicom\" \/>\n<meta property=\"article:published_time\" content=\"2026-04-04T22:44:34+00:00\" \/>\n<meta property=\"article:modified_time\" content=\"2026-04-04T20:56:40+00:00\" \/>\n<meta property=\"og:image\" content=\"https:\/\/www.nettali.com\/wp-content\/uploads\/2026\/04\/Defile\u03013.jpg\" \/>\n\t<meta property=\"og:image:width\" content=\"1280\" \/>\n\t<meta property=\"og:image:height\" content=\"853\" \/>\n<meta name=\"twitter:card\" content=\"summary_large_image\" \/>\n<meta name=\"twitter:label1\" content=\"\u00c9crit par\" \/>\n\t<meta name=\"twitter:data1\" content=\"Daouda\" \/>\n\t<meta name=\"twitter:label2\" content=\"Dur\u00e9e de lecture estim\u00e9e\" \/>\n\t<meta name=\"twitter:data2\" content=\"2 minutes\" \/>\n<script type=\"application\/ld+json\" class=\"yoast-schema-graph\">{\"@context\":\"https:\/\/schema.org\",\"@graph\":[{\"@type\":\"WebSite\",\"@id\":\"https:\/\/www.nettali.com\/#website\",\"url\":\"https:\/\/www.nettali.com\/\",\"name\":\"Nettali.com\",\"description\":\"Le rendez-vous critique du Net\",\"potentialAction\":[{\"@type\":\"SearchAction\",\"target\":{\"@type\":\"EntryPoint\",\"urlTemplate\":\"https:\/\/www.nettali.com\/?s={search_term_string}\"},\"query-input\":\"required name=search_term_string\"}],\"inLanguage\":\"fr-FR\"},{\"@type\":\"ImageObject\",\"@id\":\"https:\/\/www.nettali.com\/2026\/04\/04\/retour-en-images-sur-la-celebration-du-66e-anniversaire-de-lindependance-du-senegal\/#primaryimage\",\"inLanguage\":\"fr-FR\",\"url\":\"https:\/\/www.nettali.com\/wp-content\/uploads\/2026\/04\/Defile\\u03013.jpg\",\"contentUrl\":\"https:\/\/www.nettali.com\/wp-content\/uploads\/2026\/04\/Defile\\u03013.jpg\",\"width\":1280,\"height\":853},{\"@type\":\"WebPage\",\"@id\":\"https:\/\/www.nettali.com\/2026\/04\/04\/retour-en-images-sur-la-celebration-du-66e-anniversaire-de-lindependance-du-senegal\/#webpage\",\"url\":\"https:\/\/www.nettali.com\/2026\/04\/04\/retour-en-images-sur-la-celebration-du-66e-anniversaire-de-lindependance-du-senegal\/\",\"name\":\"Retour en images sur la c\\u00e9l\\u00e9bration du 66e anniversaire de l\\u2019ind\\u00e9pendance du S\\u00e9n\\u00e9gal. | Nettali.com\",\"isPartOf\":{\"@id\":\"https:\/\/www.nettali.com\/#website\"},\"primaryImageOfPage\":{\"@id\":\"https:\/\/www.nettali.com\/2026\/04\/04\/retour-en-images-sur-la-celebration-du-66e-anniversaire-de-lindependance-du-senegal\/#primaryimage\"},\"datePublished\":\"2026-04-04T22:44:34+00:00\",\"dateModified\":\"2026-04-04T20:56:40+00:00\",\"author\":{\"@id\":\"https:\/\/www.nettali.com\/#\/schema\/person\/3317e0bb3aa1da309fbf7b2780901bf4\"},\"breadcrumb\":{\"@id\":\"https:\/\/www.nettali.com\/2026\/04\/04\/retour-en-images-sur-la-celebration-du-66e-anniversaire-de-lindependance-du-senegal\/#breadcrumb\"},\"inLanguage\":\"fr-FR\",\"potentialAction\":[{\"@type\":\"ReadAction\",\"target\":[\"https:\/\/www.nettali.com\/2026\/04\/04\/retour-en-images-sur-la-celebration-du-66e-anniversaire-de-lindependance-du-senegal\/\"]}]},{\"@type\":\"BreadcrumbList\",\"@id\":\"https:\/\/www.nettali.com\/2026\/04\/04\/retour-en-images-sur-la-celebration-du-66e-anniversaire-de-lindependance-du-senegal\/#breadcrumb\",\"itemListElement\":[{\"@type\":\"ListItem\",\"position\":1,\"name\":\"Accueil\",\"item\":\"https:\/\/www.nettali.com\/\"},{\"@type\":\"ListItem\",\"position\":2,\"name\":\"Retour en images sur la c\\u00e9l\\u00e9bration du 66e anniversaire de l\\u2019ind\\u00e9pendance du S\\u00e9n\\u00e9gal.\"}]},{\"@type\":\"Person\",\"@id\":\"https:\/\/www.nettali.com\/#\/schema\/person\/3317e0bb3aa1da309fbf7b2780901bf4\",\"name\":\"Daouda\",\"image\":{\"@type\":\"ImageObject\",\"@id\":\"https:\/\/www.nettali.com\/#personlogo\",\"inLanguage\":\"fr-FR\",\"url\":\"https:\/\/secure.gravatar.com\/avatar\/8d143b5a49345098ddcfee1c49c2f47c?s=96&d=mm&r=g\",\"contentUrl\":\"https:\/\/secure.gravatar.com\/avatar\/8d143b5a49345098ddcfee1c49c2f47c?s=96&d=mm&r=g\",\"caption\":\"Daouda\"},\"sameAs\":[\"https:\/\/www.nettali.com\"]}]}<\/script>\n<!-- \/ Yoast SEO Premium plugin. -->","yoast_head_json":{"title":"Retour en images sur la c\u00e9l\u00e9bration du 66e anniversaire de l\u2019ind\u00e9pendance du S\u00e9n\u00e9gal. | Nettali.com","robots":{"index":"index","follow":"follow","max-snippet":"max-snippet:-1","max-image-preview":"max-image-preview:large","max-video-preview":"max-video-preview:-1"},"canonical":"https:\/\/www.nettali.com\/2026\/04\/04\/retour-en-images-sur-la-celebration-du-66e-anniversaire-de-lindependance-du-senegal\/","og_locale":"fr_FR","og_type":"article","og_title":"Retour en images sur la c\u00e9l\u00e9bration du 66e anniversaire de l\u2019ind\u00e9pendance du S\u00e9n\u00e9gal.","og_description":"NETTALI.COM - Le pr\u00e9sident de la R\u00e9publique, Bassirou Diomaye Faye, a salu\u00e9, samedi, la tenue \u00e0 Thi\u00e8s (ouest) d\u2019une \u201dtr\u00e8s belle et riche c\u00e9r\u00e9monie\u201d de c\u00e9l\u00e9bration du 66-\u00e8me anniversaire de l\u2019accession du S\u00e9n\u00e9gal \u00e0 la souverainet\u00e9 internationale, marqu\u00e9e par un d\u00e9fil\u00e9 \u201dimpeccable\u201d. \"Nous venons de c\u00e9l\u00e9brer avec brio le 66\u00e8me anniversaire de l\u2019accession de notre [&hellip;]","og_url":"https:\/\/www.nettali.com\/2026\/04\/04\/retour-en-images-sur-la-celebration-du-66e-anniversaire-de-lindependance-du-senegal\/","og_site_name":"Nettali.com","article_publisher":"https:\/\/www.facebook.com\/nettalicom","article_published_time":"2026-04-04T22:44:34+00:00","article_modified_time":"2026-04-04T20:56:40+00:00","og_image":[{"width":1280,"height":853,"url":"https:\/\/www.nettali.com\/wp-content\/uploads\/2026\/04\/Defile\u03013.jpg","type":"image\/jpeg"}],"twitter_card":"summary_large_image","twitter_misc":{"\u00c9crit par":"Daouda","Dur\u00e9e de lecture estim\u00e9e":"2 minutes"},"schema":{"@context":"https:\/\/schema.org","@graph":[{"@type":"WebSite","@id":"https:\/\/www.nettali.com\/#website","url":"https:\/\/www.nettali.com\/","name":"Nettali.com","description":"Le rendez-vous critique du Net","potentialAction":[{"@type":"SearchAction","target":{"@type":"EntryPoint","urlTemplate":"https:\/\/www.nettali.com\/?s={search_term_string}"},"query-input":"required name=search_term_string"}],"inLanguage":"fr-FR"},{"@type":"ImageObject","@id":"https:\/\/www.nettali.com\/2026\/04\/04\/retour-en-images-sur-la-celebration-du-66e-anniversaire-de-lindependance-du-senegal\/#primaryimage","inLanguage":"fr-FR","url":"https:\/\/www.nettali.com\/wp-content\/uploads\/2026\/04\/Defile\u03013.jpg","contentUrl":"https:\/\/www.nettali.com\/wp-content\/uploads\/2026\/04\/Defile\u03013.jpg","width":1280,"height":853},{"@type":"WebPage","@id":"https:\/\/www.nettali.com\/2026\/04\/04\/retour-en-images-sur-la-celebration-du-66e-anniversaire-de-lindependance-du-senegal\/#webpage","url":"https:\/\/www.nettali.com\/2026\/04\/04\/retour-en-images-sur-la-celebration-du-66e-anniversaire-de-lindependance-du-senegal\/","name":"Retour en images sur la c\u00e9l\u00e9bration du 66e anniversaire de l\u2019ind\u00e9pendance du S\u00e9n\u00e9gal. | Nettali.com","isPartOf":{"@id":"https:\/\/www.nettali.com\/#website"},"primaryImageOfPage":{"@id":"https:\/\/www.nettali.com\/2026\/04\/04\/retour-en-images-sur-la-celebration-du-66e-anniversaire-de-lindependance-du-senegal\/#primaryimage"},"datePublished":"2026-04-04T22:44:34+00:00","dateModified":"2026-04-04T20:56:40+00:00","author":{"@id":"https:\/\/www.nettali.com\/#\/schema\/person\/3317e0bb3aa1da309fbf7b2780901bf4"},"breadcrumb":{"@id":"https:\/\/www.nettali.com\/2026\/04\/04\/retour-en-images-sur-la-celebration-du-66e-anniversaire-de-lindependance-du-senegal\/#breadcrumb"},"inLanguage":"fr-FR","potentialAction":[{"@type":"ReadAction","target":["https:\/\/www.nettali.com\/2026\/04\/04\/retour-en-images-sur-la-celebration-du-66e-anniversaire-de-lindependance-du-senegal\/"]}]},{"@type":"BreadcrumbList","@id":"https:\/\/www.nettali.com\/2026\/04\/04\/retour-en-images-sur-la-celebration-du-66e-anniversaire-de-lindependance-du-senegal\/#breadcrumb","itemListElement":[{"@type":"ListItem","position":1,"name":"Accueil","item":"https:\/\/www.nettali.com\/"},{"@type":"ListItem","position":2,"name":"Retour en images sur la c\u00e9l\u00e9bration du 66e anniversaire de l\u2019ind\u00e9pendance du S\u00e9n\u00e9gal."}]},{"@type":"Person","@id":"https:\/\/www.nettali.com\/#\/schema\/person\/3317e0bb3aa1da309fbf7b2780901bf4","name":"Daouda","image":{"@type":"ImageObject","@id":"https:\/\/www.nettali.com\/#personlogo","inLanguage":"fr-FR","url":"https:\/\/secure.gravatar.com\/avatar\/8d143b5a49345098ddcfee1c49c2f47c?s=96&d=mm&r=g","contentUrl":"https:\/\/secure.gravatar.com\/avatar\/8d143b5a49345098ddcfee1c49c2f47c?s=96&d=mm&r=g","caption":"Daouda"},"sameAs":["https:\/\/www.nettali.com"]}]}},"_links":{"self":[{"href":"https:\/\/www.nettali.com\/rest\/wp\/v2\/posts\/171911"}],"collection":[{"href":"https:\/\/www.nettali.com\/rest\/wp\/v2\/posts"}],"about":[{"href":"https:\/\/www.nettali.com\/rest\/wp\/v2\/types\/post"}],"author":[{"embeddable":true,"href":"https:\/\/www.nettali.com\/rest\/wp\/v2\/users\/4"}],"replies":[{"embeddable":true,"href":"https:\/\/www.nettali.com\/rest\/wp\/v2\/comments?post=171911"}],"version-history":[{"count":1,"href":"https:\/\/www.nettali.com\/rest\/wp\/v2\/posts\/171911\/revisions"}],"predecessor-version":[{"id":171917,"href":"https:\/\/www.nettali.com\/rest\/wp\/v2\/posts\/171911\/revisions\/171917"}],"wp:featuredmedia":[{"embeddable":true,"href":"https:\/\/www.nettali.com\/rest\/wp\/v2\/media\/171916"}],"wp:attachment":[{"href":"https:\/\/www.nettali.com\/rest\/wp\/v2\/media?parent=171911"}],"wp:term":[{"taxonomy":"category","embeddable":true,"href":"https:\/\/www.nettali.com\/rest\/wp\/v2\/categories?post=171911"},{"taxonomy":"post_tag","embeddable":true,"href":"https:\/\/www.nettali.com\/rest\/wp\/v2\/tags?post=171911"}],"curies":[{"name":"wp","href":"https:\/\/api.w.org\/{rel}","templated":true}]}}