{"id":171898,"date":"2026-04-04T14:21:06","date_gmt":"2026-04-04T14:21:06","guid":{"rendered":"https:\/\/www.nettali.com\/?p=171898"},"modified":"2026-04-04T17:23:01","modified_gmt":"2026-04-04T17:23:01","slug":"defile-du-4-avril-un-vibrant-hommage-rendu-aux-18-supporters-senegalais-detenus-au-maroc","status":"publish","type":"post","link":"https:\/\/www.nettali.com\/2026\/04\/04\/defile-du-4-avril-un-vibrant-hommage-rendu-aux-18-supporters-senegalais-detenus-au-maroc\/","title":{"rendered":"D\u00c9FIL\u00c9 DU 4 AVRIL - Un vibrant hommage rendu aux 18 supporters s\u00e9n\u00e9galais d\u00e9tenus au Maroc"},"content":{"rendered":"<p><strong>NETTALI.COM - Les 18 supporters s\u00e9n\u00e9galais d\u00e9tenus au Maroc se sont invit\u00e9s symboliquement au d\u00e9fil\u00e9 marquant le 66\u1d49 anniversaire de l\u2019ind\u00e9pendance du S\u00e9n\u00e9gal. \u00c0 Thi\u00e8s, les majorettes de l\u2019APLE ont tenu \u00e0 leur rendre hommage lors de leur passage devant le public.<\/strong><\/p>\n<p>Arborant les couleurs nationales et brandissant le troph\u00e9e de la Coupe d\u2019Afrique, elles ont d\u2019abord salu\u00e9 la victoire des Lions du S\u00e9n\u00e9gal lors de la CAN 2025. Dans la foul\u00e9e, elles ont d\u00e9ploy\u00e9 une banderole sur laquelle on pouvait lire : \"<em>Nos hommages aux 18 supporters s\u00e9n\u00e9galais retenus au Maroc<\/em>\".<\/p>\n<p>Ce geste intervient alors que ces supporters font toujours face \u00e0 la justice marocaine. Pour rappel, le tribunal de Rabat les a condamn\u00e9s, le 19 f\u00e9vrier dernier, \u00e0 des peines de prison allant de six mois \u00e0 un an ferme pour des faits de hooliganisme\" survenus lors de la finale de la CAN 2025.<\/p>\n<p>Le proc\u00e8s en appel, initialement pr\u00e9vu apr\u00e8s un premier renvoi, avait \u00e9t\u00e9 fix\u00e9 au 30 mars. Toutefois, d\u00e8s l\u2019ouverture de l\u2019audience, l\u2019affaire a de nouveau \u00e9t\u00e9 renvoy\u00e9e au 13 avril 2026, \u00e0 la demande de la partie civile qui souhaite d\u00e9poser ses conclusions.<\/p>\n<div class='share-to-whatsapp-wrapper'><div class='share-on-whsp'>PARTAGER SUR : <\/div><a data-text='D\u00c9FIL\u00c9 DU 4 AVRIL - Un vibrant hommage rendu aux 18 supporters s\u00e9n\u00e9galais d\u00e9tenus au Maroc' data-link='https:\/\/www.nettali.com\/2026\/04\/04\/defile-du-4-avril-un-vibrant-hommage-rendu-aux-18-supporters-senegalais-detenus-au-maroc\/' class='whatsapp-button whatsapp-share'>WhatsApp<\/a><div class='clear '><\/div><\/div>","protected":false},"excerpt":{"rendered":"<p>NETTALI.COM - Les 18 supporters s\u00e9n\u00e9galais d\u00e9tenus au Maroc se sont invit\u00e9s symboliquement au d\u00e9fil\u00e9 marquant le 66\u1d49 anniversaire de l\u2019ind\u00e9pendance du S\u00e9n\u00e9gal. \u00c0 Thi\u00e8s, les majorettes de l\u2019APLE ont tenu \u00e0 leur rendre hommage lors de leur passage devant le public. Arborant les couleurs nationales et brandissant le troph\u00e9e de la Coupe d\u2019Afrique, elles [&hellip;]<\/p>\n","protected":false},"author":5,"featured_media":171899,"comment_status":"open","ping_status":"open","sticky":false,"template":"","format":"standard","meta":{"_et_pb_use_builder":"","_et_pb_old_content":""},"categories":[3],"tags":[],"yoast_head":"<!-- This site is optimized with the Yoast SEO Premium plugin v17.8 (Yoast SEO v17.8) - https:\/\/yoast.com\/wordpress\/plugins\/seo\/ -->\n<title>D\u00c9FIL\u00c9 DU 4 AVRIL - Un vibrant hommage rendu aux 18 supporters s\u00e9n\u00e9galais d\u00e9tenus au Maroc | Nettali.com<\/title>\n<meta name=\"robots\" content=\"index, follow, max-snippet:-1, max-image-preview:large, max-video-preview:-1\" \/>\n<link rel=\"canonical\" href=\"https:\/\/www.nettali.com\/2026\/04\/04\/defile-du-4-avril-un-vibrant-hommage-rendu-aux-18-supporters-senegalais-detenus-au-maroc\/\" \/>\n<meta property=\"og:locale\" content=\"fr_FR\" \/>\n<meta property=\"og:type\" content=\"article\" \/>\n<meta property=\"og:title\" content=\"D\u00c9FIL\u00c9 DU 4 AVRIL - Un vibrant hommage rendu aux 18 supporters s\u00e9n\u00e9galais d\u00e9tenus au Maroc\" \/>\n<meta property=\"og:description\" content=\"NETTALI.COM - Les 18 supporters s\u00e9n\u00e9galais d\u00e9tenus au Maroc se sont invit\u00e9s symboliquement au d\u00e9fil\u00e9 marquant le 66\u1d49 anniversaire de l\u2019ind\u00e9pendance du S\u00e9n\u00e9gal. \u00c0 Thi\u00e8s, les majorettes de l\u2019APLE ont tenu \u00e0 leur rendre hommage lors de leur passage devant le public. Arborant les couleurs nationales et brandissant le troph\u00e9e de la Coupe d\u2019Afrique, elles [&hellip;]\" \/>\n<meta property=\"og:url\" content=\"https:\/\/www.nettali.com\/2026\/04\/04\/defile-du-4-avril-un-vibrant-hommage-rendu-aux-18-supporters-senegalais-detenus-au-maroc\/\" \/>\n<meta property=\"og:site_name\" content=\"Nettali.com\" \/>\n<meta property=\"article:publisher\" content=\"https:\/\/www.facebook.com\/nettalicom\" \/>\n<meta property=\"article:published_time\" content=\"2026-04-04T14:21:06+00:00\" \/>\n<meta property=\"article:modified_time\" content=\"2026-04-04T17:23:01+00:00\" \/>\n<meta property=\"og:image\" content=\"https:\/\/www.nettali.com\/wp-content\/uploads\/2026\/04\/JRPRQO4QSFD5RFF3AVQJZTZVUM-1.jpg\" \/>\n\t<meta property=\"og:image:width\" content=\"932\" \/>\n\t<meta property=\"og:image:height\" content=\"582\" \/>\n<meta name=\"twitter:card\" content=\"summary_large_image\" \/>\n<meta name=\"twitter:label1\" content=\"\u00c9crit par\" \/>\n\t<meta name=\"twitter:data1\" content=\"Ibrahima\" \/>\n\t<meta name=\"twitter:label2\" content=\"Dur\u00e9e de lecture estim\u00e9e\" \/>\n\t<meta name=\"twitter:data2\" content=\"1 minute\" \/>\n<script type=\"application\/ld+json\" class=\"yoast-schema-graph\">{\"@context\":\"https:\/\/schema.org\",\"@graph\":[{\"@type\":\"WebSite\",\"@id\":\"https:\/\/www.nettali.com\/#website\",\"url\":\"https:\/\/www.nettali.com\/\",\"name\":\"Nettali.com\",\"description\":\"Le rendez-vous critique du Net\",\"potentialAction\":[{\"@type\":\"SearchAction\",\"target\":{\"@type\":\"EntryPoint\",\"urlTemplate\":\"https:\/\/www.nettali.com\/?s={search_term_string}\"},\"query-input\":\"required name=search_term_string\"}],\"inLanguage\":\"fr-FR\"},{\"@type\":\"ImageObject\",\"@id\":\"https:\/\/www.nettali.com\/2026\/04\/04\/defile-du-4-avril-un-vibrant-hommage-rendu-aux-18-supporters-senegalais-detenus-au-maroc\/#primaryimage\",\"inLanguage\":\"fr-FR\",\"url\":\"https:\/\/www.nettali.com\/wp-content\/uploads\/2026\/04\/JRPRQO4QSFD5RFF3AVQJZTZVUM-1.jpg\",\"contentUrl\":\"https:\/\/www.nettali.com\/wp-content\/uploads\/2026\/04\/JRPRQO4QSFD5RFF3AVQJZTZVUM-1.jpg\",\"width\":932,\"height\":582,\"caption\":\"Senegal fans clash with security after referee decision during the 2025 Africa Cup of Nations AFCON final match between Senegal and Morocco at the Prince Moulay Abdellah Stadium in Rabat, Morocco on 18 January 2026 \\u00a9Samuel ShivambuBackpagePix - Photo by Icon Sport\"},{\"@type\":\"WebPage\",\"@id\":\"https:\/\/www.nettali.com\/2026\/04\/04\/defile-du-4-avril-un-vibrant-hommage-rendu-aux-18-supporters-senegalais-detenus-au-maroc\/#webpage\",\"url\":\"https:\/\/www.nettali.com\/2026\/04\/04\/defile-du-4-avril-un-vibrant-hommage-rendu-aux-18-supporters-senegalais-detenus-au-maroc\/\",\"name\":\"D\\u00c9FIL\\u00c9 DU 4 AVRIL - Un vibrant hommage rendu aux 18 supporters s\\u00e9n\\u00e9galais d\\u00e9tenus au Maroc | Nettali.com\",\"isPartOf\":{\"@id\":\"https:\/\/www.nettali.com\/#website\"},\"primaryImageOfPage\":{\"@id\":\"https:\/\/www.nettali.com\/2026\/04\/04\/defile-du-4-avril-un-vibrant-hommage-rendu-aux-18-supporters-senegalais-detenus-au-maroc\/#primaryimage\"},\"datePublished\":\"2026-04-04T14:21:06+00:00\",\"dateModified\":\"2026-04-04T17:23:01+00:00\",\"author\":{\"@id\":\"https:\/\/www.nettali.com\/#\/schema\/person\/bb147657c2986240405a608162b9bb23\"},\"breadcrumb\":{\"@id\":\"https:\/\/www.nettali.com\/2026\/04\/04\/defile-du-4-avril-un-vibrant-hommage-rendu-aux-18-supporters-senegalais-detenus-au-maroc\/#breadcrumb\"},\"inLanguage\":\"fr-FR\",\"potentialAction\":[{\"@type\":\"ReadAction\",\"target\":[\"https:\/\/www.nettali.com\/2026\/04\/04\/defile-du-4-avril-un-vibrant-hommage-rendu-aux-18-supporters-senegalais-detenus-au-maroc\/\"]}]},{\"@type\":\"BreadcrumbList\",\"@id\":\"https:\/\/www.nettali.com\/2026\/04\/04\/defile-du-4-avril-un-vibrant-hommage-rendu-aux-18-supporters-senegalais-detenus-au-maroc\/#breadcrumb\",\"itemListElement\":[{\"@type\":\"ListItem\",\"position\":1,\"name\":\"Accueil\",\"item\":\"https:\/\/www.nettali.com\/\"},{\"@type\":\"ListItem\",\"position\":2,\"name\":\"D\\u00c9FIL\\u00c9 DU 4 AVRIL - Un vibrant hommage rendu aux 18 supporters s\\u00e9n\\u00e9galais d\\u00e9tenus au Maroc\"}]},{\"@type\":\"Person\",\"@id\":\"https:\/\/www.nettali.com\/#\/schema\/person\/bb147657c2986240405a608162b9bb23\",\"name\":\"Ibrahima\",\"image\":{\"@type\":\"ImageObject\",\"@id\":\"https:\/\/www.nettali.com\/#personlogo\",\"inLanguage\":\"fr-FR\",\"url\":\"https:\/\/secure.gravatar.com\/avatar\/26a8a81f09f0dd7624c9d5c36c9ba3a2?s=96&d=mm&r=g\",\"contentUrl\":\"https:\/\/secure.gravatar.com\/avatar\/26a8a81f09f0dd7624c9d5c36c9ba3a2?s=96&d=mm&r=g\",\"caption\":\"Ibrahima\"},\"sameAs\":[\"https:\/\/www.nettali.com\"]}]}<\/script>\n<!-- \/ Yoast SEO Premium plugin. -->","yoast_head_json":{"title":"D\u00c9FIL\u00c9 DU 4 AVRIL - Un vibrant hommage rendu aux 18 supporters s\u00e9n\u00e9galais d\u00e9tenus au Maroc | Nettali.com","robots":{"index":"index","follow":"follow","max-snippet":"max-snippet:-1","max-image-preview":"max-image-preview:large","max-video-preview":"max-video-preview:-1"},"canonical":"https:\/\/www.nettali.com\/2026\/04\/04\/defile-du-4-avril-un-vibrant-hommage-rendu-aux-18-supporters-senegalais-detenus-au-maroc\/","og_locale":"fr_FR","og_type":"article","og_title":"D\u00c9FIL\u00c9 DU 4 AVRIL - Un vibrant hommage rendu aux 18 supporters s\u00e9n\u00e9galais d\u00e9tenus au Maroc","og_description":"NETTALI.COM - Les 18 supporters s\u00e9n\u00e9galais d\u00e9tenus au Maroc se sont invit\u00e9s symboliquement au d\u00e9fil\u00e9 marquant le 66\u1d49 anniversaire de l\u2019ind\u00e9pendance du S\u00e9n\u00e9gal. \u00c0 Thi\u00e8s, les majorettes de l\u2019APLE ont tenu \u00e0 leur rendre hommage lors de leur passage devant le public. Arborant les couleurs nationales et brandissant le troph\u00e9e de la Coupe d\u2019Afrique, elles [&hellip;]","og_url":"https:\/\/www.nettali.com\/2026\/04\/04\/defile-du-4-avril-un-vibrant-hommage-rendu-aux-18-supporters-senegalais-detenus-au-maroc\/","og_site_name":"Nettali.com","article_publisher":"https:\/\/www.facebook.com\/nettalicom","article_published_time":"2026-04-04T14:21:06+00:00","article_modified_time":"2026-04-04T17:23:01+00:00","og_image":[{"width":932,"height":582,"url":"https:\/\/www.nettali.com\/wp-content\/uploads\/2026\/04\/JRPRQO4QSFD5RFF3AVQJZTZVUM-1.jpg","type":"image\/jpeg"}],"twitter_card":"summary_large_image","twitter_misc":{"\u00c9crit par":"Ibrahima","Dur\u00e9e de lecture estim\u00e9e":"1 minute"},"schema":{"@context":"https:\/\/schema.org","@graph":[{"@type":"WebSite","@id":"https:\/\/www.nettali.com\/#website","url":"https:\/\/www.nettali.com\/","name":"Nettali.com","description":"Le rendez-vous critique du Net","potentialAction":[{"@type":"SearchAction","target":{"@type":"EntryPoint","urlTemplate":"https:\/\/www.nettali.com\/?s={search_term_string}"},"query-input":"required name=search_term_string"}],"inLanguage":"fr-FR"},{"@type":"ImageObject","@id":"https:\/\/www.nettali.com\/2026\/04\/04\/defile-du-4-avril-un-vibrant-hommage-rendu-aux-18-supporters-senegalais-detenus-au-maroc\/#primaryimage","inLanguage":"fr-FR","url":"https:\/\/www.nettali.com\/wp-content\/uploads\/2026\/04\/JRPRQO4QSFD5RFF3AVQJZTZVUM-1.jpg","contentUrl":"https:\/\/www.nettali.com\/wp-content\/uploads\/2026\/04\/JRPRQO4QSFD5RFF3AVQJZTZVUM-1.jpg","width":932,"height":582,"caption":"Senegal fans clash with security after referee decision during the 2025 Africa Cup of Nations AFCON final match between Senegal and Morocco at the Prince Moulay Abdellah Stadium in Rabat, Morocco on 18 January 2026 \u00a9Samuel ShivambuBackpagePix - Photo by Icon Sport"},{"@type":"WebPage","@id":"https:\/\/www.nettali.com\/2026\/04\/04\/defile-du-4-avril-un-vibrant-hommage-rendu-aux-18-supporters-senegalais-detenus-au-maroc\/#webpage","url":"https:\/\/www.nettali.com\/2026\/04\/04\/defile-du-4-avril-un-vibrant-hommage-rendu-aux-18-supporters-senegalais-detenus-au-maroc\/","name":"D\u00c9FIL\u00c9 DU 4 AVRIL - Un vibrant hommage rendu aux 18 supporters s\u00e9n\u00e9galais d\u00e9tenus au Maroc | Nettali.com","isPartOf":{"@id":"https:\/\/www.nettali.com\/#website"},"primaryImageOfPage":{"@id":"https:\/\/www.nettali.com\/2026\/04\/04\/defile-du-4-avril-un-vibrant-hommage-rendu-aux-18-supporters-senegalais-detenus-au-maroc\/#primaryimage"},"datePublished":"2026-04-04T14:21:06+00:00","dateModified":"2026-04-04T17:23:01+00:00","author":{"@id":"https:\/\/www.nettali.com\/#\/schema\/person\/bb147657c2986240405a608162b9bb23"},"breadcrumb":{"@id":"https:\/\/www.nettali.com\/2026\/04\/04\/defile-du-4-avril-un-vibrant-hommage-rendu-aux-18-supporters-senegalais-detenus-au-maroc\/#breadcrumb"},"inLanguage":"fr-FR","potentialAction":[{"@type":"ReadAction","target":["https:\/\/www.nettali.com\/2026\/04\/04\/defile-du-4-avril-un-vibrant-hommage-rendu-aux-18-supporters-senegalais-detenus-au-maroc\/"]}]},{"@type":"BreadcrumbList","@id":"https:\/\/www.nettali.com\/2026\/04\/04\/defile-du-4-avril-un-vibrant-hommage-rendu-aux-18-supporters-senegalais-detenus-au-maroc\/#breadcrumb","itemListElement":[{"@type":"ListItem","position":1,"name":"Accueil","item":"https:\/\/www.nettali.com\/"},{"@type":"ListItem","position":2,"name":"D\u00c9FIL\u00c9 DU 4 AVRIL - Un vibrant hommage rendu aux 18 supporters s\u00e9n\u00e9galais d\u00e9tenus au Maroc"}]},{"@type":"Person","@id":"https:\/\/www.nettali.com\/#\/schema\/person\/bb147657c2986240405a608162b9bb23","name":"Ibrahima","image":{"@type":"ImageObject","@id":"https:\/\/www.nettali.com\/#personlogo","inLanguage":"fr-FR","url":"https:\/\/secure.gravatar.com\/avatar\/26a8a81f09f0dd7624c9d5c36c9ba3a2?s=96&d=mm&r=g","contentUrl":"https:\/\/secure.gravatar.com\/avatar\/26a8a81f09f0dd7624c9d5c36c9ba3a2?s=96&d=mm&r=g","caption":"Ibrahima"},"sameAs":["https:\/\/www.nettali.com"]}]}},"_links":{"self":[{"href":"https:\/\/www.nettali.com\/rest\/wp\/v2\/posts\/171898"}],"collection":[{"href":"https:\/\/www.nettali.com\/rest\/wp\/v2\/posts"}],"about":[{"href":"https:\/\/www.nettali.com\/rest\/wp\/v2\/types\/post"}],"author":[{"embeddable":true,"href":"https:\/\/www.nettali.com\/rest\/wp\/v2\/users\/5"}],"replies":[{"embeddable":true,"href":"https:\/\/www.nettali.com\/rest\/wp\/v2\/comments?post=171898"}],"version-history":[{"count":1,"href":"https:\/\/www.nettali.com\/rest\/wp\/v2\/posts\/171898\/revisions"}],"predecessor-version":[{"id":171900,"href":"https:\/\/www.nettali.com\/rest\/wp\/v2\/posts\/171898\/revisions\/171900"}],"wp:featuredmedia":[{"embeddable":true,"href":"https:\/\/www.nettali.com\/rest\/wp\/v2\/media\/171899"}],"wp:attachment":[{"href":"https:\/\/www.nettali.com\/rest\/wp\/v2\/media?parent=171898"}],"wp:term":[{"taxonomy":"category","embeddable":true,"href":"https:\/\/www.nettali.com\/rest\/wp\/v2\/categories?post=171898"},{"taxonomy":"post_tag","embeddable":true,"href":"https:\/\/www.nettali.com\/rest\/wp\/v2\/tags?post=171898"}],"curies":[{"name":"wp","href":"https:\/\/api.w.org\/{rel}","templated":true}]}}