{"id":171891,"date":"2026-04-04T15:08:23","date_gmt":"2026-04-04T15:08:23","guid":{"rendered":"https:\/\/www.nettali.com\/?p=171891"},"modified":"2026-04-04T08:10:36","modified_gmt":"2026-04-04T08:10:36","slug":"affaire-pape-cheikh-diallo-et-cie-le-medecin-du-cnts-place-sous-mandat-de-depot","status":"publish","type":"post","link":"https:\/\/www.nettali.com\/2026\/04\/04\/affaire-pape-cheikh-diallo-et-cie-le-medecin-du-cnts-place-sous-mandat-de-depot\/","title":{"rendered":"AFFAIRE PAPE CHEIKH DIALLO ET CIE : le m\u00e9decin du CNTS plac\u00e9 sous mandat de d\u00e9p\u00f4t"},"content":{"rendered":"<p><strong>NETTALI.COM - Apr\u00e8s son interpellation \u00e0 l\u2019AIBD et son hospitalisation, le m\u00e9decin a \u00e9t\u00e9 inculp\u00e9 et \u00e9crou\u00e9, tandis que l\u2019enqu\u00eate continue de s\u2019\u00e9tendre avec de nouvelles pistes.<\/strong><\/p>\n<p>Du nouveau dans l\u2019affaire dite \u00ab Pape Cheikh Diallo \u00bb. Le m\u00e9decin interpell\u00e9 \u00e0 l\u2019a\u00e9roport international Blaise Diagne (AIBD), puis hospitalis\u00e9 apr\u00e8s un malaise, a repris connaissance avant d\u2019\u00eatre plac\u00e9 en garde \u00e0 vue par la Brigade de recherches de Keur Massar.<\/p>\n<p>Soup\u00e7onn\u00e9 d\u2019entretenir des liens avec le principal mis en cause, l\u2019agent de sant\u00e9 fait d\u00e9sormais face \u00e0 des charges retenues par les enqu\u00eateurs, notamment pour association de malfaiteurs et autres infractions.<\/p>\n<p>Ce vendredi, trois suspects ont \u00e9t\u00e9 pr\u00e9sent\u00e9s au juge d\u2019instruction du premier cabinet pr\u00e8s le Tribunal de grande instance de Pikine-Gu\u00e9diawaye. Selon nos informations, le m\u00e9decin M. Gu\u00e8ye a \u00e9t\u00e9 inculp\u00e9 puis plac\u00e9 sous mandat de d\u00e9p\u00f4t, au m\u00eame titre qu\u2019un autre mis en cause.<\/p>\n<p>En revanche, un troisi\u00e8me suspect, domicili\u00e9 \u00e0 la M\u00e9dina, a \u00e9t\u00e9 inculp\u00e9 avant d\u2019\u00eatre plac\u00e9 sous contr\u00f4le judiciaire.<\/p>\n<p>Par ailleurs, un agent technico-commercial de la Senelec bas\u00e9 \u00e0 Mback\u00e9, identifi\u00e9 comme A. D. Ndiaye, devrait \u00eatre pr\u00e9sent\u00e9 au juge la semaine prochaine, apr\u00e8s la prolongation de sa garde \u00e0 vue. Ce dernier aurait fourni aux enqu\u00eateurs des informations sur une autre personne actuellement hors de Dakar.<\/p>\n<p>Pour rappel, A. D. Ndiaye avait \u00e9t\u00e9 interpell\u00e9 par la Brigade de recherches de Touba, \u00e0 la suite de l\u2019exploitation du t\u00e9l\u00e9phone du chanteur religieux Ass Dione.<\/p>\n<p>L\u2019enqu\u00eate se poursuit, avec de nouvelles ramifications mises au jour au fil des auditions et des analyses des \u00e9l\u00e9ments num\u00e9riques.<\/p>\n<p>&nbsp;<\/p>\n<div class='share-to-whatsapp-wrapper'><div class='share-on-whsp'>PARTAGER SUR : <\/div><a data-text='AFFAIRE PAPE CHEIKH DIALLO ET CIE : le m\u00e9decin du CNTS plac\u00e9 sous mandat de d\u00e9p\u00f4t' data-link='https:\/\/www.nettali.com\/2026\/04\/04\/affaire-pape-cheikh-diallo-et-cie-le-medecin-du-cnts-place-sous-mandat-de-depot\/' class='whatsapp-button whatsapp-share'>WhatsApp<\/a><div class='clear '><\/div><\/div>","protected":false},"excerpt":{"rendered":"<p>NETTALI.COM - Apr\u00e8s son interpellation \u00e0 l\u2019AIBD et son hospitalisation, le m\u00e9decin a \u00e9t\u00e9 inculp\u00e9 et \u00e9crou\u00e9, tandis que l\u2019enqu\u00eate continue de s\u2019\u00e9tendre avec de nouvelles pistes. Du nouveau dans l\u2019affaire dite \u00ab Pape Cheikh Diallo \u00bb. Le m\u00e9decin interpell\u00e9 \u00e0 l\u2019a\u00e9roport international Blaise Diagne (AIBD), puis hospitalis\u00e9 apr\u00e8s un malaise, a repris connaissance avant [&hellip;]<\/p>\n","protected":false},"author":4,"featured_media":171892,"comment_status":"open","ping_status":"open","sticky":false,"template":"","format":"standard","meta":{"_et_pb_use_builder":"","_et_pb_old_content":""},"categories":[3],"tags":[],"yoast_head":"<!-- This site is optimized with the Yoast SEO Premium plugin v17.8 (Yoast SEO v17.8) - https:\/\/yoast.com\/wordpress\/plugins\/seo\/ -->\n<title>AFFAIRE PAPE CHEIKH DIALLO ET CIE : le m\u00e9decin du CNTS plac\u00e9 sous mandat de d\u00e9p\u00f4t | Nettali.com<\/title>\n<meta name=\"robots\" content=\"index, follow, max-snippet:-1, max-image-preview:large, max-video-preview:-1\" \/>\n<link rel=\"canonical\" href=\"https:\/\/www.nettali.com\/2026\/04\/04\/affaire-pape-cheikh-diallo-et-cie-le-medecin-du-cnts-place-sous-mandat-de-depot\/\" \/>\n<meta property=\"og:locale\" content=\"fr_FR\" \/>\n<meta property=\"og:type\" content=\"article\" \/>\n<meta property=\"og:title\" content=\"AFFAIRE PAPE CHEIKH DIALLO ET CIE : le m\u00e9decin du CNTS plac\u00e9 sous mandat de d\u00e9p\u00f4t\" \/>\n<meta property=\"og:description\" content=\"NETTALI.COM - Apr\u00e8s son interpellation \u00e0 l\u2019AIBD et son hospitalisation, le m\u00e9decin a \u00e9t\u00e9 inculp\u00e9 et \u00e9crou\u00e9, tandis que l\u2019enqu\u00eate continue de s\u2019\u00e9tendre avec de nouvelles pistes. Du nouveau dans l\u2019affaire dite \u00ab Pape Cheikh Diallo \u00bb. Le m\u00e9decin interpell\u00e9 \u00e0 l\u2019a\u00e9roport international Blaise Diagne (AIBD), puis hospitalis\u00e9 apr\u00e8s un malaise, a repris connaissance avant [&hellip;]\" \/>\n<meta property=\"og:url\" content=\"https:\/\/www.nettali.com\/2026\/04\/04\/affaire-pape-cheikh-diallo-et-cie-le-medecin-du-cnts-place-sous-mandat-de-depot\/\" \/>\n<meta property=\"og:site_name\" content=\"Nettali.com\" \/>\n<meta property=\"article:publisher\" content=\"https:\/\/www.facebook.com\/nettalicom\" \/>\n<meta property=\"article:published_time\" content=\"2026-04-04T15:08:23+00:00\" \/>\n<meta property=\"article:modified_time\" content=\"2026-04-04T08:10:36+00:00\" \/>\n<meta property=\"og:image\" content=\"https:\/\/www.nettali.com\/wp-content\/uploads\/2026\/04\/Dr-Gue\u0300ye.jpeg\" \/>\n\t<meta property=\"og:image:width\" content=\"400\" \/>\n\t<meta property=\"og:image:height\" content=\"400\" \/>\n<meta name=\"twitter:card\" content=\"summary_large_image\" \/>\n<meta name=\"twitter:label1\" content=\"\u00c9crit par\" \/>\n\t<meta name=\"twitter:data1\" content=\"Daouda\" \/>\n\t<meta name=\"twitter:label2\" content=\"Dur\u00e9e de lecture estim\u00e9e\" \/>\n\t<meta name=\"twitter:data2\" content=\"1 minute\" \/>\n<script type=\"application\/ld+json\" class=\"yoast-schema-graph\">{\"@context\":\"https:\/\/schema.org\",\"@graph\":[{\"@type\":\"WebSite\",\"@id\":\"https:\/\/www.nettali.com\/#website\",\"url\":\"https:\/\/www.nettali.com\/\",\"name\":\"Nettali.com\",\"description\":\"Le rendez-vous critique du Net\",\"potentialAction\":[{\"@type\":\"SearchAction\",\"target\":{\"@type\":\"EntryPoint\",\"urlTemplate\":\"https:\/\/www.nettali.com\/?s={search_term_string}\"},\"query-input\":\"required name=search_term_string\"}],\"inLanguage\":\"fr-FR\"},{\"@type\":\"ImageObject\",\"@id\":\"https:\/\/www.nettali.com\/2026\/04\/04\/affaire-pape-cheikh-diallo-et-cie-le-medecin-du-cnts-place-sous-mandat-de-depot\/#primaryimage\",\"inLanguage\":\"fr-FR\",\"url\":\"https:\/\/www.nettali.com\/wp-content\/uploads\/2026\/04\/Dr-Gue\\u0300ye.jpeg\",\"contentUrl\":\"https:\/\/www.nettali.com\/wp-content\/uploads\/2026\/04\/Dr-Gue\\u0300ye.jpeg\",\"width\":400,\"height\":400},{\"@type\":\"WebPage\",\"@id\":\"https:\/\/www.nettali.com\/2026\/04\/04\/affaire-pape-cheikh-diallo-et-cie-le-medecin-du-cnts-place-sous-mandat-de-depot\/#webpage\",\"url\":\"https:\/\/www.nettali.com\/2026\/04\/04\/affaire-pape-cheikh-diallo-et-cie-le-medecin-du-cnts-place-sous-mandat-de-depot\/\",\"name\":\"AFFAIRE PAPE CHEIKH DIALLO ET CIE : le m\\u00e9decin du CNTS plac\\u00e9 sous mandat de d\\u00e9p\\u00f4t | Nettali.com\",\"isPartOf\":{\"@id\":\"https:\/\/www.nettali.com\/#website\"},\"primaryImageOfPage\":{\"@id\":\"https:\/\/www.nettali.com\/2026\/04\/04\/affaire-pape-cheikh-diallo-et-cie-le-medecin-du-cnts-place-sous-mandat-de-depot\/#primaryimage\"},\"datePublished\":\"2026-04-04T15:08:23+00:00\",\"dateModified\":\"2026-04-04T08:10:36+00:00\",\"author\":{\"@id\":\"https:\/\/www.nettali.com\/#\/schema\/person\/3317e0bb3aa1da309fbf7b2780901bf4\"},\"breadcrumb\":{\"@id\":\"https:\/\/www.nettali.com\/2026\/04\/04\/affaire-pape-cheikh-diallo-et-cie-le-medecin-du-cnts-place-sous-mandat-de-depot\/#breadcrumb\"},\"inLanguage\":\"fr-FR\",\"potentialAction\":[{\"@type\":\"ReadAction\",\"target\":[\"https:\/\/www.nettali.com\/2026\/04\/04\/affaire-pape-cheikh-diallo-et-cie-le-medecin-du-cnts-place-sous-mandat-de-depot\/\"]}]},{\"@type\":\"BreadcrumbList\",\"@id\":\"https:\/\/www.nettali.com\/2026\/04\/04\/affaire-pape-cheikh-diallo-et-cie-le-medecin-du-cnts-place-sous-mandat-de-depot\/#breadcrumb\",\"itemListElement\":[{\"@type\":\"ListItem\",\"position\":1,\"name\":\"Accueil\",\"item\":\"https:\/\/www.nettali.com\/\"},{\"@type\":\"ListItem\",\"position\":2,\"name\":\"AFFAIRE PAPE CHEIKH DIALLO ET CIE : le m\\u00e9decin du CNTS plac\\u00e9 sous mandat de d\\u00e9p\\u00f4t\"}]},{\"@type\":\"Person\",\"@id\":\"https:\/\/www.nettali.com\/#\/schema\/person\/3317e0bb3aa1da309fbf7b2780901bf4\",\"name\":\"Daouda\",\"image\":{\"@type\":\"ImageObject\",\"@id\":\"https:\/\/www.nettali.com\/#personlogo\",\"inLanguage\":\"fr-FR\",\"url\":\"https:\/\/secure.gravatar.com\/avatar\/8d143b5a49345098ddcfee1c49c2f47c?s=96&d=mm&r=g\",\"contentUrl\":\"https:\/\/secure.gravatar.com\/avatar\/8d143b5a49345098ddcfee1c49c2f47c?s=96&d=mm&r=g\",\"caption\":\"Daouda\"},\"sameAs\":[\"https:\/\/www.nettali.com\"]}]}<\/script>\n<!-- \/ Yoast SEO Premium plugin. -->","yoast_head_json":{"title":"AFFAIRE PAPE CHEIKH DIALLO ET CIE : le m\u00e9decin du CNTS plac\u00e9 sous mandat de d\u00e9p\u00f4t | Nettali.com","robots":{"index":"index","follow":"follow","max-snippet":"max-snippet:-1","max-image-preview":"max-image-preview:large","max-video-preview":"max-video-preview:-1"},"canonical":"https:\/\/www.nettali.com\/2026\/04\/04\/affaire-pape-cheikh-diallo-et-cie-le-medecin-du-cnts-place-sous-mandat-de-depot\/","og_locale":"fr_FR","og_type":"article","og_title":"AFFAIRE PAPE CHEIKH DIALLO ET CIE : le m\u00e9decin du CNTS plac\u00e9 sous mandat de d\u00e9p\u00f4t","og_description":"NETTALI.COM - Apr\u00e8s son interpellation \u00e0 l\u2019AIBD et son hospitalisation, le m\u00e9decin a \u00e9t\u00e9 inculp\u00e9 et \u00e9crou\u00e9, tandis que l\u2019enqu\u00eate continue de s\u2019\u00e9tendre avec de nouvelles pistes. Du nouveau dans l\u2019affaire dite \u00ab Pape Cheikh Diallo \u00bb. Le m\u00e9decin interpell\u00e9 \u00e0 l\u2019a\u00e9roport international Blaise Diagne (AIBD), puis hospitalis\u00e9 apr\u00e8s un malaise, a repris connaissance avant [&hellip;]","og_url":"https:\/\/www.nettali.com\/2026\/04\/04\/affaire-pape-cheikh-diallo-et-cie-le-medecin-du-cnts-place-sous-mandat-de-depot\/","og_site_name":"Nettali.com","article_publisher":"https:\/\/www.facebook.com\/nettalicom","article_published_time":"2026-04-04T15:08:23+00:00","article_modified_time":"2026-04-04T08:10:36+00:00","og_image":[{"width":400,"height":400,"url":"https:\/\/www.nettali.com\/wp-content\/uploads\/2026\/04\/Dr-Gue\u0300ye.jpeg","type":"image\/jpeg"}],"twitter_card":"summary_large_image","twitter_misc":{"\u00c9crit par":"Daouda","Dur\u00e9e de lecture estim\u00e9e":"1 minute"},"schema":{"@context":"https:\/\/schema.org","@graph":[{"@type":"WebSite","@id":"https:\/\/www.nettali.com\/#website","url":"https:\/\/www.nettali.com\/","name":"Nettali.com","description":"Le rendez-vous critique du Net","potentialAction":[{"@type":"SearchAction","target":{"@type":"EntryPoint","urlTemplate":"https:\/\/www.nettali.com\/?s={search_term_string}"},"query-input":"required name=search_term_string"}],"inLanguage":"fr-FR"},{"@type":"ImageObject","@id":"https:\/\/www.nettali.com\/2026\/04\/04\/affaire-pape-cheikh-diallo-et-cie-le-medecin-du-cnts-place-sous-mandat-de-depot\/#primaryimage","inLanguage":"fr-FR","url":"https:\/\/www.nettali.com\/wp-content\/uploads\/2026\/04\/Dr-Gue\u0300ye.jpeg","contentUrl":"https:\/\/www.nettali.com\/wp-content\/uploads\/2026\/04\/Dr-Gue\u0300ye.jpeg","width":400,"height":400},{"@type":"WebPage","@id":"https:\/\/www.nettali.com\/2026\/04\/04\/affaire-pape-cheikh-diallo-et-cie-le-medecin-du-cnts-place-sous-mandat-de-depot\/#webpage","url":"https:\/\/www.nettali.com\/2026\/04\/04\/affaire-pape-cheikh-diallo-et-cie-le-medecin-du-cnts-place-sous-mandat-de-depot\/","name":"AFFAIRE PAPE CHEIKH DIALLO ET CIE : le m\u00e9decin du CNTS plac\u00e9 sous mandat de d\u00e9p\u00f4t | Nettali.com","isPartOf":{"@id":"https:\/\/www.nettali.com\/#website"},"primaryImageOfPage":{"@id":"https:\/\/www.nettali.com\/2026\/04\/04\/affaire-pape-cheikh-diallo-et-cie-le-medecin-du-cnts-place-sous-mandat-de-depot\/#primaryimage"},"datePublished":"2026-04-04T15:08:23+00:00","dateModified":"2026-04-04T08:10:36+00:00","author":{"@id":"https:\/\/www.nettali.com\/#\/schema\/person\/3317e0bb3aa1da309fbf7b2780901bf4"},"breadcrumb":{"@id":"https:\/\/www.nettali.com\/2026\/04\/04\/affaire-pape-cheikh-diallo-et-cie-le-medecin-du-cnts-place-sous-mandat-de-depot\/#breadcrumb"},"inLanguage":"fr-FR","potentialAction":[{"@type":"ReadAction","target":["https:\/\/www.nettali.com\/2026\/04\/04\/affaire-pape-cheikh-diallo-et-cie-le-medecin-du-cnts-place-sous-mandat-de-depot\/"]}]},{"@type":"BreadcrumbList","@id":"https:\/\/www.nettali.com\/2026\/04\/04\/affaire-pape-cheikh-diallo-et-cie-le-medecin-du-cnts-place-sous-mandat-de-depot\/#breadcrumb","itemListElement":[{"@type":"ListItem","position":1,"name":"Accueil","item":"https:\/\/www.nettali.com\/"},{"@type":"ListItem","position":2,"name":"AFFAIRE PAPE CHEIKH DIALLO ET CIE : le m\u00e9decin du CNTS plac\u00e9 sous mandat de d\u00e9p\u00f4t"}]},{"@type":"Person","@id":"https:\/\/www.nettali.com\/#\/schema\/person\/3317e0bb3aa1da309fbf7b2780901bf4","name":"Daouda","image":{"@type":"ImageObject","@id":"https:\/\/www.nettali.com\/#personlogo","inLanguage":"fr-FR","url":"https:\/\/secure.gravatar.com\/avatar\/8d143b5a49345098ddcfee1c49c2f47c?s=96&d=mm&r=g","contentUrl":"https:\/\/secure.gravatar.com\/avatar\/8d143b5a49345098ddcfee1c49c2f47c?s=96&d=mm&r=g","caption":"Daouda"},"sameAs":["https:\/\/www.nettali.com"]}]}},"_links":{"self":[{"href":"https:\/\/www.nettali.com\/rest\/wp\/v2\/posts\/171891"}],"collection":[{"href":"https:\/\/www.nettali.com\/rest\/wp\/v2\/posts"}],"about":[{"href":"https:\/\/www.nettali.com\/rest\/wp\/v2\/types\/post"}],"author":[{"embeddable":true,"href":"https:\/\/www.nettali.com\/rest\/wp\/v2\/users\/4"}],"replies":[{"embeddable":true,"href":"https:\/\/www.nettali.com\/rest\/wp\/v2\/comments?post=171891"}],"version-history":[{"count":2,"href":"https:\/\/www.nettali.com\/rest\/wp\/v2\/posts\/171891\/revisions"}],"predecessor-version":[{"id":171907,"href":"https:\/\/www.nettali.com\/rest\/wp\/v2\/posts\/171891\/revisions\/171907"}],"wp:featuredmedia":[{"embeddable":true,"href":"https:\/\/www.nettali.com\/rest\/wp\/v2\/media\/171892"}],"wp:attachment":[{"href":"https:\/\/www.nettali.com\/rest\/wp\/v2\/media?parent=171891"}],"wp:term":[{"taxonomy":"category","embeddable":true,"href":"https:\/\/www.nettali.com\/rest\/wp\/v2\/categories?post=171891"},{"taxonomy":"post_tag","embeddable":true,"href":"https:\/\/www.nettali.com\/rest\/wp\/v2\/tags?post=171891"}],"curies":[{"name":"wp","href":"https:\/\/api.w.org\/{rel}","templated":true}]}}