{"id":171884,"date":"2026-04-04T00:03:22","date_gmt":"2026-04-04T00:03:22","guid":{"rendered":"https:\/\/www.nettali.com\/?p=171884"},"modified":"2026-04-04T00:03:22","modified_gmt":"2026-04-04T00:03:22","slug":"greve-des-enseignants-la-position-ferme-dousmane-sonko","status":"publish","type":"post","link":"https:\/\/www.nettali.com\/2026\/04\/04\/greve-des-enseignants-la-position-ferme-dousmane-sonko\/","title":{"rendered":"GR\u00c8VE DES ENSEIGNANTS - La position ferme d'Ousmane Sonko"},"content":{"rendered":"<p><strong>NETTALI.COM - Lors de la c\u00e9r\u00e9monie marquant le neuvi\u00e8me anniversaire du Mouvement national des enseignants patriotiques (MONEP), le premier ministre Ousmane Sonko a exprim\u00e9 ses pr\u00e9occupations concernant des ponctions op\u00e9r\u00e9es sur les salaires d\u2019enseignants qui n\u2019ont pourtant pas particip\u00e9 \u00e0 la gr\u00e8ve.<\/strong><\/p>\n<p>Le chef du gouvernement a indiqu\u00e9 avoir donn\u00e9 des instructions fermes au ministre de l\u2019\u00c9ducation nationale afin que la situation soit v\u00e9rifi\u00e9e et que les montants ind\u00fbment pr\u00e9lev\u00e9s soient restitu\u00e9s aux enseignants concern\u00e9s.<\/p>\n<p>\"<em>J\u2019ai une seule r\u00e9serve : des gens qui n\u2019ont pas \u00e9t\u00e9 gr\u00e9vistes puissent subir des ponctions. On ne peut pas l\u2019accepter. J\u2019ai donn\u00e9 des instructions fermes au ministre de l\u2019\u00c9ducation nationale et je l\u2019ai rappel\u00e9 hier en Conseil des ministres qu\u2019il m\u2019est parvenu que des enseignants qui n\u2019avaient pas fait de gr\u00e8ve ont subi des ponctions. V\u00e9rifiez-moi \u00e7a et restituez \u00e0 ces enseignants leurs dus s\u2019ils n\u2019ont pas fait de gr\u00e8ve<\/em>\", a-t-il d\u00e9clar\u00e9 devant les enseignants de Pastef.<br \/>\nLe Premier ministre a \u00e9galement rappel\u00e9 que, conform\u00e9ment aux textes en vigueur, un enseignant qui n\u2019a pas travaill\u00e9 ne peut pr\u00e9tendre \u00e0 une r\u00e9mun\u00e9ration. Selon lui, l\u2019application de ce principe rel\u00e8ve simplement du respect des r\u00e8gles encadrant le droit de gr\u00e8ve et la gestion des salaires dans la fonction publique.<\/p>\n<p>Par ailleurs, il a estim\u00e9 qu\u2019un enseignant qui reste chez lui sans travailler et per\u00e7oit tout de m\u00eame son salaire touche une r\u00e9mun\u00e9ration indue, appelant chacun \u00e0 faire preuve de responsabilit\u00e9 face \u00e0 cette question.<\/p>\n<div class='share-to-whatsapp-wrapper'><div class='share-on-whsp'>PARTAGER SUR : <\/div><a data-text='GR\u00c8VE DES ENSEIGNANTS - La position ferme d'Ousmane Sonko' data-link='https:\/\/www.nettali.com\/2026\/04\/04\/greve-des-enseignants-la-position-ferme-dousmane-sonko\/' class='whatsapp-button whatsapp-share'>WhatsApp<\/a><div class='clear '><\/div><\/div>","protected":false},"excerpt":{"rendered":"<p>NETTALI.COM - Lors de la c\u00e9r\u00e9monie marquant le neuvi\u00e8me anniversaire du Mouvement national des enseignants patriotiques (MONEP), le premier ministre Ousmane Sonko a exprim\u00e9 ses pr\u00e9occupations concernant des ponctions op\u00e9r\u00e9es sur les salaires d\u2019enseignants qui n\u2019ont pourtant pas particip\u00e9 \u00e0 la gr\u00e8ve. Le chef du gouvernement a indiqu\u00e9 avoir donn\u00e9 des instructions fermes au ministre [&hellip;]<\/p>\n","protected":false},"author":5,"featured_media":171885,"comment_status":"open","ping_status":"open","sticky":false,"template":"","format":"standard","meta":{"_et_pb_use_builder":"","_et_pb_old_content":""},"categories":[3],"tags":[],"yoast_head":"<!-- This site is optimized with the Yoast SEO Premium plugin v17.8 (Yoast SEO v17.8) - https:\/\/yoast.com\/wordpress\/plugins\/seo\/ -->\n<title>GR\u00c8VE DES ENSEIGNANTS - La position ferme d&#039;Ousmane Sonko | Nettali.com<\/title>\n<meta name=\"robots\" content=\"index, follow, max-snippet:-1, max-image-preview:large, max-video-preview:-1\" \/>\n<link rel=\"canonical\" href=\"https:\/\/www.nettali.com\/2026\/04\/04\/greve-des-enseignants-la-position-ferme-dousmane-sonko\/\" \/>\n<meta property=\"og:locale\" content=\"fr_FR\" \/>\n<meta property=\"og:type\" content=\"article\" \/>\n<meta property=\"og:title\" content=\"GR\u00c8VE DES ENSEIGNANTS - La position ferme d&#039;Ousmane Sonko\" \/>\n<meta property=\"og:description\" content=\"NETTALI.COM - Lors de la c\u00e9r\u00e9monie marquant le neuvi\u00e8me anniversaire du Mouvement national des enseignants patriotiques (MONEP), le premier ministre Ousmane Sonko a exprim\u00e9 ses pr\u00e9occupations concernant des ponctions op\u00e9r\u00e9es sur les salaires d\u2019enseignants qui n\u2019ont pourtant pas particip\u00e9 \u00e0 la gr\u00e8ve. Le chef du gouvernement a indiqu\u00e9 avoir donn\u00e9 des instructions fermes au ministre [&hellip;]\" \/>\n<meta property=\"og:url\" content=\"https:\/\/www.nettali.com\/2026\/04\/04\/greve-des-enseignants-la-position-ferme-dousmane-sonko\/\" \/>\n<meta property=\"og:site_name\" content=\"Nettali.com\" \/>\n<meta property=\"article:publisher\" content=\"https:\/\/www.facebook.com\/nettalicom\" \/>\n<meta property=\"article:published_time\" content=\"2026-04-04T00:03:22+00:00\" \/>\n<meta property=\"og:image\" content=\"https:\/\/www.nettali.com\/wp-content\/uploads\/2026\/04\/93261460-65227291.jpg\" \/>\n\t<meta property=\"og:image:width\" content=\"1600\" \/>\n\t<meta property=\"og:image:height\" content=\"1067\" \/>\n<meta name=\"twitter:card\" content=\"summary_large_image\" \/>\n<meta name=\"twitter:label1\" content=\"\u00c9crit par\" \/>\n\t<meta name=\"twitter:data1\" content=\"Ibrahima\" \/>\n\t<meta name=\"twitter:label2\" content=\"Dur\u00e9e de lecture estim\u00e9e\" \/>\n\t<meta name=\"twitter:data2\" content=\"2 minutes\" \/>\n<script type=\"application\/ld+json\" class=\"yoast-schema-graph\">{\"@context\":\"https:\/\/schema.org\",\"@graph\":[{\"@type\":\"WebSite\",\"@id\":\"https:\/\/www.nettali.com\/#website\",\"url\":\"https:\/\/www.nettali.com\/\",\"name\":\"Nettali.com\",\"description\":\"Le rendez-vous critique du Net\",\"potentialAction\":[{\"@type\":\"SearchAction\",\"target\":{\"@type\":\"EntryPoint\",\"urlTemplate\":\"https:\/\/www.nettali.com\/?s={search_term_string}\"},\"query-input\":\"required name=search_term_string\"}],\"inLanguage\":\"fr-FR\"},{\"@type\":\"ImageObject\",\"@id\":\"https:\/\/www.nettali.com\/2026\/04\/04\/greve-des-enseignants-la-position-ferme-dousmane-sonko\/#primaryimage\",\"inLanguage\":\"fr-FR\",\"url\":\"https:\/\/www.nettali.com\/wp-content\/uploads\/2026\/04\/93261460-65227291.jpg\",\"contentUrl\":\"https:\/\/www.nettali.com\/wp-content\/uploads\/2026\/04\/93261460-65227291.jpg\",\"width\":1600,\"height\":1067},{\"@type\":\"WebPage\",\"@id\":\"https:\/\/www.nettali.com\/2026\/04\/04\/greve-des-enseignants-la-position-ferme-dousmane-sonko\/#webpage\",\"url\":\"https:\/\/www.nettali.com\/2026\/04\/04\/greve-des-enseignants-la-position-ferme-dousmane-sonko\/\",\"name\":\"GR\\u00c8VE DES ENSEIGNANTS - La position ferme d'Ousmane Sonko | Nettali.com\",\"isPartOf\":{\"@id\":\"https:\/\/www.nettali.com\/#website\"},\"primaryImageOfPage\":{\"@id\":\"https:\/\/www.nettali.com\/2026\/04\/04\/greve-des-enseignants-la-position-ferme-dousmane-sonko\/#primaryimage\"},\"datePublished\":\"2026-04-04T00:03:22+00:00\",\"dateModified\":\"2026-04-04T00:03:22+00:00\",\"author\":{\"@id\":\"https:\/\/www.nettali.com\/#\/schema\/person\/bb147657c2986240405a608162b9bb23\"},\"breadcrumb\":{\"@id\":\"https:\/\/www.nettali.com\/2026\/04\/04\/greve-des-enseignants-la-position-ferme-dousmane-sonko\/#breadcrumb\"},\"inLanguage\":\"fr-FR\",\"potentialAction\":[{\"@type\":\"ReadAction\",\"target\":[\"https:\/\/www.nettali.com\/2026\/04\/04\/greve-des-enseignants-la-position-ferme-dousmane-sonko\/\"]}]},{\"@type\":\"BreadcrumbList\",\"@id\":\"https:\/\/www.nettali.com\/2026\/04\/04\/greve-des-enseignants-la-position-ferme-dousmane-sonko\/#breadcrumb\",\"itemListElement\":[{\"@type\":\"ListItem\",\"position\":1,\"name\":\"Accueil\",\"item\":\"https:\/\/www.nettali.com\/\"},{\"@type\":\"ListItem\",\"position\":2,\"name\":\"GR\\u00c8VE DES ENSEIGNANTS - La position ferme d'Ousmane Sonko\"}]},{\"@type\":\"Person\",\"@id\":\"https:\/\/www.nettali.com\/#\/schema\/person\/bb147657c2986240405a608162b9bb23\",\"name\":\"Ibrahima\",\"image\":{\"@type\":\"ImageObject\",\"@id\":\"https:\/\/www.nettali.com\/#personlogo\",\"inLanguage\":\"fr-FR\",\"url\":\"https:\/\/secure.gravatar.com\/avatar\/26a8a81f09f0dd7624c9d5c36c9ba3a2?s=96&d=mm&r=g\",\"contentUrl\":\"https:\/\/secure.gravatar.com\/avatar\/26a8a81f09f0dd7624c9d5c36c9ba3a2?s=96&d=mm&r=g\",\"caption\":\"Ibrahima\"},\"sameAs\":[\"https:\/\/www.nettali.com\"]}]}<\/script>\n<!-- \/ Yoast SEO Premium plugin. -->","yoast_head_json":{"title":"GR\u00c8VE DES ENSEIGNANTS - La position ferme d'Ousmane Sonko | Nettali.com","robots":{"index":"index","follow":"follow","max-snippet":"max-snippet:-1","max-image-preview":"max-image-preview:large","max-video-preview":"max-video-preview:-1"},"canonical":"https:\/\/www.nettali.com\/2026\/04\/04\/greve-des-enseignants-la-position-ferme-dousmane-sonko\/","og_locale":"fr_FR","og_type":"article","og_title":"GR\u00c8VE DES ENSEIGNANTS - La position ferme d'Ousmane Sonko","og_description":"NETTALI.COM - Lors de la c\u00e9r\u00e9monie marquant le neuvi\u00e8me anniversaire du Mouvement national des enseignants patriotiques (MONEP), le premier ministre Ousmane Sonko a exprim\u00e9 ses pr\u00e9occupations concernant des ponctions op\u00e9r\u00e9es sur les salaires d\u2019enseignants qui n\u2019ont pourtant pas particip\u00e9 \u00e0 la gr\u00e8ve. Le chef du gouvernement a indiqu\u00e9 avoir donn\u00e9 des instructions fermes au ministre [&hellip;]","og_url":"https:\/\/www.nettali.com\/2026\/04\/04\/greve-des-enseignants-la-position-ferme-dousmane-sonko\/","og_site_name":"Nettali.com","article_publisher":"https:\/\/www.facebook.com\/nettalicom","article_published_time":"2026-04-04T00:03:22+00:00","og_image":[{"width":1600,"height":1067,"url":"https:\/\/www.nettali.com\/wp-content\/uploads\/2026\/04\/93261460-65227291.jpg","type":"image\/jpeg"}],"twitter_card":"summary_large_image","twitter_misc":{"\u00c9crit par":"Ibrahima","Dur\u00e9e de lecture estim\u00e9e":"2 minutes"},"schema":{"@context":"https:\/\/schema.org","@graph":[{"@type":"WebSite","@id":"https:\/\/www.nettali.com\/#website","url":"https:\/\/www.nettali.com\/","name":"Nettali.com","description":"Le rendez-vous critique du Net","potentialAction":[{"@type":"SearchAction","target":{"@type":"EntryPoint","urlTemplate":"https:\/\/www.nettali.com\/?s={search_term_string}"},"query-input":"required name=search_term_string"}],"inLanguage":"fr-FR"},{"@type":"ImageObject","@id":"https:\/\/www.nettali.com\/2026\/04\/04\/greve-des-enseignants-la-position-ferme-dousmane-sonko\/#primaryimage","inLanguage":"fr-FR","url":"https:\/\/www.nettali.com\/wp-content\/uploads\/2026\/04\/93261460-65227291.jpg","contentUrl":"https:\/\/www.nettali.com\/wp-content\/uploads\/2026\/04\/93261460-65227291.jpg","width":1600,"height":1067},{"@type":"WebPage","@id":"https:\/\/www.nettali.com\/2026\/04\/04\/greve-des-enseignants-la-position-ferme-dousmane-sonko\/#webpage","url":"https:\/\/www.nettali.com\/2026\/04\/04\/greve-des-enseignants-la-position-ferme-dousmane-sonko\/","name":"GR\u00c8VE DES ENSEIGNANTS - La position ferme d'Ousmane Sonko | Nettali.com","isPartOf":{"@id":"https:\/\/www.nettali.com\/#website"},"primaryImageOfPage":{"@id":"https:\/\/www.nettali.com\/2026\/04\/04\/greve-des-enseignants-la-position-ferme-dousmane-sonko\/#primaryimage"},"datePublished":"2026-04-04T00:03:22+00:00","dateModified":"2026-04-04T00:03:22+00:00","author":{"@id":"https:\/\/www.nettali.com\/#\/schema\/person\/bb147657c2986240405a608162b9bb23"},"breadcrumb":{"@id":"https:\/\/www.nettali.com\/2026\/04\/04\/greve-des-enseignants-la-position-ferme-dousmane-sonko\/#breadcrumb"},"inLanguage":"fr-FR","potentialAction":[{"@type":"ReadAction","target":["https:\/\/www.nettali.com\/2026\/04\/04\/greve-des-enseignants-la-position-ferme-dousmane-sonko\/"]}]},{"@type":"BreadcrumbList","@id":"https:\/\/www.nettali.com\/2026\/04\/04\/greve-des-enseignants-la-position-ferme-dousmane-sonko\/#breadcrumb","itemListElement":[{"@type":"ListItem","position":1,"name":"Accueil","item":"https:\/\/www.nettali.com\/"},{"@type":"ListItem","position":2,"name":"GR\u00c8VE DES ENSEIGNANTS - La position ferme d'Ousmane Sonko"}]},{"@type":"Person","@id":"https:\/\/www.nettali.com\/#\/schema\/person\/bb147657c2986240405a608162b9bb23","name":"Ibrahima","image":{"@type":"ImageObject","@id":"https:\/\/www.nettali.com\/#personlogo","inLanguage":"fr-FR","url":"https:\/\/secure.gravatar.com\/avatar\/26a8a81f09f0dd7624c9d5c36c9ba3a2?s=96&d=mm&r=g","contentUrl":"https:\/\/secure.gravatar.com\/avatar\/26a8a81f09f0dd7624c9d5c36c9ba3a2?s=96&d=mm&r=g","caption":"Ibrahima"},"sameAs":["https:\/\/www.nettali.com"]}]}},"_links":{"self":[{"href":"https:\/\/www.nettali.com\/rest\/wp\/v2\/posts\/171884"}],"collection":[{"href":"https:\/\/www.nettali.com\/rest\/wp\/v2\/posts"}],"about":[{"href":"https:\/\/www.nettali.com\/rest\/wp\/v2\/types\/post"}],"author":[{"embeddable":true,"href":"https:\/\/www.nettali.com\/rest\/wp\/v2\/users\/5"}],"replies":[{"embeddable":true,"href":"https:\/\/www.nettali.com\/rest\/wp\/v2\/comments?post=171884"}],"version-history":[{"count":1,"href":"https:\/\/www.nettali.com\/rest\/wp\/v2\/posts\/171884\/revisions"}],"predecessor-version":[{"id":171886,"href":"https:\/\/www.nettali.com\/rest\/wp\/v2\/posts\/171884\/revisions\/171886"}],"wp:featuredmedia":[{"embeddable":true,"href":"https:\/\/www.nettali.com\/rest\/wp\/v2\/media\/171885"}],"wp:attachment":[{"href":"https:\/\/www.nettali.com\/rest\/wp\/v2\/media?parent=171884"}],"wp:term":[{"taxonomy":"category","embeddable":true,"href":"https:\/\/www.nettali.com\/rest\/wp\/v2\/categories?post=171884"},{"taxonomy":"post_tag","embeddable":true,"href":"https:\/\/www.nettali.com\/rest\/wp\/v2\/tags?post=171884"}],"curies":[{"name":"wp","href":"https:\/\/api.w.org\/{rel}","templated":true}]}}