{"id":171378,"date":"2026-03-26T10:13:39","date_gmt":"2026-03-26T10:13:39","guid":{"rendered":"https:\/\/www.nettali.com\/?p=171378"},"modified":"2026-03-27T06:59:41","modified_gmt":"2026-03-27T06:59:41","slug":"sortie-mediatique-badara-gadiaga-critique-severement-ousmane-sonko","status":"publish","type":"post","link":"https:\/\/www.nettali.com\/2026\/03\/26\/sortie-mediatique-badara-gadiaga-critique-severement-ousmane-sonko\/","title":{"rendered":"SORTIE M\u00c9DIATIQUE - Badara Gadiaga critique s\u00e9v\u00e8rement Ousmane Sonko"},"content":{"rendered":"<p><strong>NETTALI.COM - Apr\u00e8s neuf mois d\u2019incarc\u00e9ration, le chroniqueur Badara Gadiaga est revenu sur le devant de la sc\u00e8ne m\u00e9diatique avec des propos virulents \u00e0 l\u2019encontre du Premier ministre.<\/strong><\/p>\n<p>Neuf mois apr\u00e8s son incarc\u00e9ration, le chroniqueur Badara Gadiaga a effectu\u00e9 sa premi\u00e8re sortie m\u00e9diatique en tant qu\u2019invit\u00e9 sur la TFM, dans l\u2019\u00e9mission <em>Faram Faccee<\/em> anim\u00e9e par Pape Ngagne Ndiaye. Une apparition tr\u00e8s attendue, au cours de laquelle il a vivement critiqu\u00e9 le Premier ministre Ousmane Sonko.<\/p>\n<p>Dans un premier temps, le chroniqueur s\u2019en est pris au chef du gouvernement, qu\u2019il accuse de fuir le d\u00e9bat public. Pour Badara Gadiaga, Ousmane Sonko n\u2019est pas tant un homme de conviction qu\u2019un responsable politique en qu\u00eate de rep\u00e8res, incapable d\u2019affronter la contradiction dans l\u2019espace d\u00e9mocratique. <em>\u00ab Ousmane Sonko a peur du d\u00e9bat public \u00bb<\/em>, a-t-il affirm\u00e9.<\/p>\n<p>Le chroniqueur est all\u00e9 plus loin, qualifiant le Premier ministre d\u2019<em>\u00ab apprenti dictateur \u00bb<\/em>, estimant qu\u2019il se trompe \u00e0 la fois de combat et d\u2019\u00e9poque. Il lui reproche notamment de s\u2019inspirer de mod\u00e8les politiques autoritaires, en particulier issus de partis communistes, pour justifier, selon lui, une vision restrictive des libert\u00e9s individuelles et collectives. Une posture qu\u2019il juge anachronique et pr\u00e9occupante pour l\u2019espace civique s\u00e9n\u00e9galais.<\/p>\n<p>Au regard de ce qu\u2019il consid\u00e8re comme un d\u00e9ficit de rep\u00e8res d\u00e9mocratiques, Badara Gadiaga a appel\u00e9 \u00e0 s\u2019inspirer d\u2019autres figures politiques. Il a notamment cit\u00e9 l\u2019ancien pr\u00e9sident de la R\u00e9publique, Me Abdoulaye Wade, qu\u2019il d\u00e9crit comme \u00ab une figure tut\u00e9laire \u00bb dont la trajectoire m\u00e9riterait, selon lui, davantage d\u2019attention.<\/p>\n<p><iframe loading=\"lazy\" title=\"\ud83d\udea8\ud83d\udea8TFM LIVE : FARAM FACCE - Invit\u00e9 : Badara GADIAGA - Pr : Pape Ngagne NDIAYE - 25 Mars 2025\" width=\"1080\" height=\"608\" src=\"https:\/\/www.youtube.com\/embed\/RmRJlunMBUU?feature=oembed\" frameborder=\"0\" allow=\"accelerometer; autoplay; clipboard-write; encrypted-media; gyroscope; picture-in-picture; web-share\" referrerpolicy=\"strict-origin-when-cross-origin\" allowfullscreen><\/iframe><\/p>\n<p>&nbsp;<\/p>\n<div class='share-to-whatsapp-wrapper'><div class='share-on-whsp'>PARTAGER SUR : <\/div><a data-text='SORTIE M\u00c9DIATIQUE - Badara Gadiaga critique s\u00e9v\u00e8rement Ousmane Sonko' data-link='https:\/\/www.nettali.com\/2026\/03\/26\/sortie-mediatique-badara-gadiaga-critique-severement-ousmane-sonko\/' class='whatsapp-button whatsapp-share'>WhatsApp<\/a><div class='clear '><\/div><\/div>","protected":false},"excerpt":{"rendered":"<p>NETTALI.COM - Apr\u00e8s neuf mois d\u2019incarc\u00e9ration, le chroniqueur Badara Gadiaga est revenu sur le devant de la sc\u00e8ne m\u00e9diatique avec des propos virulents \u00e0 l\u2019encontre du Premier ministre. Neuf mois apr\u00e8s son incarc\u00e9ration, le chroniqueur Badara Gadiaga a effectu\u00e9 sa premi\u00e8re sortie m\u00e9diatique en tant qu\u2019invit\u00e9 sur la TFM, dans l\u2019\u00e9mission Faram Faccee anim\u00e9e par [&hellip;]<\/p>\n","protected":false},"author":4,"featured_media":157396,"comment_status":"open","ping_status":"open","sticky":false,"template":"","format":"standard","meta":{"_et_pb_use_builder":"","_et_pb_old_content":""},"categories":[2],"tags":[],"yoast_head":"<!-- This site is optimized with the Yoast SEO Premium plugin v17.8 (Yoast SEO v17.8) - https:\/\/yoast.com\/wordpress\/plugins\/seo\/ -->\n<title>SORTIE M\u00c9DIATIQUE - Badara Gadiaga critique s\u00e9v\u00e8rement Ousmane Sonko | Nettali.com<\/title>\n<meta name=\"robots\" content=\"index, follow, max-snippet:-1, max-image-preview:large, max-video-preview:-1\" \/>\n<link rel=\"canonical\" href=\"https:\/\/www.nettali.com\/2026\/03\/26\/sortie-mediatique-badara-gadiaga-critique-severement-ousmane-sonko\/\" \/>\n<meta property=\"og:locale\" content=\"fr_FR\" \/>\n<meta property=\"og:type\" content=\"article\" \/>\n<meta property=\"og:title\" content=\"SORTIE M\u00c9DIATIQUE - Badara Gadiaga critique s\u00e9v\u00e8rement Ousmane Sonko\" \/>\n<meta property=\"og:description\" content=\"NETTALI.COM - Apr\u00e8s neuf mois d\u2019incarc\u00e9ration, le chroniqueur Badara Gadiaga est revenu sur le devant de la sc\u00e8ne m\u00e9diatique avec des propos virulents \u00e0 l\u2019encontre du Premier ministre. Neuf mois apr\u00e8s son incarc\u00e9ration, le chroniqueur Badara Gadiaga a effectu\u00e9 sa premi\u00e8re sortie m\u00e9diatique en tant qu\u2019invit\u00e9 sur la TFM, dans l\u2019\u00e9mission Faram Faccee anim\u00e9e par [&hellip;]\" \/>\n<meta property=\"og:url\" content=\"https:\/\/www.nettali.com\/2026\/03\/26\/sortie-mediatique-badara-gadiaga-critique-severement-ousmane-sonko\/\" \/>\n<meta property=\"og:site_name\" content=\"Nettali.com\" \/>\n<meta property=\"article:publisher\" content=\"https:\/\/www.facebook.com\/nettalicom\" \/>\n<meta property=\"article:published_time\" content=\"2026-03-26T10:13:39+00:00\" \/>\n<meta property=\"article:modified_time\" content=\"2026-03-27T06:59:41+00:00\" \/>\n<meta property=\"og:image\" content=\"https:\/\/www.nettali.com\/wp-content\/uploads\/2025\/07\/Badara-Gadiaga.jpg\" \/>\n\t<meta property=\"og:image:width\" content=\"750\" \/>\n\t<meta property=\"og:image:height\" content=\"375\" \/>\n<meta name=\"twitter:card\" content=\"summary_large_image\" \/>\n<meta name=\"twitter:label1\" content=\"\u00c9crit par\" \/>\n\t<meta name=\"twitter:data1\" content=\"Daouda\" \/>\n\t<meta name=\"twitter:label2\" content=\"Dur\u00e9e de lecture estim\u00e9e\" \/>\n\t<meta name=\"twitter:data2\" content=\"1 minute\" \/>\n<script type=\"application\/ld+json\" class=\"yoast-schema-graph\">{\"@context\":\"https:\/\/schema.org\",\"@graph\":[{\"@type\":\"WebSite\",\"@id\":\"https:\/\/www.nettali.com\/#website\",\"url\":\"https:\/\/www.nettali.com\/\",\"name\":\"Nettali.com\",\"description\":\"Le rendez-vous critique du Net\",\"potentialAction\":[{\"@type\":\"SearchAction\",\"target\":{\"@type\":\"EntryPoint\",\"urlTemplate\":\"https:\/\/www.nettali.com\/?s={search_term_string}\"},\"query-input\":\"required name=search_term_string\"}],\"inLanguage\":\"fr-FR\"},{\"@type\":\"ImageObject\",\"@id\":\"https:\/\/www.nettali.com\/2026\/03\/26\/sortie-mediatique-badara-gadiaga-critique-severement-ousmane-sonko\/#primaryimage\",\"inLanguage\":\"fr-FR\",\"url\":\"https:\/\/www.nettali.com\/wp-content\/uploads\/2025\/07\/Badara-Gadiaga.jpg\",\"contentUrl\":\"https:\/\/www.nettali.com\/wp-content\/uploads\/2025\/07\/Badara-Gadiaga.jpg\",\"width\":750,\"height\":375},{\"@type\":\"WebPage\",\"@id\":\"https:\/\/www.nettali.com\/2026\/03\/26\/sortie-mediatique-badara-gadiaga-critique-severement-ousmane-sonko\/#webpage\",\"url\":\"https:\/\/www.nettali.com\/2026\/03\/26\/sortie-mediatique-badara-gadiaga-critique-severement-ousmane-sonko\/\",\"name\":\"SORTIE M\\u00c9DIATIQUE - Badara Gadiaga critique s\\u00e9v\\u00e8rement Ousmane Sonko | Nettali.com\",\"isPartOf\":{\"@id\":\"https:\/\/www.nettali.com\/#website\"},\"primaryImageOfPage\":{\"@id\":\"https:\/\/www.nettali.com\/2026\/03\/26\/sortie-mediatique-badara-gadiaga-critique-severement-ousmane-sonko\/#primaryimage\"},\"datePublished\":\"2026-03-26T10:13:39+00:00\",\"dateModified\":\"2026-03-27T06:59:41+00:00\",\"author\":{\"@id\":\"https:\/\/www.nettali.com\/#\/schema\/person\/3317e0bb3aa1da309fbf7b2780901bf4\"},\"breadcrumb\":{\"@id\":\"https:\/\/www.nettali.com\/2026\/03\/26\/sortie-mediatique-badara-gadiaga-critique-severement-ousmane-sonko\/#breadcrumb\"},\"inLanguage\":\"fr-FR\",\"potentialAction\":[{\"@type\":\"ReadAction\",\"target\":[\"https:\/\/www.nettali.com\/2026\/03\/26\/sortie-mediatique-badara-gadiaga-critique-severement-ousmane-sonko\/\"]}]},{\"@type\":\"BreadcrumbList\",\"@id\":\"https:\/\/www.nettali.com\/2026\/03\/26\/sortie-mediatique-badara-gadiaga-critique-severement-ousmane-sonko\/#breadcrumb\",\"itemListElement\":[{\"@type\":\"ListItem\",\"position\":1,\"name\":\"Accueil\",\"item\":\"https:\/\/www.nettali.com\/\"},{\"@type\":\"ListItem\",\"position\":2,\"name\":\"SORTIE M\\u00c9DIATIQUE - Badara Gadiaga critique s\\u00e9v\\u00e8rement Ousmane Sonko\"}]},{\"@type\":\"Person\",\"@id\":\"https:\/\/www.nettali.com\/#\/schema\/person\/3317e0bb3aa1da309fbf7b2780901bf4\",\"name\":\"Daouda\",\"image\":{\"@type\":\"ImageObject\",\"@id\":\"https:\/\/www.nettali.com\/#personlogo\",\"inLanguage\":\"fr-FR\",\"url\":\"https:\/\/secure.gravatar.com\/avatar\/8d143b5a49345098ddcfee1c49c2f47c?s=96&d=mm&r=g\",\"contentUrl\":\"https:\/\/secure.gravatar.com\/avatar\/8d143b5a49345098ddcfee1c49c2f47c?s=96&d=mm&r=g\",\"caption\":\"Daouda\"},\"sameAs\":[\"https:\/\/www.nettali.com\"]}]}<\/script>\n<!-- \/ Yoast SEO Premium plugin. -->","yoast_head_json":{"title":"SORTIE M\u00c9DIATIQUE - Badara Gadiaga critique s\u00e9v\u00e8rement Ousmane Sonko | Nettali.com","robots":{"index":"index","follow":"follow","max-snippet":"max-snippet:-1","max-image-preview":"max-image-preview:large","max-video-preview":"max-video-preview:-1"},"canonical":"https:\/\/www.nettali.com\/2026\/03\/26\/sortie-mediatique-badara-gadiaga-critique-severement-ousmane-sonko\/","og_locale":"fr_FR","og_type":"article","og_title":"SORTIE M\u00c9DIATIQUE - Badara Gadiaga critique s\u00e9v\u00e8rement Ousmane Sonko","og_description":"NETTALI.COM - Apr\u00e8s neuf mois d\u2019incarc\u00e9ration, le chroniqueur Badara Gadiaga est revenu sur le devant de la sc\u00e8ne m\u00e9diatique avec des propos virulents \u00e0 l\u2019encontre du Premier ministre. Neuf mois apr\u00e8s son incarc\u00e9ration, le chroniqueur Badara Gadiaga a effectu\u00e9 sa premi\u00e8re sortie m\u00e9diatique en tant qu\u2019invit\u00e9 sur la TFM, dans l\u2019\u00e9mission Faram Faccee anim\u00e9e par [&hellip;]","og_url":"https:\/\/www.nettali.com\/2026\/03\/26\/sortie-mediatique-badara-gadiaga-critique-severement-ousmane-sonko\/","og_site_name":"Nettali.com","article_publisher":"https:\/\/www.facebook.com\/nettalicom","article_published_time":"2026-03-26T10:13:39+00:00","article_modified_time":"2026-03-27T06:59:41+00:00","og_image":[{"width":750,"height":375,"url":"https:\/\/www.nettali.com\/wp-content\/uploads\/2025\/07\/Badara-Gadiaga.jpg","type":"image\/jpeg"}],"twitter_card":"summary_large_image","twitter_misc":{"\u00c9crit par":"Daouda","Dur\u00e9e de lecture estim\u00e9e":"1 minute"},"schema":{"@context":"https:\/\/schema.org","@graph":[{"@type":"WebSite","@id":"https:\/\/www.nettali.com\/#website","url":"https:\/\/www.nettali.com\/","name":"Nettali.com","description":"Le rendez-vous critique du Net","potentialAction":[{"@type":"SearchAction","target":{"@type":"EntryPoint","urlTemplate":"https:\/\/www.nettali.com\/?s={search_term_string}"},"query-input":"required name=search_term_string"}],"inLanguage":"fr-FR"},{"@type":"ImageObject","@id":"https:\/\/www.nettali.com\/2026\/03\/26\/sortie-mediatique-badara-gadiaga-critique-severement-ousmane-sonko\/#primaryimage","inLanguage":"fr-FR","url":"https:\/\/www.nettali.com\/wp-content\/uploads\/2025\/07\/Badara-Gadiaga.jpg","contentUrl":"https:\/\/www.nettali.com\/wp-content\/uploads\/2025\/07\/Badara-Gadiaga.jpg","width":750,"height":375},{"@type":"WebPage","@id":"https:\/\/www.nettali.com\/2026\/03\/26\/sortie-mediatique-badara-gadiaga-critique-severement-ousmane-sonko\/#webpage","url":"https:\/\/www.nettali.com\/2026\/03\/26\/sortie-mediatique-badara-gadiaga-critique-severement-ousmane-sonko\/","name":"SORTIE M\u00c9DIATIQUE - Badara Gadiaga critique s\u00e9v\u00e8rement Ousmane Sonko | Nettali.com","isPartOf":{"@id":"https:\/\/www.nettali.com\/#website"},"primaryImageOfPage":{"@id":"https:\/\/www.nettali.com\/2026\/03\/26\/sortie-mediatique-badara-gadiaga-critique-severement-ousmane-sonko\/#primaryimage"},"datePublished":"2026-03-26T10:13:39+00:00","dateModified":"2026-03-27T06:59:41+00:00","author":{"@id":"https:\/\/www.nettali.com\/#\/schema\/person\/3317e0bb3aa1da309fbf7b2780901bf4"},"breadcrumb":{"@id":"https:\/\/www.nettali.com\/2026\/03\/26\/sortie-mediatique-badara-gadiaga-critique-severement-ousmane-sonko\/#breadcrumb"},"inLanguage":"fr-FR","potentialAction":[{"@type":"ReadAction","target":["https:\/\/www.nettali.com\/2026\/03\/26\/sortie-mediatique-badara-gadiaga-critique-severement-ousmane-sonko\/"]}]},{"@type":"BreadcrumbList","@id":"https:\/\/www.nettali.com\/2026\/03\/26\/sortie-mediatique-badara-gadiaga-critique-severement-ousmane-sonko\/#breadcrumb","itemListElement":[{"@type":"ListItem","position":1,"name":"Accueil","item":"https:\/\/www.nettali.com\/"},{"@type":"ListItem","position":2,"name":"SORTIE M\u00c9DIATIQUE - Badara Gadiaga critique s\u00e9v\u00e8rement Ousmane Sonko"}]},{"@type":"Person","@id":"https:\/\/www.nettali.com\/#\/schema\/person\/3317e0bb3aa1da309fbf7b2780901bf4","name":"Daouda","image":{"@type":"ImageObject","@id":"https:\/\/www.nettali.com\/#personlogo","inLanguage":"fr-FR","url":"https:\/\/secure.gravatar.com\/avatar\/8d143b5a49345098ddcfee1c49c2f47c?s=96&d=mm&r=g","contentUrl":"https:\/\/secure.gravatar.com\/avatar\/8d143b5a49345098ddcfee1c49c2f47c?s=96&d=mm&r=g","caption":"Daouda"},"sameAs":["https:\/\/www.nettali.com"]}]}},"_links":{"self":[{"href":"https:\/\/www.nettali.com\/rest\/wp\/v2\/posts\/171378"}],"collection":[{"href":"https:\/\/www.nettali.com\/rest\/wp\/v2\/posts"}],"about":[{"href":"https:\/\/www.nettali.com\/rest\/wp\/v2\/types\/post"}],"author":[{"embeddable":true,"href":"https:\/\/www.nettali.com\/rest\/wp\/v2\/users\/4"}],"replies":[{"embeddable":true,"href":"https:\/\/www.nettali.com\/rest\/wp\/v2\/comments?post=171378"}],"version-history":[{"count":2,"href":"https:\/\/www.nettali.com\/rest\/wp\/v2\/posts\/171378\/revisions"}],"predecessor-version":[{"id":171429,"href":"https:\/\/www.nettali.com\/rest\/wp\/v2\/posts\/171378\/revisions\/171429"}],"wp:featuredmedia":[{"embeddable":true,"href":"https:\/\/www.nettali.com\/rest\/wp\/v2\/media\/157396"}],"wp:attachment":[{"href":"https:\/\/www.nettali.com\/rest\/wp\/v2\/media?parent=171378"}],"wp:term":[{"taxonomy":"category","embeddable":true,"href":"https:\/\/www.nettali.com\/rest\/wp\/v2\/categories?post=171378"},{"taxonomy":"post_tag","embeddable":true,"href":"https:\/\/www.nettali.com\/rest\/wp\/v2\/tags?post=171378"}],"curies":[{"name":"wp","href":"https:\/\/api.w.org\/{rel}","templated":true}]}}