{"id":171051,"date":"2026-03-18T06:10:22","date_gmt":"2026-03-18T06:10:22","guid":{"rendered":"https:\/\/www.nettali.com\/?p=171051"},"modified":"2026-03-19T20:49:51","modified_gmt":"2026-03-19T20:49:51","slug":"decision-jury-dappel-le-monde-du-foot-crie-au-scandale","status":"publish","type":"post","link":"https:\/\/www.nettali.com\/2026\/03\/18\/decision-jury-dappel-le-monde-du-foot-crie-au-scandale\/","title":{"rendered":"D\u00c9CISION JURY D\u2019APPEL - Le monde du foot crie au scandale"},"content":{"rendered":"<p><strong>NETTALI.COM - La Conf\u00e9d\u00e9ration africaine de football (CAF) est sous le feu des projecteurs \u00e0 la suite de la d\u00e9cision de son jury d\u2019appel de donner la victoire de la finale de la CAN 2025 sur tapis vert au Maroc, apr\u00e8s avoir d\u00e9clar\u00e9 le S\u00e9n\u00e9gal forfait. Le monde du football n\u2019en revient pas.<\/strong><\/p>\n<p>Les r\u00e9actions n\u2019ont pas tard\u00e9 \u00e0 la suite de la d\u00e9cision du jury d\u2019appel de la CAF de d\u00e9clarer le S\u00e9n\u00e9gal forfait et de donner la victoire de la finale de la CAN 2025 au Maroc sur tapis vert (3-0). Ce verdict de la juridiction d\u2019appel de la CAF a provoqu\u00e9 la stup\u00e9faction dans le monde du football.<\/p>\n<p>Parmi les premi\u00e8res r\u00e9actions dans la Tani\u00e8re, on peut noter celle de Moussa Niakhat\u00e9. Sur le r\u00e9seau social Instagram, le joueur de l'Olympique a ainsi publi\u00e9, en story, une photo de lui avec la coupe lors de la c\u00e9l\u00e9bration du titre. Avec un message plut\u00f4t clair : \u201cpour l\u2019\u00e9ternit\u00e9\u201d.<\/p>\n<p>Si le d\u00e9fenseur central des Lions a pr\u00e9f\u00e9r\u00e9 y aller d\u2019une touche railleuse, d\u2019autres acteurs n\u2019ont pas cach\u00e9 leur consternation. C\u2019est le cas de Claude Le Roy, qui est intervenu ce mardi au micro de La Cha\u00eene l\u2019Equipe. L\u2019ancien s\u00e9lectionneur du S\u00e9n\u00e9gal n\u2019a pas \u00e9t\u00e9 tendre avec l\u2019instance dirigeante du ballon rond africain et son pr\u00e9sident. \u201c<em>Je ne pouvais pas penser que la CAF aille aussi loin dans le grand guignolesque. Quand je vois comment Motsepe dirige cette f\u00e9d\u00e9ration, il est le vassal de Gianni Infantino qui voulait absolument donner cette CAN au Maroc depuis le d\u00e9but. Le Maroc a r\u00e9alis\u00e9 une belle CAN qui m\u00e9ritait de gagner, mais sur la finale, le S\u00e9n\u00e9gal m\u00e9ritait. Entendre une telle d\u00e9cision deux mois plus tard, ce n\u2019est pas possible. \u00c7a fait des ann\u00e9es que la CAF bafoue toutes les d\u00e9cisions.<\/em>\u201d<\/p>\n<p>Le technicien fran\u00e7ais s\u2019en est aussi pris au pr\u00e9sident de la FIFA qu\u2019il a qualifi\u00e9 de magouilleur. \u201c<em>Infantino se prend pour le grand du football africain. Il se permet tout en Afrique. Il aurait eu plein de magouilles pour d\u00e9cider que le Maroc soit champion. Tout \u00e7a n\u2019est pas termin\u00e9. C\u2019est pitoyable l\u2019image que donne la CAF.<\/em>\u201d<\/p>\n<p>Il se dit attrist\u00e9 par cette d\u00e9cision qui sera la ris\u00e9e de tout le monde entier. \u201c<em>Je pense qu\u2019il y aura une commission d\u2019appel et apr\u00e8s, selon la d\u00e9cision, cela sera le TAS. Cette d\u00e9cision va faire rire toute la plan\u00e8te du football. (\u2026) La d\u00e9claration du Maroc est d\u00e9magogiquement m\u00e9diocre. La seule sanction pouvant \u00eatre prise par l\u2019arbitre \u00e9tait de mettre un jaune \u00e0 tous les joueurs qui avaient quitt\u00e9 le terrain. Il restait quelques secondes, on aurait pu imaginer que les deux S\u00e9n\u00e9galais avertis auraient pris rouge. Je ne sais pas o\u00f9 ils vont chercher la victoire sur tapis vert. La r\u00e9action du Maroc est hasardeuse, on ne sait pas o\u00f9 ils vont. Je suis triste des d\u00e9cisions prises par la CAF<\/em>.\u201d<\/p>\n<p><strong>Klopp : \u201cAbsurde\u201d <\/strong><\/p>\n<p>Quant \u00e0 Samir Nasri, il a condamn\u00e9 une d\u00e9cision incompr\u00e9hensible. \u201c<em>Le soir du match ou le lendemain, ils auraient fait le communiqu\u00e9, on aurait compris, mais l\u00e0\u2026 La prochaine fois, ils vont le faire en 2035 ? C\u2019est n\u2019importe quoi, les S\u00e9n\u00e9galais sont rentr\u00e9s chez eux avec la Coupe, ont c\u00e9l\u00e9br\u00e9 et fait la f\u00eate, qu\u2019estce qu\u2019on fait ? [\u2026] Franchement, \u00e7a d\u00e9cr\u00e9dibilise la CAF encore une fois<\/em>\u201d, a d\u00e9clar\u00e9 le consultant de Canal+ sur le plateau du Canal Champions Club.<\/p>\n<p>Dans la foul\u00e9e, un autre acteur et non des moindres s\u2019est offusqu\u00e9 de la tournure des choses. Il s\u2019agit de l\u2019ancien coach de Liverpool, Jurgen Klopp, qui a \u00e9crit : \u201c<em>L\u2019une des choses les plus absurdes que je n\u2019ai jamais vues. Le Maroc, champion de la Coupe d\u2019Afrique des nations 2026.<\/em>\u201d<\/p>\n<p>Sur le plateau de \"L\u2019\u00c9quipe du Soir\", le journaliste et analyste Nabil Djellit a exprim\u00e9 son \u00e9tonnement face au timing de l\u2019annonce. \" Tellement surr\u00e9aliste de voir cette d\u00e9cision deux mois apr\u00e8s \", a-t-il d\u00e9clar\u00e9, pointant du doigt le caract\u00e8re diff\u00e9r\u00e9 de l\u2019ex\u00e9cution du verdict. Selon lui, une telle d\u00e9cision aurait d\u00fb intervenir imm\u00e9diatement apr\u00e8s la finale pour \u00e9viter toute confusion et frustration parmi les \u00e9quipes et les supporters.<\/p>\n<p>\"C\u2019est une honte pour le foot africain. Un scandale. On a tous vu de nos yeux que le S\u00e9n\u00e9gal a gagn\u00e9. Mais je me pose une question : pourquoi personne ne parle de cet arbitre ? O\u00f9 est cet arbitre ? Qu\u2019est devenu cet arbitre ? Mes fr\u00e8res marocains, je vous aime bien mais \u00e0 un moment faut pas abuser les gars. La Coupe d\u2019Afrique a vraiment perdu toute sa cr\u00e9dibilit\u00e9\", a d\u00e9clar\u00e9 Patrice Evra.<\/p>\n<p>Ahmed Hossam Mido lui, n'a pas m\u00e2ch\u00e9 ses mots. L'ancien international \u00e9gyptien estime que la CAF est tout simplement corrompue. \"La CAF est une vraie blague !! Je le dis depuis des ann\u00e9es... La d\u00e9cision de retirer la Coupe au S\u00e9n\u00e9gal pour la donner au Maroc est le plus grand scandale de l\u2019histoire du football. Cette d\u00e9cision va diviser l\u2019Afrique... On passe pour des idiots, un continent corrompu. L\u2019Afrique m\u00e9rite mieux ! Il doit y avoir une r\u00e9volution dans le football africain, tous ces gens doivent partir aujourd\u2019hui, pas demain\", a d\u00e9plor\u00e9 l'ancien Marseillais.<\/p>\n<p>\"Je ne suis pas contre le Maroc, j\u2019aime ce pays et ses habitants... mais vous avez perdu sur le terrain. Le S\u00e9n\u00e9gal \u00e9tait la meilleure \u00e9quipe et m\u00e9rite ce titre. Je voulais f\u00e9liciter mes amis marocains, mais je ne peux pas f\u00e9liciter quelqu\u2019un pour quelque chose gagn\u00e9 dans les bureaux et non sur le terrain\", a conclu le champion d'Afrique 2006.<\/p>\n<p>Pour sa part, la F\u00e9d\u00e9ration Royale Marocaine de Football (FRMF) a r\u00e9agi \u00e0 la d\u00e9cision du jury d\u2019appel pour pr\u00e9ciser la logique de sa d\u00e9marche. \u201cLa FRMF tient \u00e0 rappeler que sa d\u00e9marche n\u2019a jamais eu pour objet de contester la performance sportive des \u00e9quipes engag\u00e9es dans cette comp\u00e9tition, mais uniquement de demander l\u2019application du r\u00e8glement de la comp\u00e9tition. La F\u00e9d\u00e9ration r\u00e9affirme son attachement au respect des r\u00e8gles, \u00e0 la clart\u00e9 du cadre comp\u00e9titif et \u00e0 la stabilit\u00e9 des comp\u00e9titions africaines. Elle tient enfin \u00e0 saluer l\u2019ensemble des nations ayant particip\u00e9 \u00e0 cette \u00e9dition de la CAN, qui a constitu\u00e9 un moment majeur pour le football africain. La F\u00e9d\u00e9ration s\u2019exprimera demain, officiellement, apr\u00e8s avoir r\u00e9uni ses instances dirigeantes\u201d, peut-on lire dans le communiqu\u00e9.<\/p>\n<p>&nbsp;<\/p>\n<div class='share-to-whatsapp-wrapper'><div class='share-on-whsp'>PARTAGER SUR : <\/div><a data-text='D\u00c9CISION JURY D\u2019APPEL - Le monde du foot crie au scandale' data-link='https:\/\/www.nettali.com\/2026\/03\/18\/decision-jury-dappel-le-monde-du-foot-crie-au-scandale\/' class='whatsapp-button whatsapp-share'>WhatsApp<\/a><div class='clear '><\/div><\/div>","protected":false},"excerpt":{"rendered":"<p>NETTALI.COM - La Conf\u00e9d\u00e9ration africaine de football (CAF) est sous le feu des projecteurs \u00e0 la suite de la d\u00e9cision de son jury d\u2019appel de donner la victoire de la finale de la CAN 2025 sur tapis vert au Maroc, apr\u00e8s avoir d\u00e9clar\u00e9 le S\u00e9n\u00e9gal forfait. Le monde du football n\u2019en revient pas. Les r\u00e9actions [&hellip;]<\/p>\n","protected":false},"author":2,"featured_media":171071,"comment_status":"open","ping_status":"open","sticky":false,"template":"","format":"standard","meta":{"_et_pb_use_builder":"","_et_pb_old_content":""},"categories":[6],"tags":[],"yoast_head":"<!-- This site is optimized with the Yoast SEO Premium plugin v17.8 (Yoast SEO v17.8) - https:\/\/yoast.com\/wordpress\/plugins\/seo\/ -->\n<title>D\u00c9CISION JURY D\u2019APPEL - Le monde du foot crie au scandale | Nettali.com<\/title>\n<meta name=\"robots\" content=\"index, follow, max-snippet:-1, max-image-preview:large, max-video-preview:-1\" \/>\n<link rel=\"canonical\" href=\"https:\/\/www.nettali.com\/2026\/03\/18\/decision-jury-dappel-le-monde-du-foot-crie-au-scandale\/\" \/>\n<meta property=\"og:locale\" content=\"fr_FR\" \/>\n<meta property=\"og:type\" content=\"article\" \/>\n<meta property=\"og:title\" content=\"D\u00c9CISION JURY D\u2019APPEL - Le monde du foot crie au scandale\" \/>\n<meta property=\"og:description\" content=\"NETTALI.COM - La Conf\u00e9d\u00e9ration africaine de football (CAF) est sous le feu des projecteurs \u00e0 la suite de la d\u00e9cision de son jury d\u2019appel de donner la victoire de la finale de la CAN 2025 sur tapis vert au Maroc, apr\u00e8s avoir d\u00e9clar\u00e9 le S\u00e9n\u00e9gal forfait. Le monde du football n\u2019en revient pas. Les r\u00e9actions [&hellip;]\" \/>\n<meta property=\"og:url\" content=\"https:\/\/www.nettali.com\/2026\/03\/18\/decision-jury-dappel-le-monde-du-foot-crie-au-scandale\/\" \/>\n<meta property=\"og:site_name\" content=\"Nettali.com\" \/>\n<meta property=\"article:publisher\" content=\"https:\/\/www.facebook.com\/nettalicom\" \/>\n<meta property=\"article:published_time\" content=\"2026-03-18T06:10:22+00:00\" \/>\n<meta property=\"article:modified_time\" content=\"2026-03-19T20:49:51+00:00\" \/>\n<meta property=\"og:image\" content=\"https:\/\/www.nettali.com\/wp-content\/uploads\/2026\/03\/claude-reroy.png\" \/>\n\t<meta property=\"og:image:width\" content=\"1066\" \/>\n\t<meta property=\"og:image:height\" content=\"590\" \/>\n<meta name=\"twitter:card\" content=\"summary_large_image\" \/>\n<meta name=\"twitter:label1\" content=\"\u00c9crit par\" \/>\n\t<meta name=\"twitter:data1\" content=\"CK\" \/>\n\t<meta name=\"twitter:label2\" content=\"Dur\u00e9e de lecture estim\u00e9e\" \/>\n\t<meta name=\"twitter:data2\" content=\"6 minutes\" \/>\n<script type=\"application\/ld+json\" class=\"yoast-schema-graph\">{\"@context\":\"https:\/\/schema.org\",\"@graph\":[{\"@type\":\"WebSite\",\"@id\":\"https:\/\/www.nettali.com\/#website\",\"url\":\"https:\/\/www.nettali.com\/\",\"name\":\"Nettali.com\",\"description\":\"Le rendez-vous critique du Net\",\"potentialAction\":[{\"@type\":\"SearchAction\",\"target\":{\"@type\":\"EntryPoint\",\"urlTemplate\":\"https:\/\/www.nettali.com\/?s={search_term_string}\"},\"query-input\":\"required name=search_term_string\"}],\"inLanguage\":\"fr-FR\"},{\"@type\":\"ImageObject\",\"@id\":\"https:\/\/www.nettali.com\/2026\/03\/18\/decision-jury-dappel-le-monde-du-foot-crie-au-scandale\/#primaryimage\",\"inLanguage\":\"fr-FR\",\"url\":\"https:\/\/www.nettali.com\/wp-content\/uploads\/2026\/03\/claude-reroy.png\",\"contentUrl\":\"https:\/\/www.nettali.com\/wp-content\/uploads\/2026\/03\/claude-reroy.png\",\"width\":1066,\"height\":590},{\"@type\":\"WebPage\",\"@id\":\"https:\/\/www.nettali.com\/2026\/03\/18\/decision-jury-dappel-le-monde-du-foot-crie-au-scandale\/#webpage\",\"url\":\"https:\/\/www.nettali.com\/2026\/03\/18\/decision-jury-dappel-le-monde-du-foot-crie-au-scandale\/\",\"name\":\"D\\u00c9CISION JURY D\\u2019APPEL - Le monde du foot crie au scandale | Nettali.com\",\"isPartOf\":{\"@id\":\"https:\/\/www.nettali.com\/#website\"},\"primaryImageOfPage\":{\"@id\":\"https:\/\/www.nettali.com\/2026\/03\/18\/decision-jury-dappel-le-monde-du-foot-crie-au-scandale\/#primaryimage\"},\"datePublished\":\"2026-03-18T06:10:22+00:00\",\"dateModified\":\"2026-03-19T20:49:51+00:00\",\"author\":{\"@id\":\"https:\/\/www.nettali.com\/#\/schema\/person\/d8ac7b7e27ddad43f1c0d2ef090d7f71\"},\"breadcrumb\":{\"@id\":\"https:\/\/www.nettali.com\/2026\/03\/18\/decision-jury-dappel-le-monde-du-foot-crie-au-scandale\/#breadcrumb\"},\"inLanguage\":\"fr-FR\",\"potentialAction\":[{\"@type\":\"ReadAction\",\"target\":[\"https:\/\/www.nettali.com\/2026\/03\/18\/decision-jury-dappel-le-monde-du-foot-crie-au-scandale\/\"]}]},{\"@type\":\"BreadcrumbList\",\"@id\":\"https:\/\/www.nettali.com\/2026\/03\/18\/decision-jury-dappel-le-monde-du-foot-crie-au-scandale\/#breadcrumb\",\"itemListElement\":[{\"@type\":\"ListItem\",\"position\":1,\"name\":\"Accueil\",\"item\":\"https:\/\/www.nettali.com\/\"},{\"@type\":\"ListItem\",\"position\":2,\"name\":\"D\\u00c9CISION JURY D\\u2019APPEL - Le monde du foot crie au scandale\"}]},{\"@type\":\"Person\",\"@id\":\"https:\/\/www.nettali.com\/#\/schema\/person\/d8ac7b7e27ddad43f1c0d2ef090d7f71\",\"name\":\"CK\",\"image\":{\"@type\":\"ImageObject\",\"@id\":\"https:\/\/www.nettali.com\/#personlogo\",\"inLanguage\":\"fr-FR\",\"url\":\"https:\/\/secure.gravatar.com\/avatar\/1d8d5118b9327d94da7cd4ce7f17fec2?s=96&d=mm&r=g\",\"contentUrl\":\"https:\/\/secure.gravatar.com\/avatar\/1d8d5118b9327d94da7cd4ce7f17fec2?s=96&d=mm&r=g\",\"caption\":\"CK\"},\"sameAs\":[\"https:\/\/www.nettali.com\"]}]}<\/script>\n<!-- \/ Yoast SEO Premium plugin. -->","yoast_head_json":{"title":"D\u00c9CISION JURY D\u2019APPEL - Le monde du foot crie au scandale | Nettali.com","robots":{"index":"index","follow":"follow","max-snippet":"max-snippet:-1","max-image-preview":"max-image-preview:large","max-video-preview":"max-video-preview:-1"},"canonical":"https:\/\/www.nettali.com\/2026\/03\/18\/decision-jury-dappel-le-monde-du-foot-crie-au-scandale\/","og_locale":"fr_FR","og_type":"article","og_title":"D\u00c9CISION JURY D\u2019APPEL - Le monde du foot crie au scandale","og_description":"NETTALI.COM - La Conf\u00e9d\u00e9ration africaine de football (CAF) est sous le feu des projecteurs \u00e0 la suite de la d\u00e9cision de son jury d\u2019appel de donner la victoire de la finale de la CAN 2025 sur tapis vert au Maroc, apr\u00e8s avoir d\u00e9clar\u00e9 le S\u00e9n\u00e9gal forfait. Le monde du football n\u2019en revient pas. Les r\u00e9actions [&hellip;]","og_url":"https:\/\/www.nettali.com\/2026\/03\/18\/decision-jury-dappel-le-monde-du-foot-crie-au-scandale\/","og_site_name":"Nettali.com","article_publisher":"https:\/\/www.facebook.com\/nettalicom","article_published_time":"2026-03-18T06:10:22+00:00","article_modified_time":"2026-03-19T20:49:51+00:00","og_image":[{"width":1066,"height":590,"url":"https:\/\/www.nettali.com\/wp-content\/uploads\/2026\/03\/claude-reroy.png","type":"image\/png"}],"twitter_card":"summary_large_image","twitter_misc":{"\u00c9crit par":"CK","Dur\u00e9e de lecture estim\u00e9e":"6 minutes"},"schema":{"@context":"https:\/\/schema.org","@graph":[{"@type":"WebSite","@id":"https:\/\/www.nettali.com\/#website","url":"https:\/\/www.nettali.com\/","name":"Nettali.com","description":"Le rendez-vous critique du Net","potentialAction":[{"@type":"SearchAction","target":{"@type":"EntryPoint","urlTemplate":"https:\/\/www.nettali.com\/?s={search_term_string}"},"query-input":"required name=search_term_string"}],"inLanguage":"fr-FR"},{"@type":"ImageObject","@id":"https:\/\/www.nettali.com\/2026\/03\/18\/decision-jury-dappel-le-monde-du-foot-crie-au-scandale\/#primaryimage","inLanguage":"fr-FR","url":"https:\/\/www.nettali.com\/wp-content\/uploads\/2026\/03\/claude-reroy.png","contentUrl":"https:\/\/www.nettali.com\/wp-content\/uploads\/2026\/03\/claude-reroy.png","width":1066,"height":590},{"@type":"WebPage","@id":"https:\/\/www.nettali.com\/2026\/03\/18\/decision-jury-dappel-le-monde-du-foot-crie-au-scandale\/#webpage","url":"https:\/\/www.nettali.com\/2026\/03\/18\/decision-jury-dappel-le-monde-du-foot-crie-au-scandale\/","name":"D\u00c9CISION JURY D\u2019APPEL - Le monde du foot crie au scandale | Nettali.com","isPartOf":{"@id":"https:\/\/www.nettali.com\/#website"},"primaryImageOfPage":{"@id":"https:\/\/www.nettali.com\/2026\/03\/18\/decision-jury-dappel-le-monde-du-foot-crie-au-scandale\/#primaryimage"},"datePublished":"2026-03-18T06:10:22+00:00","dateModified":"2026-03-19T20:49:51+00:00","author":{"@id":"https:\/\/www.nettali.com\/#\/schema\/person\/d8ac7b7e27ddad43f1c0d2ef090d7f71"},"breadcrumb":{"@id":"https:\/\/www.nettali.com\/2026\/03\/18\/decision-jury-dappel-le-monde-du-foot-crie-au-scandale\/#breadcrumb"},"inLanguage":"fr-FR","potentialAction":[{"@type":"ReadAction","target":["https:\/\/www.nettali.com\/2026\/03\/18\/decision-jury-dappel-le-monde-du-foot-crie-au-scandale\/"]}]},{"@type":"BreadcrumbList","@id":"https:\/\/www.nettali.com\/2026\/03\/18\/decision-jury-dappel-le-monde-du-foot-crie-au-scandale\/#breadcrumb","itemListElement":[{"@type":"ListItem","position":1,"name":"Accueil","item":"https:\/\/www.nettali.com\/"},{"@type":"ListItem","position":2,"name":"D\u00c9CISION JURY D\u2019APPEL - Le monde du foot crie au scandale"}]},{"@type":"Person","@id":"https:\/\/www.nettali.com\/#\/schema\/person\/d8ac7b7e27ddad43f1c0d2ef090d7f71","name":"CK","image":{"@type":"ImageObject","@id":"https:\/\/www.nettali.com\/#personlogo","inLanguage":"fr-FR","url":"https:\/\/secure.gravatar.com\/avatar\/1d8d5118b9327d94da7cd4ce7f17fec2?s=96&d=mm&r=g","contentUrl":"https:\/\/secure.gravatar.com\/avatar\/1d8d5118b9327d94da7cd4ce7f17fec2?s=96&d=mm&r=g","caption":"CK"},"sameAs":["https:\/\/www.nettali.com"]}]}},"_links":{"self":[{"href":"https:\/\/www.nettali.com\/rest\/wp\/v2\/posts\/171051"}],"collection":[{"href":"https:\/\/www.nettali.com\/rest\/wp\/v2\/posts"}],"about":[{"href":"https:\/\/www.nettali.com\/rest\/wp\/v2\/types\/post"}],"author":[{"embeddable":true,"href":"https:\/\/www.nettali.com\/rest\/wp\/v2\/users\/2"}],"replies":[{"embeddable":true,"href":"https:\/\/www.nettali.com\/rest\/wp\/v2\/comments?post=171051"}],"version-history":[{"count":3,"href":"https:\/\/www.nettali.com\/rest\/wp\/v2\/posts\/171051\/revisions"}],"predecessor-version":[{"id":171100,"href":"https:\/\/www.nettali.com\/rest\/wp\/v2\/posts\/171051\/revisions\/171100"}],"wp:featuredmedia":[{"embeddable":true,"href":"https:\/\/www.nettali.com\/rest\/wp\/v2\/media\/171071"}],"wp:attachment":[{"href":"https:\/\/www.nettali.com\/rest\/wp\/v2\/media?parent=171051"}],"wp:term":[{"taxonomy":"category","embeddable":true,"href":"https:\/\/www.nettali.com\/rest\/wp\/v2\/categories?post=171051"},{"taxonomy":"post_tag","embeddable":true,"href":"https:\/\/www.nettali.com\/rest\/wp\/v2\/tags?post=171051"}],"curies":[{"name":"wp","href":"https:\/\/api.w.org\/{rel}","templated":true}]}}