{"id":171046,"date":"2026-03-17T23:00:40","date_gmt":"2026-03-17T23:00:40","guid":{"rendered":"https:\/\/www.nettali.com\/?p=171046"},"modified":"2026-03-17T23:00:40","modified_gmt":"2026-03-17T23:00:40","slug":"gardez-le-metal-nous-gardons-la-legende-le-livre-est-clos","status":"publish","type":"post","link":"https:\/\/www.nettali.com\/2026\/03\/17\/gardez-le-metal-nous-gardons-la-legende-le-livre-est-clos\/","title":{"rendered":"Gardez le m\u00e9tal, nous gardons la l\u00e9gende : le livre est clos"},"content":{"rendered":"<p><strong>CONTRIBUTION -<\/strong> Un simple communiqu\u00e9, froid et bureaucratique, pr\u00e9tend aujourd\u2019hui r\u00e9\u00e9crire l\u2019Histoire. Le Jury d'Appel de la CAF a tranch\u00e9 : le S\u00e9n\u00e9gal perd sur tapis vert. Le score homologu\u00e9 est de 3-0. Le troph\u00e9e doit \u00eatre restitu\u00e9.<\/p>\n<p>Face \u00e0 cette d\u00e9cision, qui confine \u00e0 l'absurde, le S\u00e9n\u00e9gal ne tremblera pas, ne suppliera pas, et surtout, ne s'abaissera pas. Messieurs de la CAF, vous pouvez envoyer vos \u00e9missaires r\u00e9cup\u00e9rer l'objet. Vous pouvez effacer une ligne sur votre palmar\u00e8s officiel. Mais il y a une chose que vous ne pourrez jamais nous reprendre, car elle n'appartient ni \u00e0 vos r\u00e8glements, ni \u00e0 vos bureaux : c'est la V\u00e9rit\u00e9 du terrain.<\/p>\n<p>Vous arrivez trop tard. La Coupe est d\u00e9j\u00e0 venue chez nous. Elle a d\u00e9j\u00e0 fait le tour de nos villes, de nos villages. Nos joueurs ont \u00e9t\u00e9 c\u00e9l\u00e9br\u00e9s en h\u00e9ros, port\u00e9s par une mar\u00e9e humaine de Dakar \u00e0 Ziguinchor, de Thi\u00e8s \u00e0 Matam. L'arr\u00eat magistral d'\u00c9douard Mendy, le but de Pape Gueye, la r\u00e9silience ph\u00e9nom\u00e9nale de nos Lions face \u00e0 l'hostilit\u00e9 de Rabat... tout cela a exist\u00e9. Vous ne pouvez pas d\u00e9sinventer la sueur. Vous ne pouvez pas annuler la joie d'un peuple. Vous ne pouvez pas d\u00e9cr\u00e9ter que ce qui a fait battre le c\u0153ur de millions d'Africains n'a jamais eu lieu.<\/p>\n<p>Si votre conception du football se r\u00e9sume \u00e0 punir ceux qui se l\u00e8vent contre l'injustice, alors gardez votre troph\u00e9e. Il brillera peut-\u00eatre dans une vitrine, mais il sera \u00e0 jamais terni par le sceau du d\u00e9shonneur. Nous pr\u00e9f\u00e9rons \u00eatre les vainqueurs sans coupe, que les r\u00e9cipiendaires d'une victoire de bureau. Aujourd'hui, l'heure n'est plus au football.<\/p>\n<p>En cette p\u00e9riode de profonde ferveur spirituelle, o\u00f9 nos compatriotes chr\u00e9tiens marchent vers la lumi\u00e8re de P\u00e2ques \u00e0 l'issue du Car\u00eame, et o\u00f9 la Oummah islamique cherche la gr\u00e2ce divine dans les derniers jours b\u00e9nis du Ramadan, il nous est demand\u00e9 de nous \u00e9lever. Le je\u00fbne et la pri\u00e8re nous enseignent le d\u00e9tachement des biens mat\u00e9riels et la qu\u00eate de l'essentiel. Et l'essentiel, aujourd'hui, ce n'est pas un bout de m\u00e9tal dor\u00e9. L'essentiel, ce sont nos 18 supporters, toujours retenus en otage dans les prisons marocaines.<\/p>\n<p>Il est ind\u00e9cent de d\u00e9battre d'un palmar\u00e8s sportif quand des p\u00e8res de famille, des \u00e9tudiants et des travailleurs s\u00e9n\u00e9galais dorment en cellule pour avoir simplement manifest\u00e9 leur passion. La vraie finale, le seul match qui m\u00e9rite encore d'\u00eatre jou\u00e9, c'est celui de leur lib\u00e9ration imm\u00e9diate. C\u2019est l\u00e0 que l\u2019\u00c9tat du S\u00e9n\u00e9gal doit concentrer toutes ses forces et toute sa diplomatie.<\/p>\n<p>Pour nous, la CAN 2025 s'arr\u00eate ici. Il faut savoir tourner les pages, et parfois m\u00eame, fermer d\u00e9finitivement les livres. Le livre de cette comp\u00e9tition, souill\u00e9 par l'iniquit\u00e9, est d\u00e9sormais clos. Nous n'en lirons plus une seule ligne. Au peuple s\u00e9n\u00e9galais : s\u00e9chez vos larmes de col\u00e8re. Soyez fiers. Vous avez \u00e9t\u00e9 sublimes de dignit\u00e9. Laissons-les \u00e0 leurs proc\u00e9dures de papier et retournons \u00e0 nos v\u00e9ritables batailles. Le S\u00e9n\u00e9gal a un destin \u00e0 b\u00e2tir, et il est infiniment plus grand qu'un terrain de football. L'Histoire jugera. Nous, nous avan\u00e7ons.<\/p>\n<p><strong>Talla SYLLA<\/strong><\/p>\n<div class='share-to-whatsapp-wrapper'><div class='share-on-whsp'>PARTAGER SUR : <\/div><a data-text='Gardez le m\u00e9tal, nous gardons la l\u00e9gende : le livre est clos' data-link='https:\/\/www.nettali.com\/2026\/03\/17\/gardez-le-metal-nous-gardons-la-legende-le-livre-est-clos\/' class='whatsapp-button whatsapp-share'>WhatsApp<\/a><div class='clear '><\/div><\/div>","protected":false},"excerpt":{"rendered":"<p>CONTRIBUTION - Un simple communiqu\u00e9, froid et bureaucratique, pr\u00e9tend aujourd\u2019hui r\u00e9\u00e9crire l\u2019Histoire. Le Jury d'Appel de la CAF a tranch\u00e9 : le S\u00e9n\u00e9gal perd sur tapis vert. Le score homologu\u00e9 est de 3-0. Le troph\u00e9e doit \u00eatre restitu\u00e9. Face \u00e0 cette d\u00e9cision, qui confine \u00e0 l'absurde, le S\u00e9n\u00e9gal ne tremblera pas, ne suppliera pas, et [&hellip;]<\/p>\n","protected":false},"author":2,"featured_media":171039,"comment_status":"open","ping_status":"open","sticky":false,"template":"","format":"standard","meta":{"_et_pb_use_builder":"","_et_pb_old_content":""},"categories":[6],"tags":[],"yoast_head":"<!-- This site is optimized with the Yoast SEO Premium plugin v17.8 (Yoast SEO v17.8) - https:\/\/yoast.com\/wordpress\/plugins\/seo\/ -->\n<title>Gardez le m\u00e9tal, nous gardons la l\u00e9gende : le livre est clos | Nettali.com<\/title>\n<meta name=\"robots\" content=\"index, follow, max-snippet:-1, max-image-preview:large, max-video-preview:-1\" \/>\n<link rel=\"canonical\" href=\"https:\/\/www.nettali.com\/2026\/03\/17\/gardez-le-metal-nous-gardons-la-legende-le-livre-est-clos\/\" \/>\n<meta property=\"og:locale\" content=\"fr_FR\" \/>\n<meta property=\"og:type\" content=\"article\" \/>\n<meta property=\"og:title\" content=\"Gardez le m\u00e9tal, nous gardons la l\u00e9gende : le livre est clos\" \/>\n<meta property=\"og:description\" content=\"CONTRIBUTION - Un simple communiqu\u00e9, froid et bureaucratique, pr\u00e9tend aujourd\u2019hui r\u00e9\u00e9crire l\u2019Histoire. Le Jury d&#039;Appel de la CAF a tranch\u00e9 : le S\u00e9n\u00e9gal perd sur tapis vert. Le score homologu\u00e9 est de 3-0. Le troph\u00e9e doit \u00eatre restitu\u00e9. Face \u00e0 cette d\u00e9cision, qui confine \u00e0 l&#039;absurde, le S\u00e9n\u00e9gal ne tremblera pas, ne suppliera pas, et [&hellip;]\" \/>\n<meta property=\"og:url\" content=\"https:\/\/www.nettali.com\/2026\/03\/17\/gardez-le-metal-nous-gardons-la-legende-le-livre-est-clos\/\" \/>\n<meta property=\"og:site_name\" content=\"Nettali.com\" \/>\n<meta property=\"article:publisher\" content=\"https:\/\/www.facebook.com\/nettalicom\" \/>\n<meta property=\"article:published_time\" content=\"2026-03-17T23:00:40+00:00\" \/>\n<meta property=\"og:image\" content=\"https:\/\/www.nettali.com\/wp-content\/uploads\/2026\/03\/s2s5oh-29122292-1.jpeg\" \/>\n\t<meta property=\"og:image:width\" content=\"1280\" \/>\n\t<meta property=\"og:image:height\" content=\"960\" \/>\n<meta name=\"twitter:card\" content=\"summary_large_image\" \/>\n<meta name=\"twitter:label1\" content=\"\u00c9crit par\" \/>\n\t<meta name=\"twitter:data1\" content=\"CK\" \/>\n\t<meta name=\"twitter:label2\" content=\"Dur\u00e9e de lecture estim\u00e9e\" \/>\n\t<meta name=\"twitter:data2\" content=\"3 minutes\" \/>\n<script type=\"application\/ld+json\" class=\"yoast-schema-graph\">{\"@context\":\"https:\/\/schema.org\",\"@graph\":[{\"@type\":\"WebSite\",\"@id\":\"https:\/\/www.nettali.com\/#website\",\"url\":\"https:\/\/www.nettali.com\/\",\"name\":\"Nettali.com\",\"description\":\"Le rendez-vous critique du Net\",\"potentialAction\":[{\"@type\":\"SearchAction\",\"target\":{\"@type\":\"EntryPoint\",\"urlTemplate\":\"https:\/\/www.nettali.com\/?s={search_term_string}\"},\"query-input\":\"required name=search_term_string\"}],\"inLanguage\":\"fr-FR\"},{\"@type\":\"ImageObject\",\"@id\":\"https:\/\/www.nettali.com\/2026\/03\/17\/gardez-le-metal-nous-gardons-la-legende-le-livre-est-clos\/#primaryimage\",\"inLanguage\":\"fr-FR\",\"url\":\"https:\/\/www.nettali.com\/wp-content\/uploads\/2026\/03\/s2s5oh-29122292-1.jpeg\",\"contentUrl\":\"https:\/\/www.nettali.com\/wp-content\/uploads\/2026\/03\/s2s5oh-29122292-1.jpeg\",\"width\":1280,\"height\":960},{\"@type\":\"WebPage\",\"@id\":\"https:\/\/www.nettali.com\/2026\/03\/17\/gardez-le-metal-nous-gardons-la-legende-le-livre-est-clos\/#webpage\",\"url\":\"https:\/\/www.nettali.com\/2026\/03\/17\/gardez-le-metal-nous-gardons-la-legende-le-livre-est-clos\/\",\"name\":\"Gardez le m\\u00e9tal, nous gardons la l\\u00e9gende : le livre est clos | Nettali.com\",\"isPartOf\":{\"@id\":\"https:\/\/www.nettali.com\/#website\"},\"primaryImageOfPage\":{\"@id\":\"https:\/\/www.nettali.com\/2026\/03\/17\/gardez-le-metal-nous-gardons-la-legende-le-livre-est-clos\/#primaryimage\"},\"datePublished\":\"2026-03-17T23:00:40+00:00\",\"dateModified\":\"2026-03-17T23:00:40+00:00\",\"author\":{\"@id\":\"https:\/\/www.nettali.com\/#\/schema\/person\/d8ac7b7e27ddad43f1c0d2ef090d7f71\"},\"breadcrumb\":{\"@id\":\"https:\/\/www.nettali.com\/2026\/03\/17\/gardez-le-metal-nous-gardons-la-legende-le-livre-est-clos\/#breadcrumb\"},\"inLanguage\":\"fr-FR\",\"potentialAction\":[{\"@type\":\"ReadAction\",\"target\":[\"https:\/\/www.nettali.com\/2026\/03\/17\/gardez-le-metal-nous-gardons-la-legende-le-livre-est-clos\/\"]}]},{\"@type\":\"BreadcrumbList\",\"@id\":\"https:\/\/www.nettali.com\/2026\/03\/17\/gardez-le-metal-nous-gardons-la-legende-le-livre-est-clos\/#breadcrumb\",\"itemListElement\":[{\"@type\":\"ListItem\",\"position\":1,\"name\":\"Accueil\",\"item\":\"https:\/\/www.nettali.com\/\"},{\"@type\":\"ListItem\",\"position\":2,\"name\":\"Gardez le m\\u00e9tal, nous gardons la l\\u00e9gende : le livre est clos\"}]},{\"@type\":\"Person\",\"@id\":\"https:\/\/www.nettali.com\/#\/schema\/person\/d8ac7b7e27ddad43f1c0d2ef090d7f71\",\"name\":\"CK\",\"image\":{\"@type\":\"ImageObject\",\"@id\":\"https:\/\/www.nettali.com\/#personlogo\",\"inLanguage\":\"fr-FR\",\"url\":\"https:\/\/secure.gravatar.com\/avatar\/1d8d5118b9327d94da7cd4ce7f17fec2?s=96&d=mm&r=g\",\"contentUrl\":\"https:\/\/secure.gravatar.com\/avatar\/1d8d5118b9327d94da7cd4ce7f17fec2?s=96&d=mm&r=g\",\"caption\":\"CK\"},\"sameAs\":[\"https:\/\/www.nettali.com\"]}]}<\/script>\n<!-- \/ Yoast SEO Premium plugin. -->","yoast_head_json":{"title":"Gardez le m\u00e9tal, nous gardons la l\u00e9gende : le livre est clos | Nettali.com","robots":{"index":"index","follow":"follow","max-snippet":"max-snippet:-1","max-image-preview":"max-image-preview:large","max-video-preview":"max-video-preview:-1"},"canonical":"https:\/\/www.nettali.com\/2026\/03\/17\/gardez-le-metal-nous-gardons-la-legende-le-livre-est-clos\/","og_locale":"fr_FR","og_type":"article","og_title":"Gardez le m\u00e9tal, nous gardons la l\u00e9gende : le livre est clos","og_description":"CONTRIBUTION - Un simple communiqu\u00e9, froid et bureaucratique, pr\u00e9tend aujourd\u2019hui r\u00e9\u00e9crire l\u2019Histoire. Le Jury d'Appel de la CAF a tranch\u00e9 : le S\u00e9n\u00e9gal perd sur tapis vert. Le score homologu\u00e9 est de 3-0. Le troph\u00e9e doit \u00eatre restitu\u00e9. Face \u00e0 cette d\u00e9cision, qui confine \u00e0 l'absurde, le S\u00e9n\u00e9gal ne tremblera pas, ne suppliera pas, et [&hellip;]","og_url":"https:\/\/www.nettali.com\/2026\/03\/17\/gardez-le-metal-nous-gardons-la-legende-le-livre-est-clos\/","og_site_name":"Nettali.com","article_publisher":"https:\/\/www.facebook.com\/nettalicom","article_published_time":"2026-03-17T23:00:40+00:00","og_image":[{"width":1280,"height":960,"url":"https:\/\/www.nettali.com\/wp-content\/uploads\/2026\/03\/s2s5oh-29122292-1.jpeg","type":"image\/jpeg"}],"twitter_card":"summary_large_image","twitter_misc":{"\u00c9crit par":"CK","Dur\u00e9e de lecture estim\u00e9e":"3 minutes"},"schema":{"@context":"https:\/\/schema.org","@graph":[{"@type":"WebSite","@id":"https:\/\/www.nettali.com\/#website","url":"https:\/\/www.nettali.com\/","name":"Nettali.com","description":"Le rendez-vous critique du Net","potentialAction":[{"@type":"SearchAction","target":{"@type":"EntryPoint","urlTemplate":"https:\/\/www.nettali.com\/?s={search_term_string}"},"query-input":"required name=search_term_string"}],"inLanguage":"fr-FR"},{"@type":"ImageObject","@id":"https:\/\/www.nettali.com\/2026\/03\/17\/gardez-le-metal-nous-gardons-la-legende-le-livre-est-clos\/#primaryimage","inLanguage":"fr-FR","url":"https:\/\/www.nettali.com\/wp-content\/uploads\/2026\/03\/s2s5oh-29122292-1.jpeg","contentUrl":"https:\/\/www.nettali.com\/wp-content\/uploads\/2026\/03\/s2s5oh-29122292-1.jpeg","width":1280,"height":960},{"@type":"WebPage","@id":"https:\/\/www.nettali.com\/2026\/03\/17\/gardez-le-metal-nous-gardons-la-legende-le-livre-est-clos\/#webpage","url":"https:\/\/www.nettali.com\/2026\/03\/17\/gardez-le-metal-nous-gardons-la-legende-le-livre-est-clos\/","name":"Gardez le m\u00e9tal, nous gardons la l\u00e9gende : le livre est clos | Nettali.com","isPartOf":{"@id":"https:\/\/www.nettali.com\/#website"},"primaryImageOfPage":{"@id":"https:\/\/www.nettali.com\/2026\/03\/17\/gardez-le-metal-nous-gardons-la-legende-le-livre-est-clos\/#primaryimage"},"datePublished":"2026-03-17T23:00:40+00:00","dateModified":"2026-03-17T23:00:40+00:00","author":{"@id":"https:\/\/www.nettali.com\/#\/schema\/person\/d8ac7b7e27ddad43f1c0d2ef090d7f71"},"breadcrumb":{"@id":"https:\/\/www.nettali.com\/2026\/03\/17\/gardez-le-metal-nous-gardons-la-legende-le-livre-est-clos\/#breadcrumb"},"inLanguage":"fr-FR","potentialAction":[{"@type":"ReadAction","target":["https:\/\/www.nettali.com\/2026\/03\/17\/gardez-le-metal-nous-gardons-la-legende-le-livre-est-clos\/"]}]},{"@type":"BreadcrumbList","@id":"https:\/\/www.nettali.com\/2026\/03\/17\/gardez-le-metal-nous-gardons-la-legende-le-livre-est-clos\/#breadcrumb","itemListElement":[{"@type":"ListItem","position":1,"name":"Accueil","item":"https:\/\/www.nettali.com\/"},{"@type":"ListItem","position":2,"name":"Gardez le m\u00e9tal, nous gardons la l\u00e9gende : le livre est clos"}]},{"@type":"Person","@id":"https:\/\/www.nettali.com\/#\/schema\/person\/d8ac7b7e27ddad43f1c0d2ef090d7f71","name":"CK","image":{"@type":"ImageObject","@id":"https:\/\/www.nettali.com\/#personlogo","inLanguage":"fr-FR","url":"https:\/\/secure.gravatar.com\/avatar\/1d8d5118b9327d94da7cd4ce7f17fec2?s=96&d=mm&r=g","contentUrl":"https:\/\/secure.gravatar.com\/avatar\/1d8d5118b9327d94da7cd4ce7f17fec2?s=96&d=mm&r=g","caption":"CK"},"sameAs":["https:\/\/www.nettali.com"]}]}},"_links":{"self":[{"href":"https:\/\/www.nettali.com\/rest\/wp\/v2\/posts\/171046"}],"collection":[{"href":"https:\/\/www.nettali.com\/rest\/wp\/v2\/posts"}],"about":[{"href":"https:\/\/www.nettali.com\/rest\/wp\/v2\/types\/post"}],"author":[{"embeddable":true,"href":"https:\/\/www.nettali.com\/rest\/wp\/v2\/users\/2"}],"replies":[{"embeddable":true,"href":"https:\/\/www.nettali.com\/rest\/wp\/v2\/comments?post=171046"}],"version-history":[{"count":1,"href":"https:\/\/www.nettali.com\/rest\/wp\/v2\/posts\/171046\/revisions"}],"predecessor-version":[{"id":171047,"href":"https:\/\/www.nettali.com\/rest\/wp\/v2\/posts\/171046\/revisions\/171047"}],"wp:featuredmedia":[{"embeddable":true,"href":"https:\/\/www.nettali.com\/rest\/wp\/v2\/media\/171039"}],"wp:attachment":[{"href":"https:\/\/www.nettali.com\/rest\/wp\/v2\/media?parent=171046"}],"wp:term":[{"taxonomy":"category","embeddable":true,"href":"https:\/\/www.nettali.com\/rest\/wp\/v2\/categories?post=171046"},{"taxonomy":"post_tag","embeddable":true,"href":"https:\/\/www.nettali.com\/rest\/wp\/v2\/tags?post=171046"}],"curies":[{"name":"wp","href":"https:\/\/api.w.org\/{rel}","templated":true}]}}