{"id":171038,"date":"2026-03-17T22:34:39","date_gmt":"2026-03-17T22:34:39","guid":{"rendered":"https:\/\/www.nettali.com\/?p=171038"},"modified":"2026-03-19T05:53:12","modified_gmt":"2026-03-19T05:53:12","slug":"can-2025-la-caf-retire-le-titre-au-senegal-et-declare-le-maroc-champion","status":"publish","type":"post","link":"https:\/\/www.nettali.com\/2026\/03\/17\/can-2025-la-caf-retire-le-titre-au-senegal-et-declare-le-maroc-champion\/","title":{"rendered":"CAN 2025 - La CAF retire le titre au S\u00e9n\u00e9gal et d\u00e9clare le Maroc champion"},"content":{"rendered":"<p><strong>NETTALI.COM - Coup de tonnerre ! Le Jury d'Appel de la Conf\u00e9d\u00e9ration Africaine de Football (CAF), en application de l'article 84 du R\u00e8glement de la Coupe d'Afrique des Nations CAF (CAN), a d\u00e9clar\u00e9 les Lions du S\u00e9n\u00e9gal forfaits, lors de la finale de la Coupe d'Afrique des Nations contre le Maroc. Le r\u00e9sultat \u00e9tant homologu\u00e9 sur le score de 3-0 en faveur du pays organisateur.<\/strong><\/p>\n<p>Le ridicule ne tue pas. La CAF vient d'\u00e9crire l'une des plus sombres pages de son histoire avec sa d\u00e9cision historique et honteuse : retirer au S\u00e9n\u00e9gal, son titre de champion d\u2019Afrique gagn\u00e9 haut la main sur le terrain (1-0 apr\u00e8s la prolongation).<\/p>\n<p>Le S\u00e9n\u00e9gal avait remport\u00e9 la finale sur le score d'un but \u00e0 z\u00e9ro, gr\u00e2ce \u00e0 un tir en pleine lucarne de Pape Gu\u00e8ye, sur une passe de Gana Gu\u00e8ye. Auparavant, une partie de l'\u00e9quipe rejoignait les vestiaires pour protester contre des d\u00e9cisions de l'arbitre congolais. En plus des \u00e9chauffour\u00e9es dans les gradins entre supporters s\u00e9n\u00e9galais et pr\u00e9pos\u00e9s \u00e0 la s\u00e9curit\u00e9.<\/p>\n<p>Dans un premier temps, le jury disciplinaire de la CAF avait sanctionn\u00e9 le s\u00e9lectionneur Pape Thiaw, Iliman Ndiaye et Ismaila Sarr et inflig\u00e9 des amendes. Le Maroc avait par la suite fait appel de la d\u00e9cision; Un acte qui s'est r\u00e9v\u00e9l\u00e9 payant.<\/p>\n<p>La F\u00e9d\u00e9ration s\u00e9n\u00e9galaise de football devrait sans doute saisir le Tribunal arbitral du sport pour contester cette d\u00e9cision qui d\u00e9passe l'entendement.<\/p>\n<div class='share-to-whatsapp-wrapper'><div class='share-on-whsp'>PARTAGER SUR : <\/div><a data-text='CAN 2025 - La CAF retire le titre au S\u00e9n\u00e9gal et d\u00e9clare le Maroc champion' data-link='https:\/\/www.nettali.com\/2026\/03\/17\/can-2025-la-caf-retire-le-titre-au-senegal-et-declare-le-maroc-champion\/' class='whatsapp-button whatsapp-share'>WhatsApp<\/a><div class='clear '><\/div><\/div>","protected":false},"excerpt":{"rendered":"<p>NETTALI.COM - Coup de tonnerre ! Le Jury d'Appel de la Conf\u00e9d\u00e9ration Africaine de Football (CAF), en application de l'article 84 du R\u00e8glement de la Coupe d'Afrique des Nations CAF (CAN), a d\u00e9clar\u00e9 les Lions du S\u00e9n\u00e9gal forfaits, lors de la finale de la Coupe d'Afrique des Nations contre le Maroc. Le r\u00e9sultat \u00e9tant homologu\u00e9 [&hellip;]<\/p>\n","protected":false},"author":5,"featured_media":171039,"comment_status":"open","ping_status":"open","sticky":false,"template":"","format":"standard","meta":{"_et_pb_use_builder":"","_et_pb_old_content":""},"categories":[6],"tags":[],"yoast_head":"<!-- This site is optimized with the Yoast SEO Premium plugin v17.8 (Yoast SEO v17.8) - https:\/\/yoast.com\/wordpress\/plugins\/seo\/ -->\n<title>CAN 2025 - La CAF retire le titre au S\u00e9n\u00e9gal et d\u00e9clare le Maroc champion | Nettali.com<\/title>\n<meta name=\"robots\" content=\"index, follow, max-snippet:-1, max-image-preview:large, max-video-preview:-1\" \/>\n<link rel=\"canonical\" href=\"https:\/\/www.nettali.com\/2026\/03\/17\/can-2025-la-caf-retire-le-titre-au-senegal-et-declare-le-maroc-champion\/\" \/>\n<meta property=\"og:locale\" content=\"fr_FR\" \/>\n<meta property=\"og:type\" content=\"article\" \/>\n<meta property=\"og:title\" content=\"CAN 2025 - La CAF retire le titre au S\u00e9n\u00e9gal et d\u00e9clare le Maroc champion\" \/>\n<meta property=\"og:description\" content=\"NETTALI.COM - Coup de tonnerre ! Le Jury d&#039;Appel de la Conf\u00e9d\u00e9ration Africaine de Football (CAF), en application de l&#039;article 84 du R\u00e8glement de la Coupe d&#039;Afrique des Nations CAF (CAN), a d\u00e9clar\u00e9 les Lions du S\u00e9n\u00e9gal forfaits, lors de la finale de la Coupe d&#039;Afrique des Nations contre le Maroc. Le r\u00e9sultat \u00e9tant homologu\u00e9 [&hellip;]\" \/>\n<meta property=\"og:url\" content=\"https:\/\/www.nettali.com\/2026\/03\/17\/can-2025-la-caf-retire-le-titre-au-senegal-et-declare-le-maroc-champion\/\" \/>\n<meta property=\"og:site_name\" content=\"Nettali.com\" \/>\n<meta property=\"article:publisher\" content=\"https:\/\/www.facebook.com\/nettalicom\" \/>\n<meta property=\"article:published_time\" content=\"2026-03-17T22:34:39+00:00\" \/>\n<meta property=\"article:modified_time\" content=\"2026-03-19T05:53:12+00:00\" \/>\n<meta property=\"og:image\" content=\"https:\/\/www.nettali.com\/wp-content\/uploads\/2026\/03\/s2s5oh-29122292-1.jpeg\" \/>\n\t<meta property=\"og:image:width\" content=\"1280\" \/>\n\t<meta property=\"og:image:height\" content=\"960\" \/>\n<meta name=\"twitter:card\" content=\"summary_large_image\" \/>\n<meta name=\"twitter:label1\" content=\"\u00c9crit par\" \/>\n\t<meta name=\"twitter:data1\" content=\"Ibrahima\" \/>\n\t<meta name=\"twitter:label2\" content=\"Dur\u00e9e de lecture estim\u00e9e\" \/>\n\t<meta name=\"twitter:data2\" content=\"2 minutes\" \/>\n<script type=\"application\/ld+json\" class=\"yoast-schema-graph\">{\"@context\":\"https:\/\/schema.org\",\"@graph\":[{\"@type\":\"WebSite\",\"@id\":\"https:\/\/www.nettali.com\/#website\",\"url\":\"https:\/\/www.nettali.com\/\",\"name\":\"Nettali.com\",\"description\":\"Le rendez-vous critique du Net\",\"potentialAction\":[{\"@type\":\"SearchAction\",\"target\":{\"@type\":\"EntryPoint\",\"urlTemplate\":\"https:\/\/www.nettali.com\/?s={search_term_string}\"},\"query-input\":\"required name=search_term_string\"}],\"inLanguage\":\"fr-FR\"},{\"@type\":\"ImageObject\",\"@id\":\"https:\/\/www.nettali.com\/2026\/03\/17\/can-2025-la-caf-retire-le-titre-au-senegal-et-declare-le-maroc-champion\/#primaryimage\",\"inLanguage\":\"fr-FR\",\"url\":\"https:\/\/www.nettali.com\/wp-content\/uploads\/2026\/03\/s2s5oh-29122292-1.jpeg\",\"contentUrl\":\"https:\/\/www.nettali.com\/wp-content\/uploads\/2026\/03\/s2s5oh-29122292-1.jpeg\",\"width\":1280,\"height\":960},{\"@type\":\"WebPage\",\"@id\":\"https:\/\/www.nettali.com\/2026\/03\/17\/can-2025-la-caf-retire-le-titre-au-senegal-et-declare-le-maroc-champion\/#webpage\",\"url\":\"https:\/\/www.nettali.com\/2026\/03\/17\/can-2025-la-caf-retire-le-titre-au-senegal-et-declare-le-maroc-champion\/\",\"name\":\"CAN 2025 - La CAF retire le titre au S\\u00e9n\\u00e9gal et d\\u00e9clare le Maroc champion | Nettali.com\",\"isPartOf\":{\"@id\":\"https:\/\/www.nettali.com\/#website\"},\"primaryImageOfPage\":{\"@id\":\"https:\/\/www.nettali.com\/2026\/03\/17\/can-2025-la-caf-retire-le-titre-au-senegal-et-declare-le-maroc-champion\/#primaryimage\"},\"datePublished\":\"2026-03-17T22:34:39+00:00\",\"dateModified\":\"2026-03-19T05:53:12+00:00\",\"author\":{\"@id\":\"https:\/\/www.nettali.com\/#\/schema\/person\/bb147657c2986240405a608162b9bb23\"},\"breadcrumb\":{\"@id\":\"https:\/\/www.nettali.com\/2026\/03\/17\/can-2025-la-caf-retire-le-titre-au-senegal-et-declare-le-maroc-champion\/#breadcrumb\"},\"inLanguage\":\"fr-FR\",\"potentialAction\":[{\"@type\":\"ReadAction\",\"target\":[\"https:\/\/www.nettali.com\/2026\/03\/17\/can-2025-la-caf-retire-le-titre-au-senegal-et-declare-le-maroc-champion\/\"]}]},{\"@type\":\"BreadcrumbList\",\"@id\":\"https:\/\/www.nettali.com\/2026\/03\/17\/can-2025-la-caf-retire-le-titre-au-senegal-et-declare-le-maroc-champion\/#breadcrumb\",\"itemListElement\":[{\"@type\":\"ListItem\",\"position\":1,\"name\":\"Accueil\",\"item\":\"https:\/\/www.nettali.com\/\"},{\"@type\":\"ListItem\",\"position\":2,\"name\":\"CAN 2025 - La CAF retire le titre au S\\u00e9n\\u00e9gal et d\\u00e9clare le Maroc champion\"}]},{\"@type\":\"Person\",\"@id\":\"https:\/\/www.nettali.com\/#\/schema\/person\/bb147657c2986240405a608162b9bb23\",\"name\":\"Ibrahima\",\"image\":{\"@type\":\"ImageObject\",\"@id\":\"https:\/\/www.nettali.com\/#personlogo\",\"inLanguage\":\"fr-FR\",\"url\":\"https:\/\/secure.gravatar.com\/avatar\/26a8a81f09f0dd7624c9d5c36c9ba3a2?s=96&d=mm&r=g\",\"contentUrl\":\"https:\/\/secure.gravatar.com\/avatar\/26a8a81f09f0dd7624c9d5c36c9ba3a2?s=96&d=mm&r=g\",\"caption\":\"Ibrahima\"},\"sameAs\":[\"https:\/\/www.nettali.com\"]}]}<\/script>\n<!-- \/ Yoast SEO Premium plugin. -->","yoast_head_json":{"title":"CAN 2025 - La CAF retire le titre au S\u00e9n\u00e9gal et d\u00e9clare le Maroc champion | Nettali.com","robots":{"index":"index","follow":"follow","max-snippet":"max-snippet:-1","max-image-preview":"max-image-preview:large","max-video-preview":"max-video-preview:-1"},"canonical":"https:\/\/www.nettali.com\/2026\/03\/17\/can-2025-la-caf-retire-le-titre-au-senegal-et-declare-le-maroc-champion\/","og_locale":"fr_FR","og_type":"article","og_title":"CAN 2025 - La CAF retire le titre au S\u00e9n\u00e9gal et d\u00e9clare le Maroc champion","og_description":"NETTALI.COM - Coup de tonnerre ! Le Jury d'Appel de la Conf\u00e9d\u00e9ration Africaine de Football (CAF), en application de l'article 84 du R\u00e8glement de la Coupe d'Afrique des Nations CAF (CAN), a d\u00e9clar\u00e9 les Lions du S\u00e9n\u00e9gal forfaits, lors de la finale de la Coupe d'Afrique des Nations contre le Maroc. Le r\u00e9sultat \u00e9tant homologu\u00e9 [&hellip;]","og_url":"https:\/\/www.nettali.com\/2026\/03\/17\/can-2025-la-caf-retire-le-titre-au-senegal-et-declare-le-maroc-champion\/","og_site_name":"Nettali.com","article_publisher":"https:\/\/www.facebook.com\/nettalicom","article_published_time":"2026-03-17T22:34:39+00:00","article_modified_time":"2026-03-19T05:53:12+00:00","og_image":[{"width":1280,"height":960,"url":"https:\/\/www.nettali.com\/wp-content\/uploads\/2026\/03\/s2s5oh-29122292-1.jpeg","type":"image\/jpeg"}],"twitter_card":"summary_large_image","twitter_misc":{"\u00c9crit par":"Ibrahima","Dur\u00e9e de lecture estim\u00e9e":"2 minutes"},"schema":{"@context":"https:\/\/schema.org","@graph":[{"@type":"WebSite","@id":"https:\/\/www.nettali.com\/#website","url":"https:\/\/www.nettali.com\/","name":"Nettali.com","description":"Le rendez-vous critique du Net","potentialAction":[{"@type":"SearchAction","target":{"@type":"EntryPoint","urlTemplate":"https:\/\/www.nettali.com\/?s={search_term_string}"},"query-input":"required name=search_term_string"}],"inLanguage":"fr-FR"},{"@type":"ImageObject","@id":"https:\/\/www.nettali.com\/2026\/03\/17\/can-2025-la-caf-retire-le-titre-au-senegal-et-declare-le-maroc-champion\/#primaryimage","inLanguage":"fr-FR","url":"https:\/\/www.nettali.com\/wp-content\/uploads\/2026\/03\/s2s5oh-29122292-1.jpeg","contentUrl":"https:\/\/www.nettali.com\/wp-content\/uploads\/2026\/03\/s2s5oh-29122292-1.jpeg","width":1280,"height":960},{"@type":"WebPage","@id":"https:\/\/www.nettali.com\/2026\/03\/17\/can-2025-la-caf-retire-le-titre-au-senegal-et-declare-le-maroc-champion\/#webpage","url":"https:\/\/www.nettali.com\/2026\/03\/17\/can-2025-la-caf-retire-le-titre-au-senegal-et-declare-le-maroc-champion\/","name":"CAN 2025 - La CAF retire le titre au S\u00e9n\u00e9gal et d\u00e9clare le Maroc champion | Nettali.com","isPartOf":{"@id":"https:\/\/www.nettali.com\/#website"},"primaryImageOfPage":{"@id":"https:\/\/www.nettali.com\/2026\/03\/17\/can-2025-la-caf-retire-le-titre-au-senegal-et-declare-le-maroc-champion\/#primaryimage"},"datePublished":"2026-03-17T22:34:39+00:00","dateModified":"2026-03-19T05:53:12+00:00","author":{"@id":"https:\/\/www.nettali.com\/#\/schema\/person\/bb147657c2986240405a608162b9bb23"},"breadcrumb":{"@id":"https:\/\/www.nettali.com\/2026\/03\/17\/can-2025-la-caf-retire-le-titre-au-senegal-et-declare-le-maroc-champion\/#breadcrumb"},"inLanguage":"fr-FR","potentialAction":[{"@type":"ReadAction","target":["https:\/\/www.nettali.com\/2026\/03\/17\/can-2025-la-caf-retire-le-titre-au-senegal-et-declare-le-maroc-champion\/"]}]},{"@type":"BreadcrumbList","@id":"https:\/\/www.nettali.com\/2026\/03\/17\/can-2025-la-caf-retire-le-titre-au-senegal-et-declare-le-maroc-champion\/#breadcrumb","itemListElement":[{"@type":"ListItem","position":1,"name":"Accueil","item":"https:\/\/www.nettali.com\/"},{"@type":"ListItem","position":2,"name":"CAN 2025 - La CAF retire le titre au S\u00e9n\u00e9gal et d\u00e9clare le Maroc champion"}]},{"@type":"Person","@id":"https:\/\/www.nettali.com\/#\/schema\/person\/bb147657c2986240405a608162b9bb23","name":"Ibrahima","image":{"@type":"ImageObject","@id":"https:\/\/www.nettali.com\/#personlogo","inLanguage":"fr-FR","url":"https:\/\/secure.gravatar.com\/avatar\/26a8a81f09f0dd7624c9d5c36c9ba3a2?s=96&d=mm&r=g","contentUrl":"https:\/\/secure.gravatar.com\/avatar\/26a8a81f09f0dd7624c9d5c36c9ba3a2?s=96&d=mm&r=g","caption":"Ibrahima"},"sameAs":["https:\/\/www.nettali.com"]}]}},"_links":{"self":[{"href":"https:\/\/www.nettali.com\/rest\/wp\/v2\/posts\/171038"}],"collection":[{"href":"https:\/\/www.nettali.com\/rest\/wp\/v2\/posts"}],"about":[{"href":"https:\/\/www.nettali.com\/rest\/wp\/v2\/types\/post"}],"author":[{"embeddable":true,"href":"https:\/\/www.nettali.com\/rest\/wp\/v2\/users\/5"}],"replies":[{"embeddable":true,"href":"https:\/\/www.nettali.com\/rest\/wp\/v2\/comments?post=171038"}],"version-history":[{"count":3,"href":"https:\/\/www.nettali.com\/rest\/wp\/v2\/posts\/171038\/revisions"}],"predecessor-version":[{"id":171045,"href":"https:\/\/www.nettali.com\/rest\/wp\/v2\/posts\/171038\/revisions\/171045"}],"wp:featuredmedia":[{"embeddable":true,"href":"https:\/\/www.nettali.com\/rest\/wp\/v2\/media\/171039"}],"wp:attachment":[{"href":"https:\/\/www.nettali.com\/rest\/wp\/v2\/media?parent=171038"}],"wp:term":[{"taxonomy":"category","embeddable":true,"href":"https:\/\/www.nettali.com\/rest\/wp\/v2\/categories?post=171038"},{"taxonomy":"post_tag","embeddable":true,"href":"https:\/\/www.nettali.com\/rest\/wp\/v2\/tags?post=171038"}],"curies":[{"name":"wp","href":"https:\/\/api.w.org\/{rel}","templated":true}]}}