{"id":171012,"date":"2026-03-17T12:26:56","date_gmt":"2026-03-17T12:26:56","guid":{"rendered":"https:\/\/www.nettali.com\/?p=171012"},"modified":"2026-03-17T22:13:47","modified_gmt":"2026-03-17T22:13:47","slug":"qui-dirige-le-senegal","status":"publish","type":"post","link":"https:\/\/www.nettali.com\/2026\/03\/17\/qui-dirige-le-senegal\/","title":{"rendered":"Qui dirige le S\u00e9n\u00e9gal ?"},"content":{"rendered":"<p><strong>CONTRIBUTION -<\/strong> On assiste \u00e0 un monologue parall\u00e8le, entre les deux camps de la majorit\u00e9 Pr\u00e9sidentielle, qui sont sous l'incarnation du Pr\u00e9sident de la R\u00e9publique, et de son Premier ministre. Et, ce qui est quand m\u00eame ubuesque, c'est quand des ministres de la R\u00e9publique, osent d\u00e9fier ouvertement le Pr\u00e9sident de la R\u00e9publique, en d\u00e9clarant avec force leur all\u00e9geance au Premier ministre, tout en continuant de si\u00e9ger en Conseil des ministres !<\/p>\n<p>On peut comprendre, quand c'est le Premier ministre Ousmane Sonko, qui est en d\u00e9saccord avec le Pr\u00e9sident de la R\u00e9publique, qui agit de la sorte, et pour des raisons que tout le monde conna\u00eet ! Mais, lorsque ce sont des ministres de la R\u00e9publique, qui doivent respect et consid\u00e9ration au Pr\u00e9sident de la R\u00e9publique, qui se comportent de cette mani\u00e8re, alors l\u00e0 \u00e7a devient tr\u00e8s grave !<\/p>\n<p>Ce n'est pas la personne de Bassirou Diomaye, qui nous int\u00e9resse ici, mais de l'institution qu'il incarne : le Pr\u00e9sident de la R\u00e9publique ! Dans un gouvernement o\u00f9, le Pr\u00e9sident de la R\u00e9publique, ne contr\u00f4le que quelques ministres ; et un Premier ministre, qui a ses propres ministres, et snobe royalement les autres, c'est quand m\u00eame du jamais vu dans ce pays ! A ce niveau de responsabilit\u00e9, on s'attendait \u00e0 un comportement plus respectueux de la part de nos autorit\u00e9s !<\/p>\n<p>Il est \u00e9galement constat\u00e9, que le Premier ministre se prononce sur des questions, qui rel\u00e8vent normalement -et non exclusivement-, des pr\u00e9rogatives du Pr\u00e9sident de la R\u00e9publique. Et l\u00e0 encore, ce qui nous inqui\u00e8te, c'est le fait que, le Pr\u00e9sident de la R\u00e9publique, soit pratiquement aphone, sur ces questions, qui sont d'une importance capitale pour le pays. On ne peut alors dire, quelle est la position du Pr\u00e9sident de la R\u00e9publique, sur tous ces sujets comme l'enseignement sup\u00e9rieur, le statut des enseignants, le monde paysan, la dette, et tout r\u00e9cemment les ressources mini\u00e8res, et la ren\u00e9gociation des contrats p\u00e9troliers et gaziers, qui sont abord\u00e9s, avec une tr\u00e8s grande aisance, et une totale libert\u00e9, par son Premier ministre !<\/p>\n<p>Comme nous sommes dans une anomalie institutionnelle, on ne sait pas, est-ce que les propos du Premier ministre engagent r\u00e9ellement le Pr\u00e9sident de la R\u00e9publique ? La seule certitude que nous avons, c'est que le Premier ministre assume enti\u00e8rement ses positions, qui s'inscrivent en droite ligne de ses convictions politiques. On peut ainsi dire, tout ce que l'on veut sur Ousmane Sonko, mais le seul et l'unique responsable, devant les S\u00e9n\u00e9galais, et devant l'histoire, ce sera Bassirou Diomaye Faye, et personne d'autre. Car, dans un r\u00e9gime pr\u00e9sidentiel, le pouvoir au niveau de l'ex\u00e9cutif, est sous la responsabilit\u00e9 totale et exclusive, du Pr\u00e9sident de la R\u00e9publique !<\/p>\n<p>Pour le moment, le Premier ministre Ousmane Sonko, qui va au charbon et prend tous les coups, peut bel et bien rester dans le coeur de beaucoup de S\u00e9n\u00e9galais. Parce que malgr\u00e9 ses erreurs, il assume totalement et enti\u00e8rement ses positions politiques. Et \u00e0 ce rythme, c'est le Pr\u00e9sident Bassirou Diomaye Faye, qui risque d'\u00eatre condamn\u00e9 par le tribunal de l'histoire, pour un manque d'autorit\u00e9 -c'est son Premier ministre qui le ditmais aussi de caract\u00e8re et de courage politique.<\/p>\n<p>D'ailleurs, si Bassirou Diomaye Faye se pr\u00e9sentait tout de suite \u00e0 une \u00e9lection repr\u00e9sentative, beaucoup de s\u00e9n\u00e9galais h\u00e9siteraient mille fois, avant de voter pour lui, car les peuples aiment les d\u00e9cideurs qui les font r\u00eaver et les rassurent !<\/p>\n<p>BABACAR PAPIS SAMBA La Pens\u00e9e complexe<\/p>\n<div class='share-to-whatsapp-wrapper'><div class='share-on-whsp'>PARTAGER SUR : <\/div><a data-text='Qui dirige le S\u00e9n\u00e9gal ?' data-link='https:\/\/www.nettali.com\/2026\/03\/17\/qui-dirige-le-senegal\/' class='whatsapp-button whatsapp-share'>WhatsApp<\/a><div class='clear '><\/div><\/div>","protected":false},"excerpt":{"rendered":"<p>CONTRIBUTION - On assiste \u00e0 un monologue parall\u00e8le, entre les deux camps de la majorit\u00e9 Pr\u00e9sidentielle, qui sont sous l'incarnation du Pr\u00e9sident de la R\u00e9publique, et de son Premier ministre. Et, ce qui est quand m\u00eame ubuesque, c'est quand des ministres de la R\u00e9publique, osent d\u00e9fier ouvertement le Pr\u00e9sident de la R\u00e9publique, en d\u00e9clarant avec [&hellip;]<\/p>\n","protected":false},"author":2,"featured_media":131903,"comment_status":"open","ping_status":"open","sticky":false,"template":"","format":"standard","meta":{"_et_pb_use_builder":"","_et_pb_old_content":""},"categories":[2],"tags":[],"yoast_head":"<!-- This site is optimized with the Yoast SEO Premium plugin v17.8 (Yoast SEO v17.8) - https:\/\/yoast.com\/wordpress\/plugins\/seo\/ -->\n<title>Qui dirige le S\u00e9n\u00e9gal ? | Nettali.com<\/title>\n<meta name=\"robots\" content=\"index, follow, max-snippet:-1, max-image-preview:large, max-video-preview:-1\" \/>\n<link rel=\"canonical\" href=\"https:\/\/www.nettali.com\/2026\/03\/17\/qui-dirige-le-senegal\/\" \/>\n<meta property=\"og:locale\" content=\"fr_FR\" \/>\n<meta property=\"og:type\" content=\"article\" \/>\n<meta property=\"og:title\" content=\"Qui dirige le S\u00e9n\u00e9gal ?\" \/>\n<meta property=\"og:description\" content=\"CONTRIBUTION - On assiste \u00e0 un monologue parall\u00e8le, entre les deux camps de la majorit\u00e9 Pr\u00e9sidentielle, qui sont sous l&#039;incarnation du Pr\u00e9sident de la R\u00e9publique, et de son Premier ministre. Et, ce qui est quand m\u00eame ubuesque, c&#039;est quand des ministres de la R\u00e9publique, osent d\u00e9fier ouvertement le Pr\u00e9sident de la R\u00e9publique, en d\u00e9clarant avec [&hellip;]\" \/>\n<meta property=\"og:url\" content=\"https:\/\/www.nettali.com\/2026\/03\/17\/qui-dirige-le-senegal\/\" \/>\n<meta property=\"og:site_name\" content=\"Nettali.com\" \/>\n<meta property=\"article:publisher\" content=\"https:\/\/www.facebook.com\/nettalicom\" \/>\n<meta property=\"article:published_time\" content=\"2026-03-17T12:26:56+00:00\" \/>\n<meta property=\"article:modified_time\" content=\"2026-03-17T22:13:47+00:00\" \/>\n<meta property=\"og:image\" content=\"https:\/\/www.nettali.com\/wp-content\/uploads\/2024\/04\/Diomaye-Sonko.jpeg\" \/>\n\t<meta property=\"og:image:width\" content=\"720\" \/>\n\t<meta property=\"og:image:height\" content=\"480\" \/>\n<meta name=\"twitter:card\" content=\"summary_large_image\" \/>\n<meta name=\"twitter:label1\" content=\"\u00c9crit par\" \/>\n\t<meta name=\"twitter:data1\" content=\"CK\" \/>\n\t<meta name=\"twitter:label2\" content=\"Dur\u00e9e de lecture estim\u00e9e\" \/>\n\t<meta name=\"twitter:data2\" content=\"3 minutes\" \/>\n<script type=\"application\/ld+json\" class=\"yoast-schema-graph\">{\"@context\":\"https:\/\/schema.org\",\"@graph\":[{\"@type\":\"WebSite\",\"@id\":\"https:\/\/www.nettali.com\/#website\",\"url\":\"https:\/\/www.nettali.com\/\",\"name\":\"Nettali.com\",\"description\":\"Le rendez-vous critique du Net\",\"potentialAction\":[{\"@type\":\"SearchAction\",\"target\":{\"@type\":\"EntryPoint\",\"urlTemplate\":\"https:\/\/www.nettali.com\/?s={search_term_string}\"},\"query-input\":\"required name=search_term_string\"}],\"inLanguage\":\"fr-FR\"},{\"@type\":\"ImageObject\",\"@id\":\"https:\/\/www.nettali.com\/2026\/03\/17\/qui-dirige-le-senegal\/#primaryimage\",\"inLanguage\":\"fr-FR\",\"url\":\"https:\/\/www.nettali.com\/wp-content\/uploads\/2024\/04\/Diomaye-Sonko.jpeg\",\"contentUrl\":\"https:\/\/www.nettali.com\/wp-content\/uploads\/2024\/04\/Diomaye-Sonko.jpeg\",\"width\":720,\"height\":480},{\"@type\":\"WebPage\",\"@id\":\"https:\/\/www.nettali.com\/2026\/03\/17\/qui-dirige-le-senegal\/#webpage\",\"url\":\"https:\/\/www.nettali.com\/2026\/03\/17\/qui-dirige-le-senegal\/\",\"name\":\"Qui dirige le S\\u00e9n\\u00e9gal ? | Nettali.com\",\"isPartOf\":{\"@id\":\"https:\/\/www.nettali.com\/#website\"},\"primaryImageOfPage\":{\"@id\":\"https:\/\/www.nettali.com\/2026\/03\/17\/qui-dirige-le-senegal\/#primaryimage\"},\"datePublished\":\"2026-03-17T12:26:56+00:00\",\"dateModified\":\"2026-03-17T22:13:47+00:00\",\"author\":{\"@id\":\"https:\/\/www.nettali.com\/#\/schema\/person\/d8ac7b7e27ddad43f1c0d2ef090d7f71\"},\"breadcrumb\":{\"@id\":\"https:\/\/www.nettali.com\/2026\/03\/17\/qui-dirige-le-senegal\/#breadcrumb\"},\"inLanguage\":\"fr-FR\",\"potentialAction\":[{\"@type\":\"ReadAction\",\"target\":[\"https:\/\/www.nettali.com\/2026\/03\/17\/qui-dirige-le-senegal\/\"]}]},{\"@type\":\"BreadcrumbList\",\"@id\":\"https:\/\/www.nettali.com\/2026\/03\/17\/qui-dirige-le-senegal\/#breadcrumb\",\"itemListElement\":[{\"@type\":\"ListItem\",\"position\":1,\"name\":\"Accueil\",\"item\":\"https:\/\/www.nettali.com\/\"},{\"@type\":\"ListItem\",\"position\":2,\"name\":\"Qui dirige le S\\u00e9n\\u00e9gal ?\"}]},{\"@type\":\"Person\",\"@id\":\"https:\/\/www.nettali.com\/#\/schema\/person\/d8ac7b7e27ddad43f1c0d2ef090d7f71\",\"name\":\"CK\",\"image\":{\"@type\":\"ImageObject\",\"@id\":\"https:\/\/www.nettali.com\/#personlogo\",\"inLanguage\":\"fr-FR\",\"url\":\"https:\/\/secure.gravatar.com\/avatar\/1d8d5118b9327d94da7cd4ce7f17fec2?s=96&d=mm&r=g\",\"contentUrl\":\"https:\/\/secure.gravatar.com\/avatar\/1d8d5118b9327d94da7cd4ce7f17fec2?s=96&d=mm&r=g\",\"caption\":\"CK\"},\"sameAs\":[\"https:\/\/www.nettali.com\"]}]}<\/script>\n<!-- \/ Yoast SEO Premium plugin. -->","yoast_head_json":{"title":"Qui dirige le S\u00e9n\u00e9gal ? | Nettali.com","robots":{"index":"index","follow":"follow","max-snippet":"max-snippet:-1","max-image-preview":"max-image-preview:large","max-video-preview":"max-video-preview:-1"},"canonical":"https:\/\/www.nettali.com\/2026\/03\/17\/qui-dirige-le-senegal\/","og_locale":"fr_FR","og_type":"article","og_title":"Qui dirige le S\u00e9n\u00e9gal ?","og_description":"CONTRIBUTION - On assiste \u00e0 un monologue parall\u00e8le, entre les deux camps de la majorit\u00e9 Pr\u00e9sidentielle, qui sont sous l'incarnation du Pr\u00e9sident de la R\u00e9publique, et de son Premier ministre. Et, ce qui est quand m\u00eame ubuesque, c'est quand des ministres de la R\u00e9publique, osent d\u00e9fier ouvertement le Pr\u00e9sident de la R\u00e9publique, en d\u00e9clarant avec [&hellip;]","og_url":"https:\/\/www.nettali.com\/2026\/03\/17\/qui-dirige-le-senegal\/","og_site_name":"Nettali.com","article_publisher":"https:\/\/www.facebook.com\/nettalicom","article_published_time":"2026-03-17T12:26:56+00:00","article_modified_time":"2026-03-17T22:13:47+00:00","og_image":[{"width":720,"height":480,"url":"https:\/\/www.nettali.com\/wp-content\/uploads\/2024\/04\/Diomaye-Sonko.jpeg","type":"image\/jpeg"}],"twitter_card":"summary_large_image","twitter_misc":{"\u00c9crit par":"CK","Dur\u00e9e de lecture estim\u00e9e":"3 minutes"},"schema":{"@context":"https:\/\/schema.org","@graph":[{"@type":"WebSite","@id":"https:\/\/www.nettali.com\/#website","url":"https:\/\/www.nettali.com\/","name":"Nettali.com","description":"Le rendez-vous critique du Net","potentialAction":[{"@type":"SearchAction","target":{"@type":"EntryPoint","urlTemplate":"https:\/\/www.nettali.com\/?s={search_term_string}"},"query-input":"required name=search_term_string"}],"inLanguage":"fr-FR"},{"@type":"ImageObject","@id":"https:\/\/www.nettali.com\/2026\/03\/17\/qui-dirige-le-senegal\/#primaryimage","inLanguage":"fr-FR","url":"https:\/\/www.nettali.com\/wp-content\/uploads\/2024\/04\/Diomaye-Sonko.jpeg","contentUrl":"https:\/\/www.nettali.com\/wp-content\/uploads\/2024\/04\/Diomaye-Sonko.jpeg","width":720,"height":480},{"@type":"WebPage","@id":"https:\/\/www.nettali.com\/2026\/03\/17\/qui-dirige-le-senegal\/#webpage","url":"https:\/\/www.nettali.com\/2026\/03\/17\/qui-dirige-le-senegal\/","name":"Qui dirige le S\u00e9n\u00e9gal ? | Nettali.com","isPartOf":{"@id":"https:\/\/www.nettali.com\/#website"},"primaryImageOfPage":{"@id":"https:\/\/www.nettali.com\/2026\/03\/17\/qui-dirige-le-senegal\/#primaryimage"},"datePublished":"2026-03-17T12:26:56+00:00","dateModified":"2026-03-17T22:13:47+00:00","author":{"@id":"https:\/\/www.nettali.com\/#\/schema\/person\/d8ac7b7e27ddad43f1c0d2ef090d7f71"},"breadcrumb":{"@id":"https:\/\/www.nettali.com\/2026\/03\/17\/qui-dirige-le-senegal\/#breadcrumb"},"inLanguage":"fr-FR","potentialAction":[{"@type":"ReadAction","target":["https:\/\/www.nettali.com\/2026\/03\/17\/qui-dirige-le-senegal\/"]}]},{"@type":"BreadcrumbList","@id":"https:\/\/www.nettali.com\/2026\/03\/17\/qui-dirige-le-senegal\/#breadcrumb","itemListElement":[{"@type":"ListItem","position":1,"name":"Accueil","item":"https:\/\/www.nettali.com\/"},{"@type":"ListItem","position":2,"name":"Qui dirige le S\u00e9n\u00e9gal ?"}]},{"@type":"Person","@id":"https:\/\/www.nettali.com\/#\/schema\/person\/d8ac7b7e27ddad43f1c0d2ef090d7f71","name":"CK","image":{"@type":"ImageObject","@id":"https:\/\/www.nettali.com\/#personlogo","inLanguage":"fr-FR","url":"https:\/\/secure.gravatar.com\/avatar\/1d8d5118b9327d94da7cd4ce7f17fec2?s=96&d=mm&r=g","contentUrl":"https:\/\/secure.gravatar.com\/avatar\/1d8d5118b9327d94da7cd4ce7f17fec2?s=96&d=mm&r=g","caption":"CK"},"sameAs":["https:\/\/www.nettali.com"]}]}},"_links":{"self":[{"href":"https:\/\/www.nettali.com\/rest\/wp\/v2\/posts\/171012"}],"collection":[{"href":"https:\/\/www.nettali.com\/rest\/wp\/v2\/posts"}],"about":[{"href":"https:\/\/www.nettali.com\/rest\/wp\/v2\/types\/post"}],"author":[{"embeddable":true,"href":"https:\/\/www.nettali.com\/rest\/wp\/v2\/users\/2"}],"replies":[{"embeddable":true,"href":"https:\/\/www.nettali.com\/rest\/wp\/v2\/comments?post=171012"}],"version-history":[{"count":1,"href":"https:\/\/www.nettali.com\/rest\/wp\/v2\/posts\/171012\/revisions"}],"predecessor-version":[{"id":171013,"href":"https:\/\/www.nettali.com\/rest\/wp\/v2\/posts\/171012\/revisions\/171013"}],"wp:featuredmedia":[{"embeddable":true,"href":"https:\/\/www.nettali.com\/rest\/wp\/v2\/media\/131903"}],"wp:attachment":[{"href":"https:\/\/www.nettali.com\/rest\/wp\/v2\/media?parent=171012"}],"wp:term":[{"taxonomy":"category","embeddable":true,"href":"https:\/\/www.nettali.com\/rest\/wp\/v2\/categories?post=171012"},{"taxonomy":"post_tag","embeddable":true,"href":"https:\/\/www.nettali.com\/rest\/wp\/v2\/tags?post=171012"}],"curies":[{"name":"wp","href":"https:\/\/api.w.org\/{rel}","templated":true}]}}