{"id":171005,"date":"2026-03-16T23:44:08","date_gmt":"2026-03-16T23:44:08","guid":{"rendered":"https:\/\/www.nettali.com\/?p=171005"},"modified":"2026-03-16T23:44:08","modified_gmt":"2026-03-16T23:44:08","slug":"supporters-senegalais-detenus-au-maroc-le-proces-en-appel-renvoye-au-30-mars","status":"publish","type":"post","link":"https:\/\/www.nettali.com\/2026\/03\/16\/supporters-senegalais-detenus-au-maroc-le-proces-en-appel-renvoye-au-30-mars\/","title":{"rendered":"SUPPORTERS S\u00c9N\u00c9GALAIS D\u00c9TENUS AU MAROC - Le proc\u00e8s en appel renvoy\u00e9 au 30 mars"},"content":{"rendered":"<p><strong>NETTALI.COM - Le proc\u00e8s en appel des 18 supporters s\u00e9n\u00e9galais arr\u00eat\u00e9s apr\u00e8s les incidents survenus \u00e0 l\u2019issue de la finale de la CAN 2025 entre le S\u00e9n\u00e9gal et le Moroc a \u00e9t\u00e9 renvoy\u00e9 au lundi 30 mars 2026 par la juridiction d\u2019appel de Rabat.<\/strong><\/p>\n<p>Lors de l\u2019audience tenue ce lundi, l\u2019avocat des pr\u00e9venus s\u00e9n\u00e9galais a \u00e9galement introduit une demande de libert\u00e9 provisoire pour ses clients, en attendant la suite de la proc\u00e9dure. La cour a finalement d\u00e9cid\u00e9 de reporter l\u2019examen du dossier de deux semaines, suite \u00e0 l\u2019appel introduit par la partie marocaine.<\/p>\n<p>Dans un premier temps, le renvoi devait \u00eatre fix\u00e9 au lundi 23 mars. Mais la proximit\u00e9 avec l\u2019apr\u00e8s-c\u00e9l\u00e9bration de la Korit\u00e9, une f\u00eate religieuse tr\u00e8s respect\u00e9e au Maroc, a conduit la cour \u00e0 repousser l\u2019audience d\u2019une semaine suppl\u00e9mentaire.<br \/>\nLes jugements en appel \u00e9tant g\u00e9n\u00e9ralement programm\u00e9s les lundis, la date du 30 mars a finalement \u00e9t\u00e9 retenue.<\/p>\n<p>Les faits remontent aux tensions enregistr\u00e9es lors de finale de la derni\u00e8re Coupe d\u2019Afrique des Nations. Dans la confusion, plusieurs incidents ont \u00e9clat\u00e9 entre supporters et forces de l\u2019ordre. 18 ressortissants s\u00e9n\u00e9galais avaient alors \u00e9t\u00e9 interpell\u00e9s et poursuivis pour violences, jets de projectiles, d\u00e9gradations et troubles \u00e0 l\u2019ordre public.<\/p>\n<p>En premi\u00e8re instance, la justice marocaine avait prononc\u00e9 des peines de prison ferme allant de 3 mois \u00e0 1 an, accompagn\u00e9es d\u2019amendes. Dans le d\u00e9tail, 9 supporters ont \u00e9t\u00e9 condamn\u00e9s \u00e0 1 an de prison ferme avec une amende d\u2019environ 300 000 francs CFA chacun. 6 autres ont \u00e9cop\u00e9 de 6 mois de prison ferme et d\u2019une amende d\u2019environ 120 000 francs CFA, tandis que 3 supporters ont \u00e9t\u00e9 condamn\u00e9s \u00e0 3 mois de prison ferme, assortis d\u2019une amende d\u2019environ 60 000 francs CFA.<\/p>\n<p>En attendant la prochaine audience, l\u2019espoir d\u2019une gr\u00e2ce royale reste toutefois pr\u00e9sent, selon nos informations.<br \/>\nUne telle d\u00e9cision du souverain marocain pourrait permettre aux supporters s\u00e9n\u00e9galais de b\u00e9n\u00e9ficier d\u2019une mesure de cl\u00e9mence et de regagner le S\u00e9n\u00e9gal, sans attendre l\u2019issue du proc\u00e8s en appel.<\/p>\n<div class='share-to-whatsapp-wrapper'><div class='share-on-whsp'>PARTAGER SUR : <\/div><a data-text='SUPPORTERS S\u00c9N\u00c9GALAIS D\u00c9TENUS AU MAROC - Le proc\u00e8s en appel renvoy\u00e9 au 30 mars' data-link='https:\/\/www.nettali.com\/2026\/03\/16\/supporters-senegalais-detenus-au-maroc-le-proces-en-appel-renvoye-au-30-mars\/' class='whatsapp-button whatsapp-share'>WhatsApp<\/a><div class='clear '><\/div><\/div>","protected":false},"excerpt":{"rendered":"<p>NETTALI.COM - Le proc\u00e8s en appel des 18 supporters s\u00e9n\u00e9galais arr\u00eat\u00e9s apr\u00e8s les incidents survenus \u00e0 l\u2019issue de la finale de la CAN 2025 entre le S\u00e9n\u00e9gal et le Moroc a \u00e9t\u00e9 renvoy\u00e9 au lundi 30 mars 2026 par la juridiction d\u2019appel de Rabat. Lors de l\u2019audience tenue ce lundi, l\u2019avocat des pr\u00e9venus s\u00e9n\u00e9galais a [&hellip;]<\/p>\n","protected":false},"author":5,"featured_media":171006,"comment_status":"open","ping_status":"open","sticky":false,"template":"","format":"standard","meta":{"_et_pb_use_builder":"","_et_pb_old_content":""},"categories":[6],"tags":[],"yoast_head":"<!-- This site is optimized with the Yoast SEO Premium plugin v17.8 (Yoast SEO v17.8) - https:\/\/yoast.com\/wordpress\/plugins\/seo\/ -->\n<title>SUPPORTERS S\u00c9N\u00c9GALAIS D\u00c9TENUS AU MAROC - Le proc\u00e8s en appel renvoy\u00e9 au 30 mars | Nettali.com<\/title>\n<meta name=\"robots\" content=\"index, follow, max-snippet:-1, max-image-preview:large, max-video-preview:-1\" \/>\n<link rel=\"canonical\" href=\"https:\/\/www.nettali.com\/2026\/03\/16\/supporters-senegalais-detenus-au-maroc-le-proces-en-appel-renvoye-au-30-mars\/\" \/>\n<meta property=\"og:locale\" content=\"fr_FR\" \/>\n<meta property=\"og:type\" content=\"article\" \/>\n<meta property=\"og:title\" content=\"SUPPORTERS S\u00c9N\u00c9GALAIS D\u00c9TENUS AU MAROC - Le proc\u00e8s en appel renvoy\u00e9 au 30 mars\" \/>\n<meta property=\"og:description\" content=\"NETTALI.COM - Le proc\u00e8s en appel des 18 supporters s\u00e9n\u00e9galais arr\u00eat\u00e9s apr\u00e8s les incidents survenus \u00e0 l\u2019issue de la finale de la CAN 2025 entre le S\u00e9n\u00e9gal et le Moroc a \u00e9t\u00e9 renvoy\u00e9 au lundi 30 mars 2026 par la juridiction d\u2019appel de Rabat. Lors de l\u2019audience tenue ce lundi, l\u2019avocat des pr\u00e9venus s\u00e9n\u00e9galais a [&hellip;]\" \/>\n<meta property=\"og:url\" content=\"https:\/\/www.nettali.com\/2026\/03\/16\/supporters-senegalais-detenus-au-maroc-le-proces-en-appel-renvoye-au-30-mars\/\" \/>\n<meta property=\"og:site_name\" content=\"Nettali.com\" \/>\n<meta property=\"article:publisher\" content=\"https:\/\/www.facebook.com\/nettalicom\" \/>\n<meta property=\"article:published_time\" content=\"2026-03-16T23:44:08+00:00\" \/>\n<meta property=\"og:image\" content=\"https:\/\/www.nettali.com\/wp-content\/uploads\/2026\/03\/JRPRQO4QSFD5RFF3AVQJZTZVUM-scaled.jpg\" \/>\n\t<meta property=\"og:image:width\" content=\"2560\" \/>\n\t<meta property=\"og:image:height\" content=\"1707\" \/>\n<meta name=\"twitter:card\" content=\"summary_large_image\" \/>\n<meta name=\"twitter:label1\" content=\"\u00c9crit par\" \/>\n\t<meta name=\"twitter:data1\" content=\"Ibrahima\" \/>\n\t<meta name=\"twitter:label2\" content=\"Dur\u00e9e de lecture estim\u00e9e\" \/>\n\t<meta name=\"twitter:data2\" content=\"2 minutes\" \/>\n<script type=\"application\/ld+json\" class=\"yoast-schema-graph\">{\"@context\":\"https:\/\/schema.org\",\"@graph\":[{\"@type\":\"WebSite\",\"@id\":\"https:\/\/www.nettali.com\/#website\",\"url\":\"https:\/\/www.nettali.com\/\",\"name\":\"Nettali.com\",\"description\":\"Le rendez-vous critique du Net\",\"potentialAction\":[{\"@type\":\"SearchAction\",\"target\":{\"@type\":\"EntryPoint\",\"urlTemplate\":\"https:\/\/www.nettali.com\/?s={search_term_string}\"},\"query-input\":\"required name=search_term_string\"}],\"inLanguage\":\"fr-FR\"},{\"@type\":\"ImageObject\",\"@id\":\"https:\/\/www.nettali.com\/2026\/03\/16\/supporters-senegalais-detenus-au-maroc-le-proces-en-appel-renvoye-au-30-mars\/#primaryimage\",\"inLanguage\":\"fr-FR\",\"url\":\"https:\/\/www.nettali.com\/wp-content\/uploads\/2026\/03\/JRPRQO4QSFD5RFF3AVQJZTZVUM-scaled.jpg\",\"contentUrl\":\"https:\/\/www.nettali.com\/wp-content\/uploads\/2026\/03\/JRPRQO4QSFD5RFF3AVQJZTZVUM-scaled.jpg\",\"width\":2560,\"height\":1707},{\"@type\":\"WebPage\",\"@id\":\"https:\/\/www.nettali.com\/2026\/03\/16\/supporters-senegalais-detenus-au-maroc-le-proces-en-appel-renvoye-au-30-mars\/#webpage\",\"url\":\"https:\/\/www.nettali.com\/2026\/03\/16\/supporters-senegalais-detenus-au-maroc-le-proces-en-appel-renvoye-au-30-mars\/\",\"name\":\"SUPPORTERS S\\u00c9N\\u00c9GALAIS D\\u00c9TENUS AU MAROC - Le proc\\u00e8s en appel renvoy\\u00e9 au 30 mars | Nettali.com\",\"isPartOf\":{\"@id\":\"https:\/\/www.nettali.com\/#website\"},\"primaryImageOfPage\":{\"@id\":\"https:\/\/www.nettali.com\/2026\/03\/16\/supporters-senegalais-detenus-au-maroc-le-proces-en-appel-renvoye-au-30-mars\/#primaryimage\"},\"datePublished\":\"2026-03-16T23:44:08+00:00\",\"dateModified\":\"2026-03-16T23:44:08+00:00\",\"author\":{\"@id\":\"https:\/\/www.nettali.com\/#\/schema\/person\/bb147657c2986240405a608162b9bb23\"},\"breadcrumb\":{\"@id\":\"https:\/\/www.nettali.com\/2026\/03\/16\/supporters-senegalais-detenus-au-maroc-le-proces-en-appel-renvoye-au-30-mars\/#breadcrumb\"},\"inLanguage\":\"fr-FR\",\"potentialAction\":[{\"@type\":\"ReadAction\",\"target\":[\"https:\/\/www.nettali.com\/2026\/03\/16\/supporters-senegalais-detenus-au-maroc-le-proces-en-appel-renvoye-au-30-mars\/\"]}]},{\"@type\":\"BreadcrumbList\",\"@id\":\"https:\/\/www.nettali.com\/2026\/03\/16\/supporters-senegalais-detenus-au-maroc-le-proces-en-appel-renvoye-au-30-mars\/#breadcrumb\",\"itemListElement\":[{\"@type\":\"ListItem\",\"position\":1,\"name\":\"Accueil\",\"item\":\"https:\/\/www.nettali.com\/\"},{\"@type\":\"ListItem\",\"position\":2,\"name\":\"SUPPORTERS S\\u00c9N\\u00c9GALAIS D\\u00c9TENUS AU MAROC - Le proc\\u00e8s en appel renvoy\\u00e9 au 30 mars\"}]},{\"@type\":\"Person\",\"@id\":\"https:\/\/www.nettali.com\/#\/schema\/person\/bb147657c2986240405a608162b9bb23\",\"name\":\"Ibrahima\",\"image\":{\"@type\":\"ImageObject\",\"@id\":\"https:\/\/www.nettali.com\/#personlogo\",\"inLanguage\":\"fr-FR\",\"url\":\"https:\/\/secure.gravatar.com\/avatar\/26a8a81f09f0dd7624c9d5c36c9ba3a2?s=96&d=mm&r=g\",\"contentUrl\":\"https:\/\/secure.gravatar.com\/avatar\/26a8a81f09f0dd7624c9d5c36c9ba3a2?s=96&d=mm&r=g\",\"caption\":\"Ibrahima\"},\"sameAs\":[\"https:\/\/www.nettali.com\"]}]}<\/script>\n<!-- \/ Yoast SEO Premium plugin. -->","yoast_head_json":{"title":"SUPPORTERS S\u00c9N\u00c9GALAIS D\u00c9TENUS AU MAROC - Le proc\u00e8s en appel renvoy\u00e9 au 30 mars | Nettali.com","robots":{"index":"index","follow":"follow","max-snippet":"max-snippet:-1","max-image-preview":"max-image-preview:large","max-video-preview":"max-video-preview:-1"},"canonical":"https:\/\/www.nettali.com\/2026\/03\/16\/supporters-senegalais-detenus-au-maroc-le-proces-en-appel-renvoye-au-30-mars\/","og_locale":"fr_FR","og_type":"article","og_title":"SUPPORTERS S\u00c9N\u00c9GALAIS D\u00c9TENUS AU MAROC - Le proc\u00e8s en appel renvoy\u00e9 au 30 mars","og_description":"NETTALI.COM - Le proc\u00e8s en appel des 18 supporters s\u00e9n\u00e9galais arr\u00eat\u00e9s apr\u00e8s les incidents survenus \u00e0 l\u2019issue de la finale de la CAN 2025 entre le S\u00e9n\u00e9gal et le Moroc a \u00e9t\u00e9 renvoy\u00e9 au lundi 30 mars 2026 par la juridiction d\u2019appel de Rabat. Lors de l\u2019audience tenue ce lundi, l\u2019avocat des pr\u00e9venus s\u00e9n\u00e9galais a [&hellip;]","og_url":"https:\/\/www.nettali.com\/2026\/03\/16\/supporters-senegalais-detenus-au-maroc-le-proces-en-appel-renvoye-au-30-mars\/","og_site_name":"Nettali.com","article_publisher":"https:\/\/www.facebook.com\/nettalicom","article_published_time":"2026-03-16T23:44:08+00:00","og_image":[{"width":2560,"height":1707,"url":"https:\/\/www.nettali.com\/wp-content\/uploads\/2026\/03\/JRPRQO4QSFD5RFF3AVQJZTZVUM-scaled.jpg","type":"image\/jpeg"}],"twitter_card":"summary_large_image","twitter_misc":{"\u00c9crit par":"Ibrahima","Dur\u00e9e de lecture estim\u00e9e":"2 minutes"},"schema":{"@context":"https:\/\/schema.org","@graph":[{"@type":"WebSite","@id":"https:\/\/www.nettali.com\/#website","url":"https:\/\/www.nettali.com\/","name":"Nettali.com","description":"Le rendez-vous critique du Net","potentialAction":[{"@type":"SearchAction","target":{"@type":"EntryPoint","urlTemplate":"https:\/\/www.nettali.com\/?s={search_term_string}"},"query-input":"required name=search_term_string"}],"inLanguage":"fr-FR"},{"@type":"ImageObject","@id":"https:\/\/www.nettali.com\/2026\/03\/16\/supporters-senegalais-detenus-au-maroc-le-proces-en-appel-renvoye-au-30-mars\/#primaryimage","inLanguage":"fr-FR","url":"https:\/\/www.nettali.com\/wp-content\/uploads\/2026\/03\/JRPRQO4QSFD5RFF3AVQJZTZVUM-scaled.jpg","contentUrl":"https:\/\/www.nettali.com\/wp-content\/uploads\/2026\/03\/JRPRQO4QSFD5RFF3AVQJZTZVUM-scaled.jpg","width":2560,"height":1707},{"@type":"WebPage","@id":"https:\/\/www.nettali.com\/2026\/03\/16\/supporters-senegalais-detenus-au-maroc-le-proces-en-appel-renvoye-au-30-mars\/#webpage","url":"https:\/\/www.nettali.com\/2026\/03\/16\/supporters-senegalais-detenus-au-maroc-le-proces-en-appel-renvoye-au-30-mars\/","name":"SUPPORTERS S\u00c9N\u00c9GALAIS D\u00c9TENUS AU MAROC - Le proc\u00e8s en appel renvoy\u00e9 au 30 mars | Nettali.com","isPartOf":{"@id":"https:\/\/www.nettali.com\/#website"},"primaryImageOfPage":{"@id":"https:\/\/www.nettali.com\/2026\/03\/16\/supporters-senegalais-detenus-au-maroc-le-proces-en-appel-renvoye-au-30-mars\/#primaryimage"},"datePublished":"2026-03-16T23:44:08+00:00","dateModified":"2026-03-16T23:44:08+00:00","author":{"@id":"https:\/\/www.nettali.com\/#\/schema\/person\/bb147657c2986240405a608162b9bb23"},"breadcrumb":{"@id":"https:\/\/www.nettali.com\/2026\/03\/16\/supporters-senegalais-detenus-au-maroc-le-proces-en-appel-renvoye-au-30-mars\/#breadcrumb"},"inLanguage":"fr-FR","potentialAction":[{"@type":"ReadAction","target":["https:\/\/www.nettali.com\/2026\/03\/16\/supporters-senegalais-detenus-au-maroc-le-proces-en-appel-renvoye-au-30-mars\/"]}]},{"@type":"BreadcrumbList","@id":"https:\/\/www.nettali.com\/2026\/03\/16\/supporters-senegalais-detenus-au-maroc-le-proces-en-appel-renvoye-au-30-mars\/#breadcrumb","itemListElement":[{"@type":"ListItem","position":1,"name":"Accueil","item":"https:\/\/www.nettali.com\/"},{"@type":"ListItem","position":2,"name":"SUPPORTERS S\u00c9N\u00c9GALAIS D\u00c9TENUS AU MAROC - Le proc\u00e8s en appel renvoy\u00e9 au 30 mars"}]},{"@type":"Person","@id":"https:\/\/www.nettali.com\/#\/schema\/person\/bb147657c2986240405a608162b9bb23","name":"Ibrahima","image":{"@type":"ImageObject","@id":"https:\/\/www.nettali.com\/#personlogo","inLanguage":"fr-FR","url":"https:\/\/secure.gravatar.com\/avatar\/26a8a81f09f0dd7624c9d5c36c9ba3a2?s=96&d=mm&r=g","contentUrl":"https:\/\/secure.gravatar.com\/avatar\/26a8a81f09f0dd7624c9d5c36c9ba3a2?s=96&d=mm&r=g","caption":"Ibrahima"},"sameAs":["https:\/\/www.nettali.com"]}]}},"_links":{"self":[{"href":"https:\/\/www.nettali.com\/rest\/wp\/v2\/posts\/171005"}],"collection":[{"href":"https:\/\/www.nettali.com\/rest\/wp\/v2\/posts"}],"about":[{"href":"https:\/\/www.nettali.com\/rest\/wp\/v2\/types\/post"}],"author":[{"embeddable":true,"href":"https:\/\/www.nettali.com\/rest\/wp\/v2\/users\/5"}],"replies":[{"embeddable":true,"href":"https:\/\/www.nettali.com\/rest\/wp\/v2\/comments?post=171005"}],"version-history":[{"count":1,"href":"https:\/\/www.nettali.com\/rest\/wp\/v2\/posts\/171005\/revisions"}],"predecessor-version":[{"id":171008,"href":"https:\/\/www.nettali.com\/rest\/wp\/v2\/posts\/171005\/revisions\/171008"}],"wp:featuredmedia":[{"embeddable":true,"href":"https:\/\/www.nettali.com\/rest\/wp\/v2\/media\/171006"}],"wp:attachment":[{"href":"https:\/\/www.nettali.com\/rest\/wp\/v2\/media?parent=171005"}],"wp:term":[{"taxonomy":"category","embeddable":true,"href":"https:\/\/www.nettali.com\/rest\/wp\/v2\/categories?post=171005"},{"taxonomy":"post_tag","embeddable":true,"href":"https:\/\/www.nettali.com\/rest\/wp\/v2\/tags?post=171005"}],"curies":[{"name":"wp","href":"https:\/\/api.w.org\/{rel}","templated":true}]}}