{"id":170995,"date":"2026-03-16T23:12:21","date_gmt":"2026-03-16T23:12:21","guid":{"rendered":"https:\/\/www.nettali.com\/?p=170995"},"modified":"2026-03-17T13:52:36","modified_gmt":"2026-03-17T13:52:36","slug":"provocation-a-un-attroupement-non-arme-imam-el-amine-drame-regrette-ses-propos-et-sen-tire-avec-le-sursis","status":"publish","type":"post","link":"https:\/\/www.nettali.com\/2026\/03\/16\/provocation-a-un-attroupement-non-arme-imam-el-amine-drame-regrette-ses-propos-et-sen-tire-avec-le-sursis\/","title":{"rendered":"PROVOCATION A UN ATTROUPEMENT NON ARME - Imam El Amine Dram\u00e9 regrette ses propos et s'en tire avec le sursis"},"content":{"rendered":"<p data-path-to-node=\"0\"><strong>NETTALI.COM - Une peine de\u00a0 6 mois d\u2019emprisonnement assortis du sursis, assortie d'une amende ferme de 500 000 Fcfa, a \u00e9t\u00e9 inflig\u00e9e ce lundi 16 mars 2026 \u00e0 l'Imam El Mamadou Lamine Dram\u00e9, par le tribunal de grande instance de Dakar.<\/strong><\/p>\n<p data-path-to-node=\"0\">Le tribunal des flagrants d\u00e9lits de Dakar a rendu son d\u00e9lib\u00e9r\u00e9 son verdict dans l'affaire opposant l'\u00c9tat \u00e0 El Mamadou Lamine Dram\u00e9. Le ma\u00eetre coranique, n\u00e9 en 1975 et r\u00e9sidant \u00e0 Keur Massar, a \u00e9t\u00e9 reconnu coupable de provocation \u00e0 un crime ou d\u00e9lit ainsi que de provocation \u00e0 un attroupement non arm\u00e9. Pour la r\u00e9pression, le tribunal l'a condamn\u00e9 \u00e0 une peine de 6 mois d\u2019emprisonnement assortis du sursis et d'une amende ferme de 500 000 Fcfa.<\/p>\n<p data-path-to-node=\"1\">L'origine de cette proc\u00e9dure judiciaire remonte \u00e0 une conf\u00e9rence tenue \u00e0 Thi\u00e8s, durant laquelle le pr\u00e9venu avait tenu des propos jug\u00e9s incendiaires. L'imam avait notamment d\u00e9clar\u00e9 qu'il fallait se tenir pr\u00eat pour que le guide de la r\u00e9volution termine son travail, allant jusqu'\u00e0 \u00e9voquer l'id\u00e9e de verser du sang et de dresser une liste de volontaires pour ce combat.<\/p>\n<p data-path-to-node=\"1\">Ces d\u00e9clarations, traduites du wolof, ont suscit\u00e9 une vive r\u00e9action de la part de la Pr\u00e9sidente du tribunal lors de l'audience. Cette derni\u00e8re a fermement interpell\u00e9 le pr\u00e9venu sur la responsabilit\u00e9 de tels discours face au bilan humain d\u00e9j\u00e0 lourd des r\u00e9cents \u00e9v\u00e9nements politiques, fustigeant une rh\u00e9torique qui expose les enfants des autres, tout en pr\u00e9servant les siens.<\/p>\n<p data-path-to-node=\"2\">Face aux remontrances de la magistrate, El Mamadou Lamine Dram\u00e9 a exprim\u00e9 des regrets, affirmant que s'il devait s'exprimer \u00e0 nouveau, il n'utiliserait plus les m\u00eames termes.<\/p>\n<p data-path-to-node=\"2\">De son c\u00f4t\u00e9, le repr\u00e9sentant du minist\u00e8re public, s'appuyant sur l'existence concr\u00e8te d'inscriptions sur ladite liste, avait initialement requis une peine de 2 ans avec sursis ainsi qu'une amende de 200 000 Fcfa \u00e0 l'encontre du ma\u00eetre coranique.<\/p>\n<p data-path-to-node=\"3\">La d\u00e9fense a tent\u00e9 de plaider la relaxe ou une application plus cl\u00e9mente de la loi. Selon les conseils, le dossier repose davantage sur une interpr\u00e9tation passionn\u00e9e que sur des preuves d\u00e9lictuelles tangibles. Ils ont soutenu que leur client avait \u00e9t\u00e9 mal compris, pr\u00e9cisant qu'une r\u00e9volution n'est pas syst\u00e9matiquement violente et que les propos tenus rev\u00eataient un caract\u00e8re conditionnel.<\/p>\n<p data-path-to-node=\"3\">Malgr\u00e9 ces arguments, la Pr\u00e9sidente a conclu l'audience en rappelant \u00e0 l'imam qu'on ne saurait prot\u00e9ger une cause au prix de la vie humaine, avant de lui infliger une sanction.<\/p>\n<div class='share-to-whatsapp-wrapper'><div class='share-on-whsp'>PARTAGER SUR : <\/div><a data-text='PROVOCATION A UN ATTROUPEMENT NON ARME - Imam El Amine Dram\u00e9 regrette ses propos et s'en tire avec le sursis' data-link='https:\/\/www.nettali.com\/2026\/03\/16\/provocation-a-un-attroupement-non-arme-imam-el-amine-drame-regrette-ses-propos-et-sen-tire-avec-le-sursis\/' class='whatsapp-button whatsapp-share'>WhatsApp<\/a><div class='clear '><\/div><\/div>","protected":false},"excerpt":{"rendered":"<p>NETTALI.COM - Une peine de\u00a0 6 mois d\u2019emprisonnement assortis du sursis, assortie d'une amende ferme de 500 000 Fcfa, a \u00e9t\u00e9 inflig\u00e9e ce lundi 16 mars 2026 \u00e0 l'Imam El Mamadou Lamine Dram\u00e9, par le tribunal de grande instance de Dakar. Le tribunal des flagrants d\u00e9lits de Dakar a rendu son d\u00e9lib\u00e9r\u00e9 son verdict dans [&hellip;]<\/p>\n","protected":false},"author":6,"featured_media":170997,"comment_status":"open","ping_status":"open","sticky":false,"template":"","format":"standard","meta":{"_et_pb_use_builder":"","_et_pb_old_content":""},"categories":[3],"tags":[],"yoast_head":"<!-- This site is optimized with the Yoast SEO Premium plugin v17.8 (Yoast SEO v17.8) - https:\/\/yoast.com\/wordpress\/plugins\/seo\/ -->\n<title>PROVOCATION A UN ATTROUPEMENT NON ARME - Imam El Amine Dram\u00e9 regrette ses propos et s&#039;en tire avec le sursis | Nettali.com<\/title>\n<meta name=\"robots\" content=\"index, follow, max-snippet:-1, max-image-preview:large, max-video-preview:-1\" \/>\n<link rel=\"canonical\" href=\"https:\/\/www.nettali.com\/2026\/03\/16\/provocation-a-un-attroupement-non-arme-imam-el-amine-drame-regrette-ses-propos-et-sen-tire-avec-le-sursis\/\" \/>\n<meta property=\"og:locale\" content=\"fr_FR\" \/>\n<meta property=\"og:type\" content=\"article\" \/>\n<meta property=\"og:title\" content=\"PROVOCATION A UN ATTROUPEMENT NON ARME - Imam El Amine Dram\u00e9 regrette ses propos et s&#039;en tire avec le sursis\" \/>\n<meta property=\"og:description\" content=\"NETTALI.COM - Une peine de\u00a0 6 mois d\u2019emprisonnement assortis du sursis, assortie d&#039;une amende ferme de 500 000 Fcfa, a \u00e9t\u00e9 inflig\u00e9e ce lundi 16 mars 2026 \u00e0 l&#039;Imam El Mamadou Lamine Dram\u00e9, par le tribunal de grande instance de Dakar. Le tribunal des flagrants d\u00e9lits de Dakar a rendu son d\u00e9lib\u00e9r\u00e9 son verdict dans [&hellip;]\" \/>\n<meta property=\"og:url\" content=\"https:\/\/www.nettali.com\/2026\/03\/16\/provocation-a-un-attroupement-non-arme-imam-el-amine-drame-regrette-ses-propos-et-sen-tire-avec-le-sursis\/\" \/>\n<meta property=\"og:site_name\" content=\"Nettali.com\" \/>\n<meta property=\"article:publisher\" content=\"https:\/\/www.facebook.com\/nettalicom\" \/>\n<meta property=\"article:published_time\" content=\"2026-03-16T23:12:21+00:00\" \/>\n<meta property=\"article:modified_time\" content=\"2026-03-17T13:52:36+00:00\" \/>\n<meta property=\"og:image\" content=\"https:\/\/www.nettali.com\/wp-content\/uploads\/2026\/03\/WhatsApp-Image-2026-03-16-at-23.04.39.jpeg\" \/>\n\t<meta property=\"og:image:width\" content=\"1039\" \/>\n\t<meta property=\"og:image:height\" content=\"747\" \/>\n<meta name=\"twitter:card\" content=\"summary_large_image\" \/>\n<meta name=\"twitter:label1\" content=\"\u00c9crit par\" \/>\n\t<meta name=\"twitter:data1\" content=\"Fatou\" \/>\n\t<meta name=\"twitter:label2\" content=\"Dur\u00e9e de lecture estim\u00e9e\" \/>\n\t<meta name=\"twitter:data2\" content=\"2 minutes\" \/>\n<script type=\"application\/ld+json\" class=\"yoast-schema-graph\">{\"@context\":\"https:\/\/schema.org\",\"@graph\":[{\"@type\":\"WebSite\",\"@id\":\"https:\/\/www.nettali.com\/#website\",\"url\":\"https:\/\/www.nettali.com\/\",\"name\":\"Nettali.com\",\"description\":\"Le rendez-vous critique du Net\",\"potentialAction\":[{\"@type\":\"SearchAction\",\"target\":{\"@type\":\"EntryPoint\",\"urlTemplate\":\"https:\/\/www.nettali.com\/?s={search_term_string}\"},\"query-input\":\"required name=search_term_string\"}],\"inLanguage\":\"fr-FR\"},{\"@type\":\"ImageObject\",\"@id\":\"https:\/\/www.nettali.com\/2026\/03\/16\/provocation-a-un-attroupement-non-arme-imam-el-amine-drame-regrette-ses-propos-et-sen-tire-avec-le-sursis\/#primaryimage\",\"inLanguage\":\"fr-FR\",\"url\":\"https:\/\/www.nettali.com\/wp-content\/uploads\/2026\/03\/WhatsApp-Image-2026-03-16-at-23.04.39.jpeg\",\"contentUrl\":\"https:\/\/www.nettali.com\/wp-content\/uploads\/2026\/03\/WhatsApp-Image-2026-03-16-at-23.04.39.jpeg\",\"width\":1039,\"height\":747},{\"@type\":\"WebPage\",\"@id\":\"https:\/\/www.nettali.com\/2026\/03\/16\/provocation-a-un-attroupement-non-arme-imam-el-amine-drame-regrette-ses-propos-et-sen-tire-avec-le-sursis\/#webpage\",\"url\":\"https:\/\/www.nettali.com\/2026\/03\/16\/provocation-a-un-attroupement-non-arme-imam-el-amine-drame-regrette-ses-propos-et-sen-tire-avec-le-sursis\/\",\"name\":\"PROVOCATION A UN ATTROUPEMENT NON ARME - Imam El Amine Dram\\u00e9 regrette ses propos et s'en tire avec le sursis | Nettali.com\",\"isPartOf\":{\"@id\":\"https:\/\/www.nettali.com\/#website\"},\"primaryImageOfPage\":{\"@id\":\"https:\/\/www.nettali.com\/2026\/03\/16\/provocation-a-un-attroupement-non-arme-imam-el-amine-drame-regrette-ses-propos-et-sen-tire-avec-le-sursis\/#primaryimage\"},\"datePublished\":\"2026-03-16T23:12:21+00:00\",\"dateModified\":\"2026-03-17T13:52:36+00:00\",\"author\":{\"@id\":\"https:\/\/www.nettali.com\/#\/schema\/person\/418274a86bdf87caff7a3ef476bd0bbf\"},\"breadcrumb\":{\"@id\":\"https:\/\/www.nettali.com\/2026\/03\/16\/provocation-a-un-attroupement-non-arme-imam-el-amine-drame-regrette-ses-propos-et-sen-tire-avec-le-sursis\/#breadcrumb\"},\"inLanguage\":\"fr-FR\",\"potentialAction\":[{\"@type\":\"ReadAction\",\"target\":[\"https:\/\/www.nettali.com\/2026\/03\/16\/provocation-a-un-attroupement-non-arme-imam-el-amine-drame-regrette-ses-propos-et-sen-tire-avec-le-sursis\/\"]}]},{\"@type\":\"BreadcrumbList\",\"@id\":\"https:\/\/www.nettali.com\/2026\/03\/16\/provocation-a-un-attroupement-non-arme-imam-el-amine-drame-regrette-ses-propos-et-sen-tire-avec-le-sursis\/#breadcrumb\",\"itemListElement\":[{\"@type\":\"ListItem\",\"position\":1,\"name\":\"Accueil\",\"item\":\"https:\/\/www.nettali.com\/\"},{\"@type\":\"ListItem\",\"position\":2,\"name\":\"PROVOCATION A UN ATTROUPEMENT NON ARME - Imam El Amine Dram\\u00e9 regrette ses propos et s'en tire avec le sursis\"}]},{\"@type\":\"Person\",\"@id\":\"https:\/\/www.nettali.com\/#\/schema\/person\/418274a86bdf87caff7a3ef476bd0bbf\",\"name\":\"Fatou\",\"image\":{\"@type\":\"ImageObject\",\"@id\":\"https:\/\/www.nettali.com\/#personlogo\",\"inLanguage\":\"fr-FR\",\"url\":\"https:\/\/secure.gravatar.com\/avatar\/5a9442a2bee7b4dcf167cab035858e9a?s=96&d=mm&r=g\",\"contentUrl\":\"https:\/\/secure.gravatar.com\/avatar\/5a9442a2bee7b4dcf167cab035858e9a?s=96&d=mm&r=g\",\"caption\":\"Fatou\"},\"sameAs\":[\"https:\/\/www.nettali.com\"]}]}<\/script>\n<!-- \/ Yoast SEO Premium plugin. -->","yoast_head_json":{"title":"PROVOCATION A UN ATTROUPEMENT NON ARME - Imam El Amine Dram\u00e9 regrette ses propos et s'en tire avec le sursis | Nettali.com","robots":{"index":"index","follow":"follow","max-snippet":"max-snippet:-1","max-image-preview":"max-image-preview:large","max-video-preview":"max-video-preview:-1"},"canonical":"https:\/\/www.nettali.com\/2026\/03\/16\/provocation-a-un-attroupement-non-arme-imam-el-amine-drame-regrette-ses-propos-et-sen-tire-avec-le-sursis\/","og_locale":"fr_FR","og_type":"article","og_title":"PROVOCATION A UN ATTROUPEMENT NON ARME - Imam El Amine Dram\u00e9 regrette ses propos et s'en tire avec le sursis","og_description":"NETTALI.COM - Une peine de\u00a0 6 mois d\u2019emprisonnement assortis du sursis, assortie d'une amende ferme de 500 000 Fcfa, a \u00e9t\u00e9 inflig\u00e9e ce lundi 16 mars 2026 \u00e0 l'Imam El Mamadou Lamine Dram\u00e9, par le tribunal de grande instance de Dakar. Le tribunal des flagrants d\u00e9lits de Dakar a rendu son d\u00e9lib\u00e9r\u00e9 son verdict dans [&hellip;]","og_url":"https:\/\/www.nettali.com\/2026\/03\/16\/provocation-a-un-attroupement-non-arme-imam-el-amine-drame-regrette-ses-propos-et-sen-tire-avec-le-sursis\/","og_site_name":"Nettali.com","article_publisher":"https:\/\/www.facebook.com\/nettalicom","article_published_time":"2026-03-16T23:12:21+00:00","article_modified_time":"2026-03-17T13:52:36+00:00","og_image":[{"width":1039,"height":747,"url":"https:\/\/www.nettali.com\/wp-content\/uploads\/2026\/03\/WhatsApp-Image-2026-03-16-at-23.04.39.jpeg","type":"image\/jpeg"}],"twitter_card":"summary_large_image","twitter_misc":{"\u00c9crit par":"Fatou","Dur\u00e9e de lecture estim\u00e9e":"2 minutes"},"schema":{"@context":"https:\/\/schema.org","@graph":[{"@type":"WebSite","@id":"https:\/\/www.nettali.com\/#website","url":"https:\/\/www.nettali.com\/","name":"Nettali.com","description":"Le rendez-vous critique du Net","potentialAction":[{"@type":"SearchAction","target":{"@type":"EntryPoint","urlTemplate":"https:\/\/www.nettali.com\/?s={search_term_string}"},"query-input":"required name=search_term_string"}],"inLanguage":"fr-FR"},{"@type":"ImageObject","@id":"https:\/\/www.nettali.com\/2026\/03\/16\/provocation-a-un-attroupement-non-arme-imam-el-amine-drame-regrette-ses-propos-et-sen-tire-avec-le-sursis\/#primaryimage","inLanguage":"fr-FR","url":"https:\/\/www.nettali.com\/wp-content\/uploads\/2026\/03\/WhatsApp-Image-2026-03-16-at-23.04.39.jpeg","contentUrl":"https:\/\/www.nettali.com\/wp-content\/uploads\/2026\/03\/WhatsApp-Image-2026-03-16-at-23.04.39.jpeg","width":1039,"height":747},{"@type":"WebPage","@id":"https:\/\/www.nettali.com\/2026\/03\/16\/provocation-a-un-attroupement-non-arme-imam-el-amine-drame-regrette-ses-propos-et-sen-tire-avec-le-sursis\/#webpage","url":"https:\/\/www.nettali.com\/2026\/03\/16\/provocation-a-un-attroupement-non-arme-imam-el-amine-drame-regrette-ses-propos-et-sen-tire-avec-le-sursis\/","name":"PROVOCATION A UN ATTROUPEMENT NON ARME - Imam El Amine Dram\u00e9 regrette ses propos et s'en tire avec le sursis | Nettali.com","isPartOf":{"@id":"https:\/\/www.nettali.com\/#website"},"primaryImageOfPage":{"@id":"https:\/\/www.nettali.com\/2026\/03\/16\/provocation-a-un-attroupement-non-arme-imam-el-amine-drame-regrette-ses-propos-et-sen-tire-avec-le-sursis\/#primaryimage"},"datePublished":"2026-03-16T23:12:21+00:00","dateModified":"2026-03-17T13:52:36+00:00","author":{"@id":"https:\/\/www.nettali.com\/#\/schema\/person\/418274a86bdf87caff7a3ef476bd0bbf"},"breadcrumb":{"@id":"https:\/\/www.nettali.com\/2026\/03\/16\/provocation-a-un-attroupement-non-arme-imam-el-amine-drame-regrette-ses-propos-et-sen-tire-avec-le-sursis\/#breadcrumb"},"inLanguage":"fr-FR","potentialAction":[{"@type":"ReadAction","target":["https:\/\/www.nettali.com\/2026\/03\/16\/provocation-a-un-attroupement-non-arme-imam-el-amine-drame-regrette-ses-propos-et-sen-tire-avec-le-sursis\/"]}]},{"@type":"BreadcrumbList","@id":"https:\/\/www.nettali.com\/2026\/03\/16\/provocation-a-un-attroupement-non-arme-imam-el-amine-drame-regrette-ses-propos-et-sen-tire-avec-le-sursis\/#breadcrumb","itemListElement":[{"@type":"ListItem","position":1,"name":"Accueil","item":"https:\/\/www.nettali.com\/"},{"@type":"ListItem","position":2,"name":"PROVOCATION A UN ATTROUPEMENT NON ARME - Imam El Amine Dram\u00e9 regrette ses propos et s'en tire avec le sursis"}]},{"@type":"Person","@id":"https:\/\/www.nettali.com\/#\/schema\/person\/418274a86bdf87caff7a3ef476bd0bbf","name":"Fatou","image":{"@type":"ImageObject","@id":"https:\/\/www.nettali.com\/#personlogo","inLanguage":"fr-FR","url":"https:\/\/secure.gravatar.com\/avatar\/5a9442a2bee7b4dcf167cab035858e9a?s=96&d=mm&r=g","contentUrl":"https:\/\/secure.gravatar.com\/avatar\/5a9442a2bee7b4dcf167cab035858e9a?s=96&d=mm&r=g","caption":"Fatou"},"sameAs":["https:\/\/www.nettali.com"]}]}},"_links":{"self":[{"href":"https:\/\/www.nettali.com\/rest\/wp\/v2\/posts\/170995"}],"collection":[{"href":"https:\/\/www.nettali.com\/rest\/wp\/v2\/posts"}],"about":[{"href":"https:\/\/www.nettali.com\/rest\/wp\/v2\/types\/post"}],"author":[{"embeddable":true,"href":"https:\/\/www.nettali.com\/rest\/wp\/v2\/users\/6"}],"replies":[{"embeddable":true,"href":"https:\/\/www.nettali.com\/rest\/wp\/v2\/comments?post=170995"}],"version-history":[{"count":6,"href":"https:\/\/www.nettali.com\/rest\/wp\/v2\/posts\/170995\/revisions"}],"predecessor-version":[{"id":171004,"href":"https:\/\/www.nettali.com\/rest\/wp\/v2\/posts\/170995\/revisions\/171004"}],"wp:featuredmedia":[{"embeddable":true,"href":"https:\/\/www.nettali.com\/rest\/wp\/v2\/media\/170997"}],"wp:attachment":[{"href":"https:\/\/www.nettali.com\/rest\/wp\/v2\/media?parent=170995"}],"wp:term":[{"taxonomy":"category","embeddable":true,"href":"https:\/\/www.nettali.com\/rest\/wp\/v2\/categories?post=170995"},{"taxonomy":"post_tag","embeddable":true,"href":"https:\/\/www.nettali.com\/rest\/wp\/v2\/tags?post=170995"}],"curies":[{"name":"wp","href":"https:\/\/api.w.org\/{rel}","templated":true}]}}