{"id":170990,"date":"2026-03-16T23:08:27","date_gmt":"2026-03-16T23:08:27","guid":{"rendered":"https:\/\/www.nettali.com\/?p=170990"},"modified":"2026-03-16T19:10:36","modified_gmt":"2026-03-16T19:10:36","slug":"mercato-le-psg-sinteresse-a-el-hadji-malick-diouf","status":"publish","type":"post","link":"https:\/\/www.nettali.com\/2026\/03\/16\/mercato-le-psg-sinteresse-a-el-hadji-malick-diouf\/","title":{"rendered":"MERCATO : le PSG s\u2019int\u00e9resse \u00e0 El Hadji Malick Diouf"},"content":{"rendered":"<p data-start=\"64\" data-end=\"252\"><strong>NETTALI.COM - Le Paris Saint-Germain surveille de pr\u00e8s la situation du lat\u00e9ral s\u00e9n\u00e9galais El Hadji Malick Diouf dans la perspective du prochain mercato estival.<\/strong><\/p>\n<p data-start=\"254\" data-end=\"563\">Selon plusieurs informations circulant dans les milieux du football europ\u00e9en, le club parisien envisagerait de recruter le d\u00e9fenseur \u00e9voluant actuellement \u00e0 West Ham United afin d\u2019apporter de la rotation au poste d\u2019arri\u00e8re gauche occup\u00e9 par Nuno Mendes.<\/p>\n<p>\u00c0 seulement quelques saisons de sa progression au plus haut niveau, El Hadji Malick Diouf s\u2019est impos\u00e9 comme l\u2019un des lat\u00e9raux s\u00e9n\u00e9galais les plus prometteurs gr\u00e2ce \u00e0 sa puissance physique, sa capacit\u00e9 de projection offensive et sa solidit\u00e9 d\u00e9fensive.<\/p>\n<p>Ses performances avec son club et la s\u00e9lection nationale du S\u00e9n\u00e9gal ont attir\u00e9 l\u2019attention de plusieurs grandes \u00e9curies europ\u00e9ennes.<\/p>\n<p>Le joueur figure aussi sur les tablettes de Chelsea FC, qui suit \u00e9galement son \u00e9volution.<\/p>\n<p data-start=\"1179\" data-end=\"1350\">Dans ce contexte de concurrence entre clubs anglais et fran\u00e7ais, le lat\u00e9ral s\u00e9n\u00e9galais serait valoris\u00e9 entre 35 et 40 millions d\u2019euros selon les estimations du march\u00e9.<\/p>\n<p>Pour le PSG, l\u2019arriv\u00e9e d\u2019El Hadji Malick Diouf pourrait permettre de faire souffler Nuno Mendes, souvent tr\u00e8s sollicit\u00e9, d\u2019apporter plus de concurrence au poste d\u2019arri\u00e8re gauche et d\u2019ajouter un profil dynamique capable de s\u2019int\u00e9grer dans un syst\u00e8me offensif.<\/p>\n<p>Le dossier reste toutefois \u00e0 un stade exploratoire, et les discussions pourraient \u00e9voluer \u00e0 l\u2019approche du mercato estival.<\/p>\n<p>&nbsp;<\/p>\n<div class='share-to-whatsapp-wrapper'><div class='share-on-whsp'>PARTAGER SUR : <\/div><a data-text='MERCATO : le PSG s\u2019int\u00e9resse \u00e0 El Hadji Malick Diouf' data-link='https:\/\/www.nettali.com\/2026\/03\/16\/mercato-le-psg-sinteresse-a-el-hadji-malick-diouf\/' class='whatsapp-button whatsapp-share'>WhatsApp<\/a><div class='clear '><\/div><\/div>","protected":false},"excerpt":{"rendered":"<p>NETTALI.COM - Le Paris Saint-Germain surveille de pr\u00e8s la situation du lat\u00e9ral s\u00e9n\u00e9galais El Hadji Malick Diouf dans la perspective du prochain mercato estival. Selon plusieurs informations circulant dans les milieux du football europ\u00e9en, le club parisien envisagerait de recruter le d\u00e9fenseur \u00e9voluant actuellement \u00e0 West Ham United afin d\u2019apporter de la rotation au poste [&hellip;]<\/p>\n","protected":false},"author":4,"featured_media":157670,"comment_status":"open","ping_status":"open","sticky":false,"template":"","format":"standard","meta":{"_et_pb_use_builder":"","_et_pb_old_content":""},"categories":[6],"tags":[],"yoast_head":"<!-- This site is optimized with the Yoast SEO Premium plugin v17.8 (Yoast SEO v17.8) - https:\/\/yoast.com\/wordpress\/plugins\/seo\/ -->\n<title>MERCATO : le PSG s\u2019int\u00e9resse \u00e0 El Hadji Malick Diouf | Nettali.com<\/title>\n<meta name=\"robots\" content=\"index, follow, max-snippet:-1, max-image-preview:large, max-video-preview:-1\" \/>\n<link rel=\"canonical\" href=\"https:\/\/www.nettali.com\/2026\/03\/16\/mercato-le-psg-sinteresse-a-el-hadji-malick-diouf\/\" \/>\n<meta property=\"og:locale\" content=\"fr_FR\" \/>\n<meta property=\"og:type\" content=\"article\" \/>\n<meta property=\"og:title\" content=\"MERCATO : le PSG s\u2019int\u00e9resse \u00e0 El Hadji Malick Diouf\" \/>\n<meta property=\"og:description\" content=\"NETTALI.COM - Le Paris Saint-Germain surveille de pr\u00e8s la situation du lat\u00e9ral s\u00e9n\u00e9galais El Hadji Malick Diouf dans la perspective du prochain mercato estival. Selon plusieurs informations circulant dans les milieux du football europ\u00e9en, le club parisien envisagerait de recruter le d\u00e9fenseur \u00e9voluant actuellement \u00e0 West Ham United afin d\u2019apporter de la rotation au poste [&hellip;]\" \/>\n<meta property=\"og:url\" content=\"https:\/\/www.nettali.com\/2026\/03\/16\/mercato-le-psg-sinteresse-a-el-hadji-malick-diouf\/\" \/>\n<meta property=\"og:site_name\" content=\"Nettali.com\" \/>\n<meta property=\"article:publisher\" content=\"https:\/\/www.facebook.com\/nettalicom\" \/>\n<meta property=\"article:published_time\" content=\"2026-03-16T23:08:27+00:00\" \/>\n<meta property=\"article:modified_time\" content=\"2026-03-16T19:10:36+00:00\" \/>\n<meta property=\"og:image\" content=\"https:\/\/www.nettali.com\/wp-content\/uploads\/2025\/07\/diouf_things.jpg\" \/>\n\t<meta property=\"og:image:width\" content=\"939\" \/>\n\t<meta property=\"og:image:height\" content=\"540\" \/>\n<meta name=\"twitter:card\" content=\"summary_large_image\" \/>\n<meta name=\"twitter:label1\" content=\"\u00c9crit par\" \/>\n\t<meta name=\"twitter:data1\" content=\"Daouda\" \/>\n\t<meta name=\"twitter:label2\" content=\"Dur\u00e9e de lecture estim\u00e9e\" \/>\n\t<meta name=\"twitter:data2\" content=\"1 minute\" \/>\n<script type=\"application\/ld+json\" class=\"yoast-schema-graph\">{\"@context\":\"https:\/\/schema.org\",\"@graph\":[{\"@type\":\"WebSite\",\"@id\":\"https:\/\/www.nettali.com\/#website\",\"url\":\"https:\/\/www.nettali.com\/\",\"name\":\"Nettali.com\",\"description\":\"Le rendez-vous critique du Net\",\"potentialAction\":[{\"@type\":\"SearchAction\",\"target\":{\"@type\":\"EntryPoint\",\"urlTemplate\":\"https:\/\/www.nettali.com\/?s={search_term_string}\"},\"query-input\":\"required name=search_term_string\"}],\"inLanguage\":\"fr-FR\"},{\"@type\":\"ImageObject\",\"@id\":\"https:\/\/www.nettali.com\/2026\/03\/16\/mercato-le-psg-sinteresse-a-el-hadji-malick-diouf\/#primaryimage\",\"inLanguage\":\"fr-FR\",\"url\":\"https:\/\/www.nettali.com\/wp-content\/uploads\/2025\/07\/diouf_things.jpg\",\"contentUrl\":\"https:\/\/www.nettali.com\/wp-content\/uploads\/2025\/07\/diouf_things.jpg\",\"width\":939,\"height\":540},{\"@type\":\"WebPage\",\"@id\":\"https:\/\/www.nettali.com\/2026\/03\/16\/mercato-le-psg-sinteresse-a-el-hadji-malick-diouf\/#webpage\",\"url\":\"https:\/\/www.nettali.com\/2026\/03\/16\/mercato-le-psg-sinteresse-a-el-hadji-malick-diouf\/\",\"name\":\"MERCATO : le PSG s\\u2019int\\u00e9resse \\u00e0 El Hadji Malick Diouf | Nettali.com\",\"isPartOf\":{\"@id\":\"https:\/\/www.nettali.com\/#website\"},\"primaryImageOfPage\":{\"@id\":\"https:\/\/www.nettali.com\/2026\/03\/16\/mercato-le-psg-sinteresse-a-el-hadji-malick-diouf\/#primaryimage\"},\"datePublished\":\"2026-03-16T23:08:27+00:00\",\"dateModified\":\"2026-03-16T19:10:36+00:00\",\"author\":{\"@id\":\"https:\/\/www.nettali.com\/#\/schema\/person\/3317e0bb3aa1da309fbf7b2780901bf4\"},\"breadcrumb\":{\"@id\":\"https:\/\/www.nettali.com\/2026\/03\/16\/mercato-le-psg-sinteresse-a-el-hadji-malick-diouf\/#breadcrumb\"},\"inLanguage\":\"fr-FR\",\"potentialAction\":[{\"@type\":\"ReadAction\",\"target\":[\"https:\/\/www.nettali.com\/2026\/03\/16\/mercato-le-psg-sinteresse-a-el-hadji-malick-diouf\/\"]}]},{\"@type\":\"BreadcrumbList\",\"@id\":\"https:\/\/www.nettali.com\/2026\/03\/16\/mercato-le-psg-sinteresse-a-el-hadji-malick-diouf\/#breadcrumb\",\"itemListElement\":[{\"@type\":\"ListItem\",\"position\":1,\"name\":\"Accueil\",\"item\":\"https:\/\/www.nettali.com\/\"},{\"@type\":\"ListItem\",\"position\":2,\"name\":\"MERCATO : le PSG s\\u2019int\\u00e9resse \\u00e0 El Hadji Malick Diouf\"}]},{\"@type\":\"Person\",\"@id\":\"https:\/\/www.nettali.com\/#\/schema\/person\/3317e0bb3aa1da309fbf7b2780901bf4\",\"name\":\"Daouda\",\"image\":{\"@type\":\"ImageObject\",\"@id\":\"https:\/\/www.nettali.com\/#personlogo\",\"inLanguage\":\"fr-FR\",\"url\":\"https:\/\/secure.gravatar.com\/avatar\/8d143b5a49345098ddcfee1c49c2f47c?s=96&d=mm&r=g\",\"contentUrl\":\"https:\/\/secure.gravatar.com\/avatar\/8d143b5a49345098ddcfee1c49c2f47c?s=96&d=mm&r=g\",\"caption\":\"Daouda\"},\"sameAs\":[\"https:\/\/www.nettali.com\"]}]}<\/script>\n<!-- \/ Yoast SEO Premium plugin. -->","yoast_head_json":{"title":"MERCATO : le PSG s\u2019int\u00e9resse \u00e0 El Hadji Malick Diouf | Nettali.com","robots":{"index":"index","follow":"follow","max-snippet":"max-snippet:-1","max-image-preview":"max-image-preview:large","max-video-preview":"max-video-preview:-1"},"canonical":"https:\/\/www.nettali.com\/2026\/03\/16\/mercato-le-psg-sinteresse-a-el-hadji-malick-diouf\/","og_locale":"fr_FR","og_type":"article","og_title":"MERCATO : le PSG s\u2019int\u00e9resse \u00e0 El Hadji Malick Diouf","og_description":"NETTALI.COM - Le Paris Saint-Germain surveille de pr\u00e8s la situation du lat\u00e9ral s\u00e9n\u00e9galais El Hadji Malick Diouf dans la perspective du prochain mercato estival. Selon plusieurs informations circulant dans les milieux du football europ\u00e9en, le club parisien envisagerait de recruter le d\u00e9fenseur \u00e9voluant actuellement \u00e0 West Ham United afin d\u2019apporter de la rotation au poste [&hellip;]","og_url":"https:\/\/www.nettali.com\/2026\/03\/16\/mercato-le-psg-sinteresse-a-el-hadji-malick-diouf\/","og_site_name":"Nettali.com","article_publisher":"https:\/\/www.facebook.com\/nettalicom","article_published_time":"2026-03-16T23:08:27+00:00","article_modified_time":"2026-03-16T19:10:36+00:00","og_image":[{"width":939,"height":540,"url":"https:\/\/www.nettali.com\/wp-content\/uploads\/2025\/07\/diouf_things.jpg","type":"image\/jpeg"}],"twitter_card":"summary_large_image","twitter_misc":{"\u00c9crit par":"Daouda","Dur\u00e9e de lecture estim\u00e9e":"1 minute"},"schema":{"@context":"https:\/\/schema.org","@graph":[{"@type":"WebSite","@id":"https:\/\/www.nettali.com\/#website","url":"https:\/\/www.nettali.com\/","name":"Nettali.com","description":"Le rendez-vous critique du Net","potentialAction":[{"@type":"SearchAction","target":{"@type":"EntryPoint","urlTemplate":"https:\/\/www.nettali.com\/?s={search_term_string}"},"query-input":"required name=search_term_string"}],"inLanguage":"fr-FR"},{"@type":"ImageObject","@id":"https:\/\/www.nettali.com\/2026\/03\/16\/mercato-le-psg-sinteresse-a-el-hadji-malick-diouf\/#primaryimage","inLanguage":"fr-FR","url":"https:\/\/www.nettali.com\/wp-content\/uploads\/2025\/07\/diouf_things.jpg","contentUrl":"https:\/\/www.nettali.com\/wp-content\/uploads\/2025\/07\/diouf_things.jpg","width":939,"height":540},{"@type":"WebPage","@id":"https:\/\/www.nettali.com\/2026\/03\/16\/mercato-le-psg-sinteresse-a-el-hadji-malick-diouf\/#webpage","url":"https:\/\/www.nettali.com\/2026\/03\/16\/mercato-le-psg-sinteresse-a-el-hadji-malick-diouf\/","name":"MERCATO : le PSG s\u2019int\u00e9resse \u00e0 El Hadji Malick Diouf | Nettali.com","isPartOf":{"@id":"https:\/\/www.nettali.com\/#website"},"primaryImageOfPage":{"@id":"https:\/\/www.nettali.com\/2026\/03\/16\/mercato-le-psg-sinteresse-a-el-hadji-malick-diouf\/#primaryimage"},"datePublished":"2026-03-16T23:08:27+00:00","dateModified":"2026-03-16T19:10:36+00:00","author":{"@id":"https:\/\/www.nettali.com\/#\/schema\/person\/3317e0bb3aa1da309fbf7b2780901bf4"},"breadcrumb":{"@id":"https:\/\/www.nettali.com\/2026\/03\/16\/mercato-le-psg-sinteresse-a-el-hadji-malick-diouf\/#breadcrumb"},"inLanguage":"fr-FR","potentialAction":[{"@type":"ReadAction","target":["https:\/\/www.nettali.com\/2026\/03\/16\/mercato-le-psg-sinteresse-a-el-hadji-malick-diouf\/"]}]},{"@type":"BreadcrumbList","@id":"https:\/\/www.nettali.com\/2026\/03\/16\/mercato-le-psg-sinteresse-a-el-hadji-malick-diouf\/#breadcrumb","itemListElement":[{"@type":"ListItem","position":1,"name":"Accueil","item":"https:\/\/www.nettali.com\/"},{"@type":"ListItem","position":2,"name":"MERCATO : le PSG s\u2019int\u00e9resse \u00e0 El Hadji Malick Diouf"}]},{"@type":"Person","@id":"https:\/\/www.nettali.com\/#\/schema\/person\/3317e0bb3aa1da309fbf7b2780901bf4","name":"Daouda","image":{"@type":"ImageObject","@id":"https:\/\/www.nettali.com\/#personlogo","inLanguage":"fr-FR","url":"https:\/\/secure.gravatar.com\/avatar\/8d143b5a49345098ddcfee1c49c2f47c?s=96&d=mm&r=g","contentUrl":"https:\/\/secure.gravatar.com\/avatar\/8d143b5a49345098ddcfee1c49c2f47c?s=96&d=mm&r=g","caption":"Daouda"},"sameAs":["https:\/\/www.nettali.com"]}]}},"_links":{"self":[{"href":"https:\/\/www.nettali.com\/rest\/wp\/v2\/posts\/170990"}],"collection":[{"href":"https:\/\/www.nettali.com\/rest\/wp\/v2\/posts"}],"about":[{"href":"https:\/\/www.nettali.com\/rest\/wp\/v2\/types\/post"}],"author":[{"embeddable":true,"href":"https:\/\/www.nettali.com\/rest\/wp\/v2\/users\/4"}],"replies":[{"embeddable":true,"href":"https:\/\/www.nettali.com\/rest\/wp\/v2\/comments?post=170990"}],"version-history":[{"count":1,"href":"https:\/\/www.nettali.com\/rest\/wp\/v2\/posts\/170990\/revisions"}],"predecessor-version":[{"id":170991,"href":"https:\/\/www.nettali.com\/rest\/wp\/v2\/posts\/170990\/revisions\/170991"}],"wp:featuredmedia":[{"embeddable":true,"href":"https:\/\/www.nettali.com\/rest\/wp\/v2\/media\/157670"}],"wp:attachment":[{"href":"https:\/\/www.nettali.com\/rest\/wp\/v2\/media?parent=170990"}],"wp:term":[{"taxonomy":"category","embeddable":true,"href":"https:\/\/www.nettali.com\/rest\/wp\/v2\/categories?post=170990"},{"taxonomy":"post_tag","embeddable":true,"href":"https:\/\/www.nettali.com\/rest\/wp\/v2\/tags?post=170990"}],"curies":[{"name":"wp","href":"https:\/\/api.w.org\/{rel}","templated":true}]}}