{"id":170988,"date":"2026-03-16T21:56:59","date_gmt":"2026-03-16T21:56:59","guid":{"rendered":"https:\/\/www.nettali.com\/?p=170988"},"modified":"2026-03-16T18:58:20","modified_gmt":"2026-03-16T18:58:20","slug":"affaire-de-falsification-de-documents-un-reseau-presume-demantele-au-ministere-des-affaires-etrangeres","status":"publish","type":"post","link":"https:\/\/www.nettali.com\/2026\/03\/16\/affaire-de-falsification-de-documents-un-reseau-presume-demantele-au-ministere-des-affaires-etrangeres\/","title":{"rendered":"AFFAIRE DE FALSIFICATION DE DOCUMENTS : un r\u00e9seau pr\u00e9sum\u00e9 d\u00e9mantel\u00e9 au minist\u00e8re des Affaires \u00e9trang\u00e8res"},"content":{"rendered":"<p><strong>NETTALI.COM - Le Minist\u00e8re de l\u2019Int\u00e9gration africaine et des Affaires \u00e9trang\u00e8res du S\u00e9n\u00e9gal est secou\u00e9 par une affaire pr\u00e9sum\u00e9e de corruption et de falsification de documents administratifs.<\/strong><\/p>\n<p>Douze membres d\u2019un r\u00e9seau pr\u00e9sum\u00e9 ont \u00e9t\u00e9 pr\u00e9sent\u00e9s ce lundi au parquet de Dakar apr\u00e8s leur interpellation par la Section de recherches de Colobane, qui a d\u00e9mantel\u00e9 cette fili\u00e8re.<\/p>\n<p>Parmi les personnes arr\u00eat\u00e9es figurent des agents des forces de d\u00e9fense et de s\u00e9curit\u00e9 (FDS) ainsi que des agents du minist\u00e8re des Affaires \u00e9trang\u00e8res.<\/p>\n<p>Selon les premi\u00e8res informations de l\u2019enqu\u00eate, ces individus auraient mis en place un syst\u00e8me de falsification d\u2019actes d\u2019\u00e9tat civil au niveau de l\u2019annexe du minist\u00e8re.<\/p>\n<p>Toujours selon les m\u00eames sources, le procureur de la R\u00e9publique pr\u00e8s le tribunal de Dakar a \u00e9galement \u00e9mis un mandat d\u2019arr\u00eat contre un agent des forces de d\u00e9fense et de s\u00e9curit\u00e9, soup\u00e7onn\u00e9 d\u2019\u00eatre un membre actif du r\u00e9seau et actuellement recherch\u00e9.<\/p>\n<p>Les suspects sont poursuivis pour plusieurs infractions p\u00e9nales, notamment l\u2019association de malfaiteurs et le faux et usage de faux en \u00e9criture publique authentique<\/p>\n<p>Ces chefs d\u2019accusation concernent notamment la production et la d\u00e9livrance frauduleuse de documents administratifs officiels.<\/p>\n<p>Apr\u00e8s leur pr\u00e9sentation au parquet, les mis en cause ont fait l\u2019objet d\u2019un retour de parquet, une \u00e9tape proc\u00e9durale qui pr\u00e9c\u00e8de g\u00e9n\u00e9ralement l\u2019ouverture d\u2019une information judiciaire.<\/p>\n<p>L\u2019enqu\u00eate devrait d\u00e9sormais se poursuivre devant un juge d\u2019instruction, charg\u00e9 d\u2019\u00e9tablir l\u2019\u00e9tendue du r\u00e9seau, d\u2019identifier d\u2019\u00e9ventuels complices et de d\u00e9terminer le volume exact des documents falsifi\u00e9s et les circuits de corruption impliqu\u00e9s.<\/p>\n<p>&nbsp;<\/p>\n<div class='share-to-whatsapp-wrapper'><div class='share-on-whsp'>PARTAGER SUR : <\/div><a data-text='AFFAIRE DE FALSIFICATION DE DOCUMENTS : un r\u00e9seau pr\u00e9sum\u00e9 d\u00e9mantel\u00e9 au minist\u00e8re des Affaires \u00e9trang\u00e8res' data-link='https:\/\/www.nettali.com\/2026\/03\/16\/affaire-de-falsification-de-documents-un-reseau-presume-demantele-au-ministere-des-affaires-etrangeres\/' class='whatsapp-button whatsapp-share'>WhatsApp<\/a><div class='clear '><\/div><\/div>","protected":false},"excerpt":{"rendered":"<p>NETTALI.COM - Le Minist\u00e8re de l\u2019Int\u00e9gration africaine et des Affaires \u00e9trang\u00e8res du S\u00e9n\u00e9gal est secou\u00e9 par une affaire pr\u00e9sum\u00e9e de corruption et de falsification de documents administratifs. Douze membres d\u2019un r\u00e9seau pr\u00e9sum\u00e9 ont \u00e9t\u00e9 pr\u00e9sent\u00e9s ce lundi au parquet de Dakar apr\u00e8s leur interpellation par la Section de recherches de Colobane, qui a d\u00e9mantel\u00e9 cette [&hellip;]<\/p>\n","protected":false},"author":4,"featured_media":24421,"comment_status":"open","ping_status":"open","sticky":false,"template":"","format":"standard","meta":{"_et_pb_use_builder":"","_et_pb_old_content":""},"categories":[3],"tags":[],"yoast_head":"<!-- This site is optimized with the Yoast SEO Premium plugin v17.8 (Yoast SEO v17.8) - https:\/\/yoast.com\/wordpress\/plugins\/seo\/ -->\n<title>AFFAIRE DE FALSIFICATION DE DOCUMENTS : un r\u00e9seau pr\u00e9sum\u00e9 d\u00e9mantel\u00e9 au minist\u00e8re des Affaires \u00e9trang\u00e8res | Nettali.com<\/title>\n<meta name=\"robots\" content=\"index, follow, max-snippet:-1, max-image-preview:large, max-video-preview:-1\" \/>\n<link rel=\"canonical\" href=\"https:\/\/www.nettali.com\/2026\/03\/16\/affaire-de-falsification-de-documents-un-reseau-presume-demantele-au-ministere-des-affaires-etrangeres\/\" \/>\n<meta property=\"og:locale\" content=\"fr_FR\" \/>\n<meta property=\"og:type\" content=\"article\" \/>\n<meta property=\"og:title\" content=\"AFFAIRE DE FALSIFICATION DE DOCUMENTS : un r\u00e9seau pr\u00e9sum\u00e9 d\u00e9mantel\u00e9 au minist\u00e8re des Affaires \u00e9trang\u00e8res\" \/>\n<meta property=\"og:description\" content=\"NETTALI.COM - Le Minist\u00e8re de l\u2019Int\u00e9gration africaine et des Affaires \u00e9trang\u00e8res du S\u00e9n\u00e9gal est secou\u00e9 par une affaire pr\u00e9sum\u00e9e de corruption et de falsification de documents administratifs. Douze membres d\u2019un r\u00e9seau pr\u00e9sum\u00e9 ont \u00e9t\u00e9 pr\u00e9sent\u00e9s ce lundi au parquet de Dakar apr\u00e8s leur interpellation par la Section de recherches de Colobane, qui a d\u00e9mantel\u00e9 cette [&hellip;]\" \/>\n<meta property=\"og:url\" content=\"https:\/\/www.nettali.com\/2026\/03\/16\/affaire-de-falsification-de-documents-un-reseau-presume-demantele-au-ministere-des-affaires-etrangeres\/\" \/>\n<meta property=\"og:site_name\" content=\"Nettali.com\" \/>\n<meta property=\"article:publisher\" content=\"https:\/\/www.facebook.com\/nettalicom\" \/>\n<meta property=\"article:published_time\" content=\"2026-03-16T21:56:59+00:00\" \/>\n<meta property=\"article:modified_time\" content=\"2026-03-16T18:58:20+00:00\" \/>\n<meta property=\"og:image\" content=\"https:\/\/www.nettali.com\/wp-content\/uploads\/2019\/12\/ministere-affaires-etrangeres.jpg\" \/>\n\t<meta property=\"og:image:width\" content=\"550\" \/>\n\t<meta property=\"og:image:height\" content=\"409\" \/>\n<meta name=\"twitter:card\" content=\"summary_large_image\" \/>\n<meta name=\"twitter:label1\" content=\"\u00c9crit par\" \/>\n\t<meta name=\"twitter:data1\" content=\"Daouda\" \/>\n\t<meta name=\"twitter:label2\" content=\"Dur\u00e9e de lecture estim\u00e9e\" \/>\n\t<meta name=\"twitter:data2\" content=\"2 minutes\" \/>\n<script type=\"application\/ld+json\" class=\"yoast-schema-graph\">{\"@context\":\"https:\/\/schema.org\",\"@graph\":[{\"@type\":\"WebSite\",\"@id\":\"https:\/\/www.nettali.com\/#website\",\"url\":\"https:\/\/www.nettali.com\/\",\"name\":\"Nettali.com\",\"description\":\"Le rendez-vous critique du Net\",\"potentialAction\":[{\"@type\":\"SearchAction\",\"target\":{\"@type\":\"EntryPoint\",\"urlTemplate\":\"https:\/\/www.nettali.com\/?s={search_term_string}\"},\"query-input\":\"required name=search_term_string\"}],\"inLanguage\":\"fr-FR\"},{\"@type\":\"ImageObject\",\"@id\":\"https:\/\/www.nettali.com\/2026\/03\/16\/affaire-de-falsification-de-documents-un-reseau-presume-demantele-au-ministere-des-affaires-etrangeres\/#primaryimage\",\"inLanguage\":\"fr-FR\",\"url\":\"https:\/\/www.nettali.com\/wp-content\/uploads\/2019\/12\/ministere-affaires-etrangeres.jpg\",\"contentUrl\":\"https:\/\/www.nettali.com\/wp-content\/uploads\/2019\/12\/ministere-affaires-etrangeres.jpg\",\"width\":550,\"height\":409},{\"@type\":\"WebPage\",\"@id\":\"https:\/\/www.nettali.com\/2026\/03\/16\/affaire-de-falsification-de-documents-un-reseau-presume-demantele-au-ministere-des-affaires-etrangeres\/#webpage\",\"url\":\"https:\/\/www.nettali.com\/2026\/03\/16\/affaire-de-falsification-de-documents-un-reseau-presume-demantele-au-ministere-des-affaires-etrangeres\/\",\"name\":\"AFFAIRE DE FALSIFICATION DE DOCUMENTS : un r\\u00e9seau pr\\u00e9sum\\u00e9 d\\u00e9mantel\\u00e9 au minist\\u00e8re des Affaires \\u00e9trang\\u00e8res | Nettali.com\",\"isPartOf\":{\"@id\":\"https:\/\/www.nettali.com\/#website\"},\"primaryImageOfPage\":{\"@id\":\"https:\/\/www.nettali.com\/2026\/03\/16\/affaire-de-falsification-de-documents-un-reseau-presume-demantele-au-ministere-des-affaires-etrangeres\/#primaryimage\"},\"datePublished\":\"2026-03-16T21:56:59+00:00\",\"dateModified\":\"2026-03-16T18:58:20+00:00\",\"author\":{\"@id\":\"https:\/\/www.nettali.com\/#\/schema\/person\/3317e0bb3aa1da309fbf7b2780901bf4\"},\"breadcrumb\":{\"@id\":\"https:\/\/www.nettali.com\/2026\/03\/16\/affaire-de-falsification-de-documents-un-reseau-presume-demantele-au-ministere-des-affaires-etrangeres\/#breadcrumb\"},\"inLanguage\":\"fr-FR\",\"potentialAction\":[{\"@type\":\"ReadAction\",\"target\":[\"https:\/\/www.nettali.com\/2026\/03\/16\/affaire-de-falsification-de-documents-un-reseau-presume-demantele-au-ministere-des-affaires-etrangeres\/\"]}]},{\"@type\":\"BreadcrumbList\",\"@id\":\"https:\/\/www.nettali.com\/2026\/03\/16\/affaire-de-falsification-de-documents-un-reseau-presume-demantele-au-ministere-des-affaires-etrangeres\/#breadcrumb\",\"itemListElement\":[{\"@type\":\"ListItem\",\"position\":1,\"name\":\"Accueil\",\"item\":\"https:\/\/www.nettali.com\/\"},{\"@type\":\"ListItem\",\"position\":2,\"name\":\"AFFAIRE DE FALSIFICATION DE DOCUMENTS : un r\\u00e9seau pr\\u00e9sum\\u00e9 d\\u00e9mantel\\u00e9 au minist\\u00e8re des Affaires \\u00e9trang\\u00e8res\"}]},{\"@type\":\"Person\",\"@id\":\"https:\/\/www.nettali.com\/#\/schema\/person\/3317e0bb3aa1da309fbf7b2780901bf4\",\"name\":\"Daouda\",\"image\":{\"@type\":\"ImageObject\",\"@id\":\"https:\/\/www.nettali.com\/#personlogo\",\"inLanguage\":\"fr-FR\",\"url\":\"https:\/\/secure.gravatar.com\/avatar\/8d143b5a49345098ddcfee1c49c2f47c?s=96&d=mm&r=g\",\"contentUrl\":\"https:\/\/secure.gravatar.com\/avatar\/8d143b5a49345098ddcfee1c49c2f47c?s=96&d=mm&r=g\",\"caption\":\"Daouda\"},\"sameAs\":[\"https:\/\/www.nettali.com\"]}]}<\/script>\n<!-- \/ Yoast SEO Premium plugin. -->","yoast_head_json":{"title":"AFFAIRE DE FALSIFICATION DE DOCUMENTS : un r\u00e9seau pr\u00e9sum\u00e9 d\u00e9mantel\u00e9 au minist\u00e8re des Affaires \u00e9trang\u00e8res | Nettali.com","robots":{"index":"index","follow":"follow","max-snippet":"max-snippet:-1","max-image-preview":"max-image-preview:large","max-video-preview":"max-video-preview:-1"},"canonical":"https:\/\/www.nettali.com\/2026\/03\/16\/affaire-de-falsification-de-documents-un-reseau-presume-demantele-au-ministere-des-affaires-etrangeres\/","og_locale":"fr_FR","og_type":"article","og_title":"AFFAIRE DE FALSIFICATION DE DOCUMENTS : un r\u00e9seau pr\u00e9sum\u00e9 d\u00e9mantel\u00e9 au minist\u00e8re des Affaires \u00e9trang\u00e8res","og_description":"NETTALI.COM - Le Minist\u00e8re de l\u2019Int\u00e9gration africaine et des Affaires \u00e9trang\u00e8res du S\u00e9n\u00e9gal est secou\u00e9 par une affaire pr\u00e9sum\u00e9e de corruption et de falsification de documents administratifs. Douze membres d\u2019un r\u00e9seau pr\u00e9sum\u00e9 ont \u00e9t\u00e9 pr\u00e9sent\u00e9s ce lundi au parquet de Dakar apr\u00e8s leur interpellation par la Section de recherches de Colobane, qui a d\u00e9mantel\u00e9 cette [&hellip;]","og_url":"https:\/\/www.nettali.com\/2026\/03\/16\/affaire-de-falsification-de-documents-un-reseau-presume-demantele-au-ministere-des-affaires-etrangeres\/","og_site_name":"Nettali.com","article_publisher":"https:\/\/www.facebook.com\/nettalicom","article_published_time":"2026-03-16T21:56:59+00:00","article_modified_time":"2026-03-16T18:58:20+00:00","og_image":[{"width":550,"height":409,"url":"https:\/\/www.nettali.com\/wp-content\/uploads\/2019\/12\/ministere-affaires-etrangeres.jpg","type":"image\/jpeg"}],"twitter_card":"summary_large_image","twitter_misc":{"\u00c9crit par":"Daouda","Dur\u00e9e de lecture estim\u00e9e":"2 minutes"},"schema":{"@context":"https:\/\/schema.org","@graph":[{"@type":"WebSite","@id":"https:\/\/www.nettali.com\/#website","url":"https:\/\/www.nettali.com\/","name":"Nettali.com","description":"Le rendez-vous critique du Net","potentialAction":[{"@type":"SearchAction","target":{"@type":"EntryPoint","urlTemplate":"https:\/\/www.nettali.com\/?s={search_term_string}"},"query-input":"required name=search_term_string"}],"inLanguage":"fr-FR"},{"@type":"ImageObject","@id":"https:\/\/www.nettali.com\/2026\/03\/16\/affaire-de-falsification-de-documents-un-reseau-presume-demantele-au-ministere-des-affaires-etrangeres\/#primaryimage","inLanguage":"fr-FR","url":"https:\/\/www.nettali.com\/wp-content\/uploads\/2019\/12\/ministere-affaires-etrangeres.jpg","contentUrl":"https:\/\/www.nettali.com\/wp-content\/uploads\/2019\/12\/ministere-affaires-etrangeres.jpg","width":550,"height":409},{"@type":"WebPage","@id":"https:\/\/www.nettali.com\/2026\/03\/16\/affaire-de-falsification-de-documents-un-reseau-presume-demantele-au-ministere-des-affaires-etrangeres\/#webpage","url":"https:\/\/www.nettali.com\/2026\/03\/16\/affaire-de-falsification-de-documents-un-reseau-presume-demantele-au-ministere-des-affaires-etrangeres\/","name":"AFFAIRE DE FALSIFICATION DE DOCUMENTS : un r\u00e9seau pr\u00e9sum\u00e9 d\u00e9mantel\u00e9 au minist\u00e8re des Affaires \u00e9trang\u00e8res | Nettali.com","isPartOf":{"@id":"https:\/\/www.nettali.com\/#website"},"primaryImageOfPage":{"@id":"https:\/\/www.nettali.com\/2026\/03\/16\/affaire-de-falsification-de-documents-un-reseau-presume-demantele-au-ministere-des-affaires-etrangeres\/#primaryimage"},"datePublished":"2026-03-16T21:56:59+00:00","dateModified":"2026-03-16T18:58:20+00:00","author":{"@id":"https:\/\/www.nettali.com\/#\/schema\/person\/3317e0bb3aa1da309fbf7b2780901bf4"},"breadcrumb":{"@id":"https:\/\/www.nettali.com\/2026\/03\/16\/affaire-de-falsification-de-documents-un-reseau-presume-demantele-au-ministere-des-affaires-etrangeres\/#breadcrumb"},"inLanguage":"fr-FR","potentialAction":[{"@type":"ReadAction","target":["https:\/\/www.nettali.com\/2026\/03\/16\/affaire-de-falsification-de-documents-un-reseau-presume-demantele-au-ministere-des-affaires-etrangeres\/"]}]},{"@type":"BreadcrumbList","@id":"https:\/\/www.nettali.com\/2026\/03\/16\/affaire-de-falsification-de-documents-un-reseau-presume-demantele-au-ministere-des-affaires-etrangeres\/#breadcrumb","itemListElement":[{"@type":"ListItem","position":1,"name":"Accueil","item":"https:\/\/www.nettali.com\/"},{"@type":"ListItem","position":2,"name":"AFFAIRE DE FALSIFICATION DE DOCUMENTS : un r\u00e9seau pr\u00e9sum\u00e9 d\u00e9mantel\u00e9 au minist\u00e8re des Affaires \u00e9trang\u00e8res"}]},{"@type":"Person","@id":"https:\/\/www.nettali.com\/#\/schema\/person\/3317e0bb3aa1da309fbf7b2780901bf4","name":"Daouda","image":{"@type":"ImageObject","@id":"https:\/\/www.nettali.com\/#personlogo","inLanguage":"fr-FR","url":"https:\/\/secure.gravatar.com\/avatar\/8d143b5a49345098ddcfee1c49c2f47c?s=96&d=mm&r=g","contentUrl":"https:\/\/secure.gravatar.com\/avatar\/8d143b5a49345098ddcfee1c49c2f47c?s=96&d=mm&r=g","caption":"Daouda"},"sameAs":["https:\/\/www.nettali.com"]}]}},"_links":{"self":[{"href":"https:\/\/www.nettali.com\/rest\/wp\/v2\/posts\/170988"}],"collection":[{"href":"https:\/\/www.nettali.com\/rest\/wp\/v2\/posts"}],"about":[{"href":"https:\/\/www.nettali.com\/rest\/wp\/v2\/types\/post"}],"author":[{"embeddable":true,"href":"https:\/\/www.nettali.com\/rest\/wp\/v2\/users\/4"}],"replies":[{"embeddable":true,"href":"https:\/\/www.nettali.com\/rest\/wp\/v2\/comments?post=170988"}],"version-history":[{"count":1,"href":"https:\/\/www.nettali.com\/rest\/wp\/v2\/posts\/170988\/revisions"}],"predecessor-version":[{"id":170989,"href":"https:\/\/www.nettali.com\/rest\/wp\/v2\/posts\/170988\/revisions\/170989"}],"wp:featuredmedia":[{"embeddable":true,"href":"https:\/\/www.nettali.com\/rest\/wp\/v2\/media\/24421"}],"wp:attachment":[{"href":"https:\/\/www.nettali.com\/rest\/wp\/v2\/media?parent=170988"}],"wp:term":[{"taxonomy":"category","embeddable":true,"href":"https:\/\/www.nettali.com\/rest\/wp\/v2\/categories?post=170988"},{"taxonomy":"post_tag","embeddable":true,"href":"https:\/\/www.nettali.com\/rest\/wp\/v2\/tags?post=170988"}],"curies":[{"name":"wp","href":"https:\/\/api.w.org\/{rel}","templated":true}]}}