{"id":170986,"date":"2026-03-16T19:50:38","date_gmt":"2026-03-16T19:50:38","guid":{"rendered":"https:\/\/www.nettali.com\/?p=170986"},"modified":"2026-03-16T18:53:49","modified_gmt":"2026-03-16T18:53:49","slug":"sorti-de-prison-cheikh-oumar-diagne-acte-sa-rupture-avec-pastef-et-denonce-une-deviation-ideologique","status":"publish","type":"post","link":"https:\/\/www.nettali.com\/2026\/03\/16\/sorti-de-prison-cheikh-oumar-diagne-acte-sa-rupture-avec-pastef-et-denonce-une-deviation-ideologique\/","title":{"rendered":"SORTI DE PRISON - Cheikh Oumar Diagne acte sa rupture avec Pastef et d\u00e9nonce une \u00ab d\u00e9viation id\u00e9ologique \u00bb"},"content":{"rendered":"<p data-start=\"98\" data-end=\"350\"><strong>NETTALI.COM - Le secr\u00e9taire g\u00e9n\u00e9ral du Rassemblement pour la V\u00e9rit\u00e9 And Ci Degg, Cheikh Oumar Diagne, a officialis\u00e9 sa rupture avec le parti au pouvoir, Pastef, lors d\u2019une conf\u00e9rence de presse tenue ce matin. L\u2019ancien alli\u00e9 du mouvement a expliqu\u00e9 que lui et ses partisans ne se battront d\u00e9sormais plus pour Pastef, tout en assumant pleinement son soutien pass\u00e9.<\/strong><\/p>\n<p data-start=\"513\" data-end=\"612\"><em>\u00ab Je ne regrette pas d\u2019avoir soutenu Pastef, car je l\u2019ai fait pour mes principes \u00bb<\/em>, a-t-il d\u00e9clar\u00e9. Selon Cheikh Oumar Diagne, la rupture s\u2019explique par ce qu\u2019il consid\u00e8re comme un changement de cap id\u00e9ologique du mouvement qu\u2019il avait accompagn\u00e9.<\/p>\n<p data-start=\"815\" data-end=\"974\">Le leader du RV\/ACD estime que Pastef aurait abandonn\u00e9 le combat pour la souverainet\u00e9 nationale, qui constituait \u00e0 ses yeux le fondement de son engagement.<\/p>\n<p data-start=\"976\" data-end=\"1028\">Il r\u00e9sume cette \u00e9volution par une formule critique : \u00ab Le Parti avant la Patrie. \u00bb Une orientation qu\u2019il dit rejeter, affirmant que la patrie doit rester au-dessus de toute formation politique. Au cours de son intervention, Cheikh Oumar Diagne s\u2019est \u00e9galement attaqu\u00e9 au concept de \u00ab Parti-\u00c9tat \u00bb, qu\u2019il consid\u00e8re comme une d\u00e9rive politique.<\/p>\n<p data-start=\"1379\" data-end=\"1554\">Selon lui, il existerait un \u00e9cart important entre le discours tenu par les actuels dirigeants lorsqu\u2019ils \u00e9taient dans l\u2019opposition et leur pratique du pouvoir aujourd\u2019hui. Il estime que cette contradiction fragilise la cr\u00e9dibilit\u00e9 du r\u00e9gime et nourrit la d\u00e9fiance d\u2019une partie de l\u2019opinion.<\/p>\n<p>Dans son analyse de la situation nationale, le leader du RV\/ACD a jug\u00e9 que le pouvoir actuel s\u2019enlise dans des pol\u00e9miques et des confrontations politiques, au d\u00e9triment des priorit\u00e9s \u00e9conomiques. <em>\u00ab Ce r\u00e9gime ne fera rien d\u2019important dans ce pays \u00bb<\/em>, a-t-il affirm\u00e9.<\/p>\n<p data-start=\"2019\" data-end=\"2158\">Il a appel\u00e9 les autorit\u00e9s \u00e0 se concentrer davantage sur les enjeux de d\u00e9veloppement \u00e9conomique plut\u00f4t que sur les rivalit\u00e9s politiques. Cheikh Oumar Diagne a \u00e9galement abord\u00e9 la question du financement de l\u2019\u00e9conomie, d\u00e9non\u00e7ant le co\u00fbt \u00e9lev\u00e9 du cr\u00e9dit au S\u00e9n\u00e9gal. Selon lui, un taux avoisinant les 7 % constitue un frein majeur pour l\u2019investissement des entreprises.<\/p>\n<p data-start=\"2467\" data-end=\"2701\">Il a par ailleurs critiqu\u00e9 la forte pr\u00e9sence des banques \u00e9trang\u00e8res dans le syst\u00e8me financier s\u00e9n\u00e9galais, estimant qu\u2019elles privil\u00e9gient souvent des logiques de rentabilit\u00e9 \u00e0 court terme plut\u00f4t que le financement du d\u00e9veloppement.<\/p>\n<p data-start=\"2703\" data-end=\"2814\">Pour y rem\u00e9dier, il plaide pour une refonte profonde du syst\u00e8me bancaire, mon\u00e9taire et de l'assurance du pays.<\/p>\n<p>Sur le terrain de la souverainet\u00e9 \u00e9conomique, Cheikh Oumar Diagne a soulign\u00e9 que des op\u00e9rateurs turcs, chinois et des consortiums d\u2019entreprises fran\u00e7aises continuent d\u2019occuper des positions strat\u00e9giques dans l\u2019\u00e9conomie s\u00e9n\u00e9galaise.<\/p>\n<p data-start=\"3109\" data-end=\"3233\">Il estime que cette situation contraste avec l\u2019ambition affich\u00e9e de b\u00e2tir de v\u00e9ritables champions \u00e9conomiques nationaux.<\/p>\n<p data-start=\"3235\" data-end=\"3512\">Enfin, il a alert\u00e9 sur la d\u00e9gradation du climat des affaires, affirmant que le S\u00e9n\u00e9gal perd progressivement du terrain face \u00e0 certains voisins, citant notamment C\u00f4te d\u2019Ivoire, qui attirerait d\u00e9sormais d\u2019importants investissements internationaux.<\/p>\n<p data-start=\"3514\" data-end=\"3659\" data-is-last-node=\"\" data-is-only-node=\"\">Pour lui, ces signaux devraient inciter les autorit\u00e9s \u00e0 r\u00e9orienter leurs priorit\u00e9s \u00e9conomiques et \u00e0 restaurer la confiance des investisseurs.<\/p>\n<p>&nbsp;<\/p>\n<div class='share-to-whatsapp-wrapper'><div class='share-on-whsp'>PARTAGER SUR : <\/div><a data-text='SORTI DE PRISON - Cheikh Oumar Diagne acte sa rupture avec Pastef et d\u00e9nonce une \u00ab d\u00e9viation id\u00e9ologique \u00bb' data-link='https:\/\/www.nettali.com\/2026\/03\/16\/sorti-de-prison-cheikh-oumar-diagne-acte-sa-rupture-avec-pastef-et-denonce-une-deviation-ideologique\/' class='whatsapp-button whatsapp-share'>WhatsApp<\/a><div class='clear '><\/div><\/div>","protected":false},"excerpt":{"rendered":"<p>NETTALI.COM - Le secr\u00e9taire g\u00e9n\u00e9ral du Rassemblement pour la V\u00e9rit\u00e9 And Ci Degg, Cheikh Oumar Diagne, a officialis\u00e9 sa rupture avec le parti au pouvoir, Pastef, lors d\u2019une conf\u00e9rence de presse tenue ce matin. L\u2019ancien alli\u00e9 du mouvement a expliqu\u00e9 que lui et ses partisans ne se battront d\u00e9sormais plus pour Pastef, tout en assumant [&hellip;]<\/p>\n","protected":false},"author":4,"featured_media":165402,"comment_status":"open","ping_status":"open","sticky":false,"template":"","format":"standard","meta":{"_et_pb_use_builder":"","_et_pb_old_content":""},"categories":[2],"tags":[],"yoast_head":"<!-- This site is optimized with the Yoast SEO Premium plugin v17.8 (Yoast SEO v17.8) - https:\/\/yoast.com\/wordpress\/plugins\/seo\/ -->\n<title>SORTI DE PRISON - Cheikh Oumar Diagne acte sa rupture avec Pastef et d\u00e9nonce une \u00ab d\u00e9viation id\u00e9ologique \u00bb | Nettali.com<\/title>\n<meta name=\"robots\" content=\"index, follow, max-snippet:-1, max-image-preview:large, max-video-preview:-1\" \/>\n<link rel=\"canonical\" href=\"https:\/\/www.nettali.com\/2026\/03\/16\/sorti-de-prison-cheikh-oumar-diagne-acte-sa-rupture-avec-pastef-et-denonce-une-deviation-ideologique\/\" \/>\n<meta property=\"og:locale\" content=\"fr_FR\" \/>\n<meta property=\"og:type\" content=\"article\" \/>\n<meta property=\"og:title\" content=\"SORTI DE PRISON - Cheikh Oumar Diagne acte sa rupture avec Pastef et d\u00e9nonce une \u00ab d\u00e9viation id\u00e9ologique \u00bb\" \/>\n<meta property=\"og:description\" content=\"NETTALI.COM - Le secr\u00e9taire g\u00e9n\u00e9ral du Rassemblement pour la V\u00e9rit\u00e9 And Ci Degg, Cheikh Oumar Diagne, a officialis\u00e9 sa rupture avec le parti au pouvoir, Pastef, lors d\u2019une conf\u00e9rence de presse tenue ce matin. L\u2019ancien alli\u00e9 du mouvement a expliqu\u00e9 que lui et ses partisans ne se battront d\u00e9sormais plus pour Pastef, tout en assumant [&hellip;]\" \/>\n<meta property=\"og:url\" content=\"https:\/\/www.nettali.com\/2026\/03\/16\/sorti-de-prison-cheikh-oumar-diagne-acte-sa-rupture-avec-pastef-et-denonce-une-deviation-ideologique\/\" \/>\n<meta property=\"og:site_name\" content=\"Nettali.com\" \/>\n<meta property=\"article:publisher\" content=\"https:\/\/www.facebook.com\/nettalicom\" \/>\n<meta property=\"article:published_time\" content=\"2026-03-16T19:50:38+00:00\" \/>\n<meta property=\"article:modified_time\" content=\"2026-03-16T18:53:49+00:00\" \/>\n<meta property=\"og:image\" content=\"https:\/\/www.nettali.com\/wp-content\/uploads\/2025\/11\/Cheikh-Oumar-Diagne.jpg\" \/>\n\t<meta property=\"og:image:width\" content=\"640\" \/>\n\t<meta property=\"og:image:height\" content=\"359\" \/>\n<meta name=\"twitter:card\" content=\"summary_large_image\" \/>\n<meta name=\"twitter:label1\" content=\"\u00c9crit par\" \/>\n\t<meta name=\"twitter:data1\" content=\"Daouda\" \/>\n\t<meta name=\"twitter:label2\" content=\"Dur\u00e9e de lecture estim\u00e9e\" \/>\n\t<meta name=\"twitter:data2\" content=\"3 minutes\" \/>\n<script type=\"application\/ld+json\" class=\"yoast-schema-graph\">{\"@context\":\"https:\/\/schema.org\",\"@graph\":[{\"@type\":\"WebSite\",\"@id\":\"https:\/\/www.nettali.com\/#website\",\"url\":\"https:\/\/www.nettali.com\/\",\"name\":\"Nettali.com\",\"description\":\"Le rendez-vous critique du Net\",\"potentialAction\":[{\"@type\":\"SearchAction\",\"target\":{\"@type\":\"EntryPoint\",\"urlTemplate\":\"https:\/\/www.nettali.com\/?s={search_term_string}\"},\"query-input\":\"required name=search_term_string\"}],\"inLanguage\":\"fr-FR\"},{\"@type\":\"ImageObject\",\"@id\":\"https:\/\/www.nettali.com\/2026\/03\/16\/sorti-de-prison-cheikh-oumar-diagne-acte-sa-rupture-avec-pastef-et-denonce-une-deviation-ideologique\/#primaryimage\",\"inLanguage\":\"fr-FR\",\"url\":\"https:\/\/www.nettali.com\/wp-content\/uploads\/2025\/11\/Cheikh-Oumar-Diagne.jpg\",\"contentUrl\":\"https:\/\/www.nettali.com\/wp-content\/uploads\/2025\/11\/Cheikh-Oumar-Diagne.jpg\",\"width\":640,\"height\":359},{\"@type\":\"WebPage\",\"@id\":\"https:\/\/www.nettali.com\/2026\/03\/16\/sorti-de-prison-cheikh-oumar-diagne-acte-sa-rupture-avec-pastef-et-denonce-une-deviation-ideologique\/#webpage\",\"url\":\"https:\/\/www.nettali.com\/2026\/03\/16\/sorti-de-prison-cheikh-oumar-diagne-acte-sa-rupture-avec-pastef-et-denonce-une-deviation-ideologique\/\",\"name\":\"SORTI DE PRISON - Cheikh Oumar Diagne acte sa rupture avec Pastef et d\\u00e9nonce une \\u00ab d\\u00e9viation id\\u00e9ologique \\u00bb | Nettali.com\",\"isPartOf\":{\"@id\":\"https:\/\/www.nettali.com\/#website\"},\"primaryImageOfPage\":{\"@id\":\"https:\/\/www.nettali.com\/2026\/03\/16\/sorti-de-prison-cheikh-oumar-diagne-acte-sa-rupture-avec-pastef-et-denonce-une-deviation-ideologique\/#primaryimage\"},\"datePublished\":\"2026-03-16T19:50:38+00:00\",\"dateModified\":\"2026-03-16T18:53:49+00:00\",\"author\":{\"@id\":\"https:\/\/www.nettali.com\/#\/schema\/person\/3317e0bb3aa1da309fbf7b2780901bf4\"},\"breadcrumb\":{\"@id\":\"https:\/\/www.nettali.com\/2026\/03\/16\/sorti-de-prison-cheikh-oumar-diagne-acte-sa-rupture-avec-pastef-et-denonce-une-deviation-ideologique\/#breadcrumb\"},\"inLanguage\":\"fr-FR\",\"potentialAction\":[{\"@type\":\"ReadAction\",\"target\":[\"https:\/\/www.nettali.com\/2026\/03\/16\/sorti-de-prison-cheikh-oumar-diagne-acte-sa-rupture-avec-pastef-et-denonce-une-deviation-ideologique\/\"]}]},{\"@type\":\"BreadcrumbList\",\"@id\":\"https:\/\/www.nettali.com\/2026\/03\/16\/sorti-de-prison-cheikh-oumar-diagne-acte-sa-rupture-avec-pastef-et-denonce-une-deviation-ideologique\/#breadcrumb\",\"itemListElement\":[{\"@type\":\"ListItem\",\"position\":1,\"name\":\"Accueil\",\"item\":\"https:\/\/www.nettali.com\/\"},{\"@type\":\"ListItem\",\"position\":2,\"name\":\"SORTI DE PRISON - Cheikh Oumar Diagne acte sa rupture avec Pastef et d\\u00e9nonce une \\u00ab d\\u00e9viation id\\u00e9ologique \\u00bb\"}]},{\"@type\":\"Person\",\"@id\":\"https:\/\/www.nettali.com\/#\/schema\/person\/3317e0bb3aa1da309fbf7b2780901bf4\",\"name\":\"Daouda\",\"image\":{\"@type\":\"ImageObject\",\"@id\":\"https:\/\/www.nettali.com\/#personlogo\",\"inLanguage\":\"fr-FR\",\"url\":\"https:\/\/secure.gravatar.com\/avatar\/8d143b5a49345098ddcfee1c49c2f47c?s=96&d=mm&r=g\",\"contentUrl\":\"https:\/\/secure.gravatar.com\/avatar\/8d143b5a49345098ddcfee1c49c2f47c?s=96&d=mm&r=g\",\"caption\":\"Daouda\"},\"sameAs\":[\"https:\/\/www.nettali.com\"]}]}<\/script>\n<!-- \/ Yoast SEO Premium plugin. -->","yoast_head_json":{"title":"SORTI DE PRISON - Cheikh Oumar Diagne acte sa rupture avec Pastef et d\u00e9nonce une \u00ab d\u00e9viation id\u00e9ologique \u00bb | Nettali.com","robots":{"index":"index","follow":"follow","max-snippet":"max-snippet:-1","max-image-preview":"max-image-preview:large","max-video-preview":"max-video-preview:-1"},"canonical":"https:\/\/www.nettali.com\/2026\/03\/16\/sorti-de-prison-cheikh-oumar-diagne-acte-sa-rupture-avec-pastef-et-denonce-une-deviation-ideologique\/","og_locale":"fr_FR","og_type":"article","og_title":"SORTI DE PRISON - Cheikh Oumar Diagne acte sa rupture avec Pastef et d\u00e9nonce une \u00ab d\u00e9viation id\u00e9ologique \u00bb","og_description":"NETTALI.COM - Le secr\u00e9taire g\u00e9n\u00e9ral du Rassemblement pour la V\u00e9rit\u00e9 And Ci Degg, Cheikh Oumar Diagne, a officialis\u00e9 sa rupture avec le parti au pouvoir, Pastef, lors d\u2019une conf\u00e9rence de presse tenue ce matin. L\u2019ancien alli\u00e9 du mouvement a expliqu\u00e9 que lui et ses partisans ne se battront d\u00e9sormais plus pour Pastef, tout en assumant [&hellip;]","og_url":"https:\/\/www.nettali.com\/2026\/03\/16\/sorti-de-prison-cheikh-oumar-diagne-acte-sa-rupture-avec-pastef-et-denonce-une-deviation-ideologique\/","og_site_name":"Nettali.com","article_publisher":"https:\/\/www.facebook.com\/nettalicom","article_published_time":"2026-03-16T19:50:38+00:00","article_modified_time":"2026-03-16T18:53:49+00:00","og_image":[{"width":640,"height":359,"url":"https:\/\/www.nettali.com\/wp-content\/uploads\/2025\/11\/Cheikh-Oumar-Diagne.jpg","type":"image\/jpeg"}],"twitter_card":"summary_large_image","twitter_misc":{"\u00c9crit par":"Daouda","Dur\u00e9e de lecture estim\u00e9e":"3 minutes"},"schema":{"@context":"https:\/\/schema.org","@graph":[{"@type":"WebSite","@id":"https:\/\/www.nettali.com\/#website","url":"https:\/\/www.nettali.com\/","name":"Nettali.com","description":"Le rendez-vous critique du Net","potentialAction":[{"@type":"SearchAction","target":{"@type":"EntryPoint","urlTemplate":"https:\/\/www.nettali.com\/?s={search_term_string}"},"query-input":"required name=search_term_string"}],"inLanguage":"fr-FR"},{"@type":"ImageObject","@id":"https:\/\/www.nettali.com\/2026\/03\/16\/sorti-de-prison-cheikh-oumar-diagne-acte-sa-rupture-avec-pastef-et-denonce-une-deviation-ideologique\/#primaryimage","inLanguage":"fr-FR","url":"https:\/\/www.nettali.com\/wp-content\/uploads\/2025\/11\/Cheikh-Oumar-Diagne.jpg","contentUrl":"https:\/\/www.nettali.com\/wp-content\/uploads\/2025\/11\/Cheikh-Oumar-Diagne.jpg","width":640,"height":359},{"@type":"WebPage","@id":"https:\/\/www.nettali.com\/2026\/03\/16\/sorti-de-prison-cheikh-oumar-diagne-acte-sa-rupture-avec-pastef-et-denonce-une-deviation-ideologique\/#webpage","url":"https:\/\/www.nettali.com\/2026\/03\/16\/sorti-de-prison-cheikh-oumar-diagne-acte-sa-rupture-avec-pastef-et-denonce-une-deviation-ideologique\/","name":"SORTI DE PRISON - Cheikh Oumar Diagne acte sa rupture avec Pastef et d\u00e9nonce une \u00ab d\u00e9viation id\u00e9ologique \u00bb | Nettali.com","isPartOf":{"@id":"https:\/\/www.nettali.com\/#website"},"primaryImageOfPage":{"@id":"https:\/\/www.nettali.com\/2026\/03\/16\/sorti-de-prison-cheikh-oumar-diagne-acte-sa-rupture-avec-pastef-et-denonce-une-deviation-ideologique\/#primaryimage"},"datePublished":"2026-03-16T19:50:38+00:00","dateModified":"2026-03-16T18:53:49+00:00","author":{"@id":"https:\/\/www.nettali.com\/#\/schema\/person\/3317e0bb3aa1da309fbf7b2780901bf4"},"breadcrumb":{"@id":"https:\/\/www.nettali.com\/2026\/03\/16\/sorti-de-prison-cheikh-oumar-diagne-acte-sa-rupture-avec-pastef-et-denonce-une-deviation-ideologique\/#breadcrumb"},"inLanguage":"fr-FR","potentialAction":[{"@type":"ReadAction","target":["https:\/\/www.nettali.com\/2026\/03\/16\/sorti-de-prison-cheikh-oumar-diagne-acte-sa-rupture-avec-pastef-et-denonce-une-deviation-ideologique\/"]}]},{"@type":"BreadcrumbList","@id":"https:\/\/www.nettali.com\/2026\/03\/16\/sorti-de-prison-cheikh-oumar-diagne-acte-sa-rupture-avec-pastef-et-denonce-une-deviation-ideologique\/#breadcrumb","itemListElement":[{"@type":"ListItem","position":1,"name":"Accueil","item":"https:\/\/www.nettali.com\/"},{"@type":"ListItem","position":2,"name":"SORTI DE PRISON - Cheikh Oumar Diagne acte sa rupture avec Pastef et d\u00e9nonce une \u00ab d\u00e9viation id\u00e9ologique \u00bb"}]},{"@type":"Person","@id":"https:\/\/www.nettali.com\/#\/schema\/person\/3317e0bb3aa1da309fbf7b2780901bf4","name":"Daouda","image":{"@type":"ImageObject","@id":"https:\/\/www.nettali.com\/#personlogo","inLanguage":"fr-FR","url":"https:\/\/secure.gravatar.com\/avatar\/8d143b5a49345098ddcfee1c49c2f47c?s=96&d=mm&r=g","contentUrl":"https:\/\/secure.gravatar.com\/avatar\/8d143b5a49345098ddcfee1c49c2f47c?s=96&d=mm&r=g","caption":"Daouda"},"sameAs":["https:\/\/www.nettali.com"]}]}},"_links":{"self":[{"href":"https:\/\/www.nettali.com\/rest\/wp\/v2\/posts\/170986"}],"collection":[{"href":"https:\/\/www.nettali.com\/rest\/wp\/v2\/posts"}],"about":[{"href":"https:\/\/www.nettali.com\/rest\/wp\/v2\/types\/post"}],"author":[{"embeddable":true,"href":"https:\/\/www.nettali.com\/rest\/wp\/v2\/users\/4"}],"replies":[{"embeddable":true,"href":"https:\/\/www.nettali.com\/rest\/wp\/v2\/comments?post=170986"}],"version-history":[{"count":1,"href":"https:\/\/www.nettali.com\/rest\/wp\/v2\/posts\/170986\/revisions"}],"predecessor-version":[{"id":170987,"href":"https:\/\/www.nettali.com\/rest\/wp\/v2\/posts\/170986\/revisions\/170987"}],"wp:featuredmedia":[{"embeddable":true,"href":"https:\/\/www.nettali.com\/rest\/wp\/v2\/media\/165402"}],"wp:attachment":[{"href":"https:\/\/www.nettali.com\/rest\/wp\/v2\/media?parent=170986"}],"wp:term":[{"taxonomy":"category","embeddable":true,"href":"https:\/\/www.nettali.com\/rest\/wp\/v2\/categories?post=170986"},{"taxonomy":"post_tag","embeddable":true,"href":"https:\/\/www.nettali.com\/rest\/wp\/v2\/tags?post=170986"}],"curies":[{"name":"wp","href":"https:\/\/api.w.org\/{rel}","templated":true}]}}