{"id":170981,"date":"2026-03-16T18:09:27","date_gmt":"2026-03-16T18:09:27","guid":{"rendered":"https:\/\/www.nettali.com\/?p=170981"},"modified":"2026-03-17T13:43:12","modified_gmt":"2026-03-17T13:43:12","slug":"interne-a-thiaroye-azoura-fall-denonce-une-mesure-injustifiee-et-annonce-quitter-pastef","status":"publish","type":"post","link":"https:\/\/www.nettali.com\/2026\/03\/16\/interne-a-thiaroye-azoura-fall-denonce-une-mesure-injustifiee-et-annonce-quitter-pastef\/","title":{"rendered":"INTERNE A THIAROYE - Azoura Fall d\u00e9nonce une mesure \u00ab injustifi\u00e9e \u00bb et annonce quitter Pastef"},"content":{"rendered":"<p data-start=\"102\" data-end=\"288\"><strong>NETTALI.COM - Intern\u00e9 au Centre psychiatrique de Thiaroye, Assane Fall, plus connu sous le surnom \u00ab Azoura \u00bb, conteste vivement la d\u00e9cision judiciaire qui a conduit \u00e0 son hospitalisation. Le militant du parti Pastef affirme ne pas comprendre les raisons de son internement et d\u00e9nonce des conditions qu\u2019il qualifie d\u2019\u00ab inhumaines \u00bb.<\/strong><\/p>\n<p data-start=\"472\" data-end=\"624\"><em>\u00ab Je ne suis pas \u00e0 ma place ici \u00bb<\/em>, a-t-il d\u00e9clar\u00e9 lors d\u2019un \u00e9change t\u00e9l\u00e9phonique avec le site d\u2019information Seneweb, utilisant le t\u00e9l\u00e9phone d\u2019un proche.<\/p>\n<p>Selon ses d\u00e9clarations, Azoura dit avoir entam\u00e9 une gr\u00e8ve de la faim pour protester contre son hospitalisation. Il affirme que des traitements m\u00e9dicaux lui sont administr\u00e9s contre sa volont\u00e9. <em>\u00ab Ils m\u2019injectent de puissants antipsychotiques qui me font dormir pendant des jours \u00bb<\/em>, a-t-il d\u00e9nonc\u00e9.<\/p>\n<p data-start=\"970\" data-end=\"1115\">Le militant assure qu\u2019il pr\u00e9f\u00e9rerait \u00eatre transf\u00e9r\u00e9 \u00e0 la prison de Rebeuss plut\u00f4t que de rester intern\u00e9 dans cet \u00e9tablissement psychiatrique. <em>\u00ab Je ne suis pas fou et je ne l\u2019ai jamais \u00e9t\u00e9. Mon honneur m\u2019interdit de rester ici \u00bb<\/em>, a-t-il d\u00e9clar\u00e9.<\/p>\n<p>Dans la foul\u00e9e, Assane Fall a \u00e9galement annonc\u00e9 mettre fin \u00e0 son engagement politique au sein de Pastef, accusant le parti de l\u2019avoir abandonn\u00e9. <em>\u00ab Entre Azoura et Pastef, c\u2019est fini. Pastef m\u2019a trahi \u00bb<\/em>, a-t-il lanc\u00e9.<\/p>\n<p data-start=\"1490\" data-end=\"1639\">Selon lui, certains responsables politiques chercheraient \u00e0 pr\u00e9senter son \u00e9tat comme une circonstance att\u00e9nuante afin d\u2019\u00e9viter une incarc\u00e9ration.<\/p>\n<p>Revenant sur les faits qui ont conduit \u00e0 la proc\u00e9dure judiciaire, Azoura conteste l\u2019accusation de conduite sans permis. Il affirme \u00eatre d\u00e9tenteur d\u2019un permis militaire de conduite et explique avoir engag\u00e9 une proc\u00e9dure de conversion vers un permis civil au moment des faits.<\/p>\n<p>Cette affaire trouve son origine dans un accident de circulation survenu \u00e0 la M\u00e9dina, impliquant Azoura Fall et ayant fait un bless\u00e9 l\u00e9ger.<\/p>\n<p data-start=\"2167\" data-end=\"2283\">Dans le cadre de la proc\u00e9dure, son ami Serigne Saliou Fall, propri\u00e9taire du v\u00e9hicule, avait \u00e9t\u00e9 poursuivi pour :<\/p>\n<ul>\n<li data-start=\"2287\" data-end=\"2348\">remise d\u2019un v\u00e9hicule \u00e0 une personne non titulaire du permis<\/li>\n<li data-start=\"2351\" data-end=\"2398\">complicit\u00e9 de coups et blessures involontaires.<\/li>\n<\/ul>\n<p data-start=\"2400\" data-end=\"2600\">Jug\u00e9 par le tribunal des flagrants d\u00e9lits de Dakar, il a finalement b\u00e9n\u00e9fici\u00e9 d\u2019une relaxe pure et simple, la juridiction estimant qu\u2019Azoura aurait pris les cl\u00e9s du v\u00e9hicule sans autorisation.<\/p>\n<p data-start=\"2602\" data-end=\"2755\" data-is-last-node=\"\" data-is-only-node=\"\">L\u2019affaire reste n\u00e9anmoins suivie de pr\u00e8s, notamment en raison de l\u2019internement psychiatrique du militant et des r\u00e9actions politiques qu\u2019elle suscite.<\/p>\n<p>&nbsp;<\/p>\n<div class='share-to-whatsapp-wrapper'><div class='share-on-whsp'>PARTAGER SUR : <\/div><a data-text='INTERNE A THIAROYE - Azoura Fall d\u00e9nonce une mesure \u00ab injustifi\u00e9e \u00bb et annonce quitter Pastef' data-link='https:\/\/www.nettali.com\/2026\/03\/16\/interne-a-thiaroye-azoura-fall-denonce-une-mesure-injustifiee-et-annonce-quitter-pastef\/' class='whatsapp-button whatsapp-share'>WhatsApp<\/a><div class='clear '><\/div><\/div>","protected":false},"excerpt":{"rendered":"<p>NETTALI.COM - Intern\u00e9 au Centre psychiatrique de Thiaroye, Assane Fall, plus connu sous le surnom \u00ab Azoura \u00bb, conteste vivement la d\u00e9cision judiciaire qui a conduit \u00e0 son hospitalisation. Le militant du parti Pastef affirme ne pas comprendre les raisons de son internement et d\u00e9nonce des conditions qu\u2019il qualifie d\u2019\u00ab inhumaines \u00bb. \u00ab Je ne [&hellip;]<\/p>\n","protected":false},"author":4,"featured_media":154031,"comment_status":"open","ping_status":"open","sticky":false,"template":"","format":"standard","meta":{"_et_pb_use_builder":"","_et_pb_old_content":""},"categories":[3],"tags":[],"yoast_head":"<!-- This site is optimized with the Yoast SEO Premium plugin v17.8 (Yoast SEO v17.8) - https:\/\/yoast.com\/wordpress\/plugins\/seo\/ -->\n<title>INTERNE A THIAROYE - Azoura Fall d\u00e9nonce une mesure \u00ab injustifi\u00e9e \u00bb et annonce quitter Pastef | Nettali.com<\/title>\n<meta name=\"robots\" content=\"index, follow, max-snippet:-1, max-image-preview:large, max-video-preview:-1\" \/>\n<link rel=\"canonical\" href=\"https:\/\/www.nettali.com\/2026\/03\/16\/interne-a-thiaroye-azoura-fall-denonce-une-mesure-injustifiee-et-annonce-quitter-pastef\/\" \/>\n<meta property=\"og:locale\" content=\"fr_FR\" \/>\n<meta property=\"og:type\" content=\"article\" \/>\n<meta property=\"og:title\" content=\"INTERNE A THIAROYE - Azoura Fall d\u00e9nonce une mesure \u00ab injustifi\u00e9e \u00bb et annonce quitter Pastef\" \/>\n<meta property=\"og:description\" content=\"NETTALI.COM - Intern\u00e9 au Centre psychiatrique de Thiaroye, Assane Fall, plus connu sous le surnom \u00ab Azoura \u00bb, conteste vivement la d\u00e9cision judiciaire qui a conduit \u00e0 son hospitalisation. Le militant du parti Pastef affirme ne pas comprendre les raisons de son internement et d\u00e9nonce des conditions qu\u2019il qualifie d\u2019\u00ab inhumaines \u00bb. \u00ab Je ne [&hellip;]\" \/>\n<meta property=\"og:url\" content=\"https:\/\/www.nettali.com\/2026\/03\/16\/interne-a-thiaroye-azoura-fall-denonce-une-mesure-injustifiee-et-annonce-quitter-pastef\/\" \/>\n<meta property=\"og:site_name\" content=\"Nettali.com\" \/>\n<meta property=\"article:publisher\" content=\"https:\/\/www.facebook.com\/nettalicom\" \/>\n<meta property=\"article:published_time\" content=\"2026-03-16T18:09:27+00:00\" \/>\n<meta property=\"article:modified_time\" content=\"2026-03-17T13:43:12+00:00\" \/>\n<meta property=\"og:image\" content=\"https:\/\/www.nettali.com\/wp-content\/uploads\/2025\/05\/Azoura-Fall.jpg\" \/>\n\t<meta property=\"og:image:width\" content=\"828\" \/>\n\t<meta property=\"og:image:height\" content=\"455\" \/>\n<meta name=\"twitter:card\" content=\"summary_large_image\" \/>\n<meta name=\"twitter:label1\" content=\"\u00c9crit par\" \/>\n\t<meta name=\"twitter:data1\" content=\"Daouda\" \/>\n\t<meta name=\"twitter:label2\" content=\"Dur\u00e9e de lecture estim\u00e9e\" \/>\n\t<meta name=\"twitter:data2\" content=\"2 minutes\" \/>\n<script type=\"application\/ld+json\" class=\"yoast-schema-graph\">{\"@context\":\"https:\/\/schema.org\",\"@graph\":[{\"@type\":\"WebSite\",\"@id\":\"https:\/\/www.nettali.com\/#website\",\"url\":\"https:\/\/www.nettali.com\/\",\"name\":\"Nettali.com\",\"description\":\"Le rendez-vous critique du Net\",\"potentialAction\":[{\"@type\":\"SearchAction\",\"target\":{\"@type\":\"EntryPoint\",\"urlTemplate\":\"https:\/\/www.nettali.com\/?s={search_term_string}\"},\"query-input\":\"required name=search_term_string\"}],\"inLanguage\":\"fr-FR\"},{\"@type\":\"ImageObject\",\"@id\":\"https:\/\/www.nettali.com\/2026\/03\/16\/interne-a-thiaroye-azoura-fall-denonce-une-mesure-injustifiee-et-annonce-quitter-pastef\/#primaryimage\",\"inLanguage\":\"fr-FR\",\"url\":\"https:\/\/www.nettali.com\/wp-content\/uploads\/2025\/05\/Azoura-Fall.jpg\",\"contentUrl\":\"https:\/\/www.nettali.com\/wp-content\/uploads\/2025\/05\/Azoura-Fall.jpg\",\"width\":828,\"height\":455},{\"@type\":\"WebPage\",\"@id\":\"https:\/\/www.nettali.com\/2026\/03\/16\/interne-a-thiaroye-azoura-fall-denonce-une-mesure-injustifiee-et-annonce-quitter-pastef\/#webpage\",\"url\":\"https:\/\/www.nettali.com\/2026\/03\/16\/interne-a-thiaroye-azoura-fall-denonce-une-mesure-injustifiee-et-annonce-quitter-pastef\/\",\"name\":\"INTERNE A THIAROYE - Azoura Fall d\\u00e9nonce une mesure \\u00ab injustifi\\u00e9e \\u00bb et annonce quitter Pastef | Nettali.com\",\"isPartOf\":{\"@id\":\"https:\/\/www.nettali.com\/#website\"},\"primaryImageOfPage\":{\"@id\":\"https:\/\/www.nettali.com\/2026\/03\/16\/interne-a-thiaroye-azoura-fall-denonce-une-mesure-injustifiee-et-annonce-quitter-pastef\/#primaryimage\"},\"datePublished\":\"2026-03-16T18:09:27+00:00\",\"dateModified\":\"2026-03-17T13:43:12+00:00\",\"author\":{\"@id\":\"https:\/\/www.nettali.com\/#\/schema\/person\/3317e0bb3aa1da309fbf7b2780901bf4\"},\"breadcrumb\":{\"@id\":\"https:\/\/www.nettali.com\/2026\/03\/16\/interne-a-thiaroye-azoura-fall-denonce-une-mesure-injustifiee-et-annonce-quitter-pastef\/#breadcrumb\"},\"inLanguage\":\"fr-FR\",\"potentialAction\":[{\"@type\":\"ReadAction\",\"target\":[\"https:\/\/www.nettali.com\/2026\/03\/16\/interne-a-thiaroye-azoura-fall-denonce-une-mesure-injustifiee-et-annonce-quitter-pastef\/\"]}]},{\"@type\":\"BreadcrumbList\",\"@id\":\"https:\/\/www.nettali.com\/2026\/03\/16\/interne-a-thiaroye-azoura-fall-denonce-une-mesure-injustifiee-et-annonce-quitter-pastef\/#breadcrumb\",\"itemListElement\":[{\"@type\":\"ListItem\",\"position\":1,\"name\":\"Accueil\",\"item\":\"https:\/\/www.nettali.com\/\"},{\"@type\":\"ListItem\",\"position\":2,\"name\":\"INTERNE A THIAROYE - Azoura Fall d\\u00e9nonce une mesure \\u00ab injustifi\\u00e9e \\u00bb et annonce quitter Pastef\"}]},{\"@type\":\"Person\",\"@id\":\"https:\/\/www.nettali.com\/#\/schema\/person\/3317e0bb3aa1da309fbf7b2780901bf4\",\"name\":\"Daouda\",\"image\":{\"@type\":\"ImageObject\",\"@id\":\"https:\/\/www.nettali.com\/#personlogo\",\"inLanguage\":\"fr-FR\",\"url\":\"https:\/\/secure.gravatar.com\/avatar\/8d143b5a49345098ddcfee1c49c2f47c?s=96&d=mm&r=g\",\"contentUrl\":\"https:\/\/secure.gravatar.com\/avatar\/8d143b5a49345098ddcfee1c49c2f47c?s=96&d=mm&r=g\",\"caption\":\"Daouda\"},\"sameAs\":[\"https:\/\/www.nettali.com\"]}]}<\/script>\n<!-- \/ Yoast SEO Premium plugin. -->","yoast_head_json":{"title":"INTERNE A THIAROYE - Azoura Fall d\u00e9nonce une mesure \u00ab injustifi\u00e9e \u00bb et annonce quitter Pastef | Nettali.com","robots":{"index":"index","follow":"follow","max-snippet":"max-snippet:-1","max-image-preview":"max-image-preview:large","max-video-preview":"max-video-preview:-1"},"canonical":"https:\/\/www.nettali.com\/2026\/03\/16\/interne-a-thiaroye-azoura-fall-denonce-une-mesure-injustifiee-et-annonce-quitter-pastef\/","og_locale":"fr_FR","og_type":"article","og_title":"INTERNE A THIAROYE - Azoura Fall d\u00e9nonce une mesure \u00ab injustifi\u00e9e \u00bb et annonce quitter Pastef","og_description":"NETTALI.COM - Intern\u00e9 au Centre psychiatrique de Thiaroye, Assane Fall, plus connu sous le surnom \u00ab Azoura \u00bb, conteste vivement la d\u00e9cision judiciaire qui a conduit \u00e0 son hospitalisation. Le militant du parti Pastef affirme ne pas comprendre les raisons de son internement et d\u00e9nonce des conditions qu\u2019il qualifie d\u2019\u00ab inhumaines \u00bb. \u00ab Je ne [&hellip;]","og_url":"https:\/\/www.nettali.com\/2026\/03\/16\/interne-a-thiaroye-azoura-fall-denonce-une-mesure-injustifiee-et-annonce-quitter-pastef\/","og_site_name":"Nettali.com","article_publisher":"https:\/\/www.facebook.com\/nettalicom","article_published_time":"2026-03-16T18:09:27+00:00","article_modified_time":"2026-03-17T13:43:12+00:00","og_image":[{"width":828,"height":455,"url":"https:\/\/www.nettali.com\/wp-content\/uploads\/2025\/05\/Azoura-Fall.jpg","type":"image\/jpeg"}],"twitter_card":"summary_large_image","twitter_misc":{"\u00c9crit par":"Daouda","Dur\u00e9e de lecture estim\u00e9e":"2 minutes"},"schema":{"@context":"https:\/\/schema.org","@graph":[{"@type":"WebSite","@id":"https:\/\/www.nettali.com\/#website","url":"https:\/\/www.nettali.com\/","name":"Nettali.com","description":"Le rendez-vous critique du Net","potentialAction":[{"@type":"SearchAction","target":{"@type":"EntryPoint","urlTemplate":"https:\/\/www.nettali.com\/?s={search_term_string}"},"query-input":"required name=search_term_string"}],"inLanguage":"fr-FR"},{"@type":"ImageObject","@id":"https:\/\/www.nettali.com\/2026\/03\/16\/interne-a-thiaroye-azoura-fall-denonce-une-mesure-injustifiee-et-annonce-quitter-pastef\/#primaryimage","inLanguage":"fr-FR","url":"https:\/\/www.nettali.com\/wp-content\/uploads\/2025\/05\/Azoura-Fall.jpg","contentUrl":"https:\/\/www.nettali.com\/wp-content\/uploads\/2025\/05\/Azoura-Fall.jpg","width":828,"height":455},{"@type":"WebPage","@id":"https:\/\/www.nettali.com\/2026\/03\/16\/interne-a-thiaroye-azoura-fall-denonce-une-mesure-injustifiee-et-annonce-quitter-pastef\/#webpage","url":"https:\/\/www.nettali.com\/2026\/03\/16\/interne-a-thiaroye-azoura-fall-denonce-une-mesure-injustifiee-et-annonce-quitter-pastef\/","name":"INTERNE A THIAROYE - Azoura Fall d\u00e9nonce une mesure \u00ab injustifi\u00e9e \u00bb et annonce quitter Pastef | Nettali.com","isPartOf":{"@id":"https:\/\/www.nettali.com\/#website"},"primaryImageOfPage":{"@id":"https:\/\/www.nettali.com\/2026\/03\/16\/interne-a-thiaroye-azoura-fall-denonce-une-mesure-injustifiee-et-annonce-quitter-pastef\/#primaryimage"},"datePublished":"2026-03-16T18:09:27+00:00","dateModified":"2026-03-17T13:43:12+00:00","author":{"@id":"https:\/\/www.nettali.com\/#\/schema\/person\/3317e0bb3aa1da309fbf7b2780901bf4"},"breadcrumb":{"@id":"https:\/\/www.nettali.com\/2026\/03\/16\/interne-a-thiaroye-azoura-fall-denonce-une-mesure-injustifiee-et-annonce-quitter-pastef\/#breadcrumb"},"inLanguage":"fr-FR","potentialAction":[{"@type":"ReadAction","target":["https:\/\/www.nettali.com\/2026\/03\/16\/interne-a-thiaroye-azoura-fall-denonce-une-mesure-injustifiee-et-annonce-quitter-pastef\/"]}]},{"@type":"BreadcrumbList","@id":"https:\/\/www.nettali.com\/2026\/03\/16\/interne-a-thiaroye-azoura-fall-denonce-une-mesure-injustifiee-et-annonce-quitter-pastef\/#breadcrumb","itemListElement":[{"@type":"ListItem","position":1,"name":"Accueil","item":"https:\/\/www.nettali.com\/"},{"@type":"ListItem","position":2,"name":"INTERNE A THIAROYE - Azoura Fall d\u00e9nonce une mesure \u00ab injustifi\u00e9e \u00bb et annonce quitter Pastef"}]},{"@type":"Person","@id":"https:\/\/www.nettali.com\/#\/schema\/person\/3317e0bb3aa1da309fbf7b2780901bf4","name":"Daouda","image":{"@type":"ImageObject","@id":"https:\/\/www.nettali.com\/#personlogo","inLanguage":"fr-FR","url":"https:\/\/secure.gravatar.com\/avatar\/8d143b5a49345098ddcfee1c49c2f47c?s=96&d=mm&r=g","contentUrl":"https:\/\/secure.gravatar.com\/avatar\/8d143b5a49345098ddcfee1c49c2f47c?s=96&d=mm&r=g","caption":"Daouda"},"sameAs":["https:\/\/www.nettali.com"]}]}},"_links":{"self":[{"href":"https:\/\/www.nettali.com\/rest\/wp\/v2\/posts\/170981"}],"collection":[{"href":"https:\/\/www.nettali.com\/rest\/wp\/v2\/posts"}],"about":[{"href":"https:\/\/www.nettali.com\/rest\/wp\/v2\/types\/post"}],"author":[{"embeddable":true,"href":"https:\/\/www.nettali.com\/rest\/wp\/v2\/users\/4"}],"replies":[{"embeddable":true,"href":"https:\/\/www.nettali.com\/rest\/wp\/v2\/comments?post=170981"}],"version-history":[{"count":1,"href":"https:\/\/www.nettali.com\/rest\/wp\/v2\/posts\/170981\/revisions"}],"predecessor-version":[{"id":170982,"href":"https:\/\/www.nettali.com\/rest\/wp\/v2\/posts\/170981\/revisions\/170982"}],"wp:featuredmedia":[{"embeddable":true,"href":"https:\/\/www.nettali.com\/rest\/wp\/v2\/media\/154031"}],"wp:attachment":[{"href":"https:\/\/www.nettali.com\/rest\/wp\/v2\/media?parent=170981"}],"wp:term":[{"taxonomy":"category","embeddable":true,"href":"https:\/\/www.nettali.com\/rest\/wp\/v2\/categories?post=170981"},{"taxonomy":"post_tag","embeddable":true,"href":"https:\/\/www.nettali.com\/rest\/wp\/v2\/tags?post=170981"}],"curies":[{"name":"wp","href":"https:\/\/api.w.org\/{rel}","templated":true}]}}