{"id":170979,"date":"2026-03-16T15:22:22","date_gmt":"2026-03-16T15:22:22","guid":{"rendered":"https:\/\/www.nettali.com\/?p=170979"},"modified":"2026-03-16T17:55:10","modified_gmt":"2026-03-16T17:55:10","slug":"accidents-impliquant-les-cheikhou-cherifou-el-malick-ndiaye-annonce-des-mesures-fermes","status":"publish","type":"post","link":"https:\/\/www.nettali.com\/2026\/03\/16\/accidents-impliquant-les-cheikhou-cherifou-el-malick-ndiaye-annonce-des-mesures-fermes\/","title":{"rendered":"ACCIDENTS IMPLIQUANT LES \"CHEIKHOU CH\u00c9RIFOU\"\u00a0 : El Malick Ndiaye annonce des mesures fermes"},"content":{"rendered":"<div class=\"flex flex-col text-sm pb-25\">\n<article class=\"text-token-text-primary w-full focus:outline-none [--shadow-height:45px] has-data-writing-block:pointer-events-none has-data-writing-block:-mt-(--shadow-height) has-data-writing-block:pt-(--shadow-height) [&amp;:has([data-writing-block])&gt;*]:pointer-events-auto scroll-mt-[calc(var(--header-height)+min(200px,max(70px,20svh)))]\" dir=\"auto\" tabindex=\"-1\" data-turn-id=\"f1dd9359-7e51-4606-9d42-7cd66bb8bc7c\" data-testid=\"conversation-turn-748\" data-scroll-anchor=\"true\" data-turn=\"assistant\">\n<div class=\"text-base my-auto mx-auto pb-10 [--thread-content-margin:var(--thread-content-margin-xs,calc(var(--spacing)*4))] @w-sm\/main:[--thread-content-margin:var(--thread-content-margin-sm,calc(var(--spacing)*6))] @w-lg\/main:[--thread-content-margin:var(--thread-content-margin-lg,calc(var(--spacing)*16))] px-(--thread-content-margin)\">\n<div class=\"[--thread-content-max-width:40rem] @w-lg\/main:[--thread-content-max-width:48rem] mx-auto max-w-(--thread-content-max-width) flex-1 group\/turn-messages focus-visible:outline-hidden relative flex w-full min-w-0 flex-col agent-turn\" tabindex=\"-1\">\n<div class=\"flex max-w-full flex-col gap-4 grow\">\n<div class=\"min-h-8 text-message relative flex w-full flex-col items-end gap-2 text-start break-words whitespace-normal [.text-message+&amp;]:mt-1\" dir=\"auto\" data-message-author-role=\"assistant\" data-message-id=\"f1dd9359-7e51-4606-9d42-7cd66bb8bc7c\" data-message-model-slug=\"gpt-5-3\">\n<div class=\"flex w-full flex-col gap-1 empty:hidden\">\n<div class=\"markdown prose dark:prose-invert w-full wrap-break-word light markdown-new-styling\">\n<p data-start=\"100\" data-end=\"334\"><strong>NETTALI.COM - Le pr\u00e9sident de l\u2019Assembl\u00e9e nationale, <span class=\"hover:entity-accent entity-underline inline cursor-pointer align-baseline\"><span class=\"whitespace-normal\">El Malick Ndiaye<\/span><\/span>, est sorti de sa r\u00e9serve pour d\u00e9noncer la recrudescence des accidents de la route impliquant les v\u00e9hicules commun\u00e9ment appel\u00e9s \u00ab Cheikhou Ch\u00e9rifou \u00bb.<\/strong><\/p>\n<p data-start=\"336\" data-end=\"588\">S\u2019exprimant sur la question, l\u2019ancien ministre des Transports a jug\u00e9 la situation \u00ab inacceptable \u00bb, affirmant que les pouvoirs l\u00e9gislatif et ex\u00e9cutif travaillent de concert pour mettre en place des mesures strictes afin de freiner ce ph\u00e9nom\u00e8ne.<\/p>\n<p data-start=\"642\" data-end=\"832\">Selon El Malick Ndiaye, la question ne se situe pas au niveau de l\u2019importation de ces v\u00e9hicules, mais plut\u00f4t dans les transformations techniques effectu\u00e9es apr\u00e8s leur arriv\u00e9e au S\u00e9n\u00e9gal.<\/p>\n<p data-start=\"834\" data-end=\"997\">La plupart de ces v\u00e9hicules proviennent en effet de pays o\u00f9 la conduite se fait \u00e0 droite, avec un volant situ\u00e9 du c\u00f4t\u00e9 oppos\u00e9 aux normes en vigueur au S\u00e9n\u00e9gal.<\/p>\n<p data-start=\"999\" data-end=\"1154\">Pour pouvoir circuler sur le territoire national, de nombreux propri\u00e9taires proc\u00e8dent alors \u00e0 un d\u00e9placement de la colonne de direction vers la gauche.<\/p>\n<p data-start=\"1156\" data-end=\"1326\">Le pr\u00e9sident de l\u2019Assembl\u00e9e nationale estime toutefois que ces interventions sont souvent r\u00e9alis\u00e9es de mani\u00e8re artisanale, ce qui pose un probl\u00e8me majeur de s\u00e9curit\u00e9. Ces modifications peuvent alt\u00e9rer la stabilit\u00e9 du ch\u00e2ssis et compromettre la pr\u00e9cision du syst\u00e8me de direction.<\/p>\n<p data-start=\"1517\" data-end=\"1686\">D\u2019apr\u00e8s El Malick Ndiaye, cette fragilit\u00e9 m\u00e9canique expliquerait pourquoi ces v\u00e9hicules sont plus expos\u00e9s aux accidents, notamment lors des man\u0153uvres de d\u00e9passement.<\/p>\n<p data-start=\"1688\" data-end=\"1841\">Dans plusieurs cas signal\u00e9s ces derniers mois, ces v\u00e9hicules se seraient renvers\u00e9s sur la chauss\u00e9e, provoquant des accidents graves, parfois mortels.<\/p>\n<p data-start=\"1894\" data-end=\"2031\">Face \u00e0 cette situation, le chef du Parlement a insist\u00e9 sur la n\u00e9cessit\u00e9 de renforcer l\u2019arsenal juridique et les contr\u00f4les techniques.<\/p>\n<p data-start=\"2033\" data-end=\"2136\">Il a affirm\u00e9 que l\u2019\u00c9tat entend prendre des mesures g\u00e9n\u00e9rales pour prot\u00e9ger les usagers de la route.<\/p>\n<blockquote data-start=\"2138\" data-end=\"2327\">\n<p data-start=\"2140\" data-end=\"2327\"><em>\u00ab L\u2019\u00c9tat va prendre des mesures g\u00e9n\u00e9rales, parce que nous n\u2019accepterons pas que des gens meurent comme des mouches dans des accidents impliquant des \u201cCheikhou Ch\u00e9rifou\u201d \u00bb<\/em>, a-t-il d\u00e9clar\u00e9.<\/p>\n<\/blockquote>\n<p data-start=\"2329\" data-end=\"2580\" data-is-last-node=\"\" data-is-only-node=\"\">Cette prise de position laisse entrevoir un possible encadrement plus strict de l\u2019importation, de la transformation et de la circulation de ces v\u00e9hicules, dans un contexte marqu\u00e9 par une hausse pr\u00e9occupante de l\u2019ins\u00e9curit\u00e9 routi\u00e8re au S\u00e9n\u00e9gal.<\/p>\n<\/div>\n<\/div>\n<\/div>\n<\/div>\n<div class=\"z-0 flex min-h-[46px] justify-start\"><\/div>\n<\/div>\n<\/div>\n<\/article>\n<\/div>\n<div class=\"pointer-events-none h-px w-px absolute bottom-0\" aria-hidden=\"true\" data-edge=\"true\"><\/div>\n<div class='share-to-whatsapp-wrapper'><div class='share-on-whsp'>PARTAGER SUR : <\/div><a data-text='ACCIDENTS IMPLIQUANT LES \"CHEIKHOU CH\u00c9RIFOU\"\u00a0 : El Malick Ndiaye annonce des mesures fermes' data-link='https:\/\/www.nettali.com\/2026\/03\/16\/accidents-impliquant-les-cheikhou-cherifou-el-malick-ndiaye-annonce-des-mesures-fermes\/' class='whatsapp-button whatsapp-share'>WhatsApp<\/a><div class='clear '><\/div><\/div>","protected":false},"excerpt":{"rendered":"<p>NETTALI.COM - Le pr\u00e9sident de l\u2019Assembl\u00e9e nationale, El Malick Ndiaye, est sorti de sa r\u00e9serve pour d\u00e9noncer la recrudescence des accidents de la route impliquant les v\u00e9hicules commun\u00e9ment appel\u00e9s \u00ab Cheikhou Ch\u00e9rifou \u00bb. S\u2019exprimant sur la question, l\u2019ancien ministre des Transports a jug\u00e9 la situation \u00ab inacceptable \u00bb, affirmant que les pouvoirs l\u00e9gislatif et ex\u00e9cutif [&hellip;]<\/p>\n","protected":false},"author":4,"featured_media":156748,"comment_status":"open","ping_status":"open","sticky":false,"template":"","format":"standard","meta":{"_et_pb_use_builder":"","_et_pb_old_content":""},"categories":[3],"tags":[],"yoast_head":"<!-- This site is optimized with the Yoast SEO Premium plugin v17.8 (Yoast SEO v17.8) - https:\/\/yoast.com\/wordpress\/plugins\/seo\/ -->\n<title>ACCIDENTS IMPLIQUANT LES &quot;CHEIKHOU CH\u00c9RIFOU&quot;\u00a0 : El Malick Ndiaye annonce des mesures fermes | Nettali.com<\/title>\n<meta name=\"robots\" content=\"index, follow, max-snippet:-1, max-image-preview:large, max-video-preview:-1\" \/>\n<link rel=\"canonical\" href=\"https:\/\/www.nettali.com\/2026\/03\/16\/accidents-impliquant-les-cheikhou-cherifou-el-malick-ndiaye-annonce-des-mesures-fermes\/\" \/>\n<meta property=\"og:locale\" content=\"fr_FR\" \/>\n<meta property=\"og:type\" content=\"article\" \/>\n<meta property=\"og:title\" content=\"ACCIDENTS IMPLIQUANT LES &quot;CHEIKHOU CH\u00c9RIFOU&quot;\u00a0 : El Malick Ndiaye annonce des mesures fermes\" \/>\n<meta property=\"og:description\" content=\"NETTALI.COM - Le pr\u00e9sident de l\u2019Assembl\u00e9e nationale, El Malick Ndiaye, est sorti de sa r\u00e9serve pour d\u00e9noncer la recrudescence des accidents de la route impliquant les v\u00e9hicules commun\u00e9ment appel\u00e9s \u00ab Cheikhou Ch\u00e9rifou \u00bb. S\u2019exprimant sur la question, l\u2019ancien ministre des Transports a jug\u00e9 la situation \u00ab inacceptable \u00bb, affirmant que les pouvoirs l\u00e9gislatif et ex\u00e9cutif [&hellip;]\" \/>\n<meta property=\"og:url\" content=\"https:\/\/www.nettali.com\/2026\/03\/16\/accidents-impliquant-les-cheikhou-cherifou-el-malick-ndiaye-annonce-des-mesures-fermes\/\" \/>\n<meta property=\"og:site_name\" content=\"Nettali.com\" \/>\n<meta property=\"article:publisher\" content=\"https:\/\/www.facebook.com\/nettalicom\" \/>\n<meta property=\"article:published_time\" content=\"2026-03-16T15:22:22+00:00\" \/>\n<meta property=\"article:modified_time\" content=\"2026-03-16T17:55:10+00:00\" \/>\n<meta property=\"og:image\" content=\"https:\/\/www.nettali.com\/wp-content\/uploads\/2025\/07\/el-malick-ndiaye-1.jpg\" \/>\n\t<meta property=\"og:image:width\" content=\"868\" \/>\n\t<meta property=\"og:image:height\" content=\"511\" \/>\n<meta name=\"twitter:card\" content=\"summary_large_image\" \/>\n<meta name=\"twitter:label1\" content=\"\u00c9crit par\" \/>\n\t<meta name=\"twitter:data1\" content=\"Daouda\" \/>\n\t<meta name=\"twitter:label2\" content=\"Dur\u00e9e de lecture estim\u00e9e\" \/>\n\t<meta name=\"twitter:data2\" content=\"2 minutes\" \/>\n<script type=\"application\/ld+json\" class=\"yoast-schema-graph\">{\"@context\":\"https:\/\/schema.org\",\"@graph\":[{\"@type\":\"WebSite\",\"@id\":\"https:\/\/www.nettali.com\/#website\",\"url\":\"https:\/\/www.nettali.com\/\",\"name\":\"Nettali.com\",\"description\":\"Le rendez-vous critique du Net\",\"potentialAction\":[{\"@type\":\"SearchAction\",\"target\":{\"@type\":\"EntryPoint\",\"urlTemplate\":\"https:\/\/www.nettali.com\/?s={search_term_string}\"},\"query-input\":\"required name=search_term_string\"}],\"inLanguage\":\"fr-FR\"},{\"@type\":\"ImageObject\",\"@id\":\"https:\/\/www.nettali.com\/2026\/03\/16\/accidents-impliquant-les-cheikhou-cherifou-el-malick-ndiaye-annonce-des-mesures-fermes\/#primaryimage\",\"inLanguage\":\"fr-FR\",\"url\":\"https:\/\/www.nettali.com\/wp-content\/uploads\/2025\/07\/el-malick-ndiaye-1.jpg\",\"contentUrl\":\"https:\/\/www.nettali.com\/wp-content\/uploads\/2025\/07\/el-malick-ndiaye-1.jpg\",\"width\":868,\"height\":511},{\"@type\":\"WebPage\",\"@id\":\"https:\/\/www.nettali.com\/2026\/03\/16\/accidents-impliquant-les-cheikhou-cherifou-el-malick-ndiaye-annonce-des-mesures-fermes\/#webpage\",\"url\":\"https:\/\/www.nettali.com\/2026\/03\/16\/accidents-impliquant-les-cheikhou-cherifou-el-malick-ndiaye-annonce-des-mesures-fermes\/\",\"name\":\"ACCIDENTS IMPLIQUANT LES \\\"CHEIKHOU CH\\u00c9RIFOU\\\"\\u00a0 : El Malick Ndiaye annonce des mesures fermes | Nettali.com\",\"isPartOf\":{\"@id\":\"https:\/\/www.nettali.com\/#website\"},\"primaryImageOfPage\":{\"@id\":\"https:\/\/www.nettali.com\/2026\/03\/16\/accidents-impliquant-les-cheikhou-cherifou-el-malick-ndiaye-annonce-des-mesures-fermes\/#primaryimage\"},\"datePublished\":\"2026-03-16T15:22:22+00:00\",\"dateModified\":\"2026-03-16T17:55:10+00:00\",\"author\":{\"@id\":\"https:\/\/www.nettali.com\/#\/schema\/person\/3317e0bb3aa1da309fbf7b2780901bf4\"},\"breadcrumb\":{\"@id\":\"https:\/\/www.nettali.com\/2026\/03\/16\/accidents-impliquant-les-cheikhou-cherifou-el-malick-ndiaye-annonce-des-mesures-fermes\/#breadcrumb\"},\"inLanguage\":\"fr-FR\",\"potentialAction\":[{\"@type\":\"ReadAction\",\"target\":[\"https:\/\/www.nettali.com\/2026\/03\/16\/accidents-impliquant-les-cheikhou-cherifou-el-malick-ndiaye-annonce-des-mesures-fermes\/\"]}]},{\"@type\":\"BreadcrumbList\",\"@id\":\"https:\/\/www.nettali.com\/2026\/03\/16\/accidents-impliquant-les-cheikhou-cherifou-el-malick-ndiaye-annonce-des-mesures-fermes\/#breadcrumb\",\"itemListElement\":[{\"@type\":\"ListItem\",\"position\":1,\"name\":\"Accueil\",\"item\":\"https:\/\/www.nettali.com\/\"},{\"@type\":\"ListItem\",\"position\":2,\"name\":\"ACCIDENTS IMPLIQUANT LES \\\"CHEIKHOU CH\\u00c9RIFOU\\\"\\u00a0 : El Malick Ndiaye annonce des mesures fermes\"}]},{\"@type\":\"Person\",\"@id\":\"https:\/\/www.nettali.com\/#\/schema\/person\/3317e0bb3aa1da309fbf7b2780901bf4\",\"name\":\"Daouda\",\"image\":{\"@type\":\"ImageObject\",\"@id\":\"https:\/\/www.nettali.com\/#personlogo\",\"inLanguage\":\"fr-FR\",\"url\":\"https:\/\/secure.gravatar.com\/avatar\/8d143b5a49345098ddcfee1c49c2f47c?s=96&d=mm&r=g\",\"contentUrl\":\"https:\/\/secure.gravatar.com\/avatar\/8d143b5a49345098ddcfee1c49c2f47c?s=96&d=mm&r=g\",\"caption\":\"Daouda\"},\"sameAs\":[\"https:\/\/www.nettali.com\"]}]}<\/script>\n<!-- \/ Yoast SEO Premium plugin. -->","yoast_head_json":{"title":"ACCIDENTS IMPLIQUANT LES \"CHEIKHOU CH\u00c9RIFOU\"\u00a0 : El Malick Ndiaye annonce des mesures fermes | Nettali.com","robots":{"index":"index","follow":"follow","max-snippet":"max-snippet:-1","max-image-preview":"max-image-preview:large","max-video-preview":"max-video-preview:-1"},"canonical":"https:\/\/www.nettali.com\/2026\/03\/16\/accidents-impliquant-les-cheikhou-cherifou-el-malick-ndiaye-annonce-des-mesures-fermes\/","og_locale":"fr_FR","og_type":"article","og_title":"ACCIDENTS IMPLIQUANT LES \"CHEIKHOU CH\u00c9RIFOU\"\u00a0 : El Malick Ndiaye annonce des mesures fermes","og_description":"NETTALI.COM - Le pr\u00e9sident de l\u2019Assembl\u00e9e nationale, El Malick Ndiaye, est sorti de sa r\u00e9serve pour d\u00e9noncer la recrudescence des accidents de la route impliquant les v\u00e9hicules commun\u00e9ment appel\u00e9s \u00ab Cheikhou Ch\u00e9rifou \u00bb. S\u2019exprimant sur la question, l\u2019ancien ministre des Transports a jug\u00e9 la situation \u00ab inacceptable \u00bb, affirmant que les pouvoirs l\u00e9gislatif et ex\u00e9cutif [&hellip;]","og_url":"https:\/\/www.nettali.com\/2026\/03\/16\/accidents-impliquant-les-cheikhou-cherifou-el-malick-ndiaye-annonce-des-mesures-fermes\/","og_site_name":"Nettali.com","article_publisher":"https:\/\/www.facebook.com\/nettalicom","article_published_time":"2026-03-16T15:22:22+00:00","article_modified_time":"2026-03-16T17:55:10+00:00","og_image":[{"width":868,"height":511,"url":"https:\/\/www.nettali.com\/wp-content\/uploads\/2025\/07\/el-malick-ndiaye-1.jpg","type":"image\/jpeg"}],"twitter_card":"summary_large_image","twitter_misc":{"\u00c9crit par":"Daouda","Dur\u00e9e de lecture estim\u00e9e":"2 minutes"},"schema":{"@context":"https:\/\/schema.org","@graph":[{"@type":"WebSite","@id":"https:\/\/www.nettali.com\/#website","url":"https:\/\/www.nettali.com\/","name":"Nettali.com","description":"Le rendez-vous critique du Net","potentialAction":[{"@type":"SearchAction","target":{"@type":"EntryPoint","urlTemplate":"https:\/\/www.nettali.com\/?s={search_term_string}"},"query-input":"required name=search_term_string"}],"inLanguage":"fr-FR"},{"@type":"ImageObject","@id":"https:\/\/www.nettali.com\/2026\/03\/16\/accidents-impliquant-les-cheikhou-cherifou-el-malick-ndiaye-annonce-des-mesures-fermes\/#primaryimage","inLanguage":"fr-FR","url":"https:\/\/www.nettali.com\/wp-content\/uploads\/2025\/07\/el-malick-ndiaye-1.jpg","contentUrl":"https:\/\/www.nettali.com\/wp-content\/uploads\/2025\/07\/el-malick-ndiaye-1.jpg","width":868,"height":511},{"@type":"WebPage","@id":"https:\/\/www.nettali.com\/2026\/03\/16\/accidents-impliquant-les-cheikhou-cherifou-el-malick-ndiaye-annonce-des-mesures-fermes\/#webpage","url":"https:\/\/www.nettali.com\/2026\/03\/16\/accidents-impliquant-les-cheikhou-cherifou-el-malick-ndiaye-annonce-des-mesures-fermes\/","name":"ACCIDENTS IMPLIQUANT LES \"CHEIKHOU CH\u00c9RIFOU\"\u00a0 : El Malick Ndiaye annonce des mesures fermes | Nettali.com","isPartOf":{"@id":"https:\/\/www.nettali.com\/#website"},"primaryImageOfPage":{"@id":"https:\/\/www.nettali.com\/2026\/03\/16\/accidents-impliquant-les-cheikhou-cherifou-el-malick-ndiaye-annonce-des-mesures-fermes\/#primaryimage"},"datePublished":"2026-03-16T15:22:22+00:00","dateModified":"2026-03-16T17:55:10+00:00","author":{"@id":"https:\/\/www.nettali.com\/#\/schema\/person\/3317e0bb3aa1da309fbf7b2780901bf4"},"breadcrumb":{"@id":"https:\/\/www.nettali.com\/2026\/03\/16\/accidents-impliquant-les-cheikhou-cherifou-el-malick-ndiaye-annonce-des-mesures-fermes\/#breadcrumb"},"inLanguage":"fr-FR","potentialAction":[{"@type":"ReadAction","target":["https:\/\/www.nettali.com\/2026\/03\/16\/accidents-impliquant-les-cheikhou-cherifou-el-malick-ndiaye-annonce-des-mesures-fermes\/"]}]},{"@type":"BreadcrumbList","@id":"https:\/\/www.nettali.com\/2026\/03\/16\/accidents-impliquant-les-cheikhou-cherifou-el-malick-ndiaye-annonce-des-mesures-fermes\/#breadcrumb","itemListElement":[{"@type":"ListItem","position":1,"name":"Accueil","item":"https:\/\/www.nettali.com\/"},{"@type":"ListItem","position":2,"name":"ACCIDENTS IMPLIQUANT LES \"CHEIKHOU CH\u00c9RIFOU\"\u00a0 : El Malick Ndiaye annonce des mesures fermes"}]},{"@type":"Person","@id":"https:\/\/www.nettali.com\/#\/schema\/person\/3317e0bb3aa1da309fbf7b2780901bf4","name":"Daouda","image":{"@type":"ImageObject","@id":"https:\/\/www.nettali.com\/#personlogo","inLanguage":"fr-FR","url":"https:\/\/secure.gravatar.com\/avatar\/8d143b5a49345098ddcfee1c49c2f47c?s=96&d=mm&r=g","contentUrl":"https:\/\/secure.gravatar.com\/avatar\/8d143b5a49345098ddcfee1c49c2f47c?s=96&d=mm&r=g","caption":"Daouda"},"sameAs":["https:\/\/www.nettali.com"]}]}},"_links":{"self":[{"href":"https:\/\/www.nettali.com\/rest\/wp\/v2\/posts\/170979"}],"collection":[{"href":"https:\/\/www.nettali.com\/rest\/wp\/v2\/posts"}],"about":[{"href":"https:\/\/www.nettali.com\/rest\/wp\/v2\/types\/post"}],"author":[{"embeddable":true,"href":"https:\/\/www.nettali.com\/rest\/wp\/v2\/users\/4"}],"replies":[{"embeddable":true,"href":"https:\/\/www.nettali.com\/rest\/wp\/v2\/comments?post=170979"}],"version-history":[{"count":1,"href":"https:\/\/www.nettali.com\/rest\/wp\/v2\/posts\/170979\/revisions"}],"predecessor-version":[{"id":170980,"href":"https:\/\/www.nettali.com\/rest\/wp\/v2\/posts\/170979\/revisions\/170980"}],"wp:featuredmedia":[{"embeddable":true,"href":"https:\/\/www.nettali.com\/rest\/wp\/v2\/media\/156748"}],"wp:attachment":[{"href":"https:\/\/www.nettali.com\/rest\/wp\/v2\/media?parent=170979"}],"wp:term":[{"taxonomy":"category","embeddable":true,"href":"https:\/\/www.nettali.com\/rest\/wp\/v2\/categories?post=170979"},{"taxonomy":"post_tag","embeddable":true,"href":"https:\/\/www.nettali.com\/rest\/wp\/v2\/tags?post=170979"}],"curies":[{"name":"wp","href":"https:\/\/api.w.org\/{rel}","templated":true}]}}