{"id":170967,"date":"2026-03-16T10:04:22","date_gmt":"2026-03-16T10:04:22","guid":{"rendered":"https:\/\/www.nettali.com\/?p=170967"},"modified":"2026-03-16T23:13:27","modified_gmt":"2026-03-16T23:13:27","slug":"affaire-aser-et-gestion-publique-thierno-alassane-sall-sonne-lalerte-et-saisit-la-justice-espagnole","status":"publish","type":"post","link":"https:\/\/www.nettali.com\/2026\/03\/16\/affaire-aser-et-gestion-publique-thierno-alassane-sall-sonne-lalerte-et-saisit-la-justice-espagnole\/","title":{"rendered":"AFFAIRE ASER ET GESTION PUBLIQUE - Thierno Alassane Sall sonne l\u2019alerte et saisit la justice espagnole"},"content":{"rendered":"<p><strong>NETTALI.COM - Entre d\u00e9nonciation d'un \u201cscandale de 37 milliards\u201d de francs CFA pour l'\u00e9lectrification rurale et critique acerbe de la paralysie des institutions, le leader de la R\u00e9publique des Valeurs dresse un r\u00e9quisitoire sans concession contre le gouvernement actuel. Face \u00e0 ce qu'il qualifie d'opacit\u00e9 persistante, le d\u00e9put\u00e9 annonce l'ouverture d'une proc\u00e9dure judiciaire \u00e0 Madrid.<\/strong><\/p>\n<p>Lors de sa conf\u00e9rence de presse ce 15 mars 2026, Thierno Alassane Sall (TAS) a bross\u00e9 le portrait d\u2019un S\u00e9n\u00e9gal en proie \u00e0 une \"crise multidimensionnelle\" o\u00f9 l\u2019urgence sociale se heurte, selon lui, \u00e0 l\u2019incomp\u00e9tence et aux calculs politiciens de l\u2019ex\u00e9cutif. Pour le d\u00e9put\u00e9, le d\u00e9calage entre les discours officiels et la r\u00e9alit\u00e9 du pays est devenu insoutenable.<\/p>\n<p>Du malaise profond dans l\u2019\u00e9ducation aux difficult\u00e9s du monde rural \u201co\u00f9 les producteurs d\u2019arachide peinent \u00e0 \u00e9couler leurs r\u00e9coltes\u201d, TAS d\u00e9nonce un gouvernement d\u00e9connect\u00e9. \u201c<em>Les S\u00e9n\u00e9galais n\u2019attendent pas des rivalit\u00e9s politiques. Ils attendent des d\u00e9cisions, de la clart\u00e9 et de la responsabilit\u00e9<\/em>\u201d, souligne le parlementaire. Il fustige particuli\u00e8rement l\u2019Assembl\u00e9e nationale, qu'il juge \u201cparalys\u00e9e\u201d et plus occup\u00e9e par des \u201cd\u00e9monstrations d\u2019all\u00e9geance\u201d aux deux t\u00eates de l\u2019ex\u00e9cutif que par le contr\u00f4le de l\u2019action gouvernementale.<\/p>\n<p><strong>Le dossier ASER : \u201c37 milliards d\u00e9caiss\u00e9s, rien de visible\u201d <\/strong><\/p>\n<p>Le coeur de l'intervention a aussi port\u00e9 sur la chasse gard\u00e9e de Thierno Alassane Sall : le contrat liant l\u2019Agence S\u00e9n\u00e9galaise d\u2019\u00c9lectrification Rurale (ASER) \u00e0 l\u2019entreprise AEE Power EPC. Le d\u00e9put\u00e9 a rappel\u00e9 que, malgr\u00e9 le d\u00e9caissement de pr\u00e8s de 40 % du montant du projet (soit 37 milliards de FCFA), l\u2019ex\u00e9cution des travaux sur le terrain ne d\u00e9passerait pas 1,5 %.<\/p>\n<p>\u201c<em>Des ressources publiques consid\u00e9rables ont \u00e9t\u00e9 d\u00e9caiss\u00e9es, mais les S\u00e9n\u00e9galais ne voient rien. Le Gouvernement semble aujourd\u2019hui chercher des boucs \u00e9missaires, pointant du doigt le minist\u00e8re des Finances et l\u2019administration des Douanes<\/em>\u201d, d\u00e9nonce le leader de la RV.<\/p>\n<p>Face \u00e0 ce qu\u2019il qualifie de \u201cd\u00e9ni et de diversion\u201d de la part du Premier ministre, Thierno Alassane Sall a d\u00e9cid\u00e9 de porter l\u2019affaire au-del\u00e0 des fronti\u00e8res nationales.<\/p>\n<p><strong>L\u2019offensive judiciaire \u00e0 Madrid <\/strong><\/p>\n<p>Constatant une absence d'\u00e9volution notable de sa plainte d\u00e9pos\u00e9e au S\u00e9n\u00e9gal en octobre 2025, TAS a annonc\u00e9 qu'une proc\u00e9dure judiciaire, intitul\u00e9e \u201cDiligencias Previas 140\/ 2026\u201d, a \u00e9t\u00e9 ouverte le 24 f\u00e9vrier dernier \u00e0 Madrid contre l'entreprise espagnole et X. Les autorit\u00e9s espagnoles ont d\u00e9j\u00e0 somm\u00e9 l'entreprise AEE Power EPC et la banque Santander de fournir, sous dix jours, des justifications sur la destination des fonds. \u201c<em>La v\u00e9ritable souverainet\u00e9 commence par-l\u00e0 : prot\u00e9ger l\u2019argent public et exiger la transparence dans chaque partenariat international<\/em>\u201d.<\/p>\n<p>Au-del\u00e0 du scandale ASER, le d\u00e9put\u00e9 a point\u00e9 du doigt la gestion des ressources naturelles et \u00e9nerg\u00e9tiques, citant notamment l'instabilit\u00e9 \u00e0 la t\u00eate de Petrosen EPC (trois directeurs g\u00e9n\u00e9raux en deux ans) et l'expiration sans plan de reprise de la concession des Industries Chimiques du S\u00e9n\u00e9gal (ICS).<\/p>\n<p>En conclusion, Thierno Alassane Sall a appel\u00e9 les citoyens \u00e0 la lucidit\u00e9 face aux ambitions \u00e9lectorales de 2029 qui, selon lui, polluent l'action gouvernementale actuelle. \u201cIl est humain de se tromper dans ses choix. Mais persister dans l\u2019erreur par fiert\u00e9 mal plac\u00e9e et par ent\u00eatement est, lui, impardonnable\u201d, a conclu l'opposant.<\/p>\n<div class='share-to-whatsapp-wrapper'><div class='share-on-whsp'>PARTAGER SUR : <\/div><a data-text='AFFAIRE ASER ET GESTION PUBLIQUE - Thierno Alassane Sall sonne l\u2019alerte et saisit la justice espagnole' data-link='https:\/\/www.nettali.com\/2026\/03\/16\/affaire-aser-et-gestion-publique-thierno-alassane-sall-sonne-lalerte-et-saisit-la-justice-espagnole\/' class='whatsapp-button whatsapp-share'>WhatsApp<\/a><div class='clear '><\/div><\/div>","protected":false},"excerpt":{"rendered":"<p>NETTALI.COM - Entre d\u00e9nonciation d'un \u201cscandale de 37 milliards\u201d de francs CFA pour l'\u00e9lectrification rurale et critique acerbe de la paralysie des institutions, le leader de la R\u00e9publique des Valeurs dresse un r\u00e9quisitoire sans concession contre le gouvernement actuel. Face \u00e0 ce qu'il qualifie d'opacit\u00e9 persistante, le d\u00e9put\u00e9 annonce l'ouverture d'une proc\u00e9dure judiciaire \u00e0 Madrid. [&hellip;]<\/p>\n","protected":false},"author":2,"featured_media":170968,"comment_status":"open","ping_status":"open","sticky":false,"template":"","format":"standard","meta":{"_et_pb_use_builder":"","_et_pb_old_content":""},"categories":[2],"tags":[],"yoast_head":"<!-- This site is optimized with the Yoast SEO Premium plugin v17.8 (Yoast SEO v17.8) - https:\/\/yoast.com\/wordpress\/plugins\/seo\/ -->\n<title>AFFAIRE ASER ET GESTION PUBLIQUE - Thierno Alassane Sall sonne l\u2019alerte et saisit la justice espagnole | Nettali.com<\/title>\n<meta name=\"robots\" content=\"index, follow, max-snippet:-1, max-image-preview:large, max-video-preview:-1\" \/>\n<link rel=\"canonical\" href=\"https:\/\/www.nettali.com\/2026\/03\/16\/affaire-aser-et-gestion-publique-thierno-alassane-sall-sonne-lalerte-et-saisit-la-justice-espagnole\/\" \/>\n<meta property=\"og:locale\" content=\"fr_FR\" \/>\n<meta property=\"og:type\" content=\"article\" \/>\n<meta property=\"og:title\" content=\"AFFAIRE ASER ET GESTION PUBLIQUE - Thierno Alassane Sall sonne l\u2019alerte et saisit la justice espagnole\" \/>\n<meta property=\"og:description\" content=\"NETTALI.COM - Entre d\u00e9nonciation d&#039;un \u201cscandale de 37 milliards\u201d de francs CFA pour l&#039;\u00e9lectrification rurale et critique acerbe de la paralysie des institutions, le leader de la R\u00e9publique des Valeurs dresse un r\u00e9quisitoire sans concession contre le gouvernement actuel. Face \u00e0 ce qu&#039;il qualifie d&#039;opacit\u00e9 persistante, le d\u00e9put\u00e9 annonce l&#039;ouverture d&#039;une proc\u00e9dure judiciaire \u00e0 Madrid. [&hellip;]\" \/>\n<meta property=\"og:url\" content=\"https:\/\/www.nettali.com\/2026\/03\/16\/affaire-aser-et-gestion-publique-thierno-alassane-sall-sonne-lalerte-et-saisit-la-justice-espagnole\/\" \/>\n<meta property=\"og:site_name\" content=\"Nettali.com\" \/>\n<meta property=\"article:publisher\" content=\"https:\/\/www.facebook.com\/nettalicom\" \/>\n<meta property=\"article:published_time\" content=\"2026-03-16T10:04:22+00:00\" \/>\n<meta property=\"article:modified_time\" content=\"2026-03-16T23:13:27+00:00\" \/>\n<meta property=\"og:image\" content=\"https:\/\/www.nettali.com\/wp-content\/uploads\/2026\/03\/95368847-66711021.jpg\" \/>\n\t<meta property=\"og:image:width\" content=\"1070\" \/>\n\t<meta property=\"og:image:height\" content=\"594\" \/>\n<meta name=\"twitter:card\" content=\"summary_large_image\" \/>\n<meta name=\"twitter:label1\" content=\"\u00c9crit par\" \/>\n\t<meta name=\"twitter:data1\" content=\"CK\" \/>\n\t<meta name=\"twitter:label2\" content=\"Dur\u00e9e de lecture estim\u00e9e\" \/>\n\t<meta name=\"twitter:data2\" content=\"3 minutes\" \/>\n<script type=\"application\/ld+json\" class=\"yoast-schema-graph\">{\"@context\":\"https:\/\/schema.org\",\"@graph\":[{\"@type\":\"WebSite\",\"@id\":\"https:\/\/www.nettali.com\/#website\",\"url\":\"https:\/\/www.nettali.com\/\",\"name\":\"Nettali.com\",\"description\":\"Le rendez-vous critique du Net\",\"potentialAction\":[{\"@type\":\"SearchAction\",\"target\":{\"@type\":\"EntryPoint\",\"urlTemplate\":\"https:\/\/www.nettali.com\/?s={search_term_string}\"},\"query-input\":\"required name=search_term_string\"}],\"inLanguage\":\"fr-FR\"},{\"@type\":\"ImageObject\",\"@id\":\"https:\/\/www.nettali.com\/2026\/03\/16\/affaire-aser-et-gestion-publique-thierno-alassane-sall-sonne-lalerte-et-saisit-la-justice-espagnole\/#primaryimage\",\"inLanguage\":\"fr-FR\",\"url\":\"https:\/\/www.nettali.com\/wp-content\/uploads\/2026\/03\/95368847-66711021.jpg\",\"contentUrl\":\"https:\/\/www.nettali.com\/wp-content\/uploads\/2026\/03\/95368847-66711021.jpg\",\"width\":1070,\"height\":594,\"caption\":\"Screenshot\"},{\"@type\":\"WebPage\",\"@id\":\"https:\/\/www.nettali.com\/2026\/03\/16\/affaire-aser-et-gestion-publique-thierno-alassane-sall-sonne-lalerte-et-saisit-la-justice-espagnole\/#webpage\",\"url\":\"https:\/\/www.nettali.com\/2026\/03\/16\/affaire-aser-et-gestion-publique-thierno-alassane-sall-sonne-lalerte-et-saisit-la-justice-espagnole\/\",\"name\":\"AFFAIRE ASER ET GESTION PUBLIQUE - Thierno Alassane Sall sonne l\\u2019alerte et saisit la justice espagnole | Nettali.com\",\"isPartOf\":{\"@id\":\"https:\/\/www.nettali.com\/#website\"},\"primaryImageOfPage\":{\"@id\":\"https:\/\/www.nettali.com\/2026\/03\/16\/affaire-aser-et-gestion-publique-thierno-alassane-sall-sonne-lalerte-et-saisit-la-justice-espagnole\/#primaryimage\"},\"datePublished\":\"2026-03-16T10:04:22+00:00\",\"dateModified\":\"2026-03-16T23:13:27+00:00\",\"author\":{\"@id\":\"https:\/\/www.nettali.com\/#\/schema\/person\/d8ac7b7e27ddad43f1c0d2ef090d7f71\"},\"breadcrumb\":{\"@id\":\"https:\/\/www.nettali.com\/2026\/03\/16\/affaire-aser-et-gestion-publique-thierno-alassane-sall-sonne-lalerte-et-saisit-la-justice-espagnole\/#breadcrumb\"},\"inLanguage\":\"fr-FR\",\"potentialAction\":[{\"@type\":\"ReadAction\",\"target\":[\"https:\/\/www.nettali.com\/2026\/03\/16\/affaire-aser-et-gestion-publique-thierno-alassane-sall-sonne-lalerte-et-saisit-la-justice-espagnole\/\"]}]},{\"@type\":\"BreadcrumbList\",\"@id\":\"https:\/\/www.nettali.com\/2026\/03\/16\/affaire-aser-et-gestion-publique-thierno-alassane-sall-sonne-lalerte-et-saisit-la-justice-espagnole\/#breadcrumb\",\"itemListElement\":[{\"@type\":\"ListItem\",\"position\":1,\"name\":\"Accueil\",\"item\":\"https:\/\/www.nettali.com\/\"},{\"@type\":\"ListItem\",\"position\":2,\"name\":\"AFFAIRE ASER ET GESTION PUBLIQUE - Thierno Alassane Sall sonne l\\u2019alerte et saisit la justice espagnole\"}]},{\"@type\":\"Person\",\"@id\":\"https:\/\/www.nettali.com\/#\/schema\/person\/d8ac7b7e27ddad43f1c0d2ef090d7f71\",\"name\":\"CK\",\"image\":{\"@type\":\"ImageObject\",\"@id\":\"https:\/\/www.nettali.com\/#personlogo\",\"inLanguage\":\"fr-FR\",\"url\":\"https:\/\/secure.gravatar.com\/avatar\/1d8d5118b9327d94da7cd4ce7f17fec2?s=96&d=mm&r=g\",\"contentUrl\":\"https:\/\/secure.gravatar.com\/avatar\/1d8d5118b9327d94da7cd4ce7f17fec2?s=96&d=mm&r=g\",\"caption\":\"CK\"},\"sameAs\":[\"https:\/\/www.nettali.com\"]}]}<\/script>\n<!-- \/ Yoast SEO Premium plugin. -->","yoast_head_json":{"title":"AFFAIRE ASER ET GESTION PUBLIQUE - Thierno Alassane Sall sonne l\u2019alerte et saisit la justice espagnole | Nettali.com","robots":{"index":"index","follow":"follow","max-snippet":"max-snippet:-1","max-image-preview":"max-image-preview:large","max-video-preview":"max-video-preview:-1"},"canonical":"https:\/\/www.nettali.com\/2026\/03\/16\/affaire-aser-et-gestion-publique-thierno-alassane-sall-sonne-lalerte-et-saisit-la-justice-espagnole\/","og_locale":"fr_FR","og_type":"article","og_title":"AFFAIRE ASER ET GESTION PUBLIQUE - Thierno Alassane Sall sonne l\u2019alerte et saisit la justice espagnole","og_description":"NETTALI.COM - Entre d\u00e9nonciation d'un \u201cscandale de 37 milliards\u201d de francs CFA pour l'\u00e9lectrification rurale et critique acerbe de la paralysie des institutions, le leader de la R\u00e9publique des Valeurs dresse un r\u00e9quisitoire sans concession contre le gouvernement actuel. Face \u00e0 ce qu'il qualifie d'opacit\u00e9 persistante, le d\u00e9put\u00e9 annonce l'ouverture d'une proc\u00e9dure judiciaire \u00e0 Madrid. [&hellip;]","og_url":"https:\/\/www.nettali.com\/2026\/03\/16\/affaire-aser-et-gestion-publique-thierno-alassane-sall-sonne-lalerte-et-saisit-la-justice-espagnole\/","og_site_name":"Nettali.com","article_publisher":"https:\/\/www.facebook.com\/nettalicom","article_published_time":"2026-03-16T10:04:22+00:00","article_modified_time":"2026-03-16T23:13:27+00:00","og_image":[{"width":1070,"height":594,"url":"https:\/\/www.nettali.com\/wp-content\/uploads\/2026\/03\/95368847-66711021.jpg","type":"image\/jpeg"}],"twitter_card":"summary_large_image","twitter_misc":{"\u00c9crit par":"CK","Dur\u00e9e de lecture estim\u00e9e":"3 minutes"},"schema":{"@context":"https:\/\/schema.org","@graph":[{"@type":"WebSite","@id":"https:\/\/www.nettali.com\/#website","url":"https:\/\/www.nettali.com\/","name":"Nettali.com","description":"Le rendez-vous critique du Net","potentialAction":[{"@type":"SearchAction","target":{"@type":"EntryPoint","urlTemplate":"https:\/\/www.nettali.com\/?s={search_term_string}"},"query-input":"required name=search_term_string"}],"inLanguage":"fr-FR"},{"@type":"ImageObject","@id":"https:\/\/www.nettali.com\/2026\/03\/16\/affaire-aser-et-gestion-publique-thierno-alassane-sall-sonne-lalerte-et-saisit-la-justice-espagnole\/#primaryimage","inLanguage":"fr-FR","url":"https:\/\/www.nettali.com\/wp-content\/uploads\/2026\/03\/95368847-66711021.jpg","contentUrl":"https:\/\/www.nettali.com\/wp-content\/uploads\/2026\/03\/95368847-66711021.jpg","width":1070,"height":594,"caption":"Screenshot"},{"@type":"WebPage","@id":"https:\/\/www.nettali.com\/2026\/03\/16\/affaire-aser-et-gestion-publique-thierno-alassane-sall-sonne-lalerte-et-saisit-la-justice-espagnole\/#webpage","url":"https:\/\/www.nettali.com\/2026\/03\/16\/affaire-aser-et-gestion-publique-thierno-alassane-sall-sonne-lalerte-et-saisit-la-justice-espagnole\/","name":"AFFAIRE ASER ET GESTION PUBLIQUE - Thierno Alassane Sall sonne l\u2019alerte et saisit la justice espagnole | Nettali.com","isPartOf":{"@id":"https:\/\/www.nettali.com\/#website"},"primaryImageOfPage":{"@id":"https:\/\/www.nettali.com\/2026\/03\/16\/affaire-aser-et-gestion-publique-thierno-alassane-sall-sonne-lalerte-et-saisit-la-justice-espagnole\/#primaryimage"},"datePublished":"2026-03-16T10:04:22+00:00","dateModified":"2026-03-16T23:13:27+00:00","author":{"@id":"https:\/\/www.nettali.com\/#\/schema\/person\/d8ac7b7e27ddad43f1c0d2ef090d7f71"},"breadcrumb":{"@id":"https:\/\/www.nettali.com\/2026\/03\/16\/affaire-aser-et-gestion-publique-thierno-alassane-sall-sonne-lalerte-et-saisit-la-justice-espagnole\/#breadcrumb"},"inLanguage":"fr-FR","potentialAction":[{"@type":"ReadAction","target":["https:\/\/www.nettali.com\/2026\/03\/16\/affaire-aser-et-gestion-publique-thierno-alassane-sall-sonne-lalerte-et-saisit-la-justice-espagnole\/"]}]},{"@type":"BreadcrumbList","@id":"https:\/\/www.nettali.com\/2026\/03\/16\/affaire-aser-et-gestion-publique-thierno-alassane-sall-sonne-lalerte-et-saisit-la-justice-espagnole\/#breadcrumb","itemListElement":[{"@type":"ListItem","position":1,"name":"Accueil","item":"https:\/\/www.nettali.com\/"},{"@type":"ListItem","position":2,"name":"AFFAIRE ASER ET GESTION PUBLIQUE - Thierno Alassane Sall sonne l\u2019alerte et saisit la justice espagnole"}]},{"@type":"Person","@id":"https:\/\/www.nettali.com\/#\/schema\/person\/d8ac7b7e27ddad43f1c0d2ef090d7f71","name":"CK","image":{"@type":"ImageObject","@id":"https:\/\/www.nettali.com\/#personlogo","inLanguage":"fr-FR","url":"https:\/\/secure.gravatar.com\/avatar\/1d8d5118b9327d94da7cd4ce7f17fec2?s=96&d=mm&r=g","contentUrl":"https:\/\/secure.gravatar.com\/avatar\/1d8d5118b9327d94da7cd4ce7f17fec2?s=96&d=mm&r=g","caption":"CK"},"sameAs":["https:\/\/www.nettali.com"]}]}},"_links":{"self":[{"href":"https:\/\/www.nettali.com\/rest\/wp\/v2\/posts\/170967"}],"collection":[{"href":"https:\/\/www.nettali.com\/rest\/wp\/v2\/posts"}],"about":[{"href":"https:\/\/www.nettali.com\/rest\/wp\/v2\/types\/post"}],"author":[{"embeddable":true,"href":"https:\/\/www.nettali.com\/rest\/wp\/v2\/users\/2"}],"replies":[{"embeddable":true,"href":"https:\/\/www.nettali.com\/rest\/wp\/v2\/comments?post=170967"}],"version-history":[{"count":1,"href":"https:\/\/www.nettali.com\/rest\/wp\/v2\/posts\/170967\/revisions"}],"predecessor-version":[{"id":170969,"href":"https:\/\/www.nettali.com\/rest\/wp\/v2\/posts\/170967\/revisions\/170969"}],"wp:featuredmedia":[{"embeddable":true,"href":"https:\/\/www.nettali.com\/rest\/wp\/v2\/media\/170968"}],"wp:attachment":[{"href":"https:\/\/www.nettali.com\/rest\/wp\/v2\/media?parent=170967"}],"wp:term":[{"taxonomy":"category","embeddable":true,"href":"https:\/\/www.nettali.com\/rest\/wp\/v2\/categories?post=170967"},{"taxonomy":"post_tag","embeddable":true,"href":"https:\/\/www.nettali.com\/rest\/wp\/v2\/tags?post=170967"}],"curies":[{"name":"wp","href":"https:\/\/api.w.org\/{rel}","templated":true}]}}