{"id":170965,"date":"2026-03-16T13:00:38","date_gmt":"2026-03-16T13:00:38","guid":{"rendered":"https:\/\/www.nettali.com\/?p=170965"},"modified":"2026-03-17T13:41:27","modified_gmt":"2026-03-17T13:41:27","slug":"affaire-ousmane-sonko-mame-mbaye-niang-la-guerre-des-tranchees","status":"publish","type":"post","link":"https:\/\/www.nettali.com\/2026\/03\/16\/affaire-ousmane-sonko-mame-mbaye-niang-la-guerre-des-tranchees\/","title":{"rendered":"AFFAIRE OUSMANE SONKO\/MAME MBAYE NIANG - La guerre des tranch\u00e9es"},"content":{"rendered":"<p><strong>NETTALI.COM - Trois ans apr\u00e8s un proc\u00e8s qui avait \u00e9lectris\u00e9 la sc\u00e8ne politique s\u00e9n\u00e9galaise, l\u2019affaire Sonko-Niang ressurgit devant la Cour supr\u00eame. Et cette fois, les deux camps arrivent les poings lev\u00e9s. D\u2019un c\u00f4t\u00e9, un m\u00e9moire en r\u00e9vision de seize pages d\u00e9pos\u00e9 d\u00e9but mars 2026 par les avocats d\u2019Ousmane Sonko. De l\u2019autre, un m\u00e9moire en d\u00e9fense de dix-sept pages sign\u00e9 par les conseils de Mame Mbaye Kan Niang, d\u00e9pos\u00e9 d\u00e8s le 5 f\u00e9vrier. La Haute Juridiction est saisie d\u2019une demande visant \u00e0 annuler l\u2019arr\u00eat qui a condamn\u00e9 le Premier ministre et l\u2019a exclu de la pr\u00e9sidentielle de 2024. Une bataille judiciaire d\u2019une intensit\u00e9 rare, aux enjeux qui d\u00e9passent largement les deux hommes.<\/strong><\/p>\n<p>Tout commence le 22 novembre 2022. Devant les cam\u00e9ras, Ousmane Sonko - encore dans l\u2019opposition - accuse publiquement Mame Mbaye Kan Niang, ancien ministre de tutelle du PRODAC, d\u2019avoir \u00e9t\u00e9 \u201c\u00e9pingl\u00e9\u201d par un rapport de l\u2019Inspection G\u00e9n\u00e9rale d\u2019\u00c9tat. Il lit des extraits \u00e9voquant un ordre de service sign\u00e9 avant m\u00eame la notification d\u2019un contrat, un fait qualifi\u00e9 de \u201cd\u00e9plorable\u201d par les enqu\u00eateurs. Niang r\u00e9pond par une plainte pour injures et diffamation. Au terme d\u2019un proc\u00e8s mouvement\u00e9, Sonko est reconnu coupable et condamn\u00e9 \u00e0 deux mois avec sursis et 200 millions de francs CFA de dommages et int\u00e9r\u00eats. En appel, la sanction est alourdie : six mois avec sursis, une condamnation pour injures publiques ajout\u00e9e, et surtout une in\u00e9ligibilit\u00e9 qui le barre de la course \u00e0 la pr\u00e9sidentielle. Un pourvoi en cassation, puis une demande de rabat d\u2019arr\u00eat : tout est rejet\u00e9. La condamnation est d\u00e9finitive. Du moins, elle l\u2019\u00e9tait.<\/p>\n<p><strong>Un rapport sorti du chapeau <\/strong><\/p>\n<p>Le 29 d\u00e9cembre 2025, le Procureur G\u00e9n\u00e9ral pr\u00e8s la Cour supr\u00eame, agissant sur instruction de la ministre de la Justice Yassine Fall, demande la r\u00e9vision de l\u2019arr\u00eat. Son argument : un rapport de l\u2019Inspection G\u00e9n\u00e9rale des Finances (IGF), le n\u00b002\/18, qui n\u2019aurait pas \u00e9t\u00e9 vers\u00e9 au dossier lors du proc\u00e8s et qui serait de nature \u00e0 remettre en cause la culpabilit\u00e9 de Sonko.<\/p>\n<p>Le 1er mars 2026, les avocats du Premier ministre embo\u00eetent le pas dans un m\u00e9moire en intervention. Pour les partisans de Sonko, c\u2019est la preuve que la v\u00e9rit\u00e9 rattrape enfin le mensonge. Pour ceux de Niang, c\u2019est le d\u00e9but d\u2019une manoeuvre cousue de fil blanc.<\/p>\n<p>Les avocats de Mame Mbaye Niang - une armada de six ma\u00eetres - r\u00e9pliquent avec m\u00e9thode. Leur m\u00e9moire en d\u00e9fense articule trois arguments destin\u00e9s \u00e0 faire tomber la proc\u00e9dure avant m\u00eame qu\u2019elle ne commence. Premier argument : le rapport \u00e9tait d\u00e9j\u00e0 connu. Sonko avait lui-m\u00eame produit lors de l\u2019enqu\u00eate pr\u00e9liminaire un constat d\u2019huissier renseignant sur un lien Scribd o\u00f9 des documents PRODAC \u00e9taient en libre acc\u00e8s. Il avait cit\u00e9 comme t\u00e9moin Birahim Seck du Forum Civil, qui avait publi\u00e9 un livre bas\u00e9 sur ces m\u00eames informations. Le rapport IGF ne peut donc pas \u00eatre pr\u00e9sent\u00e9 comme une \u201cpi\u00e8ce inconnue\u201d.<\/p>\n<p>Deuxi\u00e8me argument : Sonko s\u2019est lui-m\u00eame priv\u00e9 du droit de se d\u00e9fendre. En mati\u00e8re de diffamation, la loi impose au pr\u00e9venu de produire ses pi\u00e8ces dans les dix jours suivant sa convocation. Sonko ne l\u2019a pas fait. Il n\u2019a comparu qu\u2019une seule fois, sans document, avant de bouder les audiences en premi\u00e8re instance comme en appel. Il a perdu d\u00e9finitivement le droit de faire cette preuve ; qu\u2019on produise un rapport aujourd\u2019hui ne change rien.<\/p>\n<p><strong>Un faux document, accusent-ils <\/strong><\/p>\n<p>Le troisi\u00e8me argument est le plus offensif : les avocats de Niang s\u2019en prennent directement au document lui-m\u00eame. L\u2019ancien ministre des Finances Amadou Ba avait commandit\u00e9 une enqu\u00eate IGF sur le contrat PRODAC-Green 2000. Le chef de mission est d\u00e9c\u00e9d\u00e9 en septembre 2018, apr\u00e8s avoir d\u00e9pos\u00e9 un pr\u00e9-rapport provisoire qui n\u2019a jamais \u00e9t\u00e9 valid\u00e9. Amadou Ba l\u2019a dit lui-m\u00eame : \u00e0 son d\u00e9part du minist\u00e8re en novembre 2020, la v\u00e9rification \u00e9tait toujours en suspens. Comment ce rapport provisoire de 2018 a-t-il alors pu \u00eatre \u201cvalid\u00e9\u201d le 5 juillet 2024 - estampill\u00e9 \u201cSECRET\u201d - par un ministre des Finances nomm\u00e9 en avril 2024, soit six ans apr\u00e8s les faits et un an apr\u00e8s la condamnation d\u00e9finitive ? \u201c<em>Il s\u2019agit manifestement d\u2019un faux document, fabriqu\u00e9 pour les besoins de la cause<\/em>\u201d, tranche le m\u00e9moire. Les dates m\u00eames du rapport contredisent les accusations port\u00e9es contre Niang : le march\u00e9 PRODAC a \u00e9t\u00e9 conclu le 28 mai 2015, l\u2019ordre de service \u00e9mis le 24 mars 2016 - donc apr\u00e8s, et non avant, contrairement \u00e0 ce que le rapport pr\u00e9tend \u00e9tablir.<\/p>\n<p>En riposte, les avocats de Niang ont d\u00e9pos\u00e9 le 30 janvier 2026 une plainte au Parquet visant le ministre des Finances Cheikh Diba pour faux, et solidairement Ousmane Sonko et Yassine Fall pour usage de faux et association de malfaiteurs. Ils demandent \u00e0 la Cour supr\u00eame, soit de d\u00e9clarer la demande irrecevable, soit d\u2019attendre que cette plainte p\u00e9nale soit tranch\u00e9e avant de statuer.<\/p>\n<p><strong>La Cour supr\u00eame en terrain inconnu<\/strong><\/p>\n<p>La Haute Juridiction se retrouve dans une position d\u00e9licate : une demande de r\u00e9vision port\u00e9e conjointement par le Parquet g\u00e9n\u00e9ral et par les propres avocats du condamn\u00e9 - configuration rarissime -, contest\u00e9e par une partie civile qui d\u00e9nonce une instrumentalisation politique et met en cause l\u2019int\u00e9grit\u00e9 m\u00eame du dossier.<\/p>\n<p>La Cour n\u2019a pas encore fix\u00e9 de date d\u2019audience. Aucun d\u00e9lai ne l\u2019y contraint. Mais sa d\u00e9cision, attendue dans les prochains mois, pourrait faire jurisprudence bien au-del\u00e0 de cette affaire - et red\u00e9finir les conditions dans lesquelles une condamnation p\u00e9nale peut \u00eatre revisit\u00e9e au S\u00e9n\u00e9gal.<\/p>\n<p>EnQu\u00eate<\/p>\n<div class='share-to-whatsapp-wrapper'><div class='share-on-whsp'>PARTAGER SUR : <\/div><a data-text='AFFAIRE OUSMANE SONKO\/MAME MBAYE NIANG - La guerre des tranch\u00e9es' data-link='https:\/\/www.nettali.com\/2026\/03\/16\/affaire-ousmane-sonko-mame-mbaye-niang-la-guerre-des-tranchees\/' class='whatsapp-button whatsapp-share'>WhatsApp<\/a><div class='clear '><\/div><\/div>","protected":false},"excerpt":{"rendered":"<p>NETTALI.COM - Trois ans apr\u00e8s un proc\u00e8s qui avait \u00e9lectris\u00e9 la sc\u00e8ne politique s\u00e9n\u00e9galaise, l\u2019affaire Sonko-Niang ressurgit devant la Cour supr\u00eame. Et cette fois, les deux camps arrivent les poings lev\u00e9s. D\u2019un c\u00f4t\u00e9, un m\u00e9moire en r\u00e9vision de seize pages d\u00e9pos\u00e9 d\u00e9but mars 2026 par les avocats d\u2019Ousmane Sonko. De l\u2019autre, un m\u00e9moire en d\u00e9fense [&hellip;]<\/p>\n","protected":false},"author":2,"featured_media":166223,"comment_status":"open","ping_status":"open","sticky":false,"template":"","format":"standard","meta":{"_et_pb_use_builder":"","_et_pb_old_content":""},"categories":[2],"tags":[],"yoast_head":"<!-- This site is optimized with the Yoast SEO Premium plugin v17.8 (Yoast SEO v17.8) - https:\/\/yoast.com\/wordpress\/plugins\/seo\/ -->\n<title>AFFAIRE OUSMANE SONKO\/MAME MBAYE NIANG - La guerre des tranch\u00e9es | Nettali.com<\/title>\n<meta name=\"robots\" content=\"index, follow, max-snippet:-1, max-image-preview:large, max-video-preview:-1\" \/>\n<link rel=\"canonical\" href=\"https:\/\/www.nettali.com\/2026\/03\/16\/affaire-ousmane-sonko-mame-mbaye-niang-la-guerre-des-tranchees\/\" \/>\n<meta property=\"og:locale\" content=\"fr_FR\" \/>\n<meta property=\"og:type\" content=\"article\" \/>\n<meta property=\"og:title\" content=\"AFFAIRE OUSMANE SONKO\/MAME MBAYE NIANG - La guerre des tranch\u00e9es\" \/>\n<meta property=\"og:description\" content=\"NETTALI.COM - Trois ans apr\u00e8s un proc\u00e8s qui avait \u00e9lectris\u00e9 la sc\u00e8ne politique s\u00e9n\u00e9galaise, l\u2019affaire Sonko-Niang ressurgit devant la Cour supr\u00eame. Et cette fois, les deux camps arrivent les poings lev\u00e9s. D\u2019un c\u00f4t\u00e9, un m\u00e9moire en r\u00e9vision de seize pages d\u00e9pos\u00e9 d\u00e9but mars 2026 par les avocats d\u2019Ousmane Sonko. De l\u2019autre, un m\u00e9moire en d\u00e9fense [&hellip;]\" \/>\n<meta property=\"og:url\" content=\"https:\/\/www.nettali.com\/2026\/03\/16\/affaire-ousmane-sonko-mame-mbaye-niang-la-guerre-des-tranchees\/\" \/>\n<meta property=\"og:site_name\" content=\"Nettali.com\" \/>\n<meta property=\"article:publisher\" content=\"https:\/\/www.facebook.com\/nettalicom\" \/>\n<meta property=\"article:published_time\" content=\"2026-03-16T13:00:38+00:00\" \/>\n<meta property=\"article:modified_time\" content=\"2026-03-17T13:41:27+00:00\" \/>\n<meta property=\"og:image\" content=\"https:\/\/www.nettali.com\/wp-content\/uploads\/2025\/12\/sonko-Mame-Mbaye-Niang.jpg\" \/>\n\t<meta property=\"og:image:width\" content=\"1600\" \/>\n\t<meta property=\"og:image:height\" content=\"900\" \/>\n<meta name=\"twitter:card\" content=\"summary_large_image\" \/>\n<meta name=\"twitter:label1\" content=\"\u00c9crit par\" \/>\n\t<meta name=\"twitter:data1\" content=\"CK\" \/>\n\t<meta name=\"twitter:label2\" content=\"Dur\u00e9e de lecture estim\u00e9e\" \/>\n\t<meta name=\"twitter:data2\" content=\"5 minutes\" \/>\n<script type=\"application\/ld+json\" class=\"yoast-schema-graph\">{\"@context\":\"https:\/\/schema.org\",\"@graph\":[{\"@type\":\"WebSite\",\"@id\":\"https:\/\/www.nettali.com\/#website\",\"url\":\"https:\/\/www.nettali.com\/\",\"name\":\"Nettali.com\",\"description\":\"Le rendez-vous critique du Net\",\"potentialAction\":[{\"@type\":\"SearchAction\",\"target\":{\"@type\":\"EntryPoint\",\"urlTemplate\":\"https:\/\/www.nettali.com\/?s={search_term_string}\"},\"query-input\":\"required name=search_term_string\"}],\"inLanguage\":\"fr-FR\"},{\"@type\":\"ImageObject\",\"@id\":\"https:\/\/www.nettali.com\/2026\/03\/16\/affaire-ousmane-sonko-mame-mbaye-niang-la-guerre-des-tranchees\/#primaryimage\",\"inLanguage\":\"fr-FR\",\"url\":\"https:\/\/www.nettali.com\/wp-content\/uploads\/2025\/12\/sonko-Mame-Mbaye-Niang.jpg\",\"contentUrl\":\"https:\/\/www.nettali.com\/wp-content\/uploads\/2025\/12\/sonko-Mame-Mbaye-Niang.jpg\",\"width\":1600,\"height\":900},{\"@type\":\"WebPage\",\"@id\":\"https:\/\/www.nettali.com\/2026\/03\/16\/affaire-ousmane-sonko-mame-mbaye-niang-la-guerre-des-tranchees\/#webpage\",\"url\":\"https:\/\/www.nettali.com\/2026\/03\/16\/affaire-ousmane-sonko-mame-mbaye-niang-la-guerre-des-tranchees\/\",\"name\":\"AFFAIRE OUSMANE SONKO\/MAME MBAYE NIANG - La guerre des tranch\\u00e9es | Nettali.com\",\"isPartOf\":{\"@id\":\"https:\/\/www.nettali.com\/#website\"},\"primaryImageOfPage\":{\"@id\":\"https:\/\/www.nettali.com\/2026\/03\/16\/affaire-ousmane-sonko-mame-mbaye-niang-la-guerre-des-tranchees\/#primaryimage\"},\"datePublished\":\"2026-03-16T13:00:38+00:00\",\"dateModified\":\"2026-03-17T13:41:27+00:00\",\"author\":{\"@id\":\"https:\/\/www.nettali.com\/#\/schema\/person\/d8ac7b7e27ddad43f1c0d2ef090d7f71\"},\"breadcrumb\":{\"@id\":\"https:\/\/www.nettali.com\/2026\/03\/16\/affaire-ousmane-sonko-mame-mbaye-niang-la-guerre-des-tranchees\/#breadcrumb\"},\"inLanguage\":\"fr-FR\",\"potentialAction\":[{\"@type\":\"ReadAction\",\"target\":[\"https:\/\/www.nettali.com\/2026\/03\/16\/affaire-ousmane-sonko-mame-mbaye-niang-la-guerre-des-tranchees\/\"]}]},{\"@type\":\"BreadcrumbList\",\"@id\":\"https:\/\/www.nettali.com\/2026\/03\/16\/affaire-ousmane-sonko-mame-mbaye-niang-la-guerre-des-tranchees\/#breadcrumb\",\"itemListElement\":[{\"@type\":\"ListItem\",\"position\":1,\"name\":\"Accueil\",\"item\":\"https:\/\/www.nettali.com\/\"},{\"@type\":\"ListItem\",\"position\":2,\"name\":\"AFFAIRE OUSMANE SONKO\/MAME MBAYE NIANG - La guerre des tranch\\u00e9es\"}]},{\"@type\":\"Person\",\"@id\":\"https:\/\/www.nettali.com\/#\/schema\/person\/d8ac7b7e27ddad43f1c0d2ef090d7f71\",\"name\":\"CK\",\"image\":{\"@type\":\"ImageObject\",\"@id\":\"https:\/\/www.nettali.com\/#personlogo\",\"inLanguage\":\"fr-FR\",\"url\":\"https:\/\/secure.gravatar.com\/avatar\/1d8d5118b9327d94da7cd4ce7f17fec2?s=96&d=mm&r=g\",\"contentUrl\":\"https:\/\/secure.gravatar.com\/avatar\/1d8d5118b9327d94da7cd4ce7f17fec2?s=96&d=mm&r=g\",\"caption\":\"CK\"},\"sameAs\":[\"https:\/\/www.nettali.com\"]}]}<\/script>\n<!-- \/ Yoast SEO Premium plugin. -->","yoast_head_json":{"title":"AFFAIRE OUSMANE SONKO\/MAME MBAYE NIANG - La guerre des tranch\u00e9es | Nettali.com","robots":{"index":"index","follow":"follow","max-snippet":"max-snippet:-1","max-image-preview":"max-image-preview:large","max-video-preview":"max-video-preview:-1"},"canonical":"https:\/\/www.nettali.com\/2026\/03\/16\/affaire-ousmane-sonko-mame-mbaye-niang-la-guerre-des-tranchees\/","og_locale":"fr_FR","og_type":"article","og_title":"AFFAIRE OUSMANE SONKO\/MAME MBAYE NIANG - La guerre des tranch\u00e9es","og_description":"NETTALI.COM - Trois ans apr\u00e8s un proc\u00e8s qui avait \u00e9lectris\u00e9 la sc\u00e8ne politique s\u00e9n\u00e9galaise, l\u2019affaire Sonko-Niang ressurgit devant la Cour supr\u00eame. Et cette fois, les deux camps arrivent les poings lev\u00e9s. D\u2019un c\u00f4t\u00e9, un m\u00e9moire en r\u00e9vision de seize pages d\u00e9pos\u00e9 d\u00e9but mars 2026 par les avocats d\u2019Ousmane Sonko. De l\u2019autre, un m\u00e9moire en d\u00e9fense [&hellip;]","og_url":"https:\/\/www.nettali.com\/2026\/03\/16\/affaire-ousmane-sonko-mame-mbaye-niang-la-guerre-des-tranchees\/","og_site_name":"Nettali.com","article_publisher":"https:\/\/www.facebook.com\/nettalicom","article_published_time":"2026-03-16T13:00:38+00:00","article_modified_time":"2026-03-17T13:41:27+00:00","og_image":[{"width":1600,"height":900,"url":"https:\/\/www.nettali.com\/wp-content\/uploads\/2025\/12\/sonko-Mame-Mbaye-Niang.jpg","type":"image\/jpeg"}],"twitter_card":"summary_large_image","twitter_misc":{"\u00c9crit par":"CK","Dur\u00e9e de lecture estim\u00e9e":"5 minutes"},"schema":{"@context":"https:\/\/schema.org","@graph":[{"@type":"WebSite","@id":"https:\/\/www.nettali.com\/#website","url":"https:\/\/www.nettali.com\/","name":"Nettali.com","description":"Le rendez-vous critique du Net","potentialAction":[{"@type":"SearchAction","target":{"@type":"EntryPoint","urlTemplate":"https:\/\/www.nettali.com\/?s={search_term_string}"},"query-input":"required name=search_term_string"}],"inLanguage":"fr-FR"},{"@type":"ImageObject","@id":"https:\/\/www.nettali.com\/2026\/03\/16\/affaire-ousmane-sonko-mame-mbaye-niang-la-guerre-des-tranchees\/#primaryimage","inLanguage":"fr-FR","url":"https:\/\/www.nettali.com\/wp-content\/uploads\/2025\/12\/sonko-Mame-Mbaye-Niang.jpg","contentUrl":"https:\/\/www.nettali.com\/wp-content\/uploads\/2025\/12\/sonko-Mame-Mbaye-Niang.jpg","width":1600,"height":900},{"@type":"WebPage","@id":"https:\/\/www.nettali.com\/2026\/03\/16\/affaire-ousmane-sonko-mame-mbaye-niang-la-guerre-des-tranchees\/#webpage","url":"https:\/\/www.nettali.com\/2026\/03\/16\/affaire-ousmane-sonko-mame-mbaye-niang-la-guerre-des-tranchees\/","name":"AFFAIRE OUSMANE SONKO\/MAME MBAYE NIANG - La guerre des tranch\u00e9es | Nettali.com","isPartOf":{"@id":"https:\/\/www.nettali.com\/#website"},"primaryImageOfPage":{"@id":"https:\/\/www.nettali.com\/2026\/03\/16\/affaire-ousmane-sonko-mame-mbaye-niang-la-guerre-des-tranchees\/#primaryimage"},"datePublished":"2026-03-16T13:00:38+00:00","dateModified":"2026-03-17T13:41:27+00:00","author":{"@id":"https:\/\/www.nettali.com\/#\/schema\/person\/d8ac7b7e27ddad43f1c0d2ef090d7f71"},"breadcrumb":{"@id":"https:\/\/www.nettali.com\/2026\/03\/16\/affaire-ousmane-sonko-mame-mbaye-niang-la-guerre-des-tranchees\/#breadcrumb"},"inLanguage":"fr-FR","potentialAction":[{"@type":"ReadAction","target":["https:\/\/www.nettali.com\/2026\/03\/16\/affaire-ousmane-sonko-mame-mbaye-niang-la-guerre-des-tranchees\/"]}]},{"@type":"BreadcrumbList","@id":"https:\/\/www.nettali.com\/2026\/03\/16\/affaire-ousmane-sonko-mame-mbaye-niang-la-guerre-des-tranchees\/#breadcrumb","itemListElement":[{"@type":"ListItem","position":1,"name":"Accueil","item":"https:\/\/www.nettali.com\/"},{"@type":"ListItem","position":2,"name":"AFFAIRE OUSMANE SONKO\/MAME MBAYE NIANG - La guerre des tranch\u00e9es"}]},{"@type":"Person","@id":"https:\/\/www.nettali.com\/#\/schema\/person\/d8ac7b7e27ddad43f1c0d2ef090d7f71","name":"CK","image":{"@type":"ImageObject","@id":"https:\/\/www.nettali.com\/#personlogo","inLanguage":"fr-FR","url":"https:\/\/secure.gravatar.com\/avatar\/1d8d5118b9327d94da7cd4ce7f17fec2?s=96&d=mm&r=g","contentUrl":"https:\/\/secure.gravatar.com\/avatar\/1d8d5118b9327d94da7cd4ce7f17fec2?s=96&d=mm&r=g","caption":"CK"},"sameAs":["https:\/\/www.nettali.com"]}]}},"_links":{"self":[{"href":"https:\/\/www.nettali.com\/rest\/wp\/v2\/posts\/170965"}],"collection":[{"href":"https:\/\/www.nettali.com\/rest\/wp\/v2\/posts"}],"about":[{"href":"https:\/\/www.nettali.com\/rest\/wp\/v2\/types\/post"}],"author":[{"embeddable":true,"href":"https:\/\/www.nettali.com\/rest\/wp\/v2\/users\/2"}],"replies":[{"embeddable":true,"href":"https:\/\/www.nettali.com\/rest\/wp\/v2\/comments?post=170965"}],"version-history":[{"count":1,"href":"https:\/\/www.nettali.com\/rest\/wp\/v2\/posts\/170965\/revisions"}],"predecessor-version":[{"id":170966,"href":"https:\/\/www.nettali.com\/rest\/wp\/v2\/posts\/170965\/revisions\/170966"}],"wp:featuredmedia":[{"embeddable":true,"href":"https:\/\/www.nettali.com\/rest\/wp\/v2\/media\/166223"}],"wp:attachment":[{"href":"https:\/\/www.nettali.com\/rest\/wp\/v2\/media?parent=170965"}],"wp:term":[{"taxonomy":"category","embeddable":true,"href":"https:\/\/www.nettali.com\/rest\/wp\/v2\/categories?post=170965"},{"taxonomy":"post_tag","embeddable":true,"href":"https:\/\/www.nettali.com\/rest\/wp\/v2\/tags?post=170965"}],"curies":[{"name":"wp","href":"https:\/\/api.w.org\/{rel}","templated":true}]}}