{"id":170950,"date":"2026-03-15T19:17:48","date_gmt":"2026-03-15T19:17:48","guid":{"rendered":"https:\/\/www.nettali.com\/?p=170950"},"modified":"2026-03-15T19:17:48","modified_gmt":"2026-03-15T19:17:48","slug":"cnoss-mamadou-diagna-ndiaye-quitte-la-presidence-le","status":"publish","type":"post","link":"https:\/\/www.nettali.com\/2026\/03\/15\/cnoss-mamadou-diagna-ndiaye-quitte-la-presidence-le\/","title":{"rendered":"CNOSS - Mamadou Diagna Ndiaye quitte la pr\u00e9sidence le\u2026"},"content":{"rendered":"<p><strong>NETTALI.COM - Le Comit\u00e9 national olympique et sportif s\u00e9n\u00e9galais (CNOSS) a organis\u00e9 ce samedi 14 mars son assembl\u00e9e g\u00e9n\u00e9rale. Une tribune marqu\u00e9e par l\u2019annonce du d\u00e9part de Mamadou Diagna Ndiaye de la pr\u00e9sidence.<\/strong><\/p>\n<p>En effet, il a \u00e9t\u00e9 d\u00e9cid\u00e9, \u00e0 l\u2019unanimit\u00e9, de proroger d\u2019une ann\u00e9e le mandat du Comit\u00e9 directeur, du Bureau ex\u00e9cutif et du pr\u00e9sident. Soit jusqu\u2019au 22 d\u00e9cembre 2026. Une d\u00e9cision prise par d\u00e9rogation aux dispositions de l\u2019article 11.1.2.C des statuts. Autre chose, Diagna Ndiaye, par ailleurs membre du Comit\u00e9 international olympique (CIO), a d\u00e9clar\u00e9 qu\u2019il ne se repr\u00e9sentera pas \u00e0 l\u2019issue de ce mandat prorog\u00e9.<\/p>\n<p>Pour rappel, le non moins pr\u00e9sident du Comit\u00e9 d\u2019organisation des Jeux olympiques de la jeunesse Dakar 2026 a \u00e9t\u00e9 r\u00e9\u00e9lu en 2021 pour un cinqui\u00e8me mandat \u00e0 la t\u00eate du CNOSS.<\/p>\n<div class='share-to-whatsapp-wrapper'><div class='share-on-whsp'>PARTAGER SUR : <\/div><a data-text='CNOSS - Mamadou Diagna Ndiaye quitte la pr\u00e9sidence le\u2026' data-link='https:\/\/www.nettali.com\/2026\/03\/15\/cnoss-mamadou-diagna-ndiaye-quitte-la-presidence-le\/' class='whatsapp-button whatsapp-share'>WhatsApp<\/a><div class='clear '><\/div><\/div>","protected":false},"excerpt":{"rendered":"<p>NETTALI.COM - Le Comit\u00e9 national olympique et sportif s\u00e9n\u00e9galais (CNOSS) a organis\u00e9 ce samedi 14 mars son assembl\u00e9e g\u00e9n\u00e9rale. Une tribune marqu\u00e9e par l\u2019annonce du d\u00e9part de Mamadou Diagna Ndiaye de la pr\u00e9sidence. En effet, il a \u00e9t\u00e9 d\u00e9cid\u00e9, \u00e0 l\u2019unanimit\u00e9, de proroger d\u2019une ann\u00e9e le mandat du Comit\u00e9 directeur, du Bureau ex\u00e9cutif et du [&hellip;]<\/p>\n","protected":false},"author":5,"featured_media":170951,"comment_status":"open","ping_status":"open","sticky":false,"template":"","format":"standard","meta":{"_et_pb_use_builder":"","_et_pb_old_content":""},"categories":[6],"tags":[],"yoast_head":"<!-- This site is optimized with the Yoast SEO Premium plugin v17.8 (Yoast SEO v17.8) - https:\/\/yoast.com\/wordpress\/plugins\/seo\/ -->\n<title>CNOSS - Mamadou Diagna Ndiaye quitte la pr\u00e9sidence le\u2026 | Nettali.com<\/title>\n<meta name=\"robots\" content=\"index, follow, max-snippet:-1, max-image-preview:large, max-video-preview:-1\" \/>\n<link rel=\"canonical\" href=\"https:\/\/www.nettali.com\/2026\/03\/15\/cnoss-mamadou-diagna-ndiaye-quitte-la-presidence-le\/\" \/>\n<meta property=\"og:locale\" content=\"fr_FR\" \/>\n<meta property=\"og:type\" content=\"article\" \/>\n<meta property=\"og:title\" content=\"CNOSS - Mamadou Diagna Ndiaye quitte la pr\u00e9sidence le\u2026\" \/>\n<meta property=\"og:description\" content=\"NETTALI.COM - Le Comit\u00e9 national olympique et sportif s\u00e9n\u00e9galais (CNOSS) a organis\u00e9 ce samedi 14 mars son assembl\u00e9e g\u00e9n\u00e9rale. Une tribune marqu\u00e9e par l\u2019annonce du d\u00e9part de Mamadou Diagna Ndiaye de la pr\u00e9sidence. En effet, il a \u00e9t\u00e9 d\u00e9cid\u00e9, \u00e0 l\u2019unanimit\u00e9, de proroger d\u2019une ann\u00e9e le mandat du Comit\u00e9 directeur, du Bureau ex\u00e9cutif et du [&hellip;]\" \/>\n<meta property=\"og:url\" content=\"https:\/\/www.nettali.com\/2026\/03\/15\/cnoss-mamadou-diagna-ndiaye-quitte-la-presidence-le\/\" \/>\n<meta property=\"og:site_name\" content=\"Nettali.com\" \/>\n<meta property=\"article:publisher\" content=\"https:\/\/www.facebook.com\/nettalicom\" \/>\n<meta property=\"article:published_time\" content=\"2026-03-15T19:17:48+00:00\" \/>\n<meta property=\"og:image\" content=\"https:\/\/www.nettali.com\/wp-content\/uploads\/2026\/03\/IMG-20251225-WA0061.jpg\" \/>\n\t<meta property=\"og:image:width\" content=\"1600\" \/>\n\t<meta property=\"og:image:height\" content=\"1067\" \/>\n<meta name=\"twitter:card\" content=\"summary_large_image\" \/>\n<meta name=\"twitter:label1\" content=\"\u00c9crit par\" \/>\n\t<meta name=\"twitter:data1\" content=\"Ibrahima\" \/>\n\t<meta name=\"twitter:label2\" content=\"Dur\u00e9e de lecture estim\u00e9e\" \/>\n\t<meta name=\"twitter:data2\" content=\"1 minute\" \/>\n<script type=\"application\/ld+json\" class=\"yoast-schema-graph\">{\"@context\":\"https:\/\/schema.org\",\"@graph\":[{\"@type\":\"WebSite\",\"@id\":\"https:\/\/www.nettali.com\/#website\",\"url\":\"https:\/\/www.nettali.com\/\",\"name\":\"Nettali.com\",\"description\":\"Le rendez-vous critique du Net\",\"potentialAction\":[{\"@type\":\"SearchAction\",\"target\":{\"@type\":\"EntryPoint\",\"urlTemplate\":\"https:\/\/www.nettali.com\/?s={search_term_string}\"},\"query-input\":\"required name=search_term_string\"}],\"inLanguage\":\"fr-FR\"},{\"@type\":\"ImageObject\",\"@id\":\"https:\/\/www.nettali.com\/2026\/03\/15\/cnoss-mamadou-diagna-ndiaye-quitte-la-presidence-le\/#primaryimage\",\"inLanguage\":\"fr-FR\",\"url\":\"https:\/\/www.nettali.com\/wp-content\/uploads\/2026\/03\/IMG-20251225-WA0061.jpg\",\"contentUrl\":\"https:\/\/www.nettali.com\/wp-content\/uploads\/2026\/03\/IMG-20251225-WA0061.jpg\",\"width\":1600,\"height\":1067},{\"@type\":\"WebPage\",\"@id\":\"https:\/\/www.nettali.com\/2026\/03\/15\/cnoss-mamadou-diagna-ndiaye-quitte-la-presidence-le\/#webpage\",\"url\":\"https:\/\/www.nettali.com\/2026\/03\/15\/cnoss-mamadou-diagna-ndiaye-quitte-la-presidence-le\/\",\"name\":\"CNOSS - Mamadou Diagna Ndiaye quitte la pr\\u00e9sidence le\\u2026 | Nettali.com\",\"isPartOf\":{\"@id\":\"https:\/\/www.nettali.com\/#website\"},\"primaryImageOfPage\":{\"@id\":\"https:\/\/www.nettali.com\/2026\/03\/15\/cnoss-mamadou-diagna-ndiaye-quitte-la-presidence-le\/#primaryimage\"},\"datePublished\":\"2026-03-15T19:17:48+00:00\",\"dateModified\":\"2026-03-15T19:17:48+00:00\",\"author\":{\"@id\":\"https:\/\/www.nettali.com\/#\/schema\/person\/bb147657c2986240405a608162b9bb23\"},\"breadcrumb\":{\"@id\":\"https:\/\/www.nettali.com\/2026\/03\/15\/cnoss-mamadou-diagna-ndiaye-quitte-la-presidence-le\/#breadcrumb\"},\"inLanguage\":\"fr-FR\",\"potentialAction\":[{\"@type\":\"ReadAction\",\"target\":[\"https:\/\/www.nettali.com\/2026\/03\/15\/cnoss-mamadou-diagna-ndiaye-quitte-la-presidence-le\/\"]}]},{\"@type\":\"BreadcrumbList\",\"@id\":\"https:\/\/www.nettali.com\/2026\/03\/15\/cnoss-mamadou-diagna-ndiaye-quitte-la-presidence-le\/#breadcrumb\",\"itemListElement\":[{\"@type\":\"ListItem\",\"position\":1,\"name\":\"Accueil\",\"item\":\"https:\/\/www.nettali.com\/\"},{\"@type\":\"ListItem\",\"position\":2,\"name\":\"CNOSS - Mamadou Diagna Ndiaye quitte la pr\\u00e9sidence le\\u2026\"}]},{\"@type\":\"Person\",\"@id\":\"https:\/\/www.nettali.com\/#\/schema\/person\/bb147657c2986240405a608162b9bb23\",\"name\":\"Ibrahima\",\"image\":{\"@type\":\"ImageObject\",\"@id\":\"https:\/\/www.nettali.com\/#personlogo\",\"inLanguage\":\"fr-FR\",\"url\":\"https:\/\/secure.gravatar.com\/avatar\/26a8a81f09f0dd7624c9d5c36c9ba3a2?s=96&d=mm&r=g\",\"contentUrl\":\"https:\/\/secure.gravatar.com\/avatar\/26a8a81f09f0dd7624c9d5c36c9ba3a2?s=96&d=mm&r=g\",\"caption\":\"Ibrahima\"},\"sameAs\":[\"https:\/\/www.nettali.com\"]}]}<\/script>\n<!-- \/ Yoast SEO Premium plugin. -->","yoast_head_json":{"title":"CNOSS - Mamadou Diagna Ndiaye quitte la pr\u00e9sidence le\u2026 | Nettali.com","robots":{"index":"index","follow":"follow","max-snippet":"max-snippet:-1","max-image-preview":"max-image-preview:large","max-video-preview":"max-video-preview:-1"},"canonical":"https:\/\/www.nettali.com\/2026\/03\/15\/cnoss-mamadou-diagna-ndiaye-quitte-la-presidence-le\/","og_locale":"fr_FR","og_type":"article","og_title":"CNOSS - Mamadou Diagna Ndiaye quitte la pr\u00e9sidence le\u2026","og_description":"NETTALI.COM - Le Comit\u00e9 national olympique et sportif s\u00e9n\u00e9galais (CNOSS) a organis\u00e9 ce samedi 14 mars son assembl\u00e9e g\u00e9n\u00e9rale. Une tribune marqu\u00e9e par l\u2019annonce du d\u00e9part de Mamadou Diagna Ndiaye de la pr\u00e9sidence. En effet, il a \u00e9t\u00e9 d\u00e9cid\u00e9, \u00e0 l\u2019unanimit\u00e9, de proroger d\u2019une ann\u00e9e le mandat du Comit\u00e9 directeur, du Bureau ex\u00e9cutif et du [&hellip;]","og_url":"https:\/\/www.nettali.com\/2026\/03\/15\/cnoss-mamadou-diagna-ndiaye-quitte-la-presidence-le\/","og_site_name":"Nettali.com","article_publisher":"https:\/\/www.facebook.com\/nettalicom","article_published_time":"2026-03-15T19:17:48+00:00","og_image":[{"width":1600,"height":1067,"url":"https:\/\/www.nettali.com\/wp-content\/uploads\/2026\/03\/IMG-20251225-WA0061.jpg","type":"image\/jpeg"}],"twitter_card":"summary_large_image","twitter_misc":{"\u00c9crit par":"Ibrahima","Dur\u00e9e de lecture estim\u00e9e":"1 minute"},"schema":{"@context":"https:\/\/schema.org","@graph":[{"@type":"WebSite","@id":"https:\/\/www.nettali.com\/#website","url":"https:\/\/www.nettali.com\/","name":"Nettali.com","description":"Le rendez-vous critique du Net","potentialAction":[{"@type":"SearchAction","target":{"@type":"EntryPoint","urlTemplate":"https:\/\/www.nettali.com\/?s={search_term_string}"},"query-input":"required name=search_term_string"}],"inLanguage":"fr-FR"},{"@type":"ImageObject","@id":"https:\/\/www.nettali.com\/2026\/03\/15\/cnoss-mamadou-diagna-ndiaye-quitte-la-presidence-le\/#primaryimage","inLanguage":"fr-FR","url":"https:\/\/www.nettali.com\/wp-content\/uploads\/2026\/03\/IMG-20251225-WA0061.jpg","contentUrl":"https:\/\/www.nettali.com\/wp-content\/uploads\/2026\/03\/IMG-20251225-WA0061.jpg","width":1600,"height":1067},{"@type":"WebPage","@id":"https:\/\/www.nettali.com\/2026\/03\/15\/cnoss-mamadou-diagna-ndiaye-quitte-la-presidence-le\/#webpage","url":"https:\/\/www.nettali.com\/2026\/03\/15\/cnoss-mamadou-diagna-ndiaye-quitte-la-presidence-le\/","name":"CNOSS - Mamadou Diagna Ndiaye quitte la pr\u00e9sidence le\u2026 | Nettali.com","isPartOf":{"@id":"https:\/\/www.nettali.com\/#website"},"primaryImageOfPage":{"@id":"https:\/\/www.nettali.com\/2026\/03\/15\/cnoss-mamadou-diagna-ndiaye-quitte-la-presidence-le\/#primaryimage"},"datePublished":"2026-03-15T19:17:48+00:00","dateModified":"2026-03-15T19:17:48+00:00","author":{"@id":"https:\/\/www.nettali.com\/#\/schema\/person\/bb147657c2986240405a608162b9bb23"},"breadcrumb":{"@id":"https:\/\/www.nettali.com\/2026\/03\/15\/cnoss-mamadou-diagna-ndiaye-quitte-la-presidence-le\/#breadcrumb"},"inLanguage":"fr-FR","potentialAction":[{"@type":"ReadAction","target":["https:\/\/www.nettali.com\/2026\/03\/15\/cnoss-mamadou-diagna-ndiaye-quitte-la-presidence-le\/"]}]},{"@type":"BreadcrumbList","@id":"https:\/\/www.nettali.com\/2026\/03\/15\/cnoss-mamadou-diagna-ndiaye-quitte-la-presidence-le\/#breadcrumb","itemListElement":[{"@type":"ListItem","position":1,"name":"Accueil","item":"https:\/\/www.nettali.com\/"},{"@type":"ListItem","position":2,"name":"CNOSS - Mamadou Diagna Ndiaye quitte la pr\u00e9sidence le\u2026"}]},{"@type":"Person","@id":"https:\/\/www.nettali.com\/#\/schema\/person\/bb147657c2986240405a608162b9bb23","name":"Ibrahima","image":{"@type":"ImageObject","@id":"https:\/\/www.nettali.com\/#personlogo","inLanguage":"fr-FR","url":"https:\/\/secure.gravatar.com\/avatar\/26a8a81f09f0dd7624c9d5c36c9ba3a2?s=96&d=mm&r=g","contentUrl":"https:\/\/secure.gravatar.com\/avatar\/26a8a81f09f0dd7624c9d5c36c9ba3a2?s=96&d=mm&r=g","caption":"Ibrahima"},"sameAs":["https:\/\/www.nettali.com"]}]}},"_links":{"self":[{"href":"https:\/\/www.nettali.com\/rest\/wp\/v2\/posts\/170950"}],"collection":[{"href":"https:\/\/www.nettali.com\/rest\/wp\/v2\/posts"}],"about":[{"href":"https:\/\/www.nettali.com\/rest\/wp\/v2\/types\/post"}],"author":[{"embeddable":true,"href":"https:\/\/www.nettali.com\/rest\/wp\/v2\/users\/5"}],"replies":[{"embeddable":true,"href":"https:\/\/www.nettali.com\/rest\/wp\/v2\/comments?post=170950"}],"version-history":[{"count":1,"href":"https:\/\/www.nettali.com\/rest\/wp\/v2\/posts\/170950\/revisions"}],"predecessor-version":[{"id":170952,"href":"https:\/\/www.nettali.com\/rest\/wp\/v2\/posts\/170950\/revisions\/170952"}],"wp:featuredmedia":[{"embeddable":true,"href":"https:\/\/www.nettali.com\/rest\/wp\/v2\/media\/170951"}],"wp:attachment":[{"href":"https:\/\/www.nettali.com\/rest\/wp\/v2\/media?parent=170950"}],"wp:term":[{"taxonomy":"category","embeddable":true,"href":"https:\/\/www.nettali.com\/rest\/wp\/v2\/categories?post=170950"},{"taxonomy":"post_tag","embeddable":true,"href":"https:\/\/www.nettali.com\/rest\/wp\/v2\/tags?post=170950"}],"curies":[{"name":"wp","href":"https:\/\/api.w.org\/{rel}","templated":true}]}}