{"id":170948,"date":"2026-03-15T18:13:58","date_gmt":"2026-03-15T18:13:58","guid":{"rendered":"https:\/\/www.nettali.com\/?p=170948"},"modified":"2026-03-16T18:27:22","modified_gmt":"2026-03-16T18:27:22","slug":"khalifa-sall-sur-le-duo-sonko-diomaye-on-va-bouter-ces-gens-hors-du-pouvoir","status":"publish","type":"post","link":"https:\/\/www.nettali.com\/2026\/03\/15\/khalifa-sall-sur-le-duo-sonko-diomaye-on-va-bouter-ces-gens-hors-du-pouvoir\/","title":{"rendered":"KHALIFA SALL SUR LE DUO SONKO-DIOMAYE \u2013 \u00ab\u00a0On va bouter ces gens hors du pouvoir\u00a0\u00bb"},"content":{"rendered":"<p data-start=\"93\" data-end=\"295\"><strong>NETTALI.COM - Longtemps discret sur la sc\u00e8ne politique ces derniers mois, Khalifa Sall a finalement rompu le silence ce samedi en lan\u00e7ant un appel \u00e0 la remobilisation de l\u2019opposition.<\/strong><\/p>\n<p data-start=\"297\" data-end=\"512\">S\u2019exprimant lors d\u2019une conf\u00e9rence de sa formation politique Taxawu S\u00e9n\u00e9gal, l\u2019ancien maire de Dakar a exhort\u00e9 les forces oppos\u00e9es au pouvoir \u00e0 se regrouper pour reconqu\u00e9rir le pouvoir.<\/p>\n<p data-start=\"516\" data-end=\"703\"><em>\u00ab On va se retrouver, on va se regrouper, on va se rassembler et on va bouter ces gens hors du pouvoir. C\u2019est cela la v\u00e9rit\u00e9. L\u2019union fait la force \u00bb<\/em>, a-t-il d\u00e9clar\u00e9 devant ses partisans.<\/p>\n<p>Dans son intervention, Khalifa Sall s\u2019est montr\u00e9 critique envers le r\u00e9gime port\u00e9 par le parti Pastef, aujourd\u2019hui au pouvoir.<\/p>\n<p data-start=\"914\" data-end=\"1041\">Selon lui, les actuels dirigeants pourraient perdre le pouvoir par les m\u00eames m\u00e9canismes qui les ont conduits \u00e0 la victoire.<\/p>\n<p data-start=\"1045\" data-end=\"1277\"><em>\u00ab Le probl\u00e8me de ceux de ce pouvoir-l\u00e0, c\u2019est qu\u2019ils perdront le pouvoir par la m\u00eame mani\u00e8re qu\u2019ils l\u2019ont obtenu. Ils ont parl\u00e9 jusqu\u2019\u00e0 ce qu\u2019on leur confie le pouvoir et ils parleront jusqu\u2019\u00e0 ce qu\u2019ils le perdent \u00bb<\/em>, a-t-il affirm\u00e9.<\/p>\n<p data-start=\"1336\" data-end=\"1481\">Le leader de Taxawu S\u00e9n\u00e9gal a toutefois insist\u00e9 sur sa volont\u00e9 de ne pas reproduire les m\u00e9thodes politiques qu\u2019il reproche au pouvoir actuel.<\/p>\n<p data-start=\"1485\" data-end=\"1651\"><em>\u00ab On n\u2019utilisera jamais les m\u00eames m\u00e9thodes et les m\u00eames moyens. Nous allons nous battre selon nos convictions et selon ce qui est bon pour le peuple \u00bb<\/em>, a-t-il assur\u00e9.<\/p>\n<p data-start=\"1653\" data-end=\"1816\">Selon lui, la qu\u00eate du pouvoir ne doit pas conduire \u00e0 faire des promesses irr\u00e9alistes ou \u00e0 adopter des strat\u00e9gies contraires aux principes politiques d\u00e9fendus.<\/p>\n<p>Khalifa Sall a enfin appel\u00e9 ses militants \u00e0 renforcer leur pr\u00e9sence sur le terrain et au contact des populations, afin de reconstruire progressivement une alternative politique.<\/p>\n<p data-start=\"2052\" data-end=\"2235\">Il a fix\u00e9 un rendez-vous politique au 9 mai, date \u00e0 laquelle il souhaite poser les bases d\u2019un Taxawu S\u00e9n\u00e9gal renouvel\u00e9, engag\u00e9 dans une dynamique d\u2019opposition plus structur\u00e9e.<\/p>\n<p data-start=\"2237\" data-end=\"2370\" data-is-last-node=\"\" data-is-only-node=\"\">L\u2019objectif affich\u00e9 est clair : rassembler les forces de l\u2019opposition pour pr\u00e9parer la reconqu\u00eate du pouvoir politique au S\u00e9n\u00e9gal.<\/p>\n<p>&nbsp;<\/p>\n<div class='share-to-whatsapp-wrapper'><div class='share-on-whsp'>PARTAGER SUR : <\/div><a data-text='KHALIFA SALL SUR LE DUO SONKO-DIOMAYE \u2013 \u00ab\u00a0On va bouter ces gens hors du pouvoir\u00a0\u00bb' data-link='https:\/\/www.nettali.com\/2026\/03\/15\/khalifa-sall-sur-le-duo-sonko-diomaye-on-va-bouter-ces-gens-hors-du-pouvoir\/' class='whatsapp-button whatsapp-share'>WhatsApp<\/a><div class='clear '><\/div><\/div>","protected":false},"excerpt":{"rendered":"<p>NETTALI.COM - Longtemps discret sur la sc\u00e8ne politique ces derniers mois, Khalifa Sall a finalement rompu le silence ce samedi en lan\u00e7ant un appel \u00e0 la remobilisation de l\u2019opposition. S\u2019exprimant lors d\u2019une conf\u00e9rence de sa formation politique Taxawu S\u00e9n\u00e9gal, l\u2019ancien maire de Dakar a exhort\u00e9 les forces oppos\u00e9es au pouvoir \u00e0 se regrouper pour reconqu\u00e9rir [&hellip;]<\/p>\n","protected":false},"author":4,"featured_media":128886,"comment_status":"open","ping_status":"open","sticky":false,"template":"","format":"standard","meta":{"_et_pb_use_builder":"","_et_pb_old_content":""},"categories":[2],"tags":[],"yoast_head":"<!-- This site is optimized with the Yoast SEO Premium plugin v17.8 (Yoast SEO v17.8) - https:\/\/yoast.com\/wordpress\/plugins\/seo\/ -->\n<title>KHALIFA SALL SUR LE DUO SONKO-DIOMAYE \u2013 \u00ab\u00a0On va bouter ces gens hors du pouvoir\u00a0\u00bb | Nettali.com<\/title>\n<meta name=\"robots\" content=\"index, follow, max-snippet:-1, max-image-preview:large, max-video-preview:-1\" \/>\n<link rel=\"canonical\" href=\"https:\/\/www.nettali.com\/2026\/03\/15\/khalifa-sall-sur-le-duo-sonko-diomaye-on-va-bouter-ces-gens-hors-du-pouvoir\/\" \/>\n<meta property=\"og:locale\" content=\"fr_FR\" \/>\n<meta property=\"og:type\" content=\"article\" \/>\n<meta property=\"og:title\" content=\"KHALIFA SALL SUR LE DUO SONKO-DIOMAYE \u2013 \u00ab\u00a0On va bouter ces gens hors du pouvoir\u00a0\u00bb\" \/>\n<meta property=\"og:description\" content=\"NETTALI.COM - Longtemps discret sur la sc\u00e8ne politique ces derniers mois, Khalifa Sall a finalement rompu le silence ce samedi en lan\u00e7ant un appel \u00e0 la remobilisation de l\u2019opposition. S\u2019exprimant lors d\u2019une conf\u00e9rence de sa formation politique Taxawu S\u00e9n\u00e9gal, l\u2019ancien maire de Dakar a exhort\u00e9 les forces oppos\u00e9es au pouvoir \u00e0 se regrouper pour reconqu\u00e9rir [&hellip;]\" \/>\n<meta property=\"og:url\" content=\"https:\/\/www.nettali.com\/2026\/03\/15\/khalifa-sall-sur-le-duo-sonko-diomaye-on-va-bouter-ces-gens-hors-du-pouvoir\/\" \/>\n<meta property=\"og:site_name\" content=\"Nettali.com\" \/>\n<meta property=\"article:publisher\" content=\"https:\/\/www.facebook.com\/nettalicom\" \/>\n<meta property=\"article:published_time\" content=\"2026-03-15T18:13:58+00:00\" \/>\n<meta property=\"article:modified_time\" content=\"2026-03-16T18:27:22+00:00\" \/>\n<meta property=\"og:image\" content=\"https:\/\/www.nettali.com\/wp-content\/uploads\/2024\/03\/sall-khalifa.jpg\" \/>\n\t<meta property=\"og:image:width\" content=\"600\" \/>\n\t<meta property=\"og:image:height\" content=\"400\" \/>\n<meta name=\"twitter:card\" content=\"summary_large_image\" \/>\n<meta name=\"twitter:label1\" content=\"\u00c9crit par\" \/>\n\t<meta name=\"twitter:data1\" content=\"Daouda\" \/>\n\t<meta name=\"twitter:label2\" content=\"Dur\u00e9e de lecture estim\u00e9e\" \/>\n\t<meta name=\"twitter:data2\" content=\"2 minutes\" \/>\n<script type=\"application\/ld+json\" class=\"yoast-schema-graph\">{\"@context\":\"https:\/\/schema.org\",\"@graph\":[{\"@type\":\"WebSite\",\"@id\":\"https:\/\/www.nettali.com\/#website\",\"url\":\"https:\/\/www.nettali.com\/\",\"name\":\"Nettali.com\",\"description\":\"Le rendez-vous critique du Net\",\"potentialAction\":[{\"@type\":\"SearchAction\",\"target\":{\"@type\":\"EntryPoint\",\"urlTemplate\":\"https:\/\/www.nettali.com\/?s={search_term_string}\"},\"query-input\":\"required name=search_term_string\"}],\"inLanguage\":\"fr-FR\"},{\"@type\":\"ImageObject\",\"@id\":\"https:\/\/www.nettali.com\/2026\/03\/15\/khalifa-sall-sur-le-duo-sonko-diomaye-on-va-bouter-ces-gens-hors-du-pouvoir\/#primaryimage\",\"inLanguage\":\"fr-FR\",\"url\":\"https:\/\/www.nettali.com\/wp-content\/uploads\/2024\/03\/sall-khalifa.jpg\",\"contentUrl\":\"https:\/\/www.nettali.com\/wp-content\/uploads\/2024\/03\/sall-khalifa.jpg\",\"width\":600,\"height\":400},{\"@type\":\"WebPage\",\"@id\":\"https:\/\/www.nettali.com\/2026\/03\/15\/khalifa-sall-sur-le-duo-sonko-diomaye-on-va-bouter-ces-gens-hors-du-pouvoir\/#webpage\",\"url\":\"https:\/\/www.nettali.com\/2026\/03\/15\/khalifa-sall-sur-le-duo-sonko-diomaye-on-va-bouter-ces-gens-hors-du-pouvoir\/\",\"name\":\"KHALIFA SALL SUR LE DUO SONKO-DIOMAYE \\u2013 \\u00ab\\u00a0On va bouter ces gens hors du pouvoir\\u00a0\\u00bb | Nettali.com\",\"isPartOf\":{\"@id\":\"https:\/\/www.nettali.com\/#website\"},\"primaryImageOfPage\":{\"@id\":\"https:\/\/www.nettali.com\/2026\/03\/15\/khalifa-sall-sur-le-duo-sonko-diomaye-on-va-bouter-ces-gens-hors-du-pouvoir\/#primaryimage\"},\"datePublished\":\"2026-03-15T18:13:58+00:00\",\"dateModified\":\"2026-03-16T18:27:22+00:00\",\"author\":{\"@id\":\"https:\/\/www.nettali.com\/#\/schema\/person\/3317e0bb3aa1da309fbf7b2780901bf4\"},\"breadcrumb\":{\"@id\":\"https:\/\/www.nettali.com\/2026\/03\/15\/khalifa-sall-sur-le-duo-sonko-diomaye-on-va-bouter-ces-gens-hors-du-pouvoir\/#breadcrumb\"},\"inLanguage\":\"fr-FR\",\"potentialAction\":[{\"@type\":\"ReadAction\",\"target\":[\"https:\/\/www.nettali.com\/2026\/03\/15\/khalifa-sall-sur-le-duo-sonko-diomaye-on-va-bouter-ces-gens-hors-du-pouvoir\/\"]}]},{\"@type\":\"BreadcrumbList\",\"@id\":\"https:\/\/www.nettali.com\/2026\/03\/15\/khalifa-sall-sur-le-duo-sonko-diomaye-on-va-bouter-ces-gens-hors-du-pouvoir\/#breadcrumb\",\"itemListElement\":[{\"@type\":\"ListItem\",\"position\":1,\"name\":\"Accueil\",\"item\":\"https:\/\/www.nettali.com\/\"},{\"@type\":\"ListItem\",\"position\":2,\"name\":\"KHALIFA SALL SUR LE DUO SONKO-DIOMAYE \\u2013 \\u00ab\\u00a0On va bouter ces gens hors du pouvoir\\u00a0\\u00bb\"}]},{\"@type\":\"Person\",\"@id\":\"https:\/\/www.nettali.com\/#\/schema\/person\/3317e0bb3aa1da309fbf7b2780901bf4\",\"name\":\"Daouda\",\"image\":{\"@type\":\"ImageObject\",\"@id\":\"https:\/\/www.nettali.com\/#personlogo\",\"inLanguage\":\"fr-FR\",\"url\":\"https:\/\/secure.gravatar.com\/avatar\/8d143b5a49345098ddcfee1c49c2f47c?s=96&d=mm&r=g\",\"contentUrl\":\"https:\/\/secure.gravatar.com\/avatar\/8d143b5a49345098ddcfee1c49c2f47c?s=96&d=mm&r=g\",\"caption\":\"Daouda\"},\"sameAs\":[\"https:\/\/www.nettali.com\"]}]}<\/script>\n<!-- \/ Yoast SEO Premium plugin. -->","yoast_head_json":{"title":"KHALIFA SALL SUR LE DUO SONKO-DIOMAYE \u2013 \u00ab\u00a0On va bouter ces gens hors du pouvoir\u00a0\u00bb | Nettali.com","robots":{"index":"index","follow":"follow","max-snippet":"max-snippet:-1","max-image-preview":"max-image-preview:large","max-video-preview":"max-video-preview:-1"},"canonical":"https:\/\/www.nettali.com\/2026\/03\/15\/khalifa-sall-sur-le-duo-sonko-diomaye-on-va-bouter-ces-gens-hors-du-pouvoir\/","og_locale":"fr_FR","og_type":"article","og_title":"KHALIFA SALL SUR LE DUO SONKO-DIOMAYE \u2013 \u00ab\u00a0On va bouter ces gens hors du pouvoir\u00a0\u00bb","og_description":"NETTALI.COM - Longtemps discret sur la sc\u00e8ne politique ces derniers mois, Khalifa Sall a finalement rompu le silence ce samedi en lan\u00e7ant un appel \u00e0 la remobilisation de l\u2019opposition. S\u2019exprimant lors d\u2019une conf\u00e9rence de sa formation politique Taxawu S\u00e9n\u00e9gal, l\u2019ancien maire de Dakar a exhort\u00e9 les forces oppos\u00e9es au pouvoir \u00e0 se regrouper pour reconqu\u00e9rir [&hellip;]","og_url":"https:\/\/www.nettali.com\/2026\/03\/15\/khalifa-sall-sur-le-duo-sonko-diomaye-on-va-bouter-ces-gens-hors-du-pouvoir\/","og_site_name":"Nettali.com","article_publisher":"https:\/\/www.facebook.com\/nettalicom","article_published_time":"2026-03-15T18:13:58+00:00","article_modified_time":"2026-03-16T18:27:22+00:00","og_image":[{"width":600,"height":400,"url":"https:\/\/www.nettali.com\/wp-content\/uploads\/2024\/03\/sall-khalifa.jpg","type":"image\/jpeg"}],"twitter_card":"summary_large_image","twitter_misc":{"\u00c9crit par":"Daouda","Dur\u00e9e de lecture estim\u00e9e":"2 minutes"},"schema":{"@context":"https:\/\/schema.org","@graph":[{"@type":"WebSite","@id":"https:\/\/www.nettali.com\/#website","url":"https:\/\/www.nettali.com\/","name":"Nettali.com","description":"Le rendez-vous critique du Net","potentialAction":[{"@type":"SearchAction","target":{"@type":"EntryPoint","urlTemplate":"https:\/\/www.nettali.com\/?s={search_term_string}"},"query-input":"required name=search_term_string"}],"inLanguage":"fr-FR"},{"@type":"ImageObject","@id":"https:\/\/www.nettali.com\/2026\/03\/15\/khalifa-sall-sur-le-duo-sonko-diomaye-on-va-bouter-ces-gens-hors-du-pouvoir\/#primaryimage","inLanguage":"fr-FR","url":"https:\/\/www.nettali.com\/wp-content\/uploads\/2024\/03\/sall-khalifa.jpg","contentUrl":"https:\/\/www.nettali.com\/wp-content\/uploads\/2024\/03\/sall-khalifa.jpg","width":600,"height":400},{"@type":"WebPage","@id":"https:\/\/www.nettali.com\/2026\/03\/15\/khalifa-sall-sur-le-duo-sonko-diomaye-on-va-bouter-ces-gens-hors-du-pouvoir\/#webpage","url":"https:\/\/www.nettali.com\/2026\/03\/15\/khalifa-sall-sur-le-duo-sonko-diomaye-on-va-bouter-ces-gens-hors-du-pouvoir\/","name":"KHALIFA SALL SUR LE DUO SONKO-DIOMAYE \u2013 \u00ab\u00a0On va bouter ces gens hors du pouvoir\u00a0\u00bb | Nettali.com","isPartOf":{"@id":"https:\/\/www.nettali.com\/#website"},"primaryImageOfPage":{"@id":"https:\/\/www.nettali.com\/2026\/03\/15\/khalifa-sall-sur-le-duo-sonko-diomaye-on-va-bouter-ces-gens-hors-du-pouvoir\/#primaryimage"},"datePublished":"2026-03-15T18:13:58+00:00","dateModified":"2026-03-16T18:27:22+00:00","author":{"@id":"https:\/\/www.nettali.com\/#\/schema\/person\/3317e0bb3aa1da309fbf7b2780901bf4"},"breadcrumb":{"@id":"https:\/\/www.nettali.com\/2026\/03\/15\/khalifa-sall-sur-le-duo-sonko-diomaye-on-va-bouter-ces-gens-hors-du-pouvoir\/#breadcrumb"},"inLanguage":"fr-FR","potentialAction":[{"@type":"ReadAction","target":["https:\/\/www.nettali.com\/2026\/03\/15\/khalifa-sall-sur-le-duo-sonko-diomaye-on-va-bouter-ces-gens-hors-du-pouvoir\/"]}]},{"@type":"BreadcrumbList","@id":"https:\/\/www.nettali.com\/2026\/03\/15\/khalifa-sall-sur-le-duo-sonko-diomaye-on-va-bouter-ces-gens-hors-du-pouvoir\/#breadcrumb","itemListElement":[{"@type":"ListItem","position":1,"name":"Accueil","item":"https:\/\/www.nettali.com\/"},{"@type":"ListItem","position":2,"name":"KHALIFA SALL SUR LE DUO SONKO-DIOMAYE \u2013 \u00ab\u00a0On va bouter ces gens hors du pouvoir\u00a0\u00bb"}]},{"@type":"Person","@id":"https:\/\/www.nettali.com\/#\/schema\/person\/3317e0bb3aa1da309fbf7b2780901bf4","name":"Daouda","image":{"@type":"ImageObject","@id":"https:\/\/www.nettali.com\/#personlogo","inLanguage":"fr-FR","url":"https:\/\/secure.gravatar.com\/avatar\/8d143b5a49345098ddcfee1c49c2f47c?s=96&d=mm&r=g","contentUrl":"https:\/\/secure.gravatar.com\/avatar\/8d143b5a49345098ddcfee1c49c2f47c?s=96&d=mm&r=g","caption":"Daouda"},"sameAs":["https:\/\/www.nettali.com"]}]}},"_links":{"self":[{"href":"https:\/\/www.nettali.com\/rest\/wp\/v2\/posts\/170948"}],"collection":[{"href":"https:\/\/www.nettali.com\/rest\/wp\/v2\/posts"}],"about":[{"href":"https:\/\/www.nettali.com\/rest\/wp\/v2\/types\/post"}],"author":[{"embeddable":true,"href":"https:\/\/www.nettali.com\/rest\/wp\/v2\/users\/4"}],"replies":[{"embeddable":true,"href":"https:\/\/www.nettali.com\/rest\/wp\/v2\/comments?post=170948"}],"version-history":[{"count":1,"href":"https:\/\/www.nettali.com\/rest\/wp\/v2\/posts\/170948\/revisions"}],"predecessor-version":[{"id":170949,"href":"https:\/\/www.nettali.com\/rest\/wp\/v2\/posts\/170948\/revisions\/170949"}],"wp:featuredmedia":[{"embeddable":true,"href":"https:\/\/www.nettali.com\/rest\/wp\/v2\/media\/128886"}],"wp:attachment":[{"href":"https:\/\/www.nettali.com\/rest\/wp\/v2\/media?parent=170948"}],"wp:term":[{"taxonomy":"category","embeddable":true,"href":"https:\/\/www.nettali.com\/rest\/wp\/v2\/categories?post=170948"},{"taxonomy":"post_tag","embeddable":true,"href":"https:\/\/www.nettali.com\/rest\/wp\/v2\/tags?post=170948"}],"curies":[{"name":"wp","href":"https:\/\/api.w.org\/{rel}","templated":true}]}}