{"id":170945,"date":"2026-03-15T18:10:37","date_gmt":"2026-03-15T18:10:37","guid":{"rendered":"https:\/\/www.nettali.com\/?p=170945"},"modified":"2026-03-16T23:16:55","modified_gmt":"2026-03-16T23:16:55","slug":"apte-ousmane-sonko-affiche-sa-ligne-politique-et-exclut-toute-demission","status":"publish","type":"post","link":"https:\/\/www.nettali.com\/2026\/03\/15\/apte-ousmane-sonko-affiche-sa-ligne-politique-et-exclut-toute-demission\/","title":{"rendered":"APTE : Ousmane Sonko affiche sa ligne politique et exclut toute d\u00e9mission"},"content":{"rendered":"<p><strong>NETTALI.COM - Apr\u00e8s l\u2019Assembl\u00e9e g\u00e9n\u00e9rale de la coalition Diomaye Pr\u00e9sident, c\u2019est au tour de l\u2019Alliance Patriotique pour le Travail et l\u2019\u00c9thique de se structurer autour du Premier ministre Ousmane Sonko. R\u00e9unis samedi 14 mars autour d\u2019un ndogou avec ses alli\u00e9s, le chef du gouvernement a prononc\u00e9 un discours structur\u00e9 autour de quatre axes majeurs, esquissant sa strat\u00e9gie politique pour les prochaines ann\u00e9es. La rencontre a \u00e9t\u00e9 ouverte par A\u00efda Mbodj, avant que le leader de Pastef ne prenne la parole devant les membres de l\u2019APTE.<\/strong><\/p>\n<p>Face aux sp\u00e9culations politiques apparues ces derni\u00e8res semaines, Ousmane Sonko s\u2019est montr\u00e9 cat\u00e9gorique : il ne d\u00e9missionnera pas de son poste de Premier ministre, rappelant au passage, que seul le pr\u00e9sident de la R\u00e9publique, Bassirou Diomaye Faye, d\u00e9tient la pr\u00e9rogative constitutionnelle de mettre fin \u00e0 ses fonctions.<\/p>\n<p>Une d\u00e9claration qui intervient dans un contexte o\u00f9 certaines voix au sein m\u00eame de la majorit\u00e9, \u00e9voquent un possible remaniement ou un d\u00e9part volontaire du chef du gouvernement.<\/p>\n<p>Au-del\u00e0 de la gestion gouvernementale, le leader de Pastef a clairement indiqu\u00e9 vouloir pr\u00e9server sa marge de man\u0153uvre politique.<\/p>\n<p>La cr\u00e9ation et l\u2019animation de l\u2019APTE s\u2019inscrivent dans cette logique. Cette coalition est pr\u00e9sent\u00e9e comme un cadre d\u2019organisation politique en vue des prochaines \u00e9ch\u00e9ances \u00e9lectorales, notamment la pr\u00e9sidentielle de 2029.<\/p>\n<p>Le ndogou organis\u00e9 ce samedi ,a ainsi pris l\u2019allure d\u2019une r\u00e9union strat\u00e9gique de cadrage politique, bien plus qu\u2019un simple moment de convivialit\u00e9.<\/p>\n<p>Pour justifier cette d\u00e9marche, Ousmane Sonko a rappel\u00e9 que Pastef s\u2019est historiquement construit autour d\u2019alliances politiques.<\/p>\n<p>Il a notamment cit\u00e9 plusieurs \u00e9tapes :<\/p>\n<ul>\n<li>2017 : coalition \u00ab Ndawou Askan Wi \u00bb<\/li>\n<li>2019 : alliance avec le MRDS et d\u2019autres mouvements<\/li>\n<li>2022 : coalition Yewwi Askan Wi<\/li>\n<li>2024 : coalition Diomaye Pr\u00e9sident<\/li>\n<\/ul>\n<p>Il a toutefois rappel\u00e9 que les l\u00e9gislatives de 2024 avaient \u00e9t\u00e9 une exception, Pastef ayant choisi de se pr\u00e9senter seul afin de s\u00e9curiser une majorit\u00e9 parlementaire.<\/p>\n<p>\u00c0 plus court terme, le Premier ministre a fix\u00e9 un objectif clair pour les \u00e9lections locales de 2027.<\/p>\n<p>Avec ses alli\u00e9s de l\u2019APTE, il ambitionne de remporter l\u2019ensemble des mairies du S\u00e9n\u00e9gal.<\/p>\n<p>Cette strat\u00e9gie vise \u00e0 renforcer l\u2019implantation territoriale du camp Sonko et \u00e0 consolider un maillage politique local avant les prochaines \u00e9ch\u00e9ances nationales.<\/p>\n<p>Ousmane Sonko a \u00e9galement abord\u00e9 la question sensible d\u2019une \u00e9ventuelle dissolution de l\u2019Assembl\u00e9e nationale.<\/p>\n<p>Sans citer directement le pr\u00e9sident, il a rappel\u00e9 qu\u2019il dispose lui aussi d\u2019une coalition politique solide, laissant entendre qu\u2019une telle d\u00e9cision pourrait modifier les \u00e9quilibres politiques au sein de la majorit\u00e9.<\/p>\n<p>Cette d\u00e9claration appara\u00eet pour certains observateurs comme un avertissement politique discret adress\u00e9 au sommet de l\u2019\u00c9tat, dans un contexte o\u00f9 les relations entre les diff\u00e9rents p\u00f4les de la majorit\u00e9 semblent de plus en plus complexes.<\/p>\n<p>&nbsp;<\/p>\n<div class='share-to-whatsapp-wrapper'><div class='share-on-whsp'>PARTAGER SUR : <\/div><a data-text='APTE : Ousmane Sonko affiche sa ligne politique et exclut toute d\u00e9mission' data-link='https:\/\/www.nettali.com\/2026\/03\/15\/apte-ousmane-sonko-affiche-sa-ligne-politique-et-exclut-toute-demission\/' class='whatsapp-button whatsapp-share'>WhatsApp<\/a><div class='clear '><\/div><\/div>","protected":false},"excerpt":{"rendered":"<p>NETTALI.COM - Apr\u00e8s l\u2019Assembl\u00e9e g\u00e9n\u00e9rale de la coalition Diomaye Pr\u00e9sident, c\u2019est au tour de l\u2019Alliance Patriotique pour le Travail et l\u2019\u00c9thique de se structurer autour du Premier ministre Ousmane Sonko. R\u00e9unis samedi 14 mars autour d\u2019un ndogou avec ses alli\u00e9s, le chef du gouvernement a prononc\u00e9 un discours structur\u00e9 autour de quatre axes majeurs, esquissant [&hellip;]<\/p>\n","protected":false},"author":4,"featured_media":170946,"comment_status":"open","ping_status":"open","sticky":false,"template":"","format":"standard","meta":{"_et_pb_use_builder":"","_et_pb_old_content":""},"categories":[2],"tags":[],"yoast_head":"<!-- This site is optimized with the Yoast SEO Premium plugin v17.8 (Yoast SEO v17.8) - https:\/\/yoast.com\/wordpress\/plugins\/seo\/ -->\n<title>APTE : Ousmane Sonko affiche sa ligne politique et exclut toute d\u00e9mission | Nettali.com<\/title>\n<meta name=\"robots\" content=\"index, follow, max-snippet:-1, max-image-preview:large, max-video-preview:-1\" \/>\n<link rel=\"canonical\" href=\"https:\/\/www.nettali.com\/2026\/03\/15\/apte-ousmane-sonko-affiche-sa-ligne-politique-et-exclut-toute-demission\/\" \/>\n<meta property=\"og:locale\" content=\"fr_FR\" \/>\n<meta property=\"og:type\" content=\"article\" \/>\n<meta property=\"og:title\" content=\"APTE : Ousmane Sonko affiche sa ligne politique et exclut toute d\u00e9mission\" \/>\n<meta property=\"og:description\" content=\"NETTALI.COM - Apr\u00e8s l\u2019Assembl\u00e9e g\u00e9n\u00e9rale de la coalition Diomaye Pr\u00e9sident, c\u2019est au tour de l\u2019Alliance Patriotique pour le Travail et l\u2019\u00c9thique de se structurer autour du Premier ministre Ousmane Sonko. R\u00e9unis samedi 14 mars autour d\u2019un ndogou avec ses alli\u00e9s, le chef du gouvernement a prononc\u00e9 un discours structur\u00e9 autour de quatre axes majeurs, esquissant [&hellip;]\" \/>\n<meta property=\"og:url\" content=\"https:\/\/www.nettali.com\/2026\/03\/15\/apte-ousmane-sonko-affiche-sa-ligne-politique-et-exclut-toute-demission\/\" \/>\n<meta property=\"og:site_name\" content=\"Nettali.com\" \/>\n<meta property=\"article:publisher\" content=\"https:\/\/www.facebook.com\/nettalicom\" \/>\n<meta property=\"article:published_time\" content=\"2026-03-15T18:10:37+00:00\" \/>\n<meta property=\"article:modified_time\" content=\"2026-03-16T23:16:55+00:00\" \/>\n<meta property=\"og:image\" content=\"https:\/\/www.nettali.com\/wp-content\/uploads\/2026\/03\/Sonko-APTE.jpeg\" \/>\n\t<meta property=\"og:image:width\" content=\"1260\" \/>\n\t<meta property=\"og:image:height\" content=\"800\" \/>\n<meta name=\"twitter:card\" content=\"summary_large_image\" \/>\n<meta name=\"twitter:label1\" content=\"\u00c9crit par\" \/>\n\t<meta name=\"twitter:data1\" content=\"Daouda\" \/>\n\t<meta name=\"twitter:label2\" content=\"Dur\u00e9e de lecture estim\u00e9e\" \/>\n\t<meta name=\"twitter:data2\" content=\"2 minutes\" \/>\n<script type=\"application\/ld+json\" class=\"yoast-schema-graph\">{\"@context\":\"https:\/\/schema.org\",\"@graph\":[{\"@type\":\"WebSite\",\"@id\":\"https:\/\/www.nettali.com\/#website\",\"url\":\"https:\/\/www.nettali.com\/\",\"name\":\"Nettali.com\",\"description\":\"Le rendez-vous critique du Net\",\"potentialAction\":[{\"@type\":\"SearchAction\",\"target\":{\"@type\":\"EntryPoint\",\"urlTemplate\":\"https:\/\/www.nettali.com\/?s={search_term_string}\"},\"query-input\":\"required name=search_term_string\"}],\"inLanguage\":\"fr-FR\"},{\"@type\":\"ImageObject\",\"@id\":\"https:\/\/www.nettali.com\/2026\/03\/15\/apte-ousmane-sonko-affiche-sa-ligne-politique-et-exclut-toute-demission\/#primaryimage\",\"inLanguage\":\"fr-FR\",\"url\":\"https:\/\/www.nettali.com\/wp-content\/uploads\/2026\/03\/Sonko-APTE.jpeg\",\"contentUrl\":\"https:\/\/www.nettali.com\/wp-content\/uploads\/2026\/03\/Sonko-APTE.jpeg\",\"width\":1260,\"height\":800},{\"@type\":\"WebPage\",\"@id\":\"https:\/\/www.nettali.com\/2026\/03\/15\/apte-ousmane-sonko-affiche-sa-ligne-politique-et-exclut-toute-demission\/#webpage\",\"url\":\"https:\/\/www.nettali.com\/2026\/03\/15\/apte-ousmane-sonko-affiche-sa-ligne-politique-et-exclut-toute-demission\/\",\"name\":\"APTE : Ousmane Sonko affiche sa ligne politique et exclut toute d\\u00e9mission | Nettali.com\",\"isPartOf\":{\"@id\":\"https:\/\/www.nettali.com\/#website\"},\"primaryImageOfPage\":{\"@id\":\"https:\/\/www.nettali.com\/2026\/03\/15\/apte-ousmane-sonko-affiche-sa-ligne-politique-et-exclut-toute-demission\/#primaryimage\"},\"datePublished\":\"2026-03-15T18:10:37+00:00\",\"dateModified\":\"2026-03-16T23:16:55+00:00\",\"author\":{\"@id\":\"https:\/\/www.nettali.com\/#\/schema\/person\/3317e0bb3aa1da309fbf7b2780901bf4\"},\"breadcrumb\":{\"@id\":\"https:\/\/www.nettali.com\/2026\/03\/15\/apte-ousmane-sonko-affiche-sa-ligne-politique-et-exclut-toute-demission\/#breadcrumb\"},\"inLanguage\":\"fr-FR\",\"potentialAction\":[{\"@type\":\"ReadAction\",\"target\":[\"https:\/\/www.nettali.com\/2026\/03\/15\/apte-ousmane-sonko-affiche-sa-ligne-politique-et-exclut-toute-demission\/\"]}]},{\"@type\":\"BreadcrumbList\",\"@id\":\"https:\/\/www.nettali.com\/2026\/03\/15\/apte-ousmane-sonko-affiche-sa-ligne-politique-et-exclut-toute-demission\/#breadcrumb\",\"itemListElement\":[{\"@type\":\"ListItem\",\"position\":1,\"name\":\"Accueil\",\"item\":\"https:\/\/www.nettali.com\/\"},{\"@type\":\"ListItem\",\"position\":2,\"name\":\"APTE : Ousmane Sonko affiche sa ligne politique et exclut toute d\\u00e9mission\"}]},{\"@type\":\"Person\",\"@id\":\"https:\/\/www.nettali.com\/#\/schema\/person\/3317e0bb3aa1da309fbf7b2780901bf4\",\"name\":\"Daouda\",\"image\":{\"@type\":\"ImageObject\",\"@id\":\"https:\/\/www.nettali.com\/#personlogo\",\"inLanguage\":\"fr-FR\",\"url\":\"https:\/\/secure.gravatar.com\/avatar\/8d143b5a49345098ddcfee1c49c2f47c?s=96&d=mm&r=g\",\"contentUrl\":\"https:\/\/secure.gravatar.com\/avatar\/8d143b5a49345098ddcfee1c49c2f47c?s=96&d=mm&r=g\",\"caption\":\"Daouda\"},\"sameAs\":[\"https:\/\/www.nettali.com\"]}]}<\/script>\n<!-- \/ Yoast SEO Premium plugin. -->","yoast_head_json":{"title":"APTE : Ousmane Sonko affiche sa ligne politique et exclut toute d\u00e9mission | Nettali.com","robots":{"index":"index","follow":"follow","max-snippet":"max-snippet:-1","max-image-preview":"max-image-preview:large","max-video-preview":"max-video-preview:-1"},"canonical":"https:\/\/www.nettali.com\/2026\/03\/15\/apte-ousmane-sonko-affiche-sa-ligne-politique-et-exclut-toute-demission\/","og_locale":"fr_FR","og_type":"article","og_title":"APTE : Ousmane Sonko affiche sa ligne politique et exclut toute d\u00e9mission","og_description":"NETTALI.COM - Apr\u00e8s l\u2019Assembl\u00e9e g\u00e9n\u00e9rale de la coalition Diomaye Pr\u00e9sident, c\u2019est au tour de l\u2019Alliance Patriotique pour le Travail et l\u2019\u00c9thique de se structurer autour du Premier ministre Ousmane Sonko. R\u00e9unis samedi 14 mars autour d\u2019un ndogou avec ses alli\u00e9s, le chef du gouvernement a prononc\u00e9 un discours structur\u00e9 autour de quatre axes majeurs, esquissant [&hellip;]","og_url":"https:\/\/www.nettali.com\/2026\/03\/15\/apte-ousmane-sonko-affiche-sa-ligne-politique-et-exclut-toute-demission\/","og_site_name":"Nettali.com","article_publisher":"https:\/\/www.facebook.com\/nettalicom","article_published_time":"2026-03-15T18:10:37+00:00","article_modified_time":"2026-03-16T23:16:55+00:00","og_image":[{"width":1260,"height":800,"url":"https:\/\/www.nettali.com\/wp-content\/uploads\/2026\/03\/Sonko-APTE.jpeg","type":"image\/jpeg"}],"twitter_card":"summary_large_image","twitter_misc":{"\u00c9crit par":"Daouda","Dur\u00e9e de lecture estim\u00e9e":"2 minutes"},"schema":{"@context":"https:\/\/schema.org","@graph":[{"@type":"WebSite","@id":"https:\/\/www.nettali.com\/#website","url":"https:\/\/www.nettali.com\/","name":"Nettali.com","description":"Le rendez-vous critique du Net","potentialAction":[{"@type":"SearchAction","target":{"@type":"EntryPoint","urlTemplate":"https:\/\/www.nettali.com\/?s={search_term_string}"},"query-input":"required name=search_term_string"}],"inLanguage":"fr-FR"},{"@type":"ImageObject","@id":"https:\/\/www.nettali.com\/2026\/03\/15\/apte-ousmane-sonko-affiche-sa-ligne-politique-et-exclut-toute-demission\/#primaryimage","inLanguage":"fr-FR","url":"https:\/\/www.nettali.com\/wp-content\/uploads\/2026\/03\/Sonko-APTE.jpeg","contentUrl":"https:\/\/www.nettali.com\/wp-content\/uploads\/2026\/03\/Sonko-APTE.jpeg","width":1260,"height":800},{"@type":"WebPage","@id":"https:\/\/www.nettali.com\/2026\/03\/15\/apte-ousmane-sonko-affiche-sa-ligne-politique-et-exclut-toute-demission\/#webpage","url":"https:\/\/www.nettali.com\/2026\/03\/15\/apte-ousmane-sonko-affiche-sa-ligne-politique-et-exclut-toute-demission\/","name":"APTE : Ousmane Sonko affiche sa ligne politique et exclut toute d\u00e9mission | Nettali.com","isPartOf":{"@id":"https:\/\/www.nettali.com\/#website"},"primaryImageOfPage":{"@id":"https:\/\/www.nettali.com\/2026\/03\/15\/apte-ousmane-sonko-affiche-sa-ligne-politique-et-exclut-toute-demission\/#primaryimage"},"datePublished":"2026-03-15T18:10:37+00:00","dateModified":"2026-03-16T23:16:55+00:00","author":{"@id":"https:\/\/www.nettali.com\/#\/schema\/person\/3317e0bb3aa1da309fbf7b2780901bf4"},"breadcrumb":{"@id":"https:\/\/www.nettali.com\/2026\/03\/15\/apte-ousmane-sonko-affiche-sa-ligne-politique-et-exclut-toute-demission\/#breadcrumb"},"inLanguage":"fr-FR","potentialAction":[{"@type":"ReadAction","target":["https:\/\/www.nettali.com\/2026\/03\/15\/apte-ousmane-sonko-affiche-sa-ligne-politique-et-exclut-toute-demission\/"]}]},{"@type":"BreadcrumbList","@id":"https:\/\/www.nettali.com\/2026\/03\/15\/apte-ousmane-sonko-affiche-sa-ligne-politique-et-exclut-toute-demission\/#breadcrumb","itemListElement":[{"@type":"ListItem","position":1,"name":"Accueil","item":"https:\/\/www.nettali.com\/"},{"@type":"ListItem","position":2,"name":"APTE : Ousmane Sonko affiche sa ligne politique et exclut toute d\u00e9mission"}]},{"@type":"Person","@id":"https:\/\/www.nettali.com\/#\/schema\/person\/3317e0bb3aa1da309fbf7b2780901bf4","name":"Daouda","image":{"@type":"ImageObject","@id":"https:\/\/www.nettali.com\/#personlogo","inLanguage":"fr-FR","url":"https:\/\/secure.gravatar.com\/avatar\/8d143b5a49345098ddcfee1c49c2f47c?s=96&d=mm&r=g","contentUrl":"https:\/\/secure.gravatar.com\/avatar\/8d143b5a49345098ddcfee1c49c2f47c?s=96&d=mm&r=g","caption":"Daouda"},"sameAs":["https:\/\/www.nettali.com"]}]}},"_links":{"self":[{"href":"https:\/\/www.nettali.com\/rest\/wp\/v2\/posts\/170945"}],"collection":[{"href":"https:\/\/www.nettali.com\/rest\/wp\/v2\/posts"}],"about":[{"href":"https:\/\/www.nettali.com\/rest\/wp\/v2\/types\/post"}],"author":[{"embeddable":true,"href":"https:\/\/www.nettali.com\/rest\/wp\/v2\/users\/4"}],"replies":[{"embeddable":true,"href":"https:\/\/www.nettali.com\/rest\/wp\/v2\/comments?post=170945"}],"version-history":[{"count":3,"href":"https:\/\/www.nettali.com\/rest\/wp\/v2\/posts\/170945\/revisions"}],"predecessor-version":[{"id":170959,"href":"https:\/\/www.nettali.com\/rest\/wp\/v2\/posts\/170945\/revisions\/170959"}],"wp:featuredmedia":[{"embeddable":true,"href":"https:\/\/www.nettali.com\/rest\/wp\/v2\/media\/170946"}],"wp:attachment":[{"href":"https:\/\/www.nettali.com\/rest\/wp\/v2\/media?parent=170945"}],"wp:term":[{"taxonomy":"category","embeddable":true,"href":"https:\/\/www.nettali.com\/rest\/wp\/v2\/categories?post=170945"},{"taxonomy":"post_tag","embeddable":true,"href":"https:\/\/www.nettali.com\/rest\/wp\/v2\/tags?post=170945"}],"curies":[{"name":"wp","href":"https:\/\/api.w.org\/{rel}","templated":true}]}}