{"id":170922,"date":"2026-03-14T18:09:13","date_gmt":"2026-03-14T18:09:13","guid":{"rendered":"https:\/\/www.nettali.com\/?p=170922"},"modified":"2026-03-14T17:14:17","modified_gmt":"2026-03-14T17:14:17","slug":"haute-cour-de-justice-moussa-bocar-thiam-convoque-le-25-mars-devant-la-commission-dinstruction","status":"publish","type":"post","link":"https:\/\/www.nettali.com\/2026\/03\/14\/haute-cour-de-justice-moussa-bocar-thiam-convoque-le-25-mars-devant-la-commission-dinstruction\/","title":{"rendered":"HAUTE COUR DE JUSTICE -Moussa Bocar Thiam convoqu\u00e9 le 25 mars devant la commission d\u2019instruction"},"content":{"rendered":"<p data-start=\"107\" data-end=\"462\"><strong>NETTALI.COM - L\u2019affaire visant l\u2019ancien ministre <span class=\"hover:entity-accent entity-underline inline cursor-pointer align-baseline\"><span class=\"whitespace-normal\">Moussa Bocar Thiam<\/span><\/span> franchit une nouvelle \u00e9tape judiciaire. Selon des informations, la commission d\u2019instruction de la Haute Cour de justice, dirig\u00e9e par le magistrat <span class=\"hover:entity-accent entity-underline inline cursor-pointer align-baseline\"><span class=\"whitespace-normal\">Abdoulaye Ba<\/span><\/span>, a fix\u00e9 la date de sa premi\u00e8re comparution au 25 mars 2026.<\/strong><\/p>\n<p data-start=\"464\" data-end=\"680\">Le mandat de comparution a d\u00e9j\u00e0 \u00e9t\u00e9 transmis \u00e0 la <span class=\"hover:entity-accent entity-underline inline cursor-pointer align-baseline\"><span class=\"whitespace-normal\">Division des investigations criminelles<\/span><\/span> (DIC). L\u2019ancien ministre devrait \u00eatre convoqu\u00e9 dans les prochains jours pour recevoir officiellement cette notification.<\/p>\n<p data-start=\"736\" data-end=\"930\">La proc\u00e9dure judiciaire fait suite \u00e0 la d\u00e9cision de l\u2019Assembl\u00e9e nationale du S\u00e9n\u00e9gal, qui a adopt\u00e9 le 27 f\u00e9vrier 2026 une r\u00e9solution portant mise en accusation de Moussa Bocar Thiam.<\/p>\n<p data-start=\"932\" data-end=\"969\">Les chefs d\u2019accusation retenus sont : association de malfaiteurs, d\u00e9tournement de deniers publics et blanchiment de capitaux<\/p>\n<p data-start=\"1077\" data-end=\"1260\">Ces poursuites rel\u00e8vent de la comp\u00e9tence de la Haute Cour de justice, juridiction habilit\u00e9e \u00e0 juger les anciens ministres pour des faits commis dans l\u2019exercice de leurs fonctions.<\/p>\n<p data-start=\"1324\" data-end=\"1519\">Les faits reproch\u00e9s \u00e0 l\u2019ancien ministre concernent la concession d\u2019exploitation du Parc des technologies num\u00e9riques du S\u00e9n\u00e9gal, connu sous le nom de <span class=\"hover:entity-accent entity-underline inline cursor-pointer align-baseline\"><span class=\"whitespace-normal\">S\u00e9n\u00e9gal Connect Park<\/span><\/span>.<\/p>\n<p data-start=\"1521\" data-end=\"1722\">Cette concession avait \u00e9t\u00e9 attribu\u00e9e en mars 2024 \u00e0 la soci\u00e9t\u00e9 <span class=\"hover:entity-accent entity-underline inline cursor-pointer align-baseline\"><span class=\"whitespace-normal\">Ewan Assets<\/span><\/span> pour une dur\u00e9e de vingt ans, en contrepartie d\u2019une redevance de 15 millions d\u2019euros.<\/p>\n<p data-start=\"1724\" data-end=\"1757\">Selon les \u00e9l\u00e9ments de l\u2019enqu\u00eate, 5 millions d\u2019euros (soit un tiers de la redevance) auraient \u00e9t\u00e9 vers\u00e9s sur le compte de S\u00e9n\u00e9gal Connect. Ces fonds auraient servi \u00e0 financer des travaux confi\u00e9s aux soci\u00e9t\u00e9s Romou SASU et Sortracorp SAS. Les travaux \u00e9taient cens\u00e9s pr\u00e9parer une visite pr\u00e9sidentielle sur le site<\/p>\n<p data-start=\"2121\" data-end=\"2243\">Les investigations men\u00e9es dans le cadre du dossier auraient toutefois mis en \u00e9vidence plusieurs irr\u00e9gularit\u00e9s, notamment l\u2019absence d\u2019une plateforme factur\u00e9e \u00e0 901 355 000 FCFA et des indices de d\u00e9tournement de deniers publics estim\u00e9s \u00e0 1 476 482 766 FCFA.<\/p>\n<p data-start=\"2392\" data-end=\"2472\">Ces \u00e9l\u00e9ments ont motiv\u00e9 la d\u00e9cision de mise en accusation vot\u00e9e par les d\u00e9put\u00e9s.<\/p>\n<p data-start=\"2528\" data-end=\"2642\">Selon les informations disponibles, Moussa Bocar Thiam se trouverait actuellement hors du territoire national.<\/p>\n<p data-start=\"2644\" data-end=\"2895\">Dans l\u2019hypoth\u00e8se o\u00f9 il ne se pr\u00e9senterait pas \u00e0 la date fix\u00e9e, la commission d\u2019instruction de la Haute Cour de justice pourrait prendre plusieurs mesures coercitives pr\u00e9vues par les articles 111 et suivants du Code de proc\u00e9dure p\u00e9nale, notamment\u00a0 un mandat d\u2019amener voire un mandat d\u2019arr\u00eat.<\/p>\n<p data-start=\"2957\" data-end=\"3117\" data-is-last-node=\"\" data-is-only-node=\"\">La comparution pr\u00e9vue le 25 mars prochain constitue donc une \u00e9tape d\u00e9terminante dans cette proc\u00e9dure judiciaire visant un ancien membre du gouvernement.<\/p>\n<div class='share-to-whatsapp-wrapper'><div class='share-on-whsp'>PARTAGER SUR : <\/div><a data-text='HAUTE COUR DE JUSTICE -Moussa Bocar Thiam convoqu\u00e9 le 25 mars devant la commission d\u2019instruction' data-link='https:\/\/www.nettali.com\/2026\/03\/14\/haute-cour-de-justice-moussa-bocar-thiam-convoque-le-25-mars-devant-la-commission-dinstruction\/' class='whatsapp-button whatsapp-share'>WhatsApp<\/a><div class='clear '><\/div><\/div>","protected":false},"excerpt":{"rendered":"<p>NETTALI.COM - L\u2019affaire visant l\u2019ancien ministre Moussa Bocar Thiam franchit une nouvelle \u00e9tape judiciaire. Selon des informations, la commission d\u2019instruction de la Haute Cour de justice, dirig\u00e9e par le magistrat Abdoulaye Ba, a fix\u00e9 la date de sa premi\u00e8re comparution au 25 mars 2026. Le mandat de comparution a d\u00e9j\u00e0 \u00e9t\u00e9 transmis \u00e0 la Division [&hellip;]<\/p>\n","protected":false},"author":4,"featured_media":4930,"comment_status":"open","ping_status":"open","sticky":false,"template":"","format":"standard","meta":{"_et_pb_use_builder":"","_et_pb_old_content":""},"categories":[3],"tags":[],"yoast_head":"<!-- This site is optimized with the Yoast SEO Premium plugin v17.8 (Yoast SEO v17.8) - https:\/\/yoast.com\/wordpress\/plugins\/seo\/ -->\n<title>HAUTE COUR DE JUSTICE -Moussa Bocar Thiam convoqu\u00e9 le 25 mars devant la commission d\u2019instruction | Nettali.com<\/title>\n<meta name=\"robots\" content=\"index, follow, max-snippet:-1, max-image-preview:large, max-video-preview:-1\" \/>\n<link rel=\"canonical\" href=\"https:\/\/www.nettali.com\/2026\/03\/14\/haute-cour-de-justice-moussa-bocar-thiam-convoque-le-25-mars-devant-la-commission-dinstruction\/\" \/>\n<meta property=\"og:locale\" content=\"fr_FR\" \/>\n<meta property=\"og:type\" content=\"article\" \/>\n<meta property=\"og:title\" content=\"HAUTE COUR DE JUSTICE -Moussa Bocar Thiam convoqu\u00e9 le 25 mars devant la commission d\u2019instruction\" \/>\n<meta property=\"og:description\" content=\"NETTALI.COM - L\u2019affaire visant l\u2019ancien ministre Moussa Bocar Thiam franchit une nouvelle \u00e9tape judiciaire. Selon des informations, la commission d\u2019instruction de la Haute Cour de justice, dirig\u00e9e par le magistrat Abdoulaye Ba, a fix\u00e9 la date de sa premi\u00e8re comparution au 25 mars 2026. Le mandat de comparution a d\u00e9j\u00e0 \u00e9t\u00e9 transmis \u00e0 la Division [&hellip;]\" \/>\n<meta property=\"og:url\" content=\"https:\/\/www.nettali.com\/2026\/03\/14\/haute-cour-de-justice-moussa-bocar-thiam-convoque-le-25-mars-devant-la-commission-dinstruction\/\" \/>\n<meta property=\"og:site_name\" content=\"Nettali.com\" \/>\n<meta property=\"article:publisher\" content=\"https:\/\/www.facebook.com\/nettalicom\" \/>\n<meta property=\"article:published_time\" content=\"2026-03-14T18:09:13+00:00\" \/>\n<meta property=\"article:modified_time\" content=\"2026-03-14T17:14:17+00:00\" \/>\n<meta property=\"og:image\" content=\"https:\/\/www.nettali.com\/wp-content\/uploads\/2019\/04\/moussa-bocar-thiam-ps-1.jpg\" \/>\n\t<meta property=\"og:image:width\" content=\"1062\" \/>\n\t<meta property=\"og:image:height\" content=\"709\" \/>\n<meta name=\"twitter:card\" content=\"summary_large_image\" \/>\n<meta name=\"twitter:label1\" content=\"\u00c9crit par\" \/>\n\t<meta name=\"twitter:data1\" content=\"Daouda\" \/>\n\t<meta name=\"twitter:label2\" content=\"Dur\u00e9e de lecture estim\u00e9e\" \/>\n\t<meta name=\"twitter:data2\" content=\"2 minutes\" \/>\n<script type=\"application\/ld+json\" class=\"yoast-schema-graph\">{\"@context\":\"https:\/\/schema.org\",\"@graph\":[{\"@type\":\"WebSite\",\"@id\":\"https:\/\/www.nettali.com\/#website\",\"url\":\"https:\/\/www.nettali.com\/\",\"name\":\"Nettali.com\",\"description\":\"Le rendez-vous critique du Net\",\"potentialAction\":[{\"@type\":\"SearchAction\",\"target\":{\"@type\":\"EntryPoint\",\"urlTemplate\":\"https:\/\/www.nettali.com\/?s={search_term_string}\"},\"query-input\":\"required name=search_term_string\"}],\"inLanguage\":\"fr-FR\"},{\"@type\":\"ImageObject\",\"@id\":\"https:\/\/www.nettali.com\/2026\/03\/14\/haute-cour-de-justice-moussa-bocar-thiam-convoque-le-25-mars-devant-la-commission-dinstruction\/#primaryimage\",\"inLanguage\":\"fr-FR\",\"url\":\"https:\/\/www.nettali.com\/wp-content\/uploads\/2019\/04\/moussa-bocar-thiam-ps-1.jpg\",\"contentUrl\":\"https:\/\/www.nettali.com\/wp-content\/uploads\/2019\/04\/moussa-bocar-thiam-ps-1.jpg\",\"width\":1062,\"height\":709},{\"@type\":\"WebPage\",\"@id\":\"https:\/\/www.nettali.com\/2026\/03\/14\/haute-cour-de-justice-moussa-bocar-thiam-convoque-le-25-mars-devant-la-commission-dinstruction\/#webpage\",\"url\":\"https:\/\/www.nettali.com\/2026\/03\/14\/haute-cour-de-justice-moussa-bocar-thiam-convoque-le-25-mars-devant-la-commission-dinstruction\/\",\"name\":\"HAUTE COUR DE JUSTICE -Moussa Bocar Thiam convoqu\\u00e9 le 25 mars devant la commission d\\u2019instruction | Nettali.com\",\"isPartOf\":{\"@id\":\"https:\/\/www.nettali.com\/#website\"},\"primaryImageOfPage\":{\"@id\":\"https:\/\/www.nettali.com\/2026\/03\/14\/haute-cour-de-justice-moussa-bocar-thiam-convoque-le-25-mars-devant-la-commission-dinstruction\/#primaryimage\"},\"datePublished\":\"2026-03-14T18:09:13+00:00\",\"dateModified\":\"2026-03-14T17:14:17+00:00\",\"author\":{\"@id\":\"https:\/\/www.nettali.com\/#\/schema\/person\/3317e0bb3aa1da309fbf7b2780901bf4\"},\"breadcrumb\":{\"@id\":\"https:\/\/www.nettali.com\/2026\/03\/14\/haute-cour-de-justice-moussa-bocar-thiam-convoque-le-25-mars-devant-la-commission-dinstruction\/#breadcrumb\"},\"inLanguage\":\"fr-FR\",\"potentialAction\":[{\"@type\":\"ReadAction\",\"target\":[\"https:\/\/www.nettali.com\/2026\/03\/14\/haute-cour-de-justice-moussa-bocar-thiam-convoque-le-25-mars-devant-la-commission-dinstruction\/\"]}]},{\"@type\":\"BreadcrumbList\",\"@id\":\"https:\/\/www.nettali.com\/2026\/03\/14\/haute-cour-de-justice-moussa-bocar-thiam-convoque-le-25-mars-devant-la-commission-dinstruction\/#breadcrumb\",\"itemListElement\":[{\"@type\":\"ListItem\",\"position\":1,\"name\":\"Accueil\",\"item\":\"https:\/\/www.nettali.com\/\"},{\"@type\":\"ListItem\",\"position\":2,\"name\":\"HAUTE COUR DE JUSTICE -Moussa Bocar Thiam convoqu\\u00e9 le 25 mars devant la commission d\\u2019instruction\"}]},{\"@type\":\"Person\",\"@id\":\"https:\/\/www.nettali.com\/#\/schema\/person\/3317e0bb3aa1da309fbf7b2780901bf4\",\"name\":\"Daouda\",\"image\":{\"@type\":\"ImageObject\",\"@id\":\"https:\/\/www.nettali.com\/#personlogo\",\"inLanguage\":\"fr-FR\",\"url\":\"https:\/\/secure.gravatar.com\/avatar\/8d143b5a49345098ddcfee1c49c2f47c?s=96&d=mm&r=g\",\"contentUrl\":\"https:\/\/secure.gravatar.com\/avatar\/8d143b5a49345098ddcfee1c49c2f47c?s=96&d=mm&r=g\",\"caption\":\"Daouda\"},\"sameAs\":[\"https:\/\/www.nettali.com\"]}]}<\/script>\n<!-- \/ Yoast SEO Premium plugin. -->","yoast_head_json":{"title":"HAUTE COUR DE JUSTICE -Moussa Bocar Thiam convoqu\u00e9 le 25 mars devant la commission d\u2019instruction | Nettali.com","robots":{"index":"index","follow":"follow","max-snippet":"max-snippet:-1","max-image-preview":"max-image-preview:large","max-video-preview":"max-video-preview:-1"},"canonical":"https:\/\/www.nettali.com\/2026\/03\/14\/haute-cour-de-justice-moussa-bocar-thiam-convoque-le-25-mars-devant-la-commission-dinstruction\/","og_locale":"fr_FR","og_type":"article","og_title":"HAUTE COUR DE JUSTICE -Moussa Bocar Thiam convoqu\u00e9 le 25 mars devant la commission d\u2019instruction","og_description":"NETTALI.COM - L\u2019affaire visant l\u2019ancien ministre Moussa Bocar Thiam franchit une nouvelle \u00e9tape judiciaire. Selon des informations, la commission d\u2019instruction de la Haute Cour de justice, dirig\u00e9e par le magistrat Abdoulaye Ba, a fix\u00e9 la date de sa premi\u00e8re comparution au 25 mars 2026. Le mandat de comparution a d\u00e9j\u00e0 \u00e9t\u00e9 transmis \u00e0 la Division [&hellip;]","og_url":"https:\/\/www.nettali.com\/2026\/03\/14\/haute-cour-de-justice-moussa-bocar-thiam-convoque-le-25-mars-devant-la-commission-dinstruction\/","og_site_name":"Nettali.com","article_publisher":"https:\/\/www.facebook.com\/nettalicom","article_published_time":"2026-03-14T18:09:13+00:00","article_modified_time":"2026-03-14T17:14:17+00:00","og_image":[{"width":1062,"height":709,"url":"https:\/\/www.nettali.com\/wp-content\/uploads\/2019\/04\/moussa-bocar-thiam-ps-1.jpg","type":"image\/jpeg"}],"twitter_card":"summary_large_image","twitter_misc":{"\u00c9crit par":"Daouda","Dur\u00e9e de lecture estim\u00e9e":"2 minutes"},"schema":{"@context":"https:\/\/schema.org","@graph":[{"@type":"WebSite","@id":"https:\/\/www.nettali.com\/#website","url":"https:\/\/www.nettali.com\/","name":"Nettali.com","description":"Le rendez-vous critique du Net","potentialAction":[{"@type":"SearchAction","target":{"@type":"EntryPoint","urlTemplate":"https:\/\/www.nettali.com\/?s={search_term_string}"},"query-input":"required name=search_term_string"}],"inLanguage":"fr-FR"},{"@type":"ImageObject","@id":"https:\/\/www.nettali.com\/2026\/03\/14\/haute-cour-de-justice-moussa-bocar-thiam-convoque-le-25-mars-devant-la-commission-dinstruction\/#primaryimage","inLanguage":"fr-FR","url":"https:\/\/www.nettali.com\/wp-content\/uploads\/2019\/04\/moussa-bocar-thiam-ps-1.jpg","contentUrl":"https:\/\/www.nettali.com\/wp-content\/uploads\/2019\/04\/moussa-bocar-thiam-ps-1.jpg","width":1062,"height":709},{"@type":"WebPage","@id":"https:\/\/www.nettali.com\/2026\/03\/14\/haute-cour-de-justice-moussa-bocar-thiam-convoque-le-25-mars-devant-la-commission-dinstruction\/#webpage","url":"https:\/\/www.nettali.com\/2026\/03\/14\/haute-cour-de-justice-moussa-bocar-thiam-convoque-le-25-mars-devant-la-commission-dinstruction\/","name":"HAUTE COUR DE JUSTICE -Moussa Bocar Thiam convoqu\u00e9 le 25 mars devant la commission d\u2019instruction | Nettali.com","isPartOf":{"@id":"https:\/\/www.nettali.com\/#website"},"primaryImageOfPage":{"@id":"https:\/\/www.nettali.com\/2026\/03\/14\/haute-cour-de-justice-moussa-bocar-thiam-convoque-le-25-mars-devant-la-commission-dinstruction\/#primaryimage"},"datePublished":"2026-03-14T18:09:13+00:00","dateModified":"2026-03-14T17:14:17+00:00","author":{"@id":"https:\/\/www.nettali.com\/#\/schema\/person\/3317e0bb3aa1da309fbf7b2780901bf4"},"breadcrumb":{"@id":"https:\/\/www.nettali.com\/2026\/03\/14\/haute-cour-de-justice-moussa-bocar-thiam-convoque-le-25-mars-devant-la-commission-dinstruction\/#breadcrumb"},"inLanguage":"fr-FR","potentialAction":[{"@type":"ReadAction","target":["https:\/\/www.nettali.com\/2026\/03\/14\/haute-cour-de-justice-moussa-bocar-thiam-convoque-le-25-mars-devant-la-commission-dinstruction\/"]}]},{"@type":"BreadcrumbList","@id":"https:\/\/www.nettali.com\/2026\/03\/14\/haute-cour-de-justice-moussa-bocar-thiam-convoque-le-25-mars-devant-la-commission-dinstruction\/#breadcrumb","itemListElement":[{"@type":"ListItem","position":1,"name":"Accueil","item":"https:\/\/www.nettali.com\/"},{"@type":"ListItem","position":2,"name":"HAUTE COUR DE JUSTICE -Moussa Bocar Thiam convoqu\u00e9 le 25 mars devant la commission d\u2019instruction"}]},{"@type":"Person","@id":"https:\/\/www.nettali.com\/#\/schema\/person\/3317e0bb3aa1da309fbf7b2780901bf4","name":"Daouda","image":{"@type":"ImageObject","@id":"https:\/\/www.nettali.com\/#personlogo","inLanguage":"fr-FR","url":"https:\/\/secure.gravatar.com\/avatar\/8d143b5a49345098ddcfee1c49c2f47c?s=96&d=mm&r=g","contentUrl":"https:\/\/secure.gravatar.com\/avatar\/8d143b5a49345098ddcfee1c49c2f47c?s=96&d=mm&r=g","caption":"Daouda"},"sameAs":["https:\/\/www.nettali.com"]}]}},"_links":{"self":[{"href":"https:\/\/www.nettali.com\/rest\/wp\/v2\/posts\/170922"}],"collection":[{"href":"https:\/\/www.nettali.com\/rest\/wp\/v2\/posts"}],"about":[{"href":"https:\/\/www.nettali.com\/rest\/wp\/v2\/types\/post"}],"author":[{"embeddable":true,"href":"https:\/\/www.nettali.com\/rest\/wp\/v2\/users\/4"}],"replies":[{"embeddable":true,"href":"https:\/\/www.nettali.com\/rest\/wp\/v2\/comments?post=170922"}],"version-history":[{"count":1,"href":"https:\/\/www.nettali.com\/rest\/wp\/v2\/posts\/170922\/revisions"}],"predecessor-version":[{"id":170923,"href":"https:\/\/www.nettali.com\/rest\/wp\/v2\/posts\/170922\/revisions\/170923"}],"wp:featuredmedia":[{"embeddable":true,"href":"https:\/\/www.nettali.com\/rest\/wp\/v2\/media\/4930"}],"wp:attachment":[{"href":"https:\/\/www.nettali.com\/rest\/wp\/v2\/media?parent=170922"}],"wp:term":[{"taxonomy":"category","embeddable":true,"href":"https:\/\/www.nettali.com\/rest\/wp\/v2\/categories?post=170922"},{"taxonomy":"post_tag","embeddable":true,"href":"https:\/\/www.nettali.com\/rest\/wp\/v2\/tags?post=170922"}],"curies":[{"name":"wp","href":"https:\/\/api.w.org\/{rel}","templated":true}]}}