{"id":170920,"date":"2026-03-14T17:04:58","date_gmt":"2026-03-14T17:04:58","guid":{"rendered":"https:\/\/www.nettali.com\/?p=170920"},"modified":"2026-03-14T17:04:58","modified_gmt":"2026-03-14T17:04:58","slug":"coalition-apres-diomaye-ousmane-sonko-reunit-ses-allies-de-apte","status":"publish","type":"post","link":"https:\/\/www.nettali.com\/2026\/03\/14\/coalition-apres-diomaye-ousmane-sonko-reunit-ses-allies-de-apte\/","title":{"rendered":"COALITION - Apr\u00e8s Diomaye,\u00a0 Ousmane Sonko r\u00e9unit ses alli\u00e9s de APTE"},"content":{"rendered":"<p data-start=\"105\" data-end=\"325\"><strong>NETTALI.COM - Quelques jours apr\u00e8s l\u2019Assembl\u00e9e g\u00e9n\u00e9rale de la coalition <span class=\"hover:entity-accent entity-underline inline cursor-pointer align-baseline\"><span class=\"whitespace-normal\">Bassirou Diomaye Faye<\/span><\/span>, le Premier ministre <span class=\"hover:entity-accent entity-underline inline cursor-pointer align-baseline\"><span class=\"whitespace-normal\">Ousmane Sonko<\/span><\/span> s\u2019appr\u00eate \u00e0 mobiliser \u00e0 son tour ses soutiens politiques.<\/strong><\/p>\n<p data-start=\"327\" data-end=\"630\">Samedi dernier, le chef de l\u2019\u00c9tat avait particip\u00e9 \u00e0 la rencontre de la coalition \u00ab Diomaye Pr\u00e9sident \u00bb, au cours de laquelle il avait r\u00e9affirm\u00e9 sa volont\u00e9 de gouverner en collaboration avec ses alli\u00e9s, notamment l\u2019ancienne Premi\u00e8re ministre <span class=\"hover:entity-accent entity-underline inline cursor-pointer align-baseline\"><span class=\"whitespace-normal\">Aminata Tour\u00e9<\/span><\/span> et son camp.<\/p>\n<p data-start=\"678\" data-end=\"846\">Ce samedi, le leader de Pastef doit rencontrer, \u00e0 16 heures dans un h\u00f4tel de Dakar, les membres de l\u2019Alliance patriotique pour le travail et l\u2019\u00e9thique (APTE).<\/p>\n<p data-start=\"848\" data-end=\"1084\">Cette structure politique est pr\u00e9sent\u00e9e comme une nouvelle plateforme destin\u00e9e \u00e0 remplacer ou red\u00e9finir l\u2019espace politique de la coalition \u00ab Diomaye Pr\u00e9sident \u00bb, dans un contexte marqu\u00e9 par des recompositions au sein de la majorit\u00e9.<\/p>\n<p data-start=\"1140\" data-end=\"1423\">La mouvance pr\u00e9sidentielle s\u2019est progressivement fragment\u00e9e en deux camps depuis la d\u00e9cision du chef de l\u2019\u00c9tat de d\u00e9signer Aminata Tour\u00e9 comme superviseure de la coalition, en remplacement du Dr A\u00efda Mbodj.<\/p>\n<p data-start=\"1425\" data-end=\"1660\">Cette nomination aurait accentu\u00e9 les divergences entre les diff\u00e9rentes composantes de la majorit\u00e9, donnant lieu \u00e0 une rivalit\u00e9 politique feutr\u00e9e entre les p\u00f4les gravitant autour de la pr\u00e9sidence et ceux proches du Premier ministre.<\/p>\n<p data-start=\"1696\" data-end=\"1882\">Dans ce contexte de tensions politiques latentes, les observateurs attendent avec attention les d\u00e9clarations que pourrait faire Ousmane Sonko lors de cette rencontre avec ses alli\u00e9s.<\/p>\n<p data-start=\"1884\" data-end=\"2050\" data-is-last-node=\"\" data-is-only-node=\"\">Son intervention pourrait clarifier les orientations politiques du camp Pastef et la place de l\u2019APTE dans la recomposition en cours de la majorit\u00e9 pr\u00e9sidentielle.<\/p>\n<div class='share-to-whatsapp-wrapper'><div class='share-on-whsp'>PARTAGER SUR : <\/div><a data-text='COALITION - Apr\u00e8s Diomaye,\u00a0 Ousmane Sonko r\u00e9unit ses alli\u00e9s de APTE' data-link='https:\/\/www.nettali.com\/2026\/03\/14\/coalition-apres-diomaye-ousmane-sonko-reunit-ses-allies-de-apte\/' class='whatsapp-button whatsapp-share'>WhatsApp<\/a><div class='clear '><\/div><\/div>","protected":false},"excerpt":{"rendered":"<p>NETTALI.COM - Quelques jours apr\u00e8s l\u2019Assembl\u00e9e g\u00e9n\u00e9rale de la coalition Bassirou Diomaye Faye, le Premier ministre Ousmane Sonko s\u2019appr\u00eate \u00e0 mobiliser \u00e0 son tour ses soutiens politiques. Samedi dernier, le chef de l\u2019\u00c9tat avait particip\u00e9 \u00e0 la rencontre de la coalition \u00ab Diomaye Pr\u00e9sident \u00bb, au cours de laquelle il avait r\u00e9affirm\u00e9 sa volont\u00e9 de [&hellip;]<\/p>\n","protected":false},"author":4,"featured_media":170207,"comment_status":"open","ping_status":"open","sticky":false,"template":"","format":"standard","meta":{"_et_pb_use_builder":"","_et_pb_old_content":""},"categories":[2],"tags":[],"yoast_head":"<!-- This site is optimized with the Yoast SEO Premium plugin v17.8 (Yoast SEO v17.8) - https:\/\/yoast.com\/wordpress\/plugins\/seo\/ -->\n<title>COALITION - Apr\u00e8s Diomaye,\u00a0 Ousmane Sonko r\u00e9unit ses alli\u00e9s de APTE | Nettali.com<\/title>\n<meta name=\"robots\" content=\"index, follow, max-snippet:-1, max-image-preview:large, max-video-preview:-1\" \/>\n<link rel=\"canonical\" href=\"https:\/\/www.nettali.com\/2026\/03\/14\/coalition-apres-diomaye-ousmane-sonko-reunit-ses-allies-de-apte\/\" \/>\n<meta property=\"og:locale\" content=\"fr_FR\" \/>\n<meta property=\"og:type\" content=\"article\" \/>\n<meta property=\"og:title\" content=\"COALITION - Apr\u00e8s Diomaye,\u00a0 Ousmane Sonko r\u00e9unit ses alli\u00e9s de APTE\" \/>\n<meta property=\"og:description\" content=\"NETTALI.COM - Quelques jours apr\u00e8s l\u2019Assembl\u00e9e g\u00e9n\u00e9rale de la coalition Bassirou Diomaye Faye, le Premier ministre Ousmane Sonko s\u2019appr\u00eate \u00e0 mobiliser \u00e0 son tour ses soutiens politiques. Samedi dernier, le chef de l\u2019\u00c9tat avait particip\u00e9 \u00e0 la rencontre de la coalition \u00ab Diomaye Pr\u00e9sident \u00bb, au cours de laquelle il avait r\u00e9affirm\u00e9 sa volont\u00e9 de [&hellip;]\" \/>\n<meta property=\"og:url\" content=\"https:\/\/www.nettali.com\/2026\/03\/14\/coalition-apres-diomaye-ousmane-sonko-reunit-ses-allies-de-apte\/\" \/>\n<meta property=\"og:site_name\" content=\"Nettali.com\" \/>\n<meta property=\"article:publisher\" content=\"https:\/\/www.facebook.com\/nettalicom\" \/>\n<meta property=\"article:published_time\" content=\"2026-03-14T17:04:58+00:00\" \/>\n<meta property=\"og:image\" content=\"https:\/\/www.nettali.com\/wp-content\/uploads\/2026\/02\/Ousmane-Sonko-Assemblee-Nationale.jpg\" \/>\n\t<meta property=\"og:image:width\" content=\"1600\" \/>\n\t<meta property=\"og:image:height\" content=\"1069\" \/>\n<meta name=\"twitter:card\" content=\"summary_large_image\" \/>\n<meta name=\"twitter:label1\" content=\"\u00c9crit par\" \/>\n\t<meta name=\"twitter:data1\" content=\"Daouda\" \/>\n\t<meta name=\"twitter:label2\" content=\"Dur\u00e9e de lecture estim\u00e9e\" \/>\n\t<meta name=\"twitter:data2\" content=\"2 minutes\" \/>\n<script type=\"application\/ld+json\" class=\"yoast-schema-graph\">{\"@context\":\"https:\/\/schema.org\",\"@graph\":[{\"@type\":\"WebSite\",\"@id\":\"https:\/\/www.nettali.com\/#website\",\"url\":\"https:\/\/www.nettali.com\/\",\"name\":\"Nettali.com\",\"description\":\"Le rendez-vous critique du Net\",\"potentialAction\":[{\"@type\":\"SearchAction\",\"target\":{\"@type\":\"EntryPoint\",\"urlTemplate\":\"https:\/\/www.nettali.com\/?s={search_term_string}\"},\"query-input\":\"required name=search_term_string\"}],\"inLanguage\":\"fr-FR\"},{\"@type\":\"ImageObject\",\"@id\":\"https:\/\/www.nettali.com\/2026\/03\/14\/coalition-apres-diomaye-ousmane-sonko-reunit-ses-allies-de-apte\/#primaryimage\",\"inLanguage\":\"fr-FR\",\"url\":\"https:\/\/www.nettali.com\/wp-content\/uploads\/2026\/02\/Ousmane-Sonko-Assemblee-Nationale.jpg\",\"contentUrl\":\"https:\/\/www.nettali.com\/wp-content\/uploads\/2026\/02\/Ousmane-Sonko-Assemblee-Nationale.jpg\",\"width\":1600,\"height\":1069},{\"@type\":\"WebPage\",\"@id\":\"https:\/\/www.nettali.com\/2026\/03\/14\/coalition-apres-diomaye-ousmane-sonko-reunit-ses-allies-de-apte\/#webpage\",\"url\":\"https:\/\/www.nettali.com\/2026\/03\/14\/coalition-apres-diomaye-ousmane-sonko-reunit-ses-allies-de-apte\/\",\"name\":\"COALITION - Apr\\u00e8s Diomaye,\\u00a0 Ousmane Sonko r\\u00e9unit ses alli\\u00e9s de APTE | Nettali.com\",\"isPartOf\":{\"@id\":\"https:\/\/www.nettali.com\/#website\"},\"primaryImageOfPage\":{\"@id\":\"https:\/\/www.nettali.com\/2026\/03\/14\/coalition-apres-diomaye-ousmane-sonko-reunit-ses-allies-de-apte\/#primaryimage\"},\"datePublished\":\"2026-03-14T17:04:58+00:00\",\"dateModified\":\"2026-03-14T17:04:58+00:00\",\"author\":{\"@id\":\"https:\/\/www.nettali.com\/#\/schema\/person\/3317e0bb3aa1da309fbf7b2780901bf4\"},\"breadcrumb\":{\"@id\":\"https:\/\/www.nettali.com\/2026\/03\/14\/coalition-apres-diomaye-ousmane-sonko-reunit-ses-allies-de-apte\/#breadcrumb\"},\"inLanguage\":\"fr-FR\",\"potentialAction\":[{\"@type\":\"ReadAction\",\"target\":[\"https:\/\/www.nettali.com\/2026\/03\/14\/coalition-apres-diomaye-ousmane-sonko-reunit-ses-allies-de-apte\/\"]}]},{\"@type\":\"BreadcrumbList\",\"@id\":\"https:\/\/www.nettali.com\/2026\/03\/14\/coalition-apres-diomaye-ousmane-sonko-reunit-ses-allies-de-apte\/#breadcrumb\",\"itemListElement\":[{\"@type\":\"ListItem\",\"position\":1,\"name\":\"Accueil\",\"item\":\"https:\/\/www.nettali.com\/\"},{\"@type\":\"ListItem\",\"position\":2,\"name\":\"COALITION - Apr\\u00e8s Diomaye,\\u00a0 Ousmane Sonko r\\u00e9unit ses alli\\u00e9s de APTE\"}]},{\"@type\":\"Person\",\"@id\":\"https:\/\/www.nettali.com\/#\/schema\/person\/3317e0bb3aa1da309fbf7b2780901bf4\",\"name\":\"Daouda\",\"image\":{\"@type\":\"ImageObject\",\"@id\":\"https:\/\/www.nettali.com\/#personlogo\",\"inLanguage\":\"fr-FR\",\"url\":\"https:\/\/secure.gravatar.com\/avatar\/8d143b5a49345098ddcfee1c49c2f47c?s=96&d=mm&r=g\",\"contentUrl\":\"https:\/\/secure.gravatar.com\/avatar\/8d143b5a49345098ddcfee1c49c2f47c?s=96&d=mm&r=g\",\"caption\":\"Daouda\"},\"sameAs\":[\"https:\/\/www.nettali.com\"]}]}<\/script>\n<!-- \/ Yoast SEO Premium plugin. -->","yoast_head_json":{"title":"COALITION - Apr\u00e8s Diomaye,\u00a0 Ousmane Sonko r\u00e9unit ses alli\u00e9s de APTE | Nettali.com","robots":{"index":"index","follow":"follow","max-snippet":"max-snippet:-1","max-image-preview":"max-image-preview:large","max-video-preview":"max-video-preview:-1"},"canonical":"https:\/\/www.nettali.com\/2026\/03\/14\/coalition-apres-diomaye-ousmane-sonko-reunit-ses-allies-de-apte\/","og_locale":"fr_FR","og_type":"article","og_title":"COALITION - Apr\u00e8s Diomaye,\u00a0 Ousmane Sonko r\u00e9unit ses alli\u00e9s de APTE","og_description":"NETTALI.COM - Quelques jours apr\u00e8s l\u2019Assembl\u00e9e g\u00e9n\u00e9rale de la coalition Bassirou Diomaye Faye, le Premier ministre Ousmane Sonko s\u2019appr\u00eate \u00e0 mobiliser \u00e0 son tour ses soutiens politiques. Samedi dernier, le chef de l\u2019\u00c9tat avait particip\u00e9 \u00e0 la rencontre de la coalition \u00ab Diomaye Pr\u00e9sident \u00bb, au cours de laquelle il avait r\u00e9affirm\u00e9 sa volont\u00e9 de [&hellip;]","og_url":"https:\/\/www.nettali.com\/2026\/03\/14\/coalition-apres-diomaye-ousmane-sonko-reunit-ses-allies-de-apte\/","og_site_name":"Nettali.com","article_publisher":"https:\/\/www.facebook.com\/nettalicom","article_published_time":"2026-03-14T17:04:58+00:00","og_image":[{"width":1600,"height":1069,"url":"https:\/\/www.nettali.com\/wp-content\/uploads\/2026\/02\/Ousmane-Sonko-Assemblee-Nationale.jpg","type":"image\/jpeg"}],"twitter_card":"summary_large_image","twitter_misc":{"\u00c9crit par":"Daouda","Dur\u00e9e de lecture estim\u00e9e":"2 minutes"},"schema":{"@context":"https:\/\/schema.org","@graph":[{"@type":"WebSite","@id":"https:\/\/www.nettali.com\/#website","url":"https:\/\/www.nettali.com\/","name":"Nettali.com","description":"Le rendez-vous critique du Net","potentialAction":[{"@type":"SearchAction","target":{"@type":"EntryPoint","urlTemplate":"https:\/\/www.nettali.com\/?s={search_term_string}"},"query-input":"required name=search_term_string"}],"inLanguage":"fr-FR"},{"@type":"ImageObject","@id":"https:\/\/www.nettali.com\/2026\/03\/14\/coalition-apres-diomaye-ousmane-sonko-reunit-ses-allies-de-apte\/#primaryimage","inLanguage":"fr-FR","url":"https:\/\/www.nettali.com\/wp-content\/uploads\/2026\/02\/Ousmane-Sonko-Assemblee-Nationale.jpg","contentUrl":"https:\/\/www.nettali.com\/wp-content\/uploads\/2026\/02\/Ousmane-Sonko-Assemblee-Nationale.jpg","width":1600,"height":1069},{"@type":"WebPage","@id":"https:\/\/www.nettali.com\/2026\/03\/14\/coalition-apres-diomaye-ousmane-sonko-reunit-ses-allies-de-apte\/#webpage","url":"https:\/\/www.nettali.com\/2026\/03\/14\/coalition-apres-diomaye-ousmane-sonko-reunit-ses-allies-de-apte\/","name":"COALITION - Apr\u00e8s Diomaye,\u00a0 Ousmane Sonko r\u00e9unit ses alli\u00e9s de APTE | Nettali.com","isPartOf":{"@id":"https:\/\/www.nettali.com\/#website"},"primaryImageOfPage":{"@id":"https:\/\/www.nettali.com\/2026\/03\/14\/coalition-apres-diomaye-ousmane-sonko-reunit-ses-allies-de-apte\/#primaryimage"},"datePublished":"2026-03-14T17:04:58+00:00","dateModified":"2026-03-14T17:04:58+00:00","author":{"@id":"https:\/\/www.nettali.com\/#\/schema\/person\/3317e0bb3aa1da309fbf7b2780901bf4"},"breadcrumb":{"@id":"https:\/\/www.nettali.com\/2026\/03\/14\/coalition-apres-diomaye-ousmane-sonko-reunit-ses-allies-de-apte\/#breadcrumb"},"inLanguage":"fr-FR","potentialAction":[{"@type":"ReadAction","target":["https:\/\/www.nettali.com\/2026\/03\/14\/coalition-apres-diomaye-ousmane-sonko-reunit-ses-allies-de-apte\/"]}]},{"@type":"BreadcrumbList","@id":"https:\/\/www.nettali.com\/2026\/03\/14\/coalition-apres-diomaye-ousmane-sonko-reunit-ses-allies-de-apte\/#breadcrumb","itemListElement":[{"@type":"ListItem","position":1,"name":"Accueil","item":"https:\/\/www.nettali.com\/"},{"@type":"ListItem","position":2,"name":"COALITION - Apr\u00e8s Diomaye,\u00a0 Ousmane Sonko r\u00e9unit ses alli\u00e9s de APTE"}]},{"@type":"Person","@id":"https:\/\/www.nettali.com\/#\/schema\/person\/3317e0bb3aa1da309fbf7b2780901bf4","name":"Daouda","image":{"@type":"ImageObject","@id":"https:\/\/www.nettali.com\/#personlogo","inLanguage":"fr-FR","url":"https:\/\/secure.gravatar.com\/avatar\/8d143b5a49345098ddcfee1c49c2f47c?s=96&d=mm&r=g","contentUrl":"https:\/\/secure.gravatar.com\/avatar\/8d143b5a49345098ddcfee1c49c2f47c?s=96&d=mm&r=g","caption":"Daouda"},"sameAs":["https:\/\/www.nettali.com"]}]}},"_links":{"self":[{"href":"https:\/\/www.nettali.com\/rest\/wp\/v2\/posts\/170920"}],"collection":[{"href":"https:\/\/www.nettali.com\/rest\/wp\/v2\/posts"}],"about":[{"href":"https:\/\/www.nettali.com\/rest\/wp\/v2\/types\/post"}],"author":[{"embeddable":true,"href":"https:\/\/www.nettali.com\/rest\/wp\/v2\/users\/4"}],"replies":[{"embeddable":true,"href":"https:\/\/www.nettali.com\/rest\/wp\/v2\/comments?post=170920"}],"version-history":[{"count":1,"href":"https:\/\/www.nettali.com\/rest\/wp\/v2\/posts\/170920\/revisions"}],"predecessor-version":[{"id":170921,"href":"https:\/\/www.nettali.com\/rest\/wp\/v2\/posts\/170920\/revisions\/170921"}],"wp:featuredmedia":[{"embeddable":true,"href":"https:\/\/www.nettali.com\/rest\/wp\/v2\/media\/170207"}],"wp:attachment":[{"href":"https:\/\/www.nettali.com\/rest\/wp\/v2\/media?parent=170920"}],"wp:term":[{"taxonomy":"category","embeddable":true,"href":"https:\/\/www.nettali.com\/rest\/wp\/v2\/categories?post=170920"},{"taxonomy":"post_tag","embeddable":true,"href":"https:\/\/www.nettali.com\/rest\/wp\/v2\/tags?post=170920"}],"curies":[{"name":"wp","href":"https:\/\/api.w.org\/{rel}","templated":true}]}}