{"id":170917,"date":"2026-03-14T14:07:15","date_gmt":"2026-03-14T14:07:15","guid":{"rendered":"https:\/\/www.nettali.com\/?p=170917"},"modified":"2026-03-14T08:12:32","modified_gmt":"2026-03-14T08:12:32","slug":"finale-maroc-senegal-le-recours-marocain-accepte","status":"publish","type":"post","link":"https:\/\/www.nettali.com\/2026\/03\/14\/finale-maroc-senegal-le-recours-marocain-accepte\/","title":{"rendered":"FINALE MAROC-S\u00c9N\u00c9GAL - Le recours marocain accept\u00e9?"},"content":{"rendered":"<p><strong>NETTALI.COM - Un nouveau rebondissement intervient dans le dossier des incidents survenus lors de la finale de la CAN 2025 perdue par le Maroc face aux Lions du S\u00e9n\u00e9gal.<\/strong><\/p>\n<p>Apr\u00e8s les incidents qui avaient marqu\u00e9 la finale de la CAN 2025, la commission disciplinaire de la Conf\u00e9d\u00e9ration africaine de football (CAF) avait prononc\u00e9 plusieurs sanctions contre les deux s\u00e9lections.<\/p>\n<p>Sur le plan sportif, plusieurs acteurs avaient \u00e9t\u00e9 sanctionn\u00e9s. Suite \u00e0 leur retrait temporaire du terrain, les S\u00e9n\u00e9galais Iliman Ndiaye et Isma\u00efla Sarr avaient \u00e9t\u00e9 sanctionn\u00e9s de deux matchs de suspension, tandis que leur s\u00e9lectionneur Pape Thiaw avait \u00e9cop\u00e9 de 5 matchs. Du c\u00f4t\u00e9 marocain, Achraf Hakimi et Ismael Saibari avaient \u00e9t\u00e9 suspendus respectivement pour un et 3 matchs pour la d\u00e9sormais fameuse affaire de la serviette.<\/p>\n<p>La F\u00e9d\u00e9ration S\u00e9n\u00e9galaise avait \u00e9galement \u00e9t\u00e9 frapp\u00e9e d\u2019une amende totale d\u2019un peu plus de 603 000 euros en raison notamment d\u2019une tentative d\u2019envahissement du terrain par certains supporters et du retrait temporaire des joueurs.<\/p>\n<p>Au total, les deux f\u00e9d\u00e9rations avaient \u00e9cop\u00e9 de plus d\u2019un million de dollars d\u2019amendes cumul\u00e9es, dont pr\u00e8s des deux tiers \u00e0 la charge du S\u00e9n\u00e9gal.<\/p>\n<p><strong>Des sanctions trop l\u00e9g\u00e8res selon le Maroc<\/strong><\/p>\n<p>Contrairement au Maroc, la f\u00e9d\u00e9ration s\u00e9n\u00e9galaise avait indiqu\u00e9 prendre acte de la d\u00e9cision et avait choisi de ne pas faire appel. La F\u00e9d\u00e9ration marocaine de football (FRMF), de son c\u00f4t\u00e9, avait imm\u00e9diatement contest\u00e9 le verdict de la CAF. Alors qu\u2019ils esp\u00e9raient de lourdes suspensions pour le S\u00e9n\u00e9gal, voire une victoire sur tapis vert, les dirigeants marocains jugeaient les sanctions trop l\u00e9g\u00e8res au regard des incidents, et avaient d\u00e9cid\u00e9 de d\u00e9poser un recours dans la foul\u00e9e.<\/p>\n<p><strong>Vers une nouvelle audience devant la CAF<\/strong><\/p>\n<p>Selon le journaliste Micky Jnr, l\u2019appel introduit par la FRMF aurait \u00e9t\u00e9 accept\u00e9 par la CAF, ce qui signifie que le dossier sera r\u00e9examin\u00e9 depuis le d\u00e9but.<\/p>\n<p>Une nouvelle audience disciplinaire devrait \u00eatre organis\u00e9e et les diff\u00e9rentes parties seraient appel\u00e9es \u00e0 pr\u00e9senter \u00e0 nouveau leurs arguments ainsi que d\u2019\u00e9ventuels \u00e9l\u00e9ments suppl\u00e9mentaires.<\/p>\n<p>L\u2019acceptation de cet appel, si l\u2019information se confirme, pourrait donc rouvrir compl\u00e8tement ce dossier particuli\u00e8rement sensible et conduire \u00e0 une r\u00e9\u00e9valuation des sanctions initiales, voire \u00e0 de nouvelles d\u00e9cisions disciplinaires. A priori, c\u2019est le S\u00e9n\u00e9gal qui a le plus \u00e0 perdre dans ce r\u00e9examen, les sanctions qui l\u2019ont frapp\u00e9 ayant \u00e9t\u00e9 jug\u00e9es trop l\u00e9g\u00e8res par certains observateurs et visiblement par le pr\u00e9sident de la CAF, Patrice Motsepe, lui-m\u00eame.<\/p>\n<p>Afrikfoot<\/p>\n<div class='share-to-whatsapp-wrapper'><div class='share-on-whsp'>PARTAGER SUR : <\/div><a data-text='FINALE MAROC-S\u00c9N\u00c9GAL - Le recours marocain accept\u00e9?' data-link='https:\/\/www.nettali.com\/2026\/03\/14\/finale-maroc-senegal-le-recours-marocain-accepte\/' class='whatsapp-button whatsapp-share'>WhatsApp<\/a><div class='clear '><\/div><\/div>","protected":false},"excerpt":{"rendered":"<p>NETTALI.COM - Un nouveau rebondissement intervient dans le dossier des incidents survenus lors de la finale de la CAN 2025 perdue par le Maroc face aux Lions du S\u00e9n\u00e9gal. Apr\u00e8s les incidents qui avaient marqu\u00e9 la finale de la CAN 2025, la commission disciplinaire de la Conf\u00e9d\u00e9ration africaine de football (CAF) avait prononc\u00e9 plusieurs sanctions [&hellip;]<\/p>\n","protected":false},"author":5,"featured_media":170914,"comment_status":"open","ping_status":"open","sticky":false,"template":"","format":"standard","meta":{"_et_pb_use_builder":"","_et_pb_old_content":""},"categories":[6],"tags":[],"yoast_head":"<!-- This site is optimized with the Yoast SEO Premium plugin v17.8 (Yoast SEO v17.8) - https:\/\/yoast.com\/wordpress\/plugins\/seo\/ -->\n<title>FINALE MAROC-S\u00c9N\u00c9GAL - Le recours marocain accept\u00e9? | Nettali.com<\/title>\n<meta name=\"robots\" content=\"index, follow, max-snippet:-1, max-image-preview:large, max-video-preview:-1\" \/>\n<link rel=\"canonical\" href=\"https:\/\/www.nettali.com\/2026\/03\/14\/finale-maroc-senegal-le-recours-marocain-accepte\/\" \/>\n<meta property=\"og:locale\" content=\"fr_FR\" \/>\n<meta property=\"og:type\" content=\"article\" \/>\n<meta property=\"og:title\" content=\"FINALE MAROC-S\u00c9N\u00c9GAL - Le recours marocain accept\u00e9?\" \/>\n<meta property=\"og:description\" content=\"NETTALI.COM - Un nouveau rebondissement intervient dans le dossier des incidents survenus lors de la finale de la CAN 2025 perdue par le Maroc face aux Lions du S\u00e9n\u00e9gal. Apr\u00e8s les incidents qui avaient marqu\u00e9 la finale de la CAN 2025, la commission disciplinaire de la Conf\u00e9d\u00e9ration africaine de football (CAF) avait prononc\u00e9 plusieurs sanctions [&hellip;]\" \/>\n<meta property=\"og:url\" content=\"https:\/\/www.nettali.com\/2026\/03\/14\/finale-maroc-senegal-le-recours-marocain-accepte\/\" \/>\n<meta property=\"og:site_name\" content=\"Nettali.com\" \/>\n<meta property=\"article:publisher\" content=\"https:\/\/www.facebook.com\/nettalicom\" \/>\n<meta property=\"article:published_time\" content=\"2026-03-14T14:07:15+00:00\" \/>\n<meta property=\"article:modified_time\" content=\"2026-03-14T08:12:32+00:00\" \/>\n<meta property=\"og:image\" content=\"https:\/\/www.nettali.com\/wp-content\/uploads\/2026\/03\/MjAyNjAxODcwZTNjMzVmOTFmMTYyZDRjNzM4ZWFmNjA3YmNlZDk.jpeg\" \/>\n\t<meta property=\"og:image:width\" content=\"1260\" \/>\n\t<meta property=\"og:image:height\" content=\"708\" \/>\n<meta name=\"twitter:card\" content=\"summary_large_image\" \/>\n<meta name=\"twitter:label1\" content=\"\u00c9crit par\" \/>\n\t<meta name=\"twitter:data1\" content=\"Ibrahima\" \/>\n\t<meta name=\"twitter:label2\" content=\"Dur\u00e9e de lecture estim\u00e9e\" \/>\n\t<meta name=\"twitter:data2\" content=\"3 minutes\" \/>\n<script type=\"application\/ld+json\" class=\"yoast-schema-graph\">{\"@context\":\"https:\/\/schema.org\",\"@graph\":[{\"@type\":\"WebSite\",\"@id\":\"https:\/\/www.nettali.com\/#website\",\"url\":\"https:\/\/www.nettali.com\/\",\"name\":\"Nettali.com\",\"description\":\"Le rendez-vous critique du Net\",\"potentialAction\":[{\"@type\":\"SearchAction\",\"target\":{\"@type\":\"EntryPoint\",\"urlTemplate\":\"https:\/\/www.nettali.com\/?s={search_term_string}\"},\"query-input\":\"required name=search_term_string\"}],\"inLanguage\":\"fr-FR\"},{\"@type\":\"ImageObject\",\"@id\":\"https:\/\/www.nettali.com\/2026\/03\/14\/finale-maroc-senegal-le-recours-marocain-accepte\/#primaryimage\",\"inLanguage\":\"fr-FR\",\"url\":\"https:\/\/www.nettali.com\/wp-content\/uploads\/2026\/03\/MjAyNjAxODcwZTNjMzVmOTFmMTYyZDRjNzM4ZWFmNjA3YmNlZDk.jpeg\",\"contentUrl\":\"https:\/\/www.nettali.com\/wp-content\/uploads\/2026\/03\/MjAyNjAxODcwZTNjMzVmOTFmMTYyZDRjNzM4ZWFmNjA3YmNlZDk.jpeg\",\"width\":1260,\"height\":708,\"caption\":\"Senegal and Morocco players clash during the Africa Cup of Nations (CAN) final football match between Senegal and Morocco at the Prince Moulay Abdellah Stadium in Rabat on January 18, 2026. (Photo by Abdel Majid BZIOUAT \/ AFP)\"},{\"@type\":\"WebPage\",\"@id\":\"https:\/\/www.nettali.com\/2026\/03\/14\/finale-maroc-senegal-le-recours-marocain-accepte\/#webpage\",\"url\":\"https:\/\/www.nettali.com\/2026\/03\/14\/finale-maroc-senegal-le-recours-marocain-accepte\/\",\"name\":\"FINALE MAROC-S\\u00c9N\\u00c9GAL - Le recours marocain accept\\u00e9? | Nettali.com\",\"isPartOf\":{\"@id\":\"https:\/\/www.nettali.com\/#website\"},\"primaryImageOfPage\":{\"@id\":\"https:\/\/www.nettali.com\/2026\/03\/14\/finale-maroc-senegal-le-recours-marocain-accepte\/#primaryimage\"},\"datePublished\":\"2026-03-14T14:07:15+00:00\",\"dateModified\":\"2026-03-14T08:12:32+00:00\",\"author\":{\"@id\":\"https:\/\/www.nettali.com\/#\/schema\/person\/bb147657c2986240405a608162b9bb23\"},\"breadcrumb\":{\"@id\":\"https:\/\/www.nettali.com\/2026\/03\/14\/finale-maroc-senegal-le-recours-marocain-accepte\/#breadcrumb\"},\"inLanguage\":\"fr-FR\",\"potentialAction\":[{\"@type\":\"ReadAction\",\"target\":[\"https:\/\/www.nettali.com\/2026\/03\/14\/finale-maroc-senegal-le-recours-marocain-accepte\/\"]}]},{\"@type\":\"BreadcrumbList\",\"@id\":\"https:\/\/www.nettali.com\/2026\/03\/14\/finale-maroc-senegal-le-recours-marocain-accepte\/#breadcrumb\",\"itemListElement\":[{\"@type\":\"ListItem\",\"position\":1,\"name\":\"Accueil\",\"item\":\"https:\/\/www.nettali.com\/\"},{\"@type\":\"ListItem\",\"position\":2,\"name\":\"FINALE MAROC-S\\u00c9N\\u00c9GAL - Le recours marocain accept\\u00e9?\"}]},{\"@type\":\"Person\",\"@id\":\"https:\/\/www.nettali.com\/#\/schema\/person\/bb147657c2986240405a608162b9bb23\",\"name\":\"Ibrahima\",\"image\":{\"@type\":\"ImageObject\",\"@id\":\"https:\/\/www.nettali.com\/#personlogo\",\"inLanguage\":\"fr-FR\",\"url\":\"https:\/\/secure.gravatar.com\/avatar\/26a8a81f09f0dd7624c9d5c36c9ba3a2?s=96&d=mm&r=g\",\"contentUrl\":\"https:\/\/secure.gravatar.com\/avatar\/26a8a81f09f0dd7624c9d5c36c9ba3a2?s=96&d=mm&r=g\",\"caption\":\"Ibrahima\"},\"sameAs\":[\"https:\/\/www.nettali.com\"]}]}<\/script>\n<!-- \/ Yoast SEO Premium plugin. -->","yoast_head_json":{"title":"FINALE MAROC-S\u00c9N\u00c9GAL - Le recours marocain accept\u00e9? | Nettali.com","robots":{"index":"index","follow":"follow","max-snippet":"max-snippet:-1","max-image-preview":"max-image-preview:large","max-video-preview":"max-video-preview:-1"},"canonical":"https:\/\/www.nettali.com\/2026\/03\/14\/finale-maroc-senegal-le-recours-marocain-accepte\/","og_locale":"fr_FR","og_type":"article","og_title":"FINALE MAROC-S\u00c9N\u00c9GAL - Le recours marocain accept\u00e9?","og_description":"NETTALI.COM - Un nouveau rebondissement intervient dans le dossier des incidents survenus lors de la finale de la CAN 2025 perdue par le Maroc face aux Lions du S\u00e9n\u00e9gal. Apr\u00e8s les incidents qui avaient marqu\u00e9 la finale de la CAN 2025, la commission disciplinaire de la Conf\u00e9d\u00e9ration africaine de football (CAF) avait prononc\u00e9 plusieurs sanctions [&hellip;]","og_url":"https:\/\/www.nettali.com\/2026\/03\/14\/finale-maroc-senegal-le-recours-marocain-accepte\/","og_site_name":"Nettali.com","article_publisher":"https:\/\/www.facebook.com\/nettalicom","article_published_time":"2026-03-14T14:07:15+00:00","article_modified_time":"2026-03-14T08:12:32+00:00","og_image":[{"width":1260,"height":708,"url":"https:\/\/www.nettali.com\/wp-content\/uploads\/2026\/03\/MjAyNjAxODcwZTNjMzVmOTFmMTYyZDRjNzM4ZWFmNjA3YmNlZDk.jpeg","type":"image\/jpeg"}],"twitter_card":"summary_large_image","twitter_misc":{"\u00c9crit par":"Ibrahima","Dur\u00e9e de lecture estim\u00e9e":"3 minutes"},"schema":{"@context":"https:\/\/schema.org","@graph":[{"@type":"WebSite","@id":"https:\/\/www.nettali.com\/#website","url":"https:\/\/www.nettali.com\/","name":"Nettali.com","description":"Le rendez-vous critique du Net","potentialAction":[{"@type":"SearchAction","target":{"@type":"EntryPoint","urlTemplate":"https:\/\/www.nettali.com\/?s={search_term_string}"},"query-input":"required name=search_term_string"}],"inLanguage":"fr-FR"},{"@type":"ImageObject","@id":"https:\/\/www.nettali.com\/2026\/03\/14\/finale-maroc-senegal-le-recours-marocain-accepte\/#primaryimage","inLanguage":"fr-FR","url":"https:\/\/www.nettali.com\/wp-content\/uploads\/2026\/03\/MjAyNjAxODcwZTNjMzVmOTFmMTYyZDRjNzM4ZWFmNjA3YmNlZDk.jpeg","contentUrl":"https:\/\/www.nettali.com\/wp-content\/uploads\/2026\/03\/MjAyNjAxODcwZTNjMzVmOTFmMTYyZDRjNzM4ZWFmNjA3YmNlZDk.jpeg","width":1260,"height":708,"caption":"Senegal and Morocco players clash during the Africa Cup of Nations (CAN) final football match between Senegal and Morocco at the Prince Moulay Abdellah Stadium in Rabat on January 18, 2026. (Photo by Abdel Majid BZIOUAT \/ AFP)"},{"@type":"WebPage","@id":"https:\/\/www.nettali.com\/2026\/03\/14\/finale-maroc-senegal-le-recours-marocain-accepte\/#webpage","url":"https:\/\/www.nettali.com\/2026\/03\/14\/finale-maroc-senegal-le-recours-marocain-accepte\/","name":"FINALE MAROC-S\u00c9N\u00c9GAL - Le recours marocain accept\u00e9? | Nettali.com","isPartOf":{"@id":"https:\/\/www.nettali.com\/#website"},"primaryImageOfPage":{"@id":"https:\/\/www.nettali.com\/2026\/03\/14\/finale-maroc-senegal-le-recours-marocain-accepte\/#primaryimage"},"datePublished":"2026-03-14T14:07:15+00:00","dateModified":"2026-03-14T08:12:32+00:00","author":{"@id":"https:\/\/www.nettali.com\/#\/schema\/person\/bb147657c2986240405a608162b9bb23"},"breadcrumb":{"@id":"https:\/\/www.nettali.com\/2026\/03\/14\/finale-maroc-senegal-le-recours-marocain-accepte\/#breadcrumb"},"inLanguage":"fr-FR","potentialAction":[{"@type":"ReadAction","target":["https:\/\/www.nettali.com\/2026\/03\/14\/finale-maroc-senegal-le-recours-marocain-accepte\/"]}]},{"@type":"BreadcrumbList","@id":"https:\/\/www.nettali.com\/2026\/03\/14\/finale-maroc-senegal-le-recours-marocain-accepte\/#breadcrumb","itemListElement":[{"@type":"ListItem","position":1,"name":"Accueil","item":"https:\/\/www.nettali.com\/"},{"@type":"ListItem","position":2,"name":"FINALE MAROC-S\u00c9N\u00c9GAL - Le recours marocain accept\u00e9?"}]},{"@type":"Person","@id":"https:\/\/www.nettali.com\/#\/schema\/person\/bb147657c2986240405a608162b9bb23","name":"Ibrahima","image":{"@type":"ImageObject","@id":"https:\/\/www.nettali.com\/#personlogo","inLanguage":"fr-FR","url":"https:\/\/secure.gravatar.com\/avatar\/26a8a81f09f0dd7624c9d5c36c9ba3a2?s=96&d=mm&r=g","contentUrl":"https:\/\/secure.gravatar.com\/avatar\/26a8a81f09f0dd7624c9d5c36c9ba3a2?s=96&d=mm&r=g","caption":"Ibrahima"},"sameAs":["https:\/\/www.nettali.com"]}]}},"_links":{"self":[{"href":"https:\/\/www.nettali.com\/rest\/wp\/v2\/posts\/170917"}],"collection":[{"href":"https:\/\/www.nettali.com\/rest\/wp\/v2\/posts"}],"about":[{"href":"https:\/\/www.nettali.com\/rest\/wp\/v2\/types\/post"}],"author":[{"embeddable":true,"href":"https:\/\/www.nettali.com\/rest\/wp\/v2\/users\/5"}],"replies":[{"embeddable":true,"href":"https:\/\/www.nettali.com\/rest\/wp\/v2\/comments?post=170917"}],"version-history":[{"count":1,"href":"https:\/\/www.nettali.com\/rest\/wp\/v2\/posts\/170917\/revisions"}],"predecessor-version":[{"id":170918,"href":"https:\/\/www.nettali.com\/rest\/wp\/v2\/posts\/170917\/revisions\/170918"}],"wp:featuredmedia":[{"embeddable":true,"href":"https:\/\/www.nettali.com\/rest\/wp\/v2\/media\/170914"}],"wp:attachment":[{"href":"https:\/\/www.nettali.com\/rest\/wp\/v2\/media?parent=170917"}],"wp:term":[{"taxonomy":"category","embeddable":true,"href":"https:\/\/www.nettali.com\/rest\/wp\/v2\/categories?post=170917"},{"taxonomy":"post_tag","embeddable":true,"href":"https:\/\/www.nettali.com\/rest\/wp\/v2\/tags?post=170917"}],"curies":[{"name":"wp","href":"https:\/\/api.w.org\/{rel}","templated":true}]}}