{"id":170912,"date":"2026-03-14T08:03:42","date_gmt":"2026-03-14T08:03:42","guid":{"rendered":"https:\/\/www.nettali.com\/?p=170912"},"modified":"2026-03-14T08:03:43","modified_gmt":"2026-03-14T08:03:43","slug":"guerre-au-moyen-orient-abdoulaye-seck-risque-de-rater-le-regroupement-des-lions","status":"publish","type":"post","link":"https:\/\/www.nettali.com\/2026\/03\/14\/guerre-au-moyen-orient-abdoulaye-seck-risque-de-rater-le-regroupement-des-lions\/","title":{"rendered":"GUERRE AU MOYEN-ORIENT - Abdoulaye Seck risque de rater le regroupement des Lions"},"content":{"rendered":"<p dir=\"ltr\"><strong>NETTALI.COM - Le milieu de semaine prochaine, Pape Thiaw va annoncer la liste des joueurs retenus en \u00c9quipe Nationale du S\u00e9n\u00e9gal pour les deux matchs amicaux face au P\u00e9rou et \u00e0 la Gambie. Abdoulaye Seck, r\u00e9guli\u00e8rement appel\u00e9 depuis trois ans, ne devrait pas y figurer.<\/strong><\/p>\n<p dir=\"ltr\">Pour la premi\u00e8re fois depuis son second sacre en Coupe d\u2019Afrique des Nations, l\u2019Equipe Nationale du S\u00e9n\u00e9gal s\u2019appr\u00eate \u00e0 faire son grand retour sur les terrains. Les 28 et 31 mars prochains, les Lions affronteront en amical le P\u00e9rou et la Gambie, respectivement au Stade de France et au Stade Abdoulaye-Wade de Diamniadio. En milieu de semaine prochaine, jeudi 19 mars, le s\u00e9lectionneur national, Pape Bouna Thiaw, va d\u00e9voiler la liste des joueurs retenus pour ces deux rencontres.<\/p>\n<p dir=\"ltr\">Et depuis quelques jours, quelques noms de potentiels renforts commencent \u00e0 circuler, notamment dans le secteur d\u00e9fensif. Si tout n\u2019est pas cal\u00e9 avec ces potentielles arriv\u00e9es, des questions se posent aussi sur certains champions d\u2019Afrique 2025 qui pourraient ne pas figurer dans cette liste. Parmi eux, Abdoulaye Seck. Apparu \u00e0 trois reprises lors de la CAN, le d\u00e9fenseur du Maccabi Ha\u00effa, 33 ans, est presque devenu un monument dans les convocations de l\u2019Equipe Nationale.<\/p>\n<p dir=\"ltr\"><strong>Seck bloqu\u00e9 en Isra\u00ebl<\/strong><\/p>\n<p dir=\"ltr\">C\u2019est simple, depuis son retour dans La Tani\u00e8re en mars 2023, Abdoulaye Seck (21 s\u00e9lections, 3 buts) est le seul Lion durant cette p\u00e9riode, avec Idrissa Gana Gueye, qui n\u2019a pas rat\u00e9 le moindre rassemblement, ni pour blessure, ni pour choix de s\u00e9lectionneur. Cette fois, il devra faire l\u2019impasse apr\u00e8s trois ans de r\u00e9gularit\u00e9. Selon nos informations, sauf invraisemblable retournement de situation, l\u2019ancien joueur du Stade de Mbour et du Casa Sports ne sera pas retenu par le s\u00e9lectionneur s\u00e9n\u00e9galais.<\/p>\n<p dir=\"ltr\">Si Thiaw envisageait d\u00e9j\u00e0 de donner la chance \u00e0 des plus jeunes et donc de se passer d\u2019un Seck qui n\u2019a jamais vraiment d\u00e9\u00e7u et qui n\u2019a plus rien \u00e0 prouver sous le maillot national, la situation en club est venue compromettre davantage sa convocation. Bloqu\u00e9 actuellement en Isra\u00ebl \u00e0 cause de la guerre au Moyen-Orient, le natif de Mbour ne peut pas sortir du pays o\u00f9 il \u00e9volue, alors que le Championnat isra\u00e9lien est mis en pause jusqu\u2019\u00e0 nouvel ordre. En revanche, le Mondial lui reste ouvert.<\/p>\n<div class='share-to-whatsapp-wrapper'><div class='share-on-whsp'>PARTAGER SUR : <\/div><a data-text='GUERRE AU MOYEN-ORIENT - Abdoulaye Seck risque de rater le regroupement des Lions' data-link='https:\/\/www.nettali.com\/2026\/03\/14\/guerre-au-moyen-orient-abdoulaye-seck-risque-de-rater-le-regroupement-des-lions\/' class='whatsapp-button whatsapp-share'>WhatsApp<\/a><div class='clear '><\/div><\/div>","protected":false},"excerpt":{"rendered":"<p>NETTALI.COM - Le milieu de semaine prochaine, Pape Thiaw va annoncer la liste des joueurs retenus en \u00c9quipe Nationale du S\u00e9n\u00e9gal pour les deux matchs amicaux face au P\u00e9rou et \u00e0 la Gambie. Abdoulaye Seck, r\u00e9guli\u00e8rement appel\u00e9 depuis trois ans, ne devrait pas y figurer. Pour la premi\u00e8re fois depuis son second sacre en Coupe [&hellip;]<\/p>\n","protected":false},"author":5,"featured_media":170913,"comment_status":"open","ping_status":"open","sticky":false,"template":"","format":"standard","meta":{"_et_pb_use_builder":"","_et_pb_old_content":""},"categories":[6],"tags":[],"yoast_head":"<!-- This site is optimized with the Yoast SEO Premium plugin v17.8 (Yoast SEO v17.8) - https:\/\/yoast.com\/wordpress\/plugins\/seo\/ -->\n<title>GUERRE AU MOYEN-ORIENT - Abdoulaye Seck risque de rater le regroupement des Lions | Nettali.com<\/title>\n<meta name=\"robots\" content=\"index, follow, max-snippet:-1, max-image-preview:large, max-video-preview:-1\" \/>\n<link rel=\"canonical\" href=\"https:\/\/www.nettali.com\/2026\/03\/14\/guerre-au-moyen-orient-abdoulaye-seck-risque-de-rater-le-regroupement-des-lions\/\" \/>\n<meta property=\"og:locale\" content=\"fr_FR\" \/>\n<meta property=\"og:type\" content=\"article\" \/>\n<meta property=\"og:title\" content=\"GUERRE AU MOYEN-ORIENT - Abdoulaye Seck risque de rater le regroupement des Lions\" \/>\n<meta property=\"og:description\" content=\"NETTALI.COM - Le milieu de semaine prochaine, Pape Thiaw va annoncer la liste des joueurs retenus en \u00c9quipe Nationale du S\u00e9n\u00e9gal pour les deux matchs amicaux face au P\u00e9rou et \u00e0 la Gambie. Abdoulaye Seck, r\u00e9guli\u00e8rement appel\u00e9 depuis trois ans, ne devrait pas y figurer. Pour la premi\u00e8re fois depuis son second sacre en Coupe [&hellip;]\" \/>\n<meta property=\"og:url\" content=\"https:\/\/www.nettali.com\/2026\/03\/14\/guerre-au-moyen-orient-abdoulaye-seck-risque-de-rater-le-regroupement-des-lions\/\" \/>\n<meta property=\"og:site_name\" content=\"Nettali.com\" \/>\n<meta property=\"article:publisher\" content=\"https:\/\/www.facebook.com\/nettalicom\" \/>\n<meta property=\"article:published_time\" content=\"2026-03-14T08:03:42+00:00\" \/>\n<meta property=\"article:modified_time\" content=\"2026-03-14T08:03:43+00:00\" \/>\n<meta property=\"og:image\" content=\"https:\/\/www.nettali.com\/wp-content\/uploads\/2026\/03\/telechargement-1.jpeg\" \/>\n\t<meta property=\"og:image:width\" content=\"599\" \/>\n\t<meta property=\"og:image:height\" content=\"399\" \/>\n<meta name=\"twitter:card\" content=\"summary_large_image\" \/>\n<meta name=\"twitter:label1\" content=\"\u00c9crit par\" \/>\n\t<meta name=\"twitter:data1\" content=\"Ibrahima\" \/>\n\t<meta name=\"twitter:label2\" content=\"Dur\u00e9e de lecture estim\u00e9e\" \/>\n\t<meta name=\"twitter:data2\" content=\"2 minutes\" \/>\n<script type=\"application\/ld+json\" class=\"yoast-schema-graph\">{\"@context\":\"https:\/\/schema.org\",\"@graph\":[{\"@type\":\"WebSite\",\"@id\":\"https:\/\/www.nettali.com\/#website\",\"url\":\"https:\/\/www.nettali.com\/\",\"name\":\"Nettali.com\",\"description\":\"Le rendez-vous critique du Net\",\"potentialAction\":[{\"@type\":\"SearchAction\",\"target\":{\"@type\":\"EntryPoint\",\"urlTemplate\":\"https:\/\/www.nettali.com\/?s={search_term_string}\"},\"query-input\":\"required name=search_term_string\"}],\"inLanguage\":\"fr-FR\"},{\"@type\":\"ImageObject\",\"@id\":\"https:\/\/www.nettali.com\/2026\/03\/14\/guerre-au-moyen-orient-abdoulaye-seck-risque-de-rater-le-regroupement-des-lions\/#primaryimage\",\"inLanguage\":\"fr-FR\",\"url\":\"https:\/\/www.nettali.com\/wp-content\/uploads\/2026\/03\/telechargement-1.jpeg\",\"contentUrl\":\"https:\/\/www.nettali.com\/wp-content\/uploads\/2026\/03\/telechargement-1.jpeg\",\"width\":599,\"height\":399},{\"@type\":\"WebPage\",\"@id\":\"https:\/\/www.nettali.com\/2026\/03\/14\/guerre-au-moyen-orient-abdoulaye-seck-risque-de-rater-le-regroupement-des-lions\/#webpage\",\"url\":\"https:\/\/www.nettali.com\/2026\/03\/14\/guerre-au-moyen-orient-abdoulaye-seck-risque-de-rater-le-regroupement-des-lions\/\",\"name\":\"GUERRE AU MOYEN-ORIENT - Abdoulaye Seck risque de rater le regroupement des Lions | Nettali.com\",\"isPartOf\":{\"@id\":\"https:\/\/www.nettali.com\/#website\"},\"primaryImageOfPage\":{\"@id\":\"https:\/\/www.nettali.com\/2026\/03\/14\/guerre-au-moyen-orient-abdoulaye-seck-risque-de-rater-le-regroupement-des-lions\/#primaryimage\"},\"datePublished\":\"2026-03-14T08:03:42+00:00\",\"dateModified\":\"2026-03-14T08:03:43+00:00\",\"author\":{\"@id\":\"https:\/\/www.nettali.com\/#\/schema\/person\/bb147657c2986240405a608162b9bb23\"},\"breadcrumb\":{\"@id\":\"https:\/\/www.nettali.com\/2026\/03\/14\/guerre-au-moyen-orient-abdoulaye-seck-risque-de-rater-le-regroupement-des-lions\/#breadcrumb\"},\"inLanguage\":\"fr-FR\",\"potentialAction\":[{\"@type\":\"ReadAction\",\"target\":[\"https:\/\/www.nettali.com\/2026\/03\/14\/guerre-au-moyen-orient-abdoulaye-seck-risque-de-rater-le-regroupement-des-lions\/\"]}]},{\"@type\":\"BreadcrumbList\",\"@id\":\"https:\/\/www.nettali.com\/2026\/03\/14\/guerre-au-moyen-orient-abdoulaye-seck-risque-de-rater-le-regroupement-des-lions\/#breadcrumb\",\"itemListElement\":[{\"@type\":\"ListItem\",\"position\":1,\"name\":\"Accueil\",\"item\":\"https:\/\/www.nettali.com\/\"},{\"@type\":\"ListItem\",\"position\":2,\"name\":\"GUERRE AU MOYEN-ORIENT - Abdoulaye Seck risque de rater le regroupement des Lions\"}]},{\"@type\":\"Person\",\"@id\":\"https:\/\/www.nettali.com\/#\/schema\/person\/bb147657c2986240405a608162b9bb23\",\"name\":\"Ibrahima\",\"image\":{\"@type\":\"ImageObject\",\"@id\":\"https:\/\/www.nettali.com\/#personlogo\",\"inLanguage\":\"fr-FR\",\"url\":\"https:\/\/secure.gravatar.com\/avatar\/26a8a81f09f0dd7624c9d5c36c9ba3a2?s=96&d=mm&r=g\",\"contentUrl\":\"https:\/\/secure.gravatar.com\/avatar\/26a8a81f09f0dd7624c9d5c36c9ba3a2?s=96&d=mm&r=g\",\"caption\":\"Ibrahima\"},\"sameAs\":[\"https:\/\/www.nettali.com\"]}]}<\/script>\n<!-- \/ Yoast SEO Premium plugin. -->","yoast_head_json":{"title":"GUERRE AU MOYEN-ORIENT - Abdoulaye Seck risque de rater le regroupement des Lions | Nettali.com","robots":{"index":"index","follow":"follow","max-snippet":"max-snippet:-1","max-image-preview":"max-image-preview:large","max-video-preview":"max-video-preview:-1"},"canonical":"https:\/\/www.nettali.com\/2026\/03\/14\/guerre-au-moyen-orient-abdoulaye-seck-risque-de-rater-le-regroupement-des-lions\/","og_locale":"fr_FR","og_type":"article","og_title":"GUERRE AU MOYEN-ORIENT - Abdoulaye Seck risque de rater le regroupement des Lions","og_description":"NETTALI.COM - Le milieu de semaine prochaine, Pape Thiaw va annoncer la liste des joueurs retenus en \u00c9quipe Nationale du S\u00e9n\u00e9gal pour les deux matchs amicaux face au P\u00e9rou et \u00e0 la Gambie. Abdoulaye Seck, r\u00e9guli\u00e8rement appel\u00e9 depuis trois ans, ne devrait pas y figurer. Pour la premi\u00e8re fois depuis son second sacre en Coupe [&hellip;]","og_url":"https:\/\/www.nettali.com\/2026\/03\/14\/guerre-au-moyen-orient-abdoulaye-seck-risque-de-rater-le-regroupement-des-lions\/","og_site_name":"Nettali.com","article_publisher":"https:\/\/www.facebook.com\/nettalicom","article_published_time":"2026-03-14T08:03:42+00:00","article_modified_time":"2026-03-14T08:03:43+00:00","og_image":[{"width":599,"height":399,"url":"https:\/\/www.nettali.com\/wp-content\/uploads\/2026\/03\/telechargement-1.jpeg","type":"image\/jpeg"}],"twitter_card":"summary_large_image","twitter_misc":{"\u00c9crit par":"Ibrahima","Dur\u00e9e de lecture estim\u00e9e":"2 minutes"},"schema":{"@context":"https:\/\/schema.org","@graph":[{"@type":"WebSite","@id":"https:\/\/www.nettali.com\/#website","url":"https:\/\/www.nettali.com\/","name":"Nettali.com","description":"Le rendez-vous critique du Net","potentialAction":[{"@type":"SearchAction","target":{"@type":"EntryPoint","urlTemplate":"https:\/\/www.nettali.com\/?s={search_term_string}"},"query-input":"required name=search_term_string"}],"inLanguage":"fr-FR"},{"@type":"ImageObject","@id":"https:\/\/www.nettali.com\/2026\/03\/14\/guerre-au-moyen-orient-abdoulaye-seck-risque-de-rater-le-regroupement-des-lions\/#primaryimage","inLanguage":"fr-FR","url":"https:\/\/www.nettali.com\/wp-content\/uploads\/2026\/03\/telechargement-1.jpeg","contentUrl":"https:\/\/www.nettali.com\/wp-content\/uploads\/2026\/03\/telechargement-1.jpeg","width":599,"height":399},{"@type":"WebPage","@id":"https:\/\/www.nettali.com\/2026\/03\/14\/guerre-au-moyen-orient-abdoulaye-seck-risque-de-rater-le-regroupement-des-lions\/#webpage","url":"https:\/\/www.nettali.com\/2026\/03\/14\/guerre-au-moyen-orient-abdoulaye-seck-risque-de-rater-le-regroupement-des-lions\/","name":"GUERRE AU MOYEN-ORIENT - Abdoulaye Seck risque de rater le regroupement des Lions | Nettali.com","isPartOf":{"@id":"https:\/\/www.nettali.com\/#website"},"primaryImageOfPage":{"@id":"https:\/\/www.nettali.com\/2026\/03\/14\/guerre-au-moyen-orient-abdoulaye-seck-risque-de-rater-le-regroupement-des-lions\/#primaryimage"},"datePublished":"2026-03-14T08:03:42+00:00","dateModified":"2026-03-14T08:03:43+00:00","author":{"@id":"https:\/\/www.nettali.com\/#\/schema\/person\/bb147657c2986240405a608162b9bb23"},"breadcrumb":{"@id":"https:\/\/www.nettali.com\/2026\/03\/14\/guerre-au-moyen-orient-abdoulaye-seck-risque-de-rater-le-regroupement-des-lions\/#breadcrumb"},"inLanguage":"fr-FR","potentialAction":[{"@type":"ReadAction","target":["https:\/\/www.nettali.com\/2026\/03\/14\/guerre-au-moyen-orient-abdoulaye-seck-risque-de-rater-le-regroupement-des-lions\/"]}]},{"@type":"BreadcrumbList","@id":"https:\/\/www.nettali.com\/2026\/03\/14\/guerre-au-moyen-orient-abdoulaye-seck-risque-de-rater-le-regroupement-des-lions\/#breadcrumb","itemListElement":[{"@type":"ListItem","position":1,"name":"Accueil","item":"https:\/\/www.nettali.com\/"},{"@type":"ListItem","position":2,"name":"GUERRE AU MOYEN-ORIENT - Abdoulaye Seck risque de rater le regroupement des Lions"}]},{"@type":"Person","@id":"https:\/\/www.nettali.com\/#\/schema\/person\/bb147657c2986240405a608162b9bb23","name":"Ibrahima","image":{"@type":"ImageObject","@id":"https:\/\/www.nettali.com\/#personlogo","inLanguage":"fr-FR","url":"https:\/\/secure.gravatar.com\/avatar\/26a8a81f09f0dd7624c9d5c36c9ba3a2?s=96&d=mm&r=g","contentUrl":"https:\/\/secure.gravatar.com\/avatar\/26a8a81f09f0dd7624c9d5c36c9ba3a2?s=96&d=mm&r=g","caption":"Ibrahima"},"sameAs":["https:\/\/www.nettali.com"]}]}},"_links":{"self":[{"href":"https:\/\/www.nettali.com\/rest\/wp\/v2\/posts\/170912"}],"collection":[{"href":"https:\/\/www.nettali.com\/rest\/wp\/v2\/posts"}],"about":[{"href":"https:\/\/www.nettali.com\/rest\/wp\/v2\/types\/post"}],"author":[{"embeddable":true,"href":"https:\/\/www.nettali.com\/rest\/wp\/v2\/users\/5"}],"replies":[{"embeddable":true,"href":"https:\/\/www.nettali.com\/rest\/wp\/v2\/comments?post=170912"}],"version-history":[{"count":1,"href":"https:\/\/www.nettali.com\/rest\/wp\/v2\/posts\/170912\/revisions"}],"predecessor-version":[{"id":170915,"href":"https:\/\/www.nettali.com\/rest\/wp\/v2\/posts\/170912\/revisions\/170915"}],"wp:featuredmedia":[{"embeddable":true,"href":"https:\/\/www.nettali.com\/rest\/wp\/v2\/media\/170913"}],"wp:attachment":[{"href":"https:\/\/www.nettali.com\/rest\/wp\/v2\/media?parent=170912"}],"wp:term":[{"taxonomy":"category","embeddable":true,"href":"https:\/\/www.nettali.com\/rest\/wp\/v2\/categories?post=170912"},{"taxonomy":"post_tag","embeddable":true,"href":"https:\/\/www.nettali.com\/rest\/wp\/v2\/tags?post=170912"}],"curies":[{"name":"wp","href":"https:\/\/api.w.org\/{rel}","templated":true}]}}