{"id":170909,"date":"2026-03-14T13:17:41","date_gmt":"2026-03-14T13:17:41","guid":{"rendered":"https:\/\/www.nettali.com\/?p=170909"},"modified":"2026-03-14T06:21:58","modified_gmt":"2026-03-14T06:21:58","slug":"om-habib-beye-veut-retenir-le-positif","status":"publish","type":"post","link":"https:\/\/www.nettali.com\/2026\/03\/14\/om-habib-beye-veut-retenir-le-positif\/","title":{"rendered":"OM - Habib Beye veut retenir le positif"},"content":{"rendered":"<p><strong>NETTALI.COM -<\/strong> Malgr\u00e9 un visage longtemps d\u00e9cevant, l'Olympique de Marseille a r\u00e9ussi \u00e0 s'imposer contre l'AJ Auxerre (1-0) ce vendredi \u00e0 l'occasion de la 26e journ\u00e9e de Ligue 1. Lucide sur la copie rendue par son \u00e9quipe, l'entra\u00eeneur phoc\u00e9en Habib Beye a tout de m\u00eame dress\u00e9 un bilan positif.<\/p>\n<p>\u201c<em>L\u2019ambiance est li\u00e9e aussi \u00e0 notre premi\u00e8re p\u00e9riode un peu terne dans nos ambitions et nos intentions, apr\u00e8s on le savait et on \u00e9tait pr\u00e9venus. Maintenant, j\u2019ai beaucoup aim\u00e9 le visage de mon \u00e9quipe, globalement sur le combat, on ne prend pas de but, c\u2019\u00e9tait tr\u00e8s important. Ce n\u2019est pas forc\u00e9ment la plus belle des victoires, mais je veux saluer l\u2019abn\u00e9gation du groupe dans ce contexte-l\u00e0, qui n\u2019est pas simple, car ils sont habitu\u00e9s \u00e0 un V\u00e9lodrome en fusion. On a un petit peu t\u00e2tonn\u00e9, avant d\u2019\u00eatre un peu plus incisifs en seconde p\u00e9riode. On a livr\u00e9 un match o\u00f9 on a combattu jusqu\u2019au bout en restant concentr\u00e9s sur l\u2019objectif. La satisfaction domine par rapport \u00e0 cette 3e victoire de rang en championnat et nous allons dormir \u00e0 la 3e place de la L1, c\u2019est un objectif important pour le club<\/em>\u201d, a insist\u00e9 le S\u00e9n\u00e9galais au micro de Ligue 1+.<\/p>\n<p>Pour l'OM, l'essentiel a \u00e9t\u00e9 assur\u00e9.<\/p>\n<div class='share-to-whatsapp-wrapper'><div class='share-on-whsp'>PARTAGER SUR : <\/div><a data-text='OM - Habib Beye veut retenir le positif' data-link='https:\/\/www.nettali.com\/2026\/03\/14\/om-habib-beye-veut-retenir-le-positif\/' class='whatsapp-button whatsapp-share'>WhatsApp<\/a><div class='clear '><\/div><\/div>","protected":false},"excerpt":{"rendered":"<p>NETTALI.COM - Malgr\u00e9 un visage longtemps d\u00e9cevant, l'Olympique de Marseille a r\u00e9ussi \u00e0 s'imposer contre l'AJ Auxerre (1-0) ce vendredi \u00e0 l'occasion de la 26e journ\u00e9e de Ligue 1. Lucide sur la copie rendue par son \u00e9quipe, l'entra\u00eeneur phoc\u00e9en Habib Beye a tout de m\u00eame dress\u00e9 un bilan positif. \u201cL\u2019ambiance est li\u00e9e aussi \u00e0 notre [&hellip;]<\/p>\n","protected":false},"author":2,"featured_media":170910,"comment_status":"open","ping_status":"open","sticky":false,"template":"","format":"standard","meta":{"_et_pb_use_builder":"","_et_pb_old_content":""},"categories":[6],"tags":[],"yoast_head":"<!-- This site is optimized with the Yoast SEO Premium plugin v17.8 (Yoast SEO v17.8) - https:\/\/yoast.com\/wordpress\/plugins\/seo\/ -->\n<title>OM - Habib Beye veut retenir le positif | Nettali.com<\/title>\n<meta name=\"robots\" content=\"index, follow, max-snippet:-1, max-image-preview:large, max-video-preview:-1\" \/>\n<link rel=\"canonical\" href=\"https:\/\/www.nettali.com\/2026\/03\/14\/om-habib-beye-veut-retenir-le-positif\/\" \/>\n<meta property=\"og:locale\" content=\"fr_FR\" \/>\n<meta property=\"og:type\" content=\"article\" \/>\n<meta property=\"og:title\" content=\"OM - Habib Beye veut retenir le positif\" \/>\n<meta property=\"og:description\" content=\"NETTALI.COM - Malgr\u00e9 un visage longtemps d\u00e9cevant, l&#039;Olympique de Marseille a r\u00e9ussi \u00e0 s&#039;imposer contre l&#039;AJ Auxerre (1-0) ce vendredi \u00e0 l&#039;occasion de la 26e journ\u00e9e de Ligue 1. Lucide sur la copie rendue par son \u00e9quipe, l&#039;entra\u00eeneur phoc\u00e9en Habib Beye a tout de m\u00eame dress\u00e9 un bilan positif. \u201cL\u2019ambiance est li\u00e9e aussi \u00e0 notre [&hellip;]\" \/>\n<meta property=\"og:url\" content=\"https:\/\/www.nettali.com\/2026\/03\/14\/om-habib-beye-veut-retenir-le-positif\/\" \/>\n<meta property=\"og:site_name\" content=\"Nettali.com\" \/>\n<meta property=\"article:publisher\" content=\"https:\/\/www.facebook.com\/nettalicom\" \/>\n<meta property=\"article:published_time\" content=\"2026-03-14T13:17:41+00:00\" \/>\n<meta property=\"article:modified_time\" content=\"2026-03-14T06:21:58+00:00\" \/>\n<meta property=\"og:image\" content=\"https:\/\/www.nettali.com\/wp-content\/uploads\/2026\/03\/beye-marseille-2.jpg\" \/>\n\t<meta property=\"og:image:width\" content=\"390\" \/>\n\t<meta property=\"og:image:height\" content=\"260\" \/>\n<meta name=\"twitter:card\" content=\"summary_large_image\" \/>\n<meta name=\"twitter:label1\" content=\"\u00c9crit par\" \/>\n\t<meta name=\"twitter:data1\" content=\"CK\" \/>\n\t<meta name=\"twitter:label2\" content=\"Dur\u00e9e de lecture estim\u00e9e\" \/>\n\t<meta name=\"twitter:data2\" content=\"1 minute\" \/>\n<script type=\"application\/ld+json\" class=\"yoast-schema-graph\">{\"@context\":\"https:\/\/schema.org\",\"@graph\":[{\"@type\":\"WebSite\",\"@id\":\"https:\/\/www.nettali.com\/#website\",\"url\":\"https:\/\/www.nettali.com\/\",\"name\":\"Nettali.com\",\"description\":\"Le rendez-vous critique du Net\",\"potentialAction\":[{\"@type\":\"SearchAction\",\"target\":{\"@type\":\"EntryPoint\",\"urlTemplate\":\"https:\/\/www.nettali.com\/?s={search_term_string}\"},\"query-input\":\"required name=search_term_string\"}],\"inLanguage\":\"fr-FR\"},{\"@type\":\"ImageObject\",\"@id\":\"https:\/\/www.nettali.com\/2026\/03\/14\/om-habib-beye-veut-retenir-le-positif\/#primaryimage\",\"inLanguage\":\"fr-FR\",\"url\":\"https:\/\/www.nettali.com\/wp-content\/uploads\/2026\/03\/beye-marseille-2.jpg\",\"contentUrl\":\"https:\/\/www.nettali.com\/wp-content\/uploads\/2026\/03\/beye-marseille-2.jpg\",\"width\":390,\"height\":260},{\"@type\":\"WebPage\",\"@id\":\"https:\/\/www.nettali.com\/2026\/03\/14\/om-habib-beye-veut-retenir-le-positif\/#webpage\",\"url\":\"https:\/\/www.nettali.com\/2026\/03\/14\/om-habib-beye-veut-retenir-le-positif\/\",\"name\":\"OM - Habib Beye veut retenir le positif | Nettali.com\",\"isPartOf\":{\"@id\":\"https:\/\/www.nettali.com\/#website\"},\"primaryImageOfPage\":{\"@id\":\"https:\/\/www.nettali.com\/2026\/03\/14\/om-habib-beye-veut-retenir-le-positif\/#primaryimage\"},\"datePublished\":\"2026-03-14T13:17:41+00:00\",\"dateModified\":\"2026-03-14T06:21:58+00:00\",\"author\":{\"@id\":\"https:\/\/www.nettali.com\/#\/schema\/person\/d8ac7b7e27ddad43f1c0d2ef090d7f71\"},\"breadcrumb\":{\"@id\":\"https:\/\/www.nettali.com\/2026\/03\/14\/om-habib-beye-veut-retenir-le-positif\/#breadcrumb\"},\"inLanguage\":\"fr-FR\",\"potentialAction\":[{\"@type\":\"ReadAction\",\"target\":[\"https:\/\/www.nettali.com\/2026\/03\/14\/om-habib-beye-veut-retenir-le-positif\/\"]}]},{\"@type\":\"BreadcrumbList\",\"@id\":\"https:\/\/www.nettali.com\/2026\/03\/14\/om-habib-beye-veut-retenir-le-positif\/#breadcrumb\",\"itemListElement\":[{\"@type\":\"ListItem\",\"position\":1,\"name\":\"Accueil\",\"item\":\"https:\/\/www.nettali.com\/\"},{\"@type\":\"ListItem\",\"position\":2,\"name\":\"OM - Habib Beye veut retenir le positif\"}]},{\"@type\":\"Person\",\"@id\":\"https:\/\/www.nettali.com\/#\/schema\/person\/d8ac7b7e27ddad43f1c0d2ef090d7f71\",\"name\":\"CK\",\"image\":{\"@type\":\"ImageObject\",\"@id\":\"https:\/\/www.nettali.com\/#personlogo\",\"inLanguage\":\"fr-FR\",\"url\":\"https:\/\/secure.gravatar.com\/avatar\/1d8d5118b9327d94da7cd4ce7f17fec2?s=96&d=mm&r=g\",\"contentUrl\":\"https:\/\/secure.gravatar.com\/avatar\/1d8d5118b9327d94da7cd4ce7f17fec2?s=96&d=mm&r=g\",\"caption\":\"CK\"},\"sameAs\":[\"https:\/\/www.nettali.com\"]}]}<\/script>\n<!-- \/ Yoast SEO Premium plugin. -->","yoast_head_json":{"title":"OM - Habib Beye veut retenir le positif | Nettali.com","robots":{"index":"index","follow":"follow","max-snippet":"max-snippet:-1","max-image-preview":"max-image-preview:large","max-video-preview":"max-video-preview:-1"},"canonical":"https:\/\/www.nettali.com\/2026\/03\/14\/om-habib-beye-veut-retenir-le-positif\/","og_locale":"fr_FR","og_type":"article","og_title":"OM - Habib Beye veut retenir le positif","og_description":"NETTALI.COM - Malgr\u00e9 un visage longtemps d\u00e9cevant, l'Olympique de Marseille a r\u00e9ussi \u00e0 s'imposer contre l'AJ Auxerre (1-0) ce vendredi \u00e0 l'occasion de la 26e journ\u00e9e de Ligue 1. Lucide sur la copie rendue par son \u00e9quipe, l'entra\u00eeneur phoc\u00e9en Habib Beye a tout de m\u00eame dress\u00e9 un bilan positif. \u201cL\u2019ambiance est li\u00e9e aussi \u00e0 notre [&hellip;]","og_url":"https:\/\/www.nettali.com\/2026\/03\/14\/om-habib-beye-veut-retenir-le-positif\/","og_site_name":"Nettali.com","article_publisher":"https:\/\/www.facebook.com\/nettalicom","article_published_time":"2026-03-14T13:17:41+00:00","article_modified_time":"2026-03-14T06:21:58+00:00","og_image":[{"width":390,"height":260,"url":"https:\/\/www.nettali.com\/wp-content\/uploads\/2026\/03\/beye-marseille-2.jpg","type":"image\/jpeg"}],"twitter_card":"summary_large_image","twitter_misc":{"\u00c9crit par":"CK","Dur\u00e9e de lecture estim\u00e9e":"1 minute"},"schema":{"@context":"https:\/\/schema.org","@graph":[{"@type":"WebSite","@id":"https:\/\/www.nettali.com\/#website","url":"https:\/\/www.nettali.com\/","name":"Nettali.com","description":"Le rendez-vous critique du Net","potentialAction":[{"@type":"SearchAction","target":{"@type":"EntryPoint","urlTemplate":"https:\/\/www.nettali.com\/?s={search_term_string}"},"query-input":"required name=search_term_string"}],"inLanguage":"fr-FR"},{"@type":"ImageObject","@id":"https:\/\/www.nettali.com\/2026\/03\/14\/om-habib-beye-veut-retenir-le-positif\/#primaryimage","inLanguage":"fr-FR","url":"https:\/\/www.nettali.com\/wp-content\/uploads\/2026\/03\/beye-marseille-2.jpg","contentUrl":"https:\/\/www.nettali.com\/wp-content\/uploads\/2026\/03\/beye-marseille-2.jpg","width":390,"height":260},{"@type":"WebPage","@id":"https:\/\/www.nettali.com\/2026\/03\/14\/om-habib-beye-veut-retenir-le-positif\/#webpage","url":"https:\/\/www.nettali.com\/2026\/03\/14\/om-habib-beye-veut-retenir-le-positif\/","name":"OM - Habib Beye veut retenir le positif | Nettali.com","isPartOf":{"@id":"https:\/\/www.nettali.com\/#website"},"primaryImageOfPage":{"@id":"https:\/\/www.nettali.com\/2026\/03\/14\/om-habib-beye-veut-retenir-le-positif\/#primaryimage"},"datePublished":"2026-03-14T13:17:41+00:00","dateModified":"2026-03-14T06:21:58+00:00","author":{"@id":"https:\/\/www.nettali.com\/#\/schema\/person\/d8ac7b7e27ddad43f1c0d2ef090d7f71"},"breadcrumb":{"@id":"https:\/\/www.nettali.com\/2026\/03\/14\/om-habib-beye-veut-retenir-le-positif\/#breadcrumb"},"inLanguage":"fr-FR","potentialAction":[{"@type":"ReadAction","target":["https:\/\/www.nettali.com\/2026\/03\/14\/om-habib-beye-veut-retenir-le-positif\/"]}]},{"@type":"BreadcrumbList","@id":"https:\/\/www.nettali.com\/2026\/03\/14\/om-habib-beye-veut-retenir-le-positif\/#breadcrumb","itemListElement":[{"@type":"ListItem","position":1,"name":"Accueil","item":"https:\/\/www.nettali.com\/"},{"@type":"ListItem","position":2,"name":"OM - Habib Beye veut retenir le positif"}]},{"@type":"Person","@id":"https:\/\/www.nettali.com\/#\/schema\/person\/d8ac7b7e27ddad43f1c0d2ef090d7f71","name":"CK","image":{"@type":"ImageObject","@id":"https:\/\/www.nettali.com\/#personlogo","inLanguage":"fr-FR","url":"https:\/\/secure.gravatar.com\/avatar\/1d8d5118b9327d94da7cd4ce7f17fec2?s=96&d=mm&r=g","contentUrl":"https:\/\/secure.gravatar.com\/avatar\/1d8d5118b9327d94da7cd4ce7f17fec2?s=96&d=mm&r=g","caption":"CK"},"sameAs":["https:\/\/www.nettali.com"]}]}},"_links":{"self":[{"href":"https:\/\/www.nettali.com\/rest\/wp\/v2\/posts\/170909"}],"collection":[{"href":"https:\/\/www.nettali.com\/rest\/wp\/v2\/posts"}],"about":[{"href":"https:\/\/www.nettali.com\/rest\/wp\/v2\/types\/post"}],"author":[{"embeddable":true,"href":"https:\/\/www.nettali.com\/rest\/wp\/v2\/users\/2"}],"replies":[{"embeddable":true,"href":"https:\/\/www.nettali.com\/rest\/wp\/v2\/comments?post=170909"}],"version-history":[{"count":1,"href":"https:\/\/www.nettali.com\/rest\/wp\/v2\/posts\/170909\/revisions"}],"predecessor-version":[{"id":170911,"href":"https:\/\/www.nettali.com\/rest\/wp\/v2\/posts\/170909\/revisions\/170911"}],"wp:featuredmedia":[{"embeddable":true,"href":"https:\/\/www.nettali.com\/rest\/wp\/v2\/media\/170910"}],"wp:attachment":[{"href":"https:\/\/www.nettali.com\/rest\/wp\/v2\/media?parent=170909"}],"wp:term":[{"taxonomy":"category","embeddable":true,"href":"https:\/\/www.nettali.com\/rest\/wp\/v2\/categories?post=170909"},{"taxonomy":"post_tag","embeddable":true,"href":"https:\/\/www.nettali.com\/rest\/wp\/v2\/tags?post=170909"}],"curies":[{"name":"wp","href":"https:\/\/api.w.org\/{rel}","templated":true}]}}