{"id":170888,"date":"2026-03-14T05:52:04","date_gmt":"2026-03-14T05:52:04","guid":{"rendered":"https:\/\/www.nettali.com\/?p=170888"},"modified":"2026-03-15T18:14:59","modified_gmt":"2026-03-15T18:14:59","slug":"senegal-le-g7-porte-plainte-contre-letat-aupres-du-bit-pour-des-ponctions-salariales-arbitraires","status":"publish","type":"post","link":"https:\/\/www.nettali.com\/2026\/03\/14\/senegal-le-g7-porte-plainte-contre-letat-aupres-du-bit-pour-des-ponctions-salariales-arbitraires\/","title":{"rendered":"S\u00c9N\u00c9GAL- Le G7 porte plainte contre l\u2019\u00c9tat aupr\u00e8s du BIT pour des \u00ab ponctions salariales arbitraires \u00bb"},"content":{"rendered":"<p data-path-to-node=\"3\"><strong>NETTALI.COM - Face \u00e0 ce qu\u2019ils qualifient de \u00ab ponctions ill\u00e9gales, disproportionn\u00e9es et arbitraires op\u00e9r\u00e9es sur le salaire des enseignants au m\u00e9pris de toutes les r\u00e8gles pr\u00e9alables \u00bb, les syndicalistes ont profit\u00e9 d\u2019une conf\u00e9rence de presse ce vendredi 13 mars pour annoncer leur intention de porter plainte contre l\u2019\u00c9tat s\u00e9n\u00e9galais devant le Bureau international du travail (BIT).<\/strong><\/p>\n<p data-path-to-node=\"4\">Le secteur de l\u2019\u00e9ducation nationale au S\u00e9n\u00e9gal traverse une crise profonde qui dure depuis plusieurs mois. Suite \u00e0 une gr\u00e8ve observ\u00e9e \u00e0 l\u2019appel du G7,qui r\u00e9unit les principales organisations syndicales, des enseignants ont constat\u00e9 des ponctions sur leurs salaires \u00e0 la fin du mois de f\u00e9vrier.<\/p>\n<p data-path-to-node=\"5\">Le porte-parole des gr\u00e9vistes, Am\u00e9dou Di\u00e9dhiou, a fustig\u00e9 l'attitude du gouvernement devant les journalistes. \u00ab <em>Consid\u00e9rant cet acte comme une volont\u00e9 manifeste du gouvernement du S\u00e9n\u00e9gal d'humilier d'honn\u00eates travailleurs exer\u00e7ant un droit constitutionnel, les syndicats d\u00e9cident de porter plainte aupr\u00e8s du BIT pour violation flagrante des dispositions de la Convention 95 de l'Organisation internationale du travail (OIT) relative \u00e0 la protection des salaires<\/em> \u00bb, a-t-il d\u00e9clar\u00e9.<\/p>\n<p data-path-to-node=\"5\">Les membres du G7 d\u00e9plorent que \u00ab <em>le dialogue semble aujourd'hui \u00eatre d\u00e9laiss\u00e9 au profit de la confrontation<\/em> \u00bb et maintiennent leur \u00ab <em>sixi\u00e8me plan d'action en cours<\/em> \u00bb, qui inclut le boycott des \u00e9valuations ainsi qu'une gr\u00e8ve totale ce vendredi.<\/p>\n<p data-path-to-node=\"6\">Malgr\u00e9 ce qu'ils d\u00e9crivent comme des \u00ab man\u0153uvres dilatoires \u00bb de la part des autorit\u00e9s, les syndicats affirment qu'une issue \u00e0 la crise est possible si leurs exigences sont satisfaites. \u00ab<em> Les syndicats exigent du gouvernement la finalisation des travaux du comit\u00e9 technique bipartite, l'implication des plus hautes autorit\u00e9s de l'\u00c9tat afin que des solutions d\u00e9finitives et p\u00e9rennes soient trouv\u00e9es, la convocation urgente d'une r\u00e9union de monitoring conform\u00e9ment aux modalit\u00e9s fix\u00e9es par l'article 6 du protocole d'accord du 30 avril 2018<\/em> \u00bb, a soulign\u00e9 Am\u00e9dou Di\u00e9dhiou.<\/p>\n<p data-path-to-node=\"7\">Pour rappel, le ministre de la Fonction publique, Olivier Boucal, a d\u00e9fendu la position gouvernementale tout en pr\u00f4nant la responsabilit\u00e9. Il a rappel\u00e9 que \u00ab<em> le droit de gr\u00e8ve reste et demeure un droit fondamental des travailleurs, mais il faut savoir que cet arr\u00eat de travail entra\u00eene \u00e9galement la suspension du salaire correspondant <b data-path-to-node=\"7\" data-index-in-node=\"335\">;<\/b> le gouvernement n\u2019est pas ferm\u00e9 au dialogue<\/em> \u00bb. Le ministre a conclu en invitant les acteurs \u00e0 un effort \u00ab <em>r\u00e9ciproque \u00bb et \u00e0 une \u00ab volont\u00e9 commune d\u2019aller vers des consensus durables<\/em> \u00bb.<\/p>\n<div class='share-to-whatsapp-wrapper'><div class='share-on-whsp'>PARTAGER SUR : <\/div><a data-text='S\u00c9N\u00c9GAL- Le G7 porte plainte contre l\u2019\u00c9tat aupr\u00e8s du BIT pour des \u00ab ponctions salariales arbitraires \u00bb' data-link='https:\/\/www.nettali.com\/2026\/03\/14\/senegal-le-g7-porte-plainte-contre-letat-aupres-du-bit-pour-des-ponctions-salariales-arbitraires\/' class='whatsapp-button whatsapp-share'>WhatsApp<\/a><div class='clear '><\/div><\/div>","protected":false},"excerpt":{"rendered":"<p>NETTALI.COM - Face \u00e0 ce qu\u2019ils qualifient de \u00ab ponctions ill\u00e9gales, disproportionn\u00e9es et arbitraires op\u00e9r\u00e9es sur le salaire des enseignants au m\u00e9pris de toutes les r\u00e8gles pr\u00e9alables \u00bb, les syndicalistes ont profit\u00e9 d\u2019une conf\u00e9rence de presse ce vendredi 13 mars pour annoncer leur intention de porter plainte contre l\u2019\u00c9tat s\u00e9n\u00e9galais devant le Bureau international du [&hellip;]<\/p>\n","protected":false},"author":6,"featured_media":168084,"comment_status":"open","ping_status":"open","sticky":false,"template":"","format":"standard","meta":{"_et_pb_use_builder":"","_et_pb_old_content":""},"categories":[3],"tags":[],"yoast_head":"<!-- This site is optimized with the Yoast SEO Premium plugin v17.8 (Yoast SEO v17.8) - https:\/\/yoast.com\/wordpress\/plugins\/seo\/ -->\n<title>S\u00c9N\u00c9GAL- Le G7 porte plainte contre l\u2019\u00c9tat aupr\u00e8s du BIT pour des \u00ab ponctions salariales arbitraires \u00bb | Nettali.com<\/title>\n<meta name=\"robots\" content=\"index, follow, max-snippet:-1, max-image-preview:large, max-video-preview:-1\" \/>\n<link rel=\"canonical\" href=\"https:\/\/www.nettali.com\/2026\/03\/14\/senegal-le-g7-porte-plainte-contre-letat-aupres-du-bit-pour-des-ponctions-salariales-arbitraires\/\" \/>\n<meta property=\"og:locale\" content=\"fr_FR\" \/>\n<meta property=\"og:type\" content=\"article\" \/>\n<meta property=\"og:title\" content=\"S\u00c9N\u00c9GAL- Le G7 porte plainte contre l\u2019\u00c9tat aupr\u00e8s du BIT pour des \u00ab ponctions salariales arbitraires \u00bb\" \/>\n<meta property=\"og:description\" content=\"NETTALI.COM - Face \u00e0 ce qu\u2019ils qualifient de \u00ab ponctions ill\u00e9gales, disproportionn\u00e9es et arbitraires op\u00e9r\u00e9es sur le salaire des enseignants au m\u00e9pris de toutes les r\u00e8gles pr\u00e9alables \u00bb, les syndicalistes ont profit\u00e9 d\u2019une conf\u00e9rence de presse ce vendredi 13 mars pour annoncer leur intention de porter plainte contre l\u2019\u00c9tat s\u00e9n\u00e9galais devant le Bureau international du [&hellip;]\" \/>\n<meta property=\"og:url\" content=\"https:\/\/www.nettali.com\/2026\/03\/14\/senegal-le-g7-porte-plainte-contre-letat-aupres-du-bit-pour-des-ponctions-salariales-arbitraires\/\" \/>\n<meta property=\"og:site_name\" content=\"Nettali.com\" \/>\n<meta property=\"article:publisher\" content=\"https:\/\/www.facebook.com\/nettalicom\" \/>\n<meta property=\"article:published_time\" content=\"2026-03-14T05:52:04+00:00\" \/>\n<meta property=\"article:modified_time\" content=\"2026-03-15T18:14:59+00:00\" \/>\n<meta property=\"og:image\" content=\"https:\/\/www.nettali.com\/wp-content\/uploads\/2026\/01\/G7.jpg\" \/>\n\t<meta property=\"og:image:width\" content=\"600\" \/>\n\t<meta property=\"og:image:height\" content=\"354\" \/>\n<meta name=\"twitter:card\" content=\"summary_large_image\" \/>\n<meta name=\"twitter:label1\" content=\"\u00c9crit par\" \/>\n\t<meta name=\"twitter:data1\" content=\"Fatou\" \/>\n\t<meta name=\"twitter:label2\" content=\"Dur\u00e9e de lecture estim\u00e9e\" \/>\n\t<meta name=\"twitter:data2\" content=\"2 minutes\" \/>\n<script type=\"application\/ld+json\" class=\"yoast-schema-graph\">{\"@context\":\"https:\/\/schema.org\",\"@graph\":[{\"@type\":\"WebSite\",\"@id\":\"https:\/\/www.nettali.com\/#website\",\"url\":\"https:\/\/www.nettali.com\/\",\"name\":\"Nettali.com\",\"description\":\"Le rendez-vous critique du Net\",\"potentialAction\":[{\"@type\":\"SearchAction\",\"target\":{\"@type\":\"EntryPoint\",\"urlTemplate\":\"https:\/\/www.nettali.com\/?s={search_term_string}\"},\"query-input\":\"required name=search_term_string\"}],\"inLanguage\":\"fr-FR\"},{\"@type\":\"ImageObject\",\"@id\":\"https:\/\/www.nettali.com\/2026\/03\/14\/senegal-le-g7-porte-plainte-contre-letat-aupres-du-bit-pour-des-ponctions-salariales-arbitraires\/#primaryimage\",\"inLanguage\":\"fr-FR\",\"url\":\"https:\/\/www.nettali.com\/wp-content\/uploads\/2026\/01\/G7.jpg\",\"contentUrl\":\"https:\/\/www.nettali.com\/wp-content\/uploads\/2026\/01\/G7.jpg\",\"width\":600,\"height\":354},{\"@type\":\"WebPage\",\"@id\":\"https:\/\/www.nettali.com\/2026\/03\/14\/senegal-le-g7-porte-plainte-contre-letat-aupres-du-bit-pour-des-ponctions-salariales-arbitraires\/#webpage\",\"url\":\"https:\/\/www.nettali.com\/2026\/03\/14\/senegal-le-g7-porte-plainte-contre-letat-aupres-du-bit-pour-des-ponctions-salariales-arbitraires\/\",\"name\":\"S\\u00c9N\\u00c9GAL- Le G7 porte plainte contre l\\u2019\\u00c9tat aupr\\u00e8s du BIT pour des \\u00ab ponctions salariales arbitraires \\u00bb | Nettali.com\",\"isPartOf\":{\"@id\":\"https:\/\/www.nettali.com\/#website\"},\"primaryImageOfPage\":{\"@id\":\"https:\/\/www.nettali.com\/2026\/03\/14\/senegal-le-g7-porte-plainte-contre-letat-aupres-du-bit-pour-des-ponctions-salariales-arbitraires\/#primaryimage\"},\"datePublished\":\"2026-03-14T05:52:04+00:00\",\"dateModified\":\"2026-03-15T18:14:59+00:00\",\"author\":{\"@id\":\"https:\/\/www.nettali.com\/#\/schema\/person\/418274a86bdf87caff7a3ef476bd0bbf\"},\"breadcrumb\":{\"@id\":\"https:\/\/www.nettali.com\/2026\/03\/14\/senegal-le-g7-porte-plainte-contre-letat-aupres-du-bit-pour-des-ponctions-salariales-arbitraires\/#breadcrumb\"},\"inLanguage\":\"fr-FR\",\"potentialAction\":[{\"@type\":\"ReadAction\",\"target\":[\"https:\/\/www.nettali.com\/2026\/03\/14\/senegal-le-g7-porte-plainte-contre-letat-aupres-du-bit-pour-des-ponctions-salariales-arbitraires\/\"]}]},{\"@type\":\"BreadcrumbList\",\"@id\":\"https:\/\/www.nettali.com\/2026\/03\/14\/senegal-le-g7-porte-plainte-contre-letat-aupres-du-bit-pour-des-ponctions-salariales-arbitraires\/#breadcrumb\",\"itemListElement\":[{\"@type\":\"ListItem\",\"position\":1,\"name\":\"Accueil\",\"item\":\"https:\/\/www.nettali.com\/\"},{\"@type\":\"ListItem\",\"position\":2,\"name\":\"S\\u00c9N\\u00c9GAL- Le G7 porte plainte contre l\\u2019\\u00c9tat aupr\\u00e8s du BIT pour des \\u00ab ponctions salariales arbitraires \\u00bb\"}]},{\"@type\":\"Person\",\"@id\":\"https:\/\/www.nettali.com\/#\/schema\/person\/418274a86bdf87caff7a3ef476bd0bbf\",\"name\":\"Fatou\",\"image\":{\"@type\":\"ImageObject\",\"@id\":\"https:\/\/www.nettali.com\/#personlogo\",\"inLanguage\":\"fr-FR\",\"url\":\"https:\/\/secure.gravatar.com\/avatar\/5a9442a2bee7b4dcf167cab035858e9a?s=96&d=mm&r=g\",\"contentUrl\":\"https:\/\/secure.gravatar.com\/avatar\/5a9442a2bee7b4dcf167cab035858e9a?s=96&d=mm&r=g\",\"caption\":\"Fatou\"},\"sameAs\":[\"https:\/\/www.nettali.com\"]}]}<\/script>\n<!-- \/ Yoast SEO Premium plugin. -->","yoast_head_json":{"title":"S\u00c9N\u00c9GAL- Le G7 porte plainte contre l\u2019\u00c9tat aupr\u00e8s du BIT pour des \u00ab ponctions salariales arbitraires \u00bb | Nettali.com","robots":{"index":"index","follow":"follow","max-snippet":"max-snippet:-1","max-image-preview":"max-image-preview:large","max-video-preview":"max-video-preview:-1"},"canonical":"https:\/\/www.nettali.com\/2026\/03\/14\/senegal-le-g7-porte-plainte-contre-letat-aupres-du-bit-pour-des-ponctions-salariales-arbitraires\/","og_locale":"fr_FR","og_type":"article","og_title":"S\u00c9N\u00c9GAL- Le G7 porte plainte contre l\u2019\u00c9tat aupr\u00e8s du BIT pour des \u00ab ponctions salariales arbitraires \u00bb","og_description":"NETTALI.COM - Face \u00e0 ce qu\u2019ils qualifient de \u00ab ponctions ill\u00e9gales, disproportionn\u00e9es et arbitraires op\u00e9r\u00e9es sur le salaire des enseignants au m\u00e9pris de toutes les r\u00e8gles pr\u00e9alables \u00bb, les syndicalistes ont profit\u00e9 d\u2019une conf\u00e9rence de presse ce vendredi 13 mars pour annoncer leur intention de porter plainte contre l\u2019\u00c9tat s\u00e9n\u00e9galais devant le Bureau international du [&hellip;]","og_url":"https:\/\/www.nettali.com\/2026\/03\/14\/senegal-le-g7-porte-plainte-contre-letat-aupres-du-bit-pour-des-ponctions-salariales-arbitraires\/","og_site_name":"Nettali.com","article_publisher":"https:\/\/www.facebook.com\/nettalicom","article_published_time":"2026-03-14T05:52:04+00:00","article_modified_time":"2026-03-15T18:14:59+00:00","og_image":[{"width":600,"height":354,"url":"https:\/\/www.nettali.com\/wp-content\/uploads\/2026\/01\/G7.jpg","type":"image\/jpeg"}],"twitter_card":"summary_large_image","twitter_misc":{"\u00c9crit par":"Fatou","Dur\u00e9e de lecture estim\u00e9e":"2 minutes"},"schema":{"@context":"https:\/\/schema.org","@graph":[{"@type":"WebSite","@id":"https:\/\/www.nettali.com\/#website","url":"https:\/\/www.nettali.com\/","name":"Nettali.com","description":"Le rendez-vous critique du Net","potentialAction":[{"@type":"SearchAction","target":{"@type":"EntryPoint","urlTemplate":"https:\/\/www.nettali.com\/?s={search_term_string}"},"query-input":"required name=search_term_string"}],"inLanguage":"fr-FR"},{"@type":"ImageObject","@id":"https:\/\/www.nettali.com\/2026\/03\/14\/senegal-le-g7-porte-plainte-contre-letat-aupres-du-bit-pour-des-ponctions-salariales-arbitraires\/#primaryimage","inLanguage":"fr-FR","url":"https:\/\/www.nettali.com\/wp-content\/uploads\/2026\/01\/G7.jpg","contentUrl":"https:\/\/www.nettali.com\/wp-content\/uploads\/2026\/01\/G7.jpg","width":600,"height":354},{"@type":"WebPage","@id":"https:\/\/www.nettali.com\/2026\/03\/14\/senegal-le-g7-porte-plainte-contre-letat-aupres-du-bit-pour-des-ponctions-salariales-arbitraires\/#webpage","url":"https:\/\/www.nettali.com\/2026\/03\/14\/senegal-le-g7-porte-plainte-contre-letat-aupres-du-bit-pour-des-ponctions-salariales-arbitraires\/","name":"S\u00c9N\u00c9GAL- Le G7 porte plainte contre l\u2019\u00c9tat aupr\u00e8s du BIT pour des \u00ab ponctions salariales arbitraires \u00bb | Nettali.com","isPartOf":{"@id":"https:\/\/www.nettali.com\/#website"},"primaryImageOfPage":{"@id":"https:\/\/www.nettali.com\/2026\/03\/14\/senegal-le-g7-porte-plainte-contre-letat-aupres-du-bit-pour-des-ponctions-salariales-arbitraires\/#primaryimage"},"datePublished":"2026-03-14T05:52:04+00:00","dateModified":"2026-03-15T18:14:59+00:00","author":{"@id":"https:\/\/www.nettali.com\/#\/schema\/person\/418274a86bdf87caff7a3ef476bd0bbf"},"breadcrumb":{"@id":"https:\/\/www.nettali.com\/2026\/03\/14\/senegal-le-g7-porte-plainte-contre-letat-aupres-du-bit-pour-des-ponctions-salariales-arbitraires\/#breadcrumb"},"inLanguage":"fr-FR","potentialAction":[{"@type":"ReadAction","target":["https:\/\/www.nettali.com\/2026\/03\/14\/senegal-le-g7-porte-plainte-contre-letat-aupres-du-bit-pour-des-ponctions-salariales-arbitraires\/"]}]},{"@type":"BreadcrumbList","@id":"https:\/\/www.nettali.com\/2026\/03\/14\/senegal-le-g7-porte-plainte-contre-letat-aupres-du-bit-pour-des-ponctions-salariales-arbitraires\/#breadcrumb","itemListElement":[{"@type":"ListItem","position":1,"name":"Accueil","item":"https:\/\/www.nettali.com\/"},{"@type":"ListItem","position":2,"name":"S\u00c9N\u00c9GAL- Le G7 porte plainte contre l\u2019\u00c9tat aupr\u00e8s du BIT pour des \u00ab ponctions salariales arbitraires \u00bb"}]},{"@type":"Person","@id":"https:\/\/www.nettali.com\/#\/schema\/person\/418274a86bdf87caff7a3ef476bd0bbf","name":"Fatou","image":{"@type":"ImageObject","@id":"https:\/\/www.nettali.com\/#personlogo","inLanguage":"fr-FR","url":"https:\/\/secure.gravatar.com\/avatar\/5a9442a2bee7b4dcf167cab035858e9a?s=96&d=mm&r=g","contentUrl":"https:\/\/secure.gravatar.com\/avatar\/5a9442a2bee7b4dcf167cab035858e9a?s=96&d=mm&r=g","caption":"Fatou"},"sameAs":["https:\/\/www.nettali.com"]}]}},"_links":{"self":[{"href":"https:\/\/www.nettali.com\/rest\/wp\/v2\/posts\/170888"}],"collection":[{"href":"https:\/\/www.nettali.com\/rest\/wp\/v2\/posts"}],"about":[{"href":"https:\/\/www.nettali.com\/rest\/wp\/v2\/types\/post"}],"author":[{"embeddable":true,"href":"https:\/\/www.nettali.com\/rest\/wp\/v2\/users\/6"}],"replies":[{"embeddable":true,"href":"https:\/\/www.nettali.com\/rest\/wp\/v2\/comments?post=170888"}],"version-history":[{"count":3,"href":"https:\/\/www.nettali.com\/rest\/wp\/v2\/posts\/170888\/revisions"}],"predecessor-version":[{"id":170897,"href":"https:\/\/www.nettali.com\/rest\/wp\/v2\/posts\/170888\/revisions\/170897"}],"wp:featuredmedia":[{"embeddable":true,"href":"https:\/\/www.nettali.com\/rest\/wp\/v2\/media\/168084"}],"wp:attachment":[{"href":"https:\/\/www.nettali.com\/rest\/wp\/v2\/media?parent=170888"}],"wp:term":[{"taxonomy":"category","embeddable":true,"href":"https:\/\/www.nettali.com\/rest\/wp\/v2\/categories?post=170888"},{"taxonomy":"post_tag","embeddable":true,"href":"https:\/\/www.nettali.com\/rest\/wp\/v2\/tags?post=170888"}],"curies":[{"name":"wp","href":"https:\/\/api.w.org\/{rel}","templated":true}]}}