{"id":170884,"date":"2026-03-14T10:00:23","date_gmt":"2026-03-14T10:00:23","guid":{"rendered":"https:\/\/www.nettali.com\/?p=170884"},"modified":"2026-03-14T05:54:45","modified_gmt":"2026-03-14T05:54:45","slug":"propos-desobligeant-envers-le-president-de-la-republique-le-president-de-legs-africa-demande-au-procureur-de-sautosaisir-contre-cheikh-bara-ndiaye","status":"publish","type":"post","link":"https:\/\/www.nettali.com\/2026\/03\/14\/propos-desobligeant-envers-le-president-de-la-republique-le-president-de-legs-africa-demande-au-procureur-de-sautosaisir-contre-cheikh-bara-ndiaye\/","title":{"rendered":"PROPOS D\u00c9SOBLIGEANT ENVERS LE PR\u00c9SIDENT DE LA R\u00c9PUBLIQUE- Le pr\u00e9sident de Legs Africa demande au procureur de s'autosaisir contre Cheikh Bara Ndiaye"},"content":{"rendered":"<p><strong>NETTALI.COM - Le pr\u00e9sident de Legs Africa juge graves les propos du d\u00e9put\u00e9 Cheikh Bara Ndiaye contre le pr\u00e9sident de la R\u00e9publique. Elimane Kane demande au procureur de la R\u00e9publique de s'auto-saisir dans cette affaire.<\/strong><\/p>\n<p>Invit\u00e9 de l'\u00e9mission \u00ab RFM Matin \u00bb, le Dr Elimane Kane a fermement condamn\u00e9 les propos tenus par le d\u00e9put\u00e9 Cheikh Bara Ndiaye \u00e0 l'encontre de Bassirou Diomaye Faye. \u00ab<em> Je pense que le procureur doit demander \u00e0 l'Assembl\u00e9e nationale de lever l'immunit\u00e9 parlementaire de ce d\u00e9put\u00e9. Il a adopt\u00e9 une attitude excessive dans l'h\u00e9micycle, face au peuple s\u00e9n\u00e9galais, alors que la s\u00e9ance \u00e9tait retransmise en direct \u00e0 la t\u00e9l\u00e9vision. Ses propos visaient une institution de la R\u00e9publique : le pr\u00e9sident de la R\u00e9publique<\/em> \u00bb, a-t-il d\u00e9clar\u00e9.<\/p>\n<p>Pour lui, le d\u00e9put\u00e9 doit comprendre que l'immunit\u00e9 parlementaire comporte des limites. \u00ab <em>Lorsqu'il s'adresse \u00e0 M. Bassirou Diomaye Faye aujourd'hui, il doit avoir conscience qu'il s'adresse \u00e0 une institution. Dans ce pays, les institutions sont prot\u00e9g\u00e9es et ne doivent \u00eatre agress\u00e9es par personne, qu'il s'agisse d'un S\u00e9n\u00e9galais ou d'un \u00e9tranger. Bien qu'il soit un d\u00e9put\u00e9 repr\u00e9sentant le peuple, cela ne lui conf\u00e8re pas une telle mission. Lui-m\u00eame appartient \u00e0 une institution qui exige le respect, et c'est pr\u00e9cis\u00e9ment pour lui permettre d'accomplir convenablement son travail de repr\u00e9sentant qu'on lui accorde cette immunit\u00e9<\/em> \u00bb, soutient M. Kane.<\/p>\n<p>Le Dr Kane a martel\u00e9 qu'attaquer une institution, ne rel\u00e8ve pas d'un mandat \u00e9lectif. \u00ab <em>Je pense qu'il est temps que ce type de comportements cesse d\u00e9finitivement. Pour ce faire, il faut que la justice - qui est une autre institution garante de l'\u00e9quilibre des pouvoirs dans un \u00c9tat de droit- puisse faire son travail afin de rem\u00e9dier \u00e0 cette situation<\/em> \u00bb, plaide-t-il.<\/p>\n<div class='share-to-whatsapp-wrapper'><div class='share-on-whsp'>PARTAGER SUR : <\/div><a data-text='PROPOS D\u00c9SOBLIGEANT ENVERS LE PR\u00c9SIDENT DE LA R\u00c9PUBLIQUE- Le pr\u00e9sident de Legs Africa demande au procureur de s'autosaisir contre Cheikh Bara Ndiaye' data-link='https:\/\/www.nettali.com\/2026\/03\/14\/propos-desobligeant-envers-le-president-de-la-republique-le-president-de-legs-africa-demande-au-procureur-de-sautosaisir-contre-cheikh-bara-ndiaye\/' class='whatsapp-button whatsapp-share'>WhatsApp<\/a><div class='clear '><\/div><\/div>","protected":false},"excerpt":{"rendered":"<p>NETTALI.COM - Le pr\u00e9sident de Legs Africa juge graves les propos du d\u00e9put\u00e9 Cheikh Bara Ndiaye contre le pr\u00e9sident de la R\u00e9publique. Elimane Kane demande au procureur de la R\u00e9publique de s'auto-saisir dans cette affaire. Invit\u00e9 de l'\u00e9mission \u00ab RFM Matin \u00bb, le Dr Elimane Kane a fermement condamn\u00e9 les propos tenus par le d\u00e9put\u00e9 [&hellip;]<\/p>\n","protected":false},"author":6,"featured_media":132537,"comment_status":"open","ping_status":"open","sticky":false,"template":"","format":"standard","meta":{"_et_pb_use_builder":"","_et_pb_old_content":""},"categories":[2],"tags":[],"yoast_head":"<!-- This site is optimized with the Yoast SEO Premium plugin v17.8 (Yoast SEO v17.8) - https:\/\/yoast.com\/wordpress\/plugins\/seo\/ -->\n<title>PROPOS D\u00c9SOBLIGEANT ENVERS LE PR\u00c9SIDENT DE LA R\u00c9PUBLIQUE- Le pr\u00e9sident de Legs Africa demande au procureur de s&#039;autosaisir contre Cheikh Bara Ndiaye | Nettali.com<\/title>\n<meta name=\"robots\" content=\"index, follow, max-snippet:-1, max-image-preview:large, max-video-preview:-1\" \/>\n<link rel=\"canonical\" href=\"https:\/\/www.nettali.com\/2026\/03\/14\/propos-desobligeant-envers-le-president-de-la-republique-le-president-de-legs-africa-demande-au-procureur-de-sautosaisir-contre-cheikh-bara-ndiaye\/\" \/>\n<meta property=\"og:locale\" content=\"fr_FR\" \/>\n<meta property=\"og:type\" content=\"article\" \/>\n<meta property=\"og:title\" content=\"PROPOS D\u00c9SOBLIGEANT ENVERS LE PR\u00c9SIDENT DE LA R\u00c9PUBLIQUE- Le pr\u00e9sident de Legs Africa demande au procureur de s&#039;autosaisir contre Cheikh Bara Ndiaye\" \/>\n<meta property=\"og:description\" content=\"NETTALI.COM - Le pr\u00e9sident de Legs Africa juge graves les propos du d\u00e9put\u00e9 Cheikh Bara Ndiaye contre le pr\u00e9sident de la R\u00e9publique. Elimane Kane demande au procureur de la R\u00e9publique de s&#039;auto-saisir dans cette affaire. Invit\u00e9 de l&#039;\u00e9mission \u00ab RFM Matin \u00bb, le Dr Elimane Kane a fermement condamn\u00e9 les propos tenus par le d\u00e9put\u00e9 [&hellip;]\" \/>\n<meta property=\"og:url\" content=\"https:\/\/www.nettali.com\/2026\/03\/14\/propos-desobligeant-envers-le-president-de-la-republique-le-president-de-legs-africa-demande-au-procureur-de-sautosaisir-contre-cheikh-bara-ndiaye\/\" \/>\n<meta property=\"og:site_name\" content=\"Nettali.com\" \/>\n<meta property=\"article:publisher\" content=\"https:\/\/www.facebook.com\/nettalicom\" \/>\n<meta property=\"article:published_time\" content=\"2026-03-14T10:00:23+00:00\" \/>\n<meta property=\"article:modified_time\" content=\"2026-03-14T05:54:45+00:00\" \/>\n<meta property=\"og:image\" content=\"https:\/\/www.nettali.com\/wp-content\/uploads\/2024\/04\/elimane_haby_kane.jpg\" \/>\n\t<meta property=\"og:image:width\" content=\"700\" \/>\n\t<meta property=\"og:image:height\" content=\"423\" \/>\n<meta name=\"twitter:card\" content=\"summary_large_image\" \/>\n<meta name=\"twitter:label1\" content=\"\u00c9crit par\" \/>\n\t<meta name=\"twitter:data1\" content=\"Fatou\" \/>\n\t<meta name=\"twitter:label2\" content=\"Dur\u00e9e de lecture estim\u00e9e\" \/>\n\t<meta name=\"twitter:data2\" content=\"2 minutes\" \/>\n<script type=\"application\/ld+json\" class=\"yoast-schema-graph\">{\"@context\":\"https:\/\/schema.org\",\"@graph\":[{\"@type\":\"WebSite\",\"@id\":\"https:\/\/www.nettali.com\/#website\",\"url\":\"https:\/\/www.nettali.com\/\",\"name\":\"Nettali.com\",\"description\":\"Le rendez-vous critique du Net\",\"potentialAction\":[{\"@type\":\"SearchAction\",\"target\":{\"@type\":\"EntryPoint\",\"urlTemplate\":\"https:\/\/www.nettali.com\/?s={search_term_string}\"},\"query-input\":\"required name=search_term_string\"}],\"inLanguage\":\"fr-FR\"},{\"@type\":\"ImageObject\",\"@id\":\"https:\/\/www.nettali.com\/2026\/03\/14\/propos-desobligeant-envers-le-president-de-la-republique-le-president-de-legs-africa-demande-au-procureur-de-sautosaisir-contre-cheikh-bara-ndiaye\/#primaryimage\",\"inLanguage\":\"fr-FR\",\"url\":\"https:\/\/www.nettali.com\/wp-content\/uploads\/2024\/04\/elimane_haby_kane.jpg\",\"contentUrl\":\"https:\/\/www.nettali.com\/wp-content\/uploads\/2024\/04\/elimane_haby_kane.jpg\",\"width\":700,\"height\":423},{\"@type\":\"WebPage\",\"@id\":\"https:\/\/www.nettali.com\/2026\/03\/14\/propos-desobligeant-envers-le-president-de-la-republique-le-president-de-legs-africa-demande-au-procureur-de-sautosaisir-contre-cheikh-bara-ndiaye\/#webpage\",\"url\":\"https:\/\/www.nettali.com\/2026\/03\/14\/propos-desobligeant-envers-le-president-de-la-republique-le-president-de-legs-africa-demande-au-procureur-de-sautosaisir-contre-cheikh-bara-ndiaye\/\",\"name\":\"PROPOS D\\u00c9SOBLIGEANT ENVERS LE PR\\u00c9SIDENT DE LA R\\u00c9PUBLIQUE- Le pr\\u00e9sident de Legs Africa demande au procureur de s'autosaisir contre Cheikh Bara Ndiaye | Nettali.com\",\"isPartOf\":{\"@id\":\"https:\/\/www.nettali.com\/#website\"},\"primaryImageOfPage\":{\"@id\":\"https:\/\/www.nettali.com\/2026\/03\/14\/propos-desobligeant-envers-le-president-de-la-republique-le-president-de-legs-africa-demande-au-procureur-de-sautosaisir-contre-cheikh-bara-ndiaye\/#primaryimage\"},\"datePublished\":\"2026-03-14T10:00:23+00:00\",\"dateModified\":\"2026-03-14T05:54:45+00:00\",\"author\":{\"@id\":\"https:\/\/www.nettali.com\/#\/schema\/person\/418274a86bdf87caff7a3ef476bd0bbf\"},\"breadcrumb\":{\"@id\":\"https:\/\/www.nettali.com\/2026\/03\/14\/propos-desobligeant-envers-le-president-de-la-republique-le-president-de-legs-africa-demande-au-procureur-de-sautosaisir-contre-cheikh-bara-ndiaye\/#breadcrumb\"},\"inLanguage\":\"fr-FR\",\"potentialAction\":[{\"@type\":\"ReadAction\",\"target\":[\"https:\/\/www.nettali.com\/2026\/03\/14\/propos-desobligeant-envers-le-president-de-la-republique-le-president-de-legs-africa-demande-au-procureur-de-sautosaisir-contre-cheikh-bara-ndiaye\/\"]}]},{\"@type\":\"BreadcrumbList\",\"@id\":\"https:\/\/www.nettali.com\/2026\/03\/14\/propos-desobligeant-envers-le-president-de-la-republique-le-president-de-legs-africa-demande-au-procureur-de-sautosaisir-contre-cheikh-bara-ndiaye\/#breadcrumb\",\"itemListElement\":[{\"@type\":\"ListItem\",\"position\":1,\"name\":\"Accueil\",\"item\":\"https:\/\/www.nettali.com\/\"},{\"@type\":\"ListItem\",\"position\":2,\"name\":\"PROPOS D\\u00c9SOBLIGEANT ENVERS LE PR\\u00c9SIDENT DE LA R\\u00c9PUBLIQUE- Le pr\\u00e9sident de Legs Africa demande au procureur de s'autosaisir contre Cheikh Bara Ndiaye\"}]},{\"@type\":\"Person\",\"@id\":\"https:\/\/www.nettali.com\/#\/schema\/person\/418274a86bdf87caff7a3ef476bd0bbf\",\"name\":\"Fatou\",\"image\":{\"@type\":\"ImageObject\",\"@id\":\"https:\/\/www.nettali.com\/#personlogo\",\"inLanguage\":\"fr-FR\",\"url\":\"https:\/\/secure.gravatar.com\/avatar\/5a9442a2bee7b4dcf167cab035858e9a?s=96&d=mm&r=g\",\"contentUrl\":\"https:\/\/secure.gravatar.com\/avatar\/5a9442a2bee7b4dcf167cab035858e9a?s=96&d=mm&r=g\",\"caption\":\"Fatou\"},\"sameAs\":[\"https:\/\/www.nettali.com\"]}]}<\/script>\n<!-- \/ Yoast SEO Premium plugin. -->","yoast_head_json":{"title":"PROPOS D\u00c9SOBLIGEANT ENVERS LE PR\u00c9SIDENT DE LA R\u00c9PUBLIQUE- Le pr\u00e9sident de Legs Africa demande au procureur de s'autosaisir contre Cheikh Bara Ndiaye | Nettali.com","robots":{"index":"index","follow":"follow","max-snippet":"max-snippet:-1","max-image-preview":"max-image-preview:large","max-video-preview":"max-video-preview:-1"},"canonical":"https:\/\/www.nettali.com\/2026\/03\/14\/propos-desobligeant-envers-le-president-de-la-republique-le-president-de-legs-africa-demande-au-procureur-de-sautosaisir-contre-cheikh-bara-ndiaye\/","og_locale":"fr_FR","og_type":"article","og_title":"PROPOS D\u00c9SOBLIGEANT ENVERS LE PR\u00c9SIDENT DE LA R\u00c9PUBLIQUE- Le pr\u00e9sident de Legs Africa demande au procureur de s'autosaisir contre Cheikh Bara Ndiaye","og_description":"NETTALI.COM - Le pr\u00e9sident de Legs Africa juge graves les propos du d\u00e9put\u00e9 Cheikh Bara Ndiaye contre le pr\u00e9sident de la R\u00e9publique. Elimane Kane demande au procureur de la R\u00e9publique de s'auto-saisir dans cette affaire. Invit\u00e9 de l'\u00e9mission \u00ab RFM Matin \u00bb, le Dr Elimane Kane a fermement condamn\u00e9 les propos tenus par le d\u00e9put\u00e9 [&hellip;]","og_url":"https:\/\/www.nettali.com\/2026\/03\/14\/propos-desobligeant-envers-le-president-de-la-republique-le-president-de-legs-africa-demande-au-procureur-de-sautosaisir-contre-cheikh-bara-ndiaye\/","og_site_name":"Nettali.com","article_publisher":"https:\/\/www.facebook.com\/nettalicom","article_published_time":"2026-03-14T10:00:23+00:00","article_modified_time":"2026-03-14T05:54:45+00:00","og_image":[{"width":700,"height":423,"url":"https:\/\/www.nettali.com\/wp-content\/uploads\/2024\/04\/elimane_haby_kane.jpg","type":"image\/jpeg"}],"twitter_card":"summary_large_image","twitter_misc":{"\u00c9crit par":"Fatou","Dur\u00e9e de lecture estim\u00e9e":"2 minutes"},"schema":{"@context":"https:\/\/schema.org","@graph":[{"@type":"WebSite","@id":"https:\/\/www.nettali.com\/#website","url":"https:\/\/www.nettali.com\/","name":"Nettali.com","description":"Le rendez-vous critique du Net","potentialAction":[{"@type":"SearchAction","target":{"@type":"EntryPoint","urlTemplate":"https:\/\/www.nettali.com\/?s={search_term_string}"},"query-input":"required name=search_term_string"}],"inLanguage":"fr-FR"},{"@type":"ImageObject","@id":"https:\/\/www.nettali.com\/2026\/03\/14\/propos-desobligeant-envers-le-president-de-la-republique-le-president-de-legs-africa-demande-au-procureur-de-sautosaisir-contre-cheikh-bara-ndiaye\/#primaryimage","inLanguage":"fr-FR","url":"https:\/\/www.nettali.com\/wp-content\/uploads\/2024\/04\/elimane_haby_kane.jpg","contentUrl":"https:\/\/www.nettali.com\/wp-content\/uploads\/2024\/04\/elimane_haby_kane.jpg","width":700,"height":423},{"@type":"WebPage","@id":"https:\/\/www.nettali.com\/2026\/03\/14\/propos-desobligeant-envers-le-president-de-la-republique-le-president-de-legs-africa-demande-au-procureur-de-sautosaisir-contre-cheikh-bara-ndiaye\/#webpage","url":"https:\/\/www.nettali.com\/2026\/03\/14\/propos-desobligeant-envers-le-president-de-la-republique-le-president-de-legs-africa-demande-au-procureur-de-sautosaisir-contre-cheikh-bara-ndiaye\/","name":"PROPOS D\u00c9SOBLIGEANT ENVERS LE PR\u00c9SIDENT DE LA R\u00c9PUBLIQUE- Le pr\u00e9sident de Legs Africa demande au procureur de s'autosaisir contre Cheikh Bara Ndiaye | Nettali.com","isPartOf":{"@id":"https:\/\/www.nettali.com\/#website"},"primaryImageOfPage":{"@id":"https:\/\/www.nettali.com\/2026\/03\/14\/propos-desobligeant-envers-le-president-de-la-republique-le-president-de-legs-africa-demande-au-procureur-de-sautosaisir-contre-cheikh-bara-ndiaye\/#primaryimage"},"datePublished":"2026-03-14T10:00:23+00:00","dateModified":"2026-03-14T05:54:45+00:00","author":{"@id":"https:\/\/www.nettali.com\/#\/schema\/person\/418274a86bdf87caff7a3ef476bd0bbf"},"breadcrumb":{"@id":"https:\/\/www.nettali.com\/2026\/03\/14\/propos-desobligeant-envers-le-president-de-la-republique-le-president-de-legs-africa-demande-au-procureur-de-sautosaisir-contre-cheikh-bara-ndiaye\/#breadcrumb"},"inLanguage":"fr-FR","potentialAction":[{"@type":"ReadAction","target":["https:\/\/www.nettali.com\/2026\/03\/14\/propos-desobligeant-envers-le-president-de-la-republique-le-president-de-legs-africa-demande-au-procureur-de-sautosaisir-contre-cheikh-bara-ndiaye\/"]}]},{"@type":"BreadcrumbList","@id":"https:\/\/www.nettali.com\/2026\/03\/14\/propos-desobligeant-envers-le-president-de-la-republique-le-president-de-legs-africa-demande-au-procureur-de-sautosaisir-contre-cheikh-bara-ndiaye\/#breadcrumb","itemListElement":[{"@type":"ListItem","position":1,"name":"Accueil","item":"https:\/\/www.nettali.com\/"},{"@type":"ListItem","position":2,"name":"PROPOS D\u00c9SOBLIGEANT ENVERS LE PR\u00c9SIDENT DE LA R\u00c9PUBLIQUE- Le pr\u00e9sident de Legs Africa demande au procureur de s'autosaisir contre Cheikh Bara Ndiaye"}]},{"@type":"Person","@id":"https:\/\/www.nettali.com\/#\/schema\/person\/418274a86bdf87caff7a3ef476bd0bbf","name":"Fatou","image":{"@type":"ImageObject","@id":"https:\/\/www.nettali.com\/#personlogo","inLanguage":"fr-FR","url":"https:\/\/secure.gravatar.com\/avatar\/5a9442a2bee7b4dcf167cab035858e9a?s=96&d=mm&r=g","contentUrl":"https:\/\/secure.gravatar.com\/avatar\/5a9442a2bee7b4dcf167cab035858e9a?s=96&d=mm&r=g","caption":"Fatou"},"sameAs":["https:\/\/www.nettali.com"]}]}},"_links":{"self":[{"href":"https:\/\/www.nettali.com\/rest\/wp\/v2\/posts\/170884"}],"collection":[{"href":"https:\/\/www.nettali.com\/rest\/wp\/v2\/posts"}],"about":[{"href":"https:\/\/www.nettali.com\/rest\/wp\/v2\/types\/post"}],"author":[{"embeddable":true,"href":"https:\/\/www.nettali.com\/rest\/wp\/v2\/users\/6"}],"replies":[{"embeddable":true,"href":"https:\/\/www.nettali.com\/rest\/wp\/v2\/comments?post=170884"}],"version-history":[{"count":4,"href":"https:\/\/www.nettali.com\/rest\/wp\/v2\/posts\/170884\/revisions"}],"predecessor-version":[{"id":170899,"href":"https:\/\/www.nettali.com\/rest\/wp\/v2\/posts\/170884\/revisions\/170899"}],"wp:featuredmedia":[{"embeddable":true,"href":"https:\/\/www.nettali.com\/rest\/wp\/v2\/media\/132537"}],"wp:attachment":[{"href":"https:\/\/www.nettali.com\/rest\/wp\/v2\/media?parent=170884"}],"wp:term":[{"taxonomy":"category","embeddable":true,"href":"https:\/\/www.nettali.com\/rest\/wp\/v2\/categories?post=170884"},{"taxonomy":"post_tag","embeddable":true,"href":"https:\/\/www.nettali.com\/rest\/wp\/v2\/tags?post=170884"}],"curies":[{"name":"wp","href":"https:\/\/api.w.org\/{rel}","templated":true}]}}