{"id":170879,"date":"2026-03-13T15:28:00","date_gmt":"2026-03-13T15:28:00","guid":{"rendered":"https:\/\/www.nettali.com\/?p=170879"},"modified":"2026-03-13T11:38:48","modified_gmt":"2026-03-13T11:38:48","slug":"disparition-du-sergent-chef-nfally-sonko-lensoa-rend-hommage-a-un-sous-officier-tombe-au-champ-dhonneur","status":"publish","type":"post","link":"https:\/\/www.nettali.com\/2026\/03\/13\/disparition-du-sergent-chef-nfally-sonko-lensoa-rend-hommage-a-un-sous-officier-tombe-au-champ-dhonneur\/","title":{"rendered":"DISPARITION DU SERGENT-CHEF NFALLY SONKO : l\u2019ENSOA rend hommage \u00e0 un sous-officier tomb\u00e9 au champ d\u2019honneur"},"content":{"rendered":"<p><strong>NETTALI.COM - L\u2019\u00c9cole nationale des sous-officiers d\u2019active (ENSOA) a exprim\u00e9 sa profonde tristesse \u00e0 la suite du d\u00e9c\u00e8s du Sergent-chef Nfally Sonko, ancien \u00e9l\u00e8ve de la 39\u1d49 promotion, membre du Bataillon parachutiste, tomb\u00e9 au champ d\u2019honneur dans l\u2019accomplissement de sa mission.<\/strong><\/p>\n<p>Dans un message d\u2019hommage, l\u2019ENSOA a salu\u00e9 le parcours et l\u2019engagement de ce sous-officier qui, selon l\u2019institution militaire, a incarn\u00e9 avec exemplarit\u00e9 les valeurs fondamentales enseign\u00e9es au sein de l\u2019\u00e9cole.<\/p>\n<p><em>\u00ab Par son courage, son engagement et son sens \u00e9lev\u00e9 du devoir, il a dignement port\u00e9 les valeurs de discipline, de loyaut\u00e9 et de sacrifice inculqu\u00e9es \u00e0 l\u2019ENSOA \u00bb<\/em>, souligne le communiqu\u00e9.<\/p>\n<p>Le commandement de l\u2019\u00e9cole estime que le parcours du Sergent-chef Nfally Sonko restera une source d\u2019inspiration pour les g\u00e9n\u00e9rations actuelles et futures de sous-officiers.<\/p>\n<p>En ces moments de deuil, le commandement, le personnel et les \u00e9l\u00e8ves de l\u2019ENSOA ont tenu \u00e0 s\u2019incliner avec respect devant la m\u00e9moire de ce militaire, pr\u00e9sent\u00e9 comme un soldat valeureux tomb\u00e9 dans l\u2019exercice de ses fonctions.<\/p>\n<p>L\u2019institution a \u00e9galement adress\u00e9 ses sinc\u00e8res condol\u00e9ances \u00e0 la famille du d\u00e9funt, \u00e0 ses proches ainsi qu\u2019\u00e0 ses fr\u00e8res d\u2019armes.<\/p>\n<p>&nbsp;<\/p>\n<div class='share-to-whatsapp-wrapper'><div class='share-on-whsp'>PARTAGER SUR : <\/div><a data-text='DISPARITION DU SERGENT-CHEF NFALLY SONKO : l\u2019ENSOA rend hommage \u00e0 un sous-officier tomb\u00e9 au champ d\u2019honneur' data-link='https:\/\/www.nettali.com\/2026\/03\/13\/disparition-du-sergent-chef-nfally-sonko-lensoa-rend-hommage-a-un-sous-officier-tombe-au-champ-dhonneur\/' class='whatsapp-button whatsapp-share'>WhatsApp<\/a><div class='clear '><\/div><\/div>","protected":false},"excerpt":{"rendered":"<p>NETTALI.COM - L\u2019\u00c9cole nationale des sous-officiers d\u2019active (ENSOA) a exprim\u00e9 sa profonde tristesse \u00e0 la suite du d\u00e9c\u00e8s du Sergent-chef Nfally Sonko, ancien \u00e9l\u00e8ve de la 39\u1d49 promotion, membre du Bataillon parachutiste, tomb\u00e9 au champ d\u2019honneur dans l\u2019accomplissement de sa mission. Dans un message d\u2019hommage, l\u2019ENSOA a salu\u00e9 le parcours et l\u2019engagement de ce sous-officier [&hellip;]<\/p>\n","protected":false},"author":4,"featured_media":170880,"comment_status":"open","ping_status":"open","sticky":false,"template":"","format":"standard","meta":{"_et_pb_use_builder":"","_et_pb_old_content":""},"categories":[3],"tags":[],"yoast_head":"<!-- This site is optimized with the Yoast SEO Premium plugin v17.8 (Yoast SEO v17.8) - https:\/\/yoast.com\/wordpress\/plugins\/seo\/ -->\n<title>DISPARITION DU SERGENT-CHEF NFALLY SONKO : l\u2019ENSOA rend hommage \u00e0 un sous-officier tomb\u00e9 au champ d\u2019honneur | Nettali.com<\/title>\n<meta name=\"robots\" content=\"index, follow, max-snippet:-1, max-image-preview:large, max-video-preview:-1\" \/>\n<link rel=\"canonical\" href=\"https:\/\/www.nettali.com\/2026\/03\/13\/disparition-du-sergent-chef-nfally-sonko-lensoa-rend-hommage-a-un-sous-officier-tombe-au-champ-dhonneur\/\" \/>\n<meta property=\"og:locale\" content=\"fr_FR\" \/>\n<meta property=\"og:type\" content=\"article\" \/>\n<meta property=\"og:title\" content=\"DISPARITION DU SERGENT-CHEF NFALLY SONKO : l\u2019ENSOA rend hommage \u00e0 un sous-officier tomb\u00e9 au champ d\u2019honneur\" \/>\n<meta property=\"og:description\" content=\"NETTALI.COM - L\u2019\u00c9cole nationale des sous-officiers d\u2019active (ENSOA) a exprim\u00e9 sa profonde tristesse \u00e0 la suite du d\u00e9c\u00e8s du Sergent-chef Nfally Sonko, ancien \u00e9l\u00e8ve de la 39\u1d49 promotion, membre du Bataillon parachutiste, tomb\u00e9 au champ d\u2019honneur dans l\u2019accomplissement de sa mission. Dans un message d\u2019hommage, l\u2019ENSOA a salu\u00e9 le parcours et l\u2019engagement de ce sous-officier [&hellip;]\" \/>\n<meta property=\"og:url\" content=\"https:\/\/www.nettali.com\/2026\/03\/13\/disparition-du-sergent-chef-nfally-sonko-lensoa-rend-hommage-a-un-sous-officier-tombe-au-champ-dhonneur\/\" \/>\n<meta property=\"og:site_name\" content=\"Nettali.com\" \/>\n<meta property=\"article:publisher\" content=\"https:\/\/www.facebook.com\/nettalicom\" \/>\n<meta property=\"article:published_time\" content=\"2026-03-13T15:28:00+00:00\" \/>\n<meta property=\"article:modified_time\" content=\"2026-03-13T11:38:48+00:00\" \/>\n<meta property=\"og:image\" content=\"https:\/\/www.nettali.com\/wp-content\/uploads\/2026\/03\/Militaire-mort-e1773401604803.jpg\" \/>\n\t<meta property=\"og:image:width\" content=\"715\" \/>\n\t<meta property=\"og:image:height\" content=\"688\" \/>\n<meta name=\"twitter:card\" content=\"summary_large_image\" \/>\n<meta name=\"twitter:label1\" content=\"\u00c9crit par\" \/>\n\t<meta name=\"twitter:data1\" content=\"Daouda\" \/>\n\t<meta name=\"twitter:label2\" content=\"Dur\u00e9e de lecture estim\u00e9e\" \/>\n\t<meta name=\"twitter:data2\" content=\"1 minute\" \/>\n<script type=\"application\/ld+json\" class=\"yoast-schema-graph\">{\"@context\":\"https:\/\/schema.org\",\"@graph\":[{\"@type\":\"WebSite\",\"@id\":\"https:\/\/www.nettali.com\/#website\",\"url\":\"https:\/\/www.nettali.com\/\",\"name\":\"Nettali.com\",\"description\":\"Le rendez-vous critique du Net\",\"potentialAction\":[{\"@type\":\"SearchAction\",\"target\":{\"@type\":\"EntryPoint\",\"urlTemplate\":\"https:\/\/www.nettali.com\/?s={search_term_string}\"},\"query-input\":\"required name=search_term_string\"}],\"inLanguage\":\"fr-FR\"},{\"@type\":\"ImageObject\",\"@id\":\"https:\/\/www.nettali.com\/2026\/03\/13\/disparition-du-sergent-chef-nfally-sonko-lensoa-rend-hommage-a-un-sous-officier-tombe-au-champ-dhonneur\/#primaryimage\",\"inLanguage\":\"fr-FR\",\"url\":\"https:\/\/www.nettali.com\/wp-content\/uploads\/2026\/03\/Militaire-mort-e1773401604803.jpg\",\"contentUrl\":\"https:\/\/www.nettali.com\/wp-content\/uploads\/2026\/03\/Militaire-mort-e1773401604803.jpg\",\"width\":715,\"height\":688},{\"@type\":\"WebPage\",\"@id\":\"https:\/\/www.nettali.com\/2026\/03\/13\/disparition-du-sergent-chef-nfally-sonko-lensoa-rend-hommage-a-un-sous-officier-tombe-au-champ-dhonneur\/#webpage\",\"url\":\"https:\/\/www.nettali.com\/2026\/03\/13\/disparition-du-sergent-chef-nfally-sonko-lensoa-rend-hommage-a-un-sous-officier-tombe-au-champ-dhonneur\/\",\"name\":\"DISPARITION DU SERGENT-CHEF NFALLY SONKO : l\\u2019ENSOA rend hommage \\u00e0 un sous-officier tomb\\u00e9 au champ d\\u2019honneur | Nettali.com\",\"isPartOf\":{\"@id\":\"https:\/\/www.nettali.com\/#website\"},\"primaryImageOfPage\":{\"@id\":\"https:\/\/www.nettali.com\/2026\/03\/13\/disparition-du-sergent-chef-nfally-sonko-lensoa-rend-hommage-a-un-sous-officier-tombe-au-champ-dhonneur\/#primaryimage\"},\"datePublished\":\"2026-03-13T15:28:00+00:00\",\"dateModified\":\"2026-03-13T11:38:48+00:00\",\"author\":{\"@id\":\"https:\/\/www.nettali.com\/#\/schema\/person\/3317e0bb3aa1da309fbf7b2780901bf4\"},\"breadcrumb\":{\"@id\":\"https:\/\/www.nettali.com\/2026\/03\/13\/disparition-du-sergent-chef-nfally-sonko-lensoa-rend-hommage-a-un-sous-officier-tombe-au-champ-dhonneur\/#breadcrumb\"},\"inLanguage\":\"fr-FR\",\"potentialAction\":[{\"@type\":\"ReadAction\",\"target\":[\"https:\/\/www.nettali.com\/2026\/03\/13\/disparition-du-sergent-chef-nfally-sonko-lensoa-rend-hommage-a-un-sous-officier-tombe-au-champ-dhonneur\/\"]}]},{\"@type\":\"BreadcrumbList\",\"@id\":\"https:\/\/www.nettali.com\/2026\/03\/13\/disparition-du-sergent-chef-nfally-sonko-lensoa-rend-hommage-a-un-sous-officier-tombe-au-champ-dhonneur\/#breadcrumb\",\"itemListElement\":[{\"@type\":\"ListItem\",\"position\":1,\"name\":\"Accueil\",\"item\":\"https:\/\/www.nettali.com\/\"},{\"@type\":\"ListItem\",\"position\":2,\"name\":\"DISPARITION DU SERGENT-CHEF NFALLY SONKO : l\\u2019ENSOA rend hommage \\u00e0 un sous-officier tomb\\u00e9 au champ d\\u2019honneur\"}]},{\"@type\":\"Person\",\"@id\":\"https:\/\/www.nettali.com\/#\/schema\/person\/3317e0bb3aa1da309fbf7b2780901bf4\",\"name\":\"Daouda\",\"image\":{\"@type\":\"ImageObject\",\"@id\":\"https:\/\/www.nettali.com\/#personlogo\",\"inLanguage\":\"fr-FR\",\"url\":\"https:\/\/secure.gravatar.com\/avatar\/8d143b5a49345098ddcfee1c49c2f47c?s=96&d=mm&r=g\",\"contentUrl\":\"https:\/\/secure.gravatar.com\/avatar\/8d143b5a49345098ddcfee1c49c2f47c?s=96&d=mm&r=g\",\"caption\":\"Daouda\"},\"sameAs\":[\"https:\/\/www.nettali.com\"]}]}<\/script>\n<!-- \/ Yoast SEO Premium plugin. -->","yoast_head_json":{"title":"DISPARITION DU SERGENT-CHEF NFALLY SONKO : l\u2019ENSOA rend hommage \u00e0 un sous-officier tomb\u00e9 au champ d\u2019honneur | Nettali.com","robots":{"index":"index","follow":"follow","max-snippet":"max-snippet:-1","max-image-preview":"max-image-preview:large","max-video-preview":"max-video-preview:-1"},"canonical":"https:\/\/www.nettali.com\/2026\/03\/13\/disparition-du-sergent-chef-nfally-sonko-lensoa-rend-hommage-a-un-sous-officier-tombe-au-champ-dhonneur\/","og_locale":"fr_FR","og_type":"article","og_title":"DISPARITION DU SERGENT-CHEF NFALLY SONKO : l\u2019ENSOA rend hommage \u00e0 un sous-officier tomb\u00e9 au champ d\u2019honneur","og_description":"NETTALI.COM - L\u2019\u00c9cole nationale des sous-officiers d\u2019active (ENSOA) a exprim\u00e9 sa profonde tristesse \u00e0 la suite du d\u00e9c\u00e8s du Sergent-chef Nfally Sonko, ancien \u00e9l\u00e8ve de la 39\u1d49 promotion, membre du Bataillon parachutiste, tomb\u00e9 au champ d\u2019honneur dans l\u2019accomplissement de sa mission. Dans un message d\u2019hommage, l\u2019ENSOA a salu\u00e9 le parcours et l\u2019engagement de ce sous-officier [&hellip;]","og_url":"https:\/\/www.nettali.com\/2026\/03\/13\/disparition-du-sergent-chef-nfally-sonko-lensoa-rend-hommage-a-un-sous-officier-tombe-au-champ-dhonneur\/","og_site_name":"Nettali.com","article_publisher":"https:\/\/www.facebook.com\/nettalicom","article_published_time":"2026-03-13T15:28:00+00:00","article_modified_time":"2026-03-13T11:38:48+00:00","og_image":[{"width":715,"height":688,"url":"https:\/\/www.nettali.com\/wp-content\/uploads\/2026\/03\/Militaire-mort-e1773401604803.jpg","type":"image\/jpeg"}],"twitter_card":"summary_large_image","twitter_misc":{"\u00c9crit par":"Daouda","Dur\u00e9e de lecture estim\u00e9e":"1 minute"},"schema":{"@context":"https:\/\/schema.org","@graph":[{"@type":"WebSite","@id":"https:\/\/www.nettali.com\/#website","url":"https:\/\/www.nettali.com\/","name":"Nettali.com","description":"Le rendez-vous critique du Net","potentialAction":[{"@type":"SearchAction","target":{"@type":"EntryPoint","urlTemplate":"https:\/\/www.nettali.com\/?s={search_term_string}"},"query-input":"required name=search_term_string"}],"inLanguage":"fr-FR"},{"@type":"ImageObject","@id":"https:\/\/www.nettali.com\/2026\/03\/13\/disparition-du-sergent-chef-nfally-sonko-lensoa-rend-hommage-a-un-sous-officier-tombe-au-champ-dhonneur\/#primaryimage","inLanguage":"fr-FR","url":"https:\/\/www.nettali.com\/wp-content\/uploads\/2026\/03\/Militaire-mort-e1773401604803.jpg","contentUrl":"https:\/\/www.nettali.com\/wp-content\/uploads\/2026\/03\/Militaire-mort-e1773401604803.jpg","width":715,"height":688},{"@type":"WebPage","@id":"https:\/\/www.nettali.com\/2026\/03\/13\/disparition-du-sergent-chef-nfally-sonko-lensoa-rend-hommage-a-un-sous-officier-tombe-au-champ-dhonneur\/#webpage","url":"https:\/\/www.nettali.com\/2026\/03\/13\/disparition-du-sergent-chef-nfally-sonko-lensoa-rend-hommage-a-un-sous-officier-tombe-au-champ-dhonneur\/","name":"DISPARITION DU SERGENT-CHEF NFALLY SONKO : l\u2019ENSOA rend hommage \u00e0 un sous-officier tomb\u00e9 au champ d\u2019honneur | Nettali.com","isPartOf":{"@id":"https:\/\/www.nettali.com\/#website"},"primaryImageOfPage":{"@id":"https:\/\/www.nettali.com\/2026\/03\/13\/disparition-du-sergent-chef-nfally-sonko-lensoa-rend-hommage-a-un-sous-officier-tombe-au-champ-dhonneur\/#primaryimage"},"datePublished":"2026-03-13T15:28:00+00:00","dateModified":"2026-03-13T11:38:48+00:00","author":{"@id":"https:\/\/www.nettali.com\/#\/schema\/person\/3317e0bb3aa1da309fbf7b2780901bf4"},"breadcrumb":{"@id":"https:\/\/www.nettali.com\/2026\/03\/13\/disparition-du-sergent-chef-nfally-sonko-lensoa-rend-hommage-a-un-sous-officier-tombe-au-champ-dhonneur\/#breadcrumb"},"inLanguage":"fr-FR","potentialAction":[{"@type":"ReadAction","target":["https:\/\/www.nettali.com\/2026\/03\/13\/disparition-du-sergent-chef-nfally-sonko-lensoa-rend-hommage-a-un-sous-officier-tombe-au-champ-dhonneur\/"]}]},{"@type":"BreadcrumbList","@id":"https:\/\/www.nettali.com\/2026\/03\/13\/disparition-du-sergent-chef-nfally-sonko-lensoa-rend-hommage-a-un-sous-officier-tombe-au-champ-dhonneur\/#breadcrumb","itemListElement":[{"@type":"ListItem","position":1,"name":"Accueil","item":"https:\/\/www.nettali.com\/"},{"@type":"ListItem","position":2,"name":"DISPARITION DU SERGENT-CHEF NFALLY SONKO : l\u2019ENSOA rend hommage \u00e0 un sous-officier tomb\u00e9 au champ d\u2019honneur"}]},{"@type":"Person","@id":"https:\/\/www.nettali.com\/#\/schema\/person\/3317e0bb3aa1da309fbf7b2780901bf4","name":"Daouda","image":{"@type":"ImageObject","@id":"https:\/\/www.nettali.com\/#personlogo","inLanguage":"fr-FR","url":"https:\/\/secure.gravatar.com\/avatar\/8d143b5a49345098ddcfee1c49c2f47c?s=96&d=mm&r=g","contentUrl":"https:\/\/secure.gravatar.com\/avatar\/8d143b5a49345098ddcfee1c49c2f47c?s=96&d=mm&r=g","caption":"Daouda"},"sameAs":["https:\/\/www.nettali.com"]}]}},"_links":{"self":[{"href":"https:\/\/www.nettali.com\/rest\/wp\/v2\/posts\/170879"}],"collection":[{"href":"https:\/\/www.nettali.com\/rest\/wp\/v2\/posts"}],"about":[{"href":"https:\/\/www.nettali.com\/rest\/wp\/v2\/types\/post"}],"author":[{"embeddable":true,"href":"https:\/\/www.nettali.com\/rest\/wp\/v2\/users\/4"}],"replies":[{"embeddable":true,"href":"https:\/\/www.nettali.com\/rest\/wp\/v2\/comments?post=170879"}],"version-history":[{"count":1,"href":"https:\/\/www.nettali.com\/rest\/wp\/v2\/posts\/170879\/revisions"}],"predecessor-version":[{"id":170881,"href":"https:\/\/www.nettali.com\/rest\/wp\/v2\/posts\/170879\/revisions\/170881"}],"wp:featuredmedia":[{"embeddable":true,"href":"https:\/\/www.nettali.com\/rest\/wp\/v2\/media\/170880"}],"wp:attachment":[{"href":"https:\/\/www.nettali.com\/rest\/wp\/v2\/media?parent=170879"}],"wp:term":[{"taxonomy":"category","embeddable":true,"href":"https:\/\/www.nettali.com\/rest\/wp\/v2\/categories?post=170879"},{"taxonomy":"post_tag","embeddable":true,"href":"https:\/\/www.nettali.com\/rest\/wp\/v2\/tags?post=170879"}],"curies":[{"name":"wp","href":"https:\/\/api.w.org\/{rel}","templated":true}]}}