{"id":170862,"date":"2026-03-13T12:00:29","date_gmt":"2026-03-13T12:00:29","guid":{"rendered":"https:\/\/www.nettali.com\/?p=170862"},"modified":"2026-03-13T06:35:20","modified_gmt":"2026-03-13T06:35:20","slug":"patrimoine-bati-nous-allons-le-recuperer-avec-ou-sans-decision-de-justice","status":"publish","type":"post","link":"https:\/\/www.nettali.com\/2026\/03\/13\/patrimoine-bati-nous-allons-le-recuperer-avec-ou-sans-decision-de-justice\/","title":{"rendered":"PATRIMOINE B\u00c2TI - \"Nous allons le r\u00e9cup\u00e9rer avec ou sans d\u00e9cision de justice\""},"content":{"rendered":"<p><strong>NETTALI.COM -<\/strong> Lors de son face \u00e0 face avec la presse, le jeudi 12 mars, le Premier ministre a annonc\u00e9 une pluie de milliards obtenus gr\u00e2ce \u00e0 la ren\u00e9gociation des contrats dans plusieurs secteurs. L'une des questions qui a attir\u00e9 l\u2019attention des autorit\u00e9s, c\u2019est le patrimoine b\u00e2ti. Le PM a d\u00e9nonc\u00e9 une patrimonialisation de ce patrimoine, avec notamment de hauts fonctionnaires qui gardent leurs logements.<\/p>\n<p>\u201c<em>Le patrimoine appartient \u00e0 l\u2019\u00c9tat. On ne peut le privatiser. Ce patrimoine nous le r\u00e9cup\u00e9rerons avec ou sans d\u00e9cision de justice<\/em>\u201d, a-t-il menac\u00e9 en r\u00e9action \u00e0 une d\u00e9cision qui a \u00e9t\u00e9 rendue.<\/p>\n<p>Toujours dans ce secteur, le DG de la Sogepa a rendu compte de l\u2019\u00e9tat d\u2019avancement des travaux. \u201c<em>Sur 19 contrats, on a ren\u00e9goci\u00e9 8 avec des gains de 25 milliards. Il y a aussi la r\u00e9cup\u00e9ration d\u2019une vingtaine d\u2019immeubles c\u00e9d\u00e9s \u00e0 des particuliers dans des conditions non transparentes. C\u2019est plus de 50 milliards d\u2019actifs que nous avons repris<\/em>\u201d, a expliqu\u00e9 le DG Elimane Pouye.<\/p>\n<p>Dans le m\u00eame sillage, il a annonc\u00e9 des baisses de charges locatives de l\u2019ordre de 4 milliards gr\u00e2ce \u00e0 la ren\u00e9gociation de la cit\u00e9 des nations unies, le b\u00e2timent HCCT\u2026<\/p>\n<div class='share-to-whatsapp-wrapper'><div class='share-on-whsp'>PARTAGER SUR : <\/div><a data-text='PATRIMOINE B\u00c2TI - \"Nous allons le r\u00e9cup\u00e9rer avec ou sans d\u00e9cision de justice\"' data-link='https:\/\/www.nettali.com\/2026\/03\/13\/patrimoine-bati-nous-allons-le-recuperer-avec-ou-sans-decision-de-justice\/' class='whatsapp-button whatsapp-share'>WhatsApp<\/a><div class='clear '><\/div><\/div>","protected":false},"excerpt":{"rendered":"<p>NETTALI.COM - Lors de son face \u00e0 face avec la presse, le jeudi 12 mars, le Premier ministre a annonc\u00e9 une pluie de milliards obtenus gr\u00e2ce \u00e0 la ren\u00e9gociation des contrats dans plusieurs secteurs. L'une des questions qui a attir\u00e9 l\u2019attention des autorit\u00e9s, c\u2019est le patrimoine b\u00e2ti. Le PM a d\u00e9nonc\u00e9 une patrimonialisation de ce [&hellip;]<\/p>\n","protected":false},"author":2,"featured_media":170860,"comment_status":"open","ping_status":"open","sticky":false,"template":"","format":"standard","meta":{"_et_pb_use_builder":"","_et_pb_old_content":""},"categories":[34945],"tags":[],"yoast_head":"<!-- This site is optimized with the Yoast SEO Premium plugin v17.8 (Yoast SEO v17.8) - https:\/\/yoast.com\/wordpress\/plugins\/seo\/ -->\n<title>PATRIMOINE B\u00c2TI - &quot;Nous allons le r\u00e9cup\u00e9rer avec ou sans d\u00e9cision de justice&quot; | Nettali.com<\/title>\n<meta name=\"robots\" content=\"index, follow, max-snippet:-1, max-image-preview:large, max-video-preview:-1\" \/>\n<link rel=\"canonical\" href=\"https:\/\/www.nettali.com\/2026\/03\/13\/patrimoine-bati-nous-allons-le-recuperer-avec-ou-sans-decision-de-justice\/\" \/>\n<meta property=\"og:locale\" content=\"fr_FR\" \/>\n<meta property=\"og:type\" content=\"article\" \/>\n<meta property=\"og:title\" content=\"PATRIMOINE B\u00c2TI - &quot;Nous allons le r\u00e9cup\u00e9rer avec ou sans d\u00e9cision de justice&quot;\" \/>\n<meta property=\"og:description\" content=\"NETTALI.COM - Lors de son face \u00e0 face avec la presse, le jeudi 12 mars, le Premier ministre a annonc\u00e9 une pluie de milliards obtenus gr\u00e2ce \u00e0 la ren\u00e9gociation des contrats dans plusieurs secteurs. L&#039;une des questions qui a attir\u00e9 l\u2019attention des autorit\u00e9s, c\u2019est le patrimoine b\u00e2ti. Le PM a d\u00e9nonc\u00e9 une patrimonialisation de ce [&hellip;]\" \/>\n<meta property=\"og:url\" content=\"https:\/\/www.nettali.com\/2026\/03\/13\/patrimoine-bati-nous-allons-le-recuperer-avec-ou-sans-decision-de-justice\/\" \/>\n<meta property=\"og:site_name\" content=\"Nettali.com\" \/>\n<meta property=\"article:publisher\" content=\"https:\/\/www.facebook.com\/nettalicom\" \/>\n<meta property=\"article:published_time\" content=\"2026-03-13T12:00:29+00:00\" \/>\n<meta property=\"article:modified_time\" content=\"2026-03-13T06:35:20+00:00\" \/>\n<meta property=\"og:image\" content=\"https:\/\/www.nettali.com\/wp-content\/uploads\/2026\/03\/images-6.jpeg\" \/>\n\t<meta property=\"og:image:width\" content=\"275\" \/>\n\t<meta property=\"og:image:height\" content=\"183\" \/>\n<meta name=\"twitter:card\" content=\"summary_large_image\" \/>\n<meta name=\"twitter:label1\" content=\"\u00c9crit par\" \/>\n\t<meta name=\"twitter:data1\" content=\"CK\" \/>\n\t<meta name=\"twitter:label2\" content=\"Dur\u00e9e de lecture estim\u00e9e\" \/>\n\t<meta name=\"twitter:data2\" content=\"1 minute\" \/>\n<script type=\"application\/ld+json\" class=\"yoast-schema-graph\">{\"@context\":\"https:\/\/schema.org\",\"@graph\":[{\"@type\":\"WebSite\",\"@id\":\"https:\/\/www.nettali.com\/#website\",\"url\":\"https:\/\/www.nettali.com\/\",\"name\":\"Nettali.com\",\"description\":\"Le rendez-vous critique du Net\",\"potentialAction\":[{\"@type\":\"SearchAction\",\"target\":{\"@type\":\"EntryPoint\",\"urlTemplate\":\"https:\/\/www.nettali.com\/?s={search_term_string}\"},\"query-input\":\"required name=search_term_string\"}],\"inLanguage\":\"fr-FR\"},{\"@type\":\"ImageObject\",\"@id\":\"https:\/\/www.nettali.com\/2026\/03\/13\/patrimoine-bati-nous-allons-le-recuperer-avec-ou-sans-decision-de-justice\/#primaryimage\",\"inLanguage\":\"fr-FR\",\"url\":\"https:\/\/www.nettali.com\/wp-content\/uploads\/2026\/03\/images-6.jpeg\",\"contentUrl\":\"https:\/\/www.nettali.com\/wp-content\/uploads\/2026\/03\/images-6.jpeg\",\"width\":275,\"height\":183},{\"@type\":\"WebPage\",\"@id\":\"https:\/\/www.nettali.com\/2026\/03\/13\/patrimoine-bati-nous-allons-le-recuperer-avec-ou-sans-decision-de-justice\/#webpage\",\"url\":\"https:\/\/www.nettali.com\/2026\/03\/13\/patrimoine-bati-nous-allons-le-recuperer-avec-ou-sans-decision-de-justice\/\",\"name\":\"PATRIMOINE B\\u00c2TI - \\\"Nous allons le r\\u00e9cup\\u00e9rer avec ou sans d\\u00e9cision de justice\\\" | Nettali.com\",\"isPartOf\":{\"@id\":\"https:\/\/www.nettali.com\/#website\"},\"primaryImageOfPage\":{\"@id\":\"https:\/\/www.nettali.com\/2026\/03\/13\/patrimoine-bati-nous-allons-le-recuperer-avec-ou-sans-decision-de-justice\/#primaryimage\"},\"datePublished\":\"2026-03-13T12:00:29+00:00\",\"dateModified\":\"2026-03-13T06:35:20+00:00\",\"author\":{\"@id\":\"https:\/\/www.nettali.com\/#\/schema\/person\/d8ac7b7e27ddad43f1c0d2ef090d7f71\"},\"breadcrumb\":{\"@id\":\"https:\/\/www.nettali.com\/2026\/03\/13\/patrimoine-bati-nous-allons-le-recuperer-avec-ou-sans-decision-de-justice\/#breadcrumb\"},\"inLanguage\":\"fr-FR\",\"potentialAction\":[{\"@type\":\"ReadAction\",\"target\":[\"https:\/\/www.nettali.com\/2026\/03\/13\/patrimoine-bati-nous-allons-le-recuperer-avec-ou-sans-decision-de-justice\/\"]}]},{\"@type\":\"BreadcrumbList\",\"@id\":\"https:\/\/www.nettali.com\/2026\/03\/13\/patrimoine-bati-nous-allons-le-recuperer-avec-ou-sans-decision-de-justice\/#breadcrumb\",\"itemListElement\":[{\"@type\":\"ListItem\",\"position\":1,\"name\":\"Accueil\",\"item\":\"https:\/\/www.nettali.com\/\"},{\"@type\":\"ListItem\",\"position\":2,\"name\":\"PATRIMOINE B\\u00c2TI - \\\"Nous allons le r\\u00e9cup\\u00e9rer avec ou sans d\\u00e9cision de justice\\\"\"}]},{\"@type\":\"Person\",\"@id\":\"https:\/\/www.nettali.com\/#\/schema\/person\/d8ac7b7e27ddad43f1c0d2ef090d7f71\",\"name\":\"CK\",\"image\":{\"@type\":\"ImageObject\",\"@id\":\"https:\/\/www.nettali.com\/#personlogo\",\"inLanguage\":\"fr-FR\",\"url\":\"https:\/\/secure.gravatar.com\/avatar\/1d8d5118b9327d94da7cd4ce7f17fec2?s=96&d=mm&r=g\",\"contentUrl\":\"https:\/\/secure.gravatar.com\/avatar\/1d8d5118b9327d94da7cd4ce7f17fec2?s=96&d=mm&r=g\",\"caption\":\"CK\"},\"sameAs\":[\"https:\/\/www.nettali.com\"]}]}<\/script>\n<!-- \/ Yoast SEO Premium plugin. -->","yoast_head_json":{"title":"PATRIMOINE B\u00c2TI - \"Nous allons le r\u00e9cup\u00e9rer avec ou sans d\u00e9cision de justice\" | Nettali.com","robots":{"index":"index","follow":"follow","max-snippet":"max-snippet:-1","max-image-preview":"max-image-preview:large","max-video-preview":"max-video-preview:-1"},"canonical":"https:\/\/www.nettali.com\/2026\/03\/13\/patrimoine-bati-nous-allons-le-recuperer-avec-ou-sans-decision-de-justice\/","og_locale":"fr_FR","og_type":"article","og_title":"PATRIMOINE B\u00c2TI - \"Nous allons le r\u00e9cup\u00e9rer avec ou sans d\u00e9cision de justice\"","og_description":"NETTALI.COM - Lors de son face \u00e0 face avec la presse, le jeudi 12 mars, le Premier ministre a annonc\u00e9 une pluie de milliards obtenus gr\u00e2ce \u00e0 la ren\u00e9gociation des contrats dans plusieurs secteurs. L'une des questions qui a attir\u00e9 l\u2019attention des autorit\u00e9s, c\u2019est le patrimoine b\u00e2ti. Le PM a d\u00e9nonc\u00e9 une patrimonialisation de ce [&hellip;]","og_url":"https:\/\/www.nettali.com\/2026\/03\/13\/patrimoine-bati-nous-allons-le-recuperer-avec-ou-sans-decision-de-justice\/","og_site_name":"Nettali.com","article_publisher":"https:\/\/www.facebook.com\/nettalicom","article_published_time":"2026-03-13T12:00:29+00:00","article_modified_time":"2026-03-13T06:35:20+00:00","og_image":[{"width":275,"height":183,"url":"https:\/\/www.nettali.com\/wp-content\/uploads\/2026\/03\/images-6.jpeg","type":"image\/jpeg"}],"twitter_card":"summary_large_image","twitter_misc":{"\u00c9crit par":"CK","Dur\u00e9e de lecture estim\u00e9e":"1 minute"},"schema":{"@context":"https:\/\/schema.org","@graph":[{"@type":"WebSite","@id":"https:\/\/www.nettali.com\/#website","url":"https:\/\/www.nettali.com\/","name":"Nettali.com","description":"Le rendez-vous critique du Net","potentialAction":[{"@type":"SearchAction","target":{"@type":"EntryPoint","urlTemplate":"https:\/\/www.nettali.com\/?s={search_term_string}"},"query-input":"required name=search_term_string"}],"inLanguage":"fr-FR"},{"@type":"ImageObject","@id":"https:\/\/www.nettali.com\/2026\/03\/13\/patrimoine-bati-nous-allons-le-recuperer-avec-ou-sans-decision-de-justice\/#primaryimage","inLanguage":"fr-FR","url":"https:\/\/www.nettali.com\/wp-content\/uploads\/2026\/03\/images-6.jpeg","contentUrl":"https:\/\/www.nettali.com\/wp-content\/uploads\/2026\/03\/images-6.jpeg","width":275,"height":183},{"@type":"WebPage","@id":"https:\/\/www.nettali.com\/2026\/03\/13\/patrimoine-bati-nous-allons-le-recuperer-avec-ou-sans-decision-de-justice\/#webpage","url":"https:\/\/www.nettali.com\/2026\/03\/13\/patrimoine-bati-nous-allons-le-recuperer-avec-ou-sans-decision-de-justice\/","name":"PATRIMOINE B\u00c2TI - \"Nous allons le r\u00e9cup\u00e9rer avec ou sans d\u00e9cision de justice\" | Nettali.com","isPartOf":{"@id":"https:\/\/www.nettali.com\/#website"},"primaryImageOfPage":{"@id":"https:\/\/www.nettali.com\/2026\/03\/13\/patrimoine-bati-nous-allons-le-recuperer-avec-ou-sans-decision-de-justice\/#primaryimage"},"datePublished":"2026-03-13T12:00:29+00:00","dateModified":"2026-03-13T06:35:20+00:00","author":{"@id":"https:\/\/www.nettali.com\/#\/schema\/person\/d8ac7b7e27ddad43f1c0d2ef090d7f71"},"breadcrumb":{"@id":"https:\/\/www.nettali.com\/2026\/03\/13\/patrimoine-bati-nous-allons-le-recuperer-avec-ou-sans-decision-de-justice\/#breadcrumb"},"inLanguage":"fr-FR","potentialAction":[{"@type":"ReadAction","target":["https:\/\/www.nettali.com\/2026\/03\/13\/patrimoine-bati-nous-allons-le-recuperer-avec-ou-sans-decision-de-justice\/"]}]},{"@type":"BreadcrumbList","@id":"https:\/\/www.nettali.com\/2026\/03\/13\/patrimoine-bati-nous-allons-le-recuperer-avec-ou-sans-decision-de-justice\/#breadcrumb","itemListElement":[{"@type":"ListItem","position":1,"name":"Accueil","item":"https:\/\/www.nettali.com\/"},{"@type":"ListItem","position":2,"name":"PATRIMOINE B\u00c2TI - \"Nous allons le r\u00e9cup\u00e9rer avec ou sans d\u00e9cision de justice\""}]},{"@type":"Person","@id":"https:\/\/www.nettali.com\/#\/schema\/person\/d8ac7b7e27ddad43f1c0d2ef090d7f71","name":"CK","image":{"@type":"ImageObject","@id":"https:\/\/www.nettali.com\/#personlogo","inLanguage":"fr-FR","url":"https:\/\/secure.gravatar.com\/avatar\/1d8d5118b9327d94da7cd4ce7f17fec2?s=96&d=mm&r=g","contentUrl":"https:\/\/secure.gravatar.com\/avatar\/1d8d5118b9327d94da7cd4ce7f17fec2?s=96&d=mm&r=g","caption":"CK"},"sameAs":["https:\/\/www.nettali.com"]}]}},"_links":{"self":[{"href":"https:\/\/www.nettali.com\/rest\/wp\/v2\/posts\/170862"}],"collection":[{"href":"https:\/\/www.nettali.com\/rest\/wp\/v2\/posts"}],"about":[{"href":"https:\/\/www.nettali.com\/rest\/wp\/v2\/types\/post"}],"author":[{"embeddable":true,"href":"https:\/\/www.nettali.com\/rest\/wp\/v2\/users\/2"}],"replies":[{"embeddable":true,"href":"https:\/\/www.nettali.com\/rest\/wp\/v2\/comments?post=170862"}],"version-history":[{"count":3,"href":"https:\/\/www.nettali.com\/rest\/wp\/v2\/posts\/170862\/revisions"}],"predecessor-version":[{"id":170865,"href":"https:\/\/www.nettali.com\/rest\/wp\/v2\/posts\/170862\/revisions\/170865"}],"wp:featuredmedia":[{"embeddable":true,"href":"https:\/\/www.nettali.com\/rest\/wp\/v2\/media\/170860"}],"wp:attachment":[{"href":"https:\/\/www.nettali.com\/rest\/wp\/v2\/media?parent=170862"}],"wp:term":[{"taxonomy":"category","embeddable":true,"href":"https:\/\/www.nettali.com\/rest\/wp\/v2\/categories?post=170862"},{"taxonomy":"post_tag","embeddable":true,"href":"https:\/\/www.nettali.com\/rest\/wp\/v2\/tags?post=170862"}],"curies":[{"name":"wp","href":"https:\/\/api.w.org\/{rel}","templated":true}]}}