{"id":170853,"date":"2026-03-13T10:00:22","date_gmt":"2026-03-13T10:00:22","guid":{"rendered":"https:\/\/www.nettali.com\/?p=170853"},"modified":"2026-03-14T05:58:07","modified_gmt":"2026-03-14T05:58:07","slug":"propos-contre-le-chef-de-letat-a-lassemblee-nationale-la-coalition-diomaye-saisit-le-procureur-et-interpelle-le-president-de-lassemblee","status":"publish","type":"post","link":"https:\/\/www.nettali.com\/2026\/03\/13\/propos-contre-le-chef-de-letat-a-lassemblee-nationale-la-coalition-diomaye-saisit-le-procureur-et-interpelle-le-president-de-lassemblee\/","title":{"rendered":"PROPOS CONTRE LE CHEF DE L\u2019\u00c9TAT \u00c0 L\u2019ASSEMBL\u00c9E NATIONALE - La coalition Diomaye saisit le procureur et interpelle le pr\u00e9sident de l\u2019Assembl\u00e9e"},"content":{"rendered":"<p><strong>NETTALI.COM -<\/strong> La pol\u00e9mique suscit\u00e9e par les propos tenus \u00e0 l\u2019Assembl\u00e9e nationale par le d\u00e9put\u00e9 Cheikh Bara Ndiaye, continue de provoquer des r\u00e9actions. La Conf\u00e9rence des leaders de la coalition Diomaye Pr\u00e9sident, \u00e0 travers plusieurs de ses composantes, a d\u00e9cid\u00e9 de porter l\u2019affaire sur les plans institutionnel et judiciaire.<\/p>\n<p>Dans deux correspondances dat\u00e9es du 12 mars 2026, l\u2019Organisation nationale citoyenne (ONC) et la coalition \u00d1un \u00d1epp ont respectivement interpell\u00e9 le pr\u00e9sident de l\u2019Assembl\u00e9e nationale et saisi le procureur de la R\u00e9publique pour d\u00e9noncer les propos jug\u00e9s \u201cscandaleux\u201d et \u201coutrageants\u201d du d\u00e9put\u00e9.<\/p>\n<p>Dans sa lettre adress\u00e9e au pr\u00e9sident de l\u2019Assembl\u00e9e nationale, l\u2019Organisation nationale citoyenne rappelle que l\u2019h\u00e9micycle doit demeurer un espace d\u2019expression politique respectueux des institutions. Selon l\u2019ONC, les d\u00e9clarations du d\u00e9put\u00e9 Bara Ndiaye, tenues le 11 mars 2026 lors des d\u00e9bats parlementaires, constituent une atteinte grave \u00e0 la dignit\u00e9 de la fonction pr\u00e9sidentielle.<\/p>\n<p>L\u2019organisation demande ainsi l\u2019application d\u2019une sanction exemplaire conform\u00e9ment aux dispositions de l\u2019article 88 du r\u00e8glement int\u00e9rieur de l\u2019Assembl\u00e9e nationale.<\/p>\n<p>De son c\u00f4t\u00e9, la coalition \u00d1un \u00d1epp a d\u00e9cid\u00e9 de saisir directement le parquet. Dans un courrier adress\u00e9 au procureur de la R\u00e9publique pr\u00e8s le Tribunal de grande instance hors classe de Dakar, la coalition estime que les propos tenus \u00e0 l\u2019Assembl\u00e9e nationale sont susceptibles de constituer un outrage au chef de l\u2019\u00c9tat et une atteinte \u00e0 l\u2019honneur des institutions de la R\u00e9publique.<\/p>\n<p>Le document rappelle notamment que le Code p\u00e9nal s\u00e9n\u00e9galais r\u00e9prime plusieurs infractions li\u00e9es \u00e0 l\u2019outrage envers le chef de l\u2019\u00c9tat, notamment \u00e0 travers l\u2019article 254 relatif aux offenses publiques par parole, \u00e9crit ou tout autre moyen de diffusion. Au regard du caract\u00e8re public des propos et de leur port\u00e9e institutionnelle, la coalition demande au parquet d\u2019appr\u00e9cier la qualification juridique des faits et d\u2019engager, le cas \u00e9ch\u00e9ant, les poursuites appropri\u00e9es.<\/p>\n<p>Ces deux d\u00e9marches sont endoss\u00e9es par les membres de la Conf\u00e9rence des leaders de la coalition Diomaye Pr\u00e9sident, notamment Mimi 2024, l\u2019Organisation nationale citoyenne, le Mouvement pour la r\u00e9volution citoyenne ainsi que Awal\u00e9. Pour les signataires, la pr\u00e9servation du respect d\u00fb aux institutions de la R\u00e9publique et \u00e0 la fonction pr\u00e9sidentielle constitue un imp\u00e9ratif pour la stabilit\u00e9 de l\u2019\u00c9tat de droit.<\/p>\n<p>Cette affaire intervient dans un climat politique particuli\u00e8rement tendu, marqu\u00e9 par de vifs \u00e9changes \u00e0 l\u2019Assembl\u00e9e nationale lors de l\u2019examen de la loi visant \u00e0 renforcer les sanctions contre les relations homosexuelles.<\/p>\n<div class='share-to-whatsapp-wrapper'><div class='share-on-whsp'>PARTAGER SUR : <\/div><a data-text='PROPOS CONTRE LE CHEF DE L\u2019\u00c9TAT \u00c0 L\u2019ASSEMBL\u00c9E NATIONALE - La coalition Diomaye saisit le procureur et interpelle le pr\u00e9sident de l\u2019Assembl\u00e9e' data-link='https:\/\/www.nettali.com\/2026\/03\/13\/propos-contre-le-chef-de-letat-a-lassemblee-nationale-la-coalition-diomaye-saisit-le-procureur-et-interpelle-le-president-de-lassemblee\/' class='whatsapp-button whatsapp-share'>WhatsApp<\/a><div class='clear '><\/div><\/div>","protected":false},"excerpt":{"rendered":"<p>NETTALI.COM - La pol\u00e9mique suscit\u00e9e par les propos tenus \u00e0 l\u2019Assembl\u00e9e nationale par le d\u00e9put\u00e9 Cheikh Bara Ndiaye, continue de provoquer des r\u00e9actions. La Conf\u00e9rence des leaders de la coalition Diomaye Pr\u00e9sident, \u00e0 travers plusieurs de ses composantes, a d\u00e9cid\u00e9 de porter l\u2019affaire sur les plans institutionnel et judiciaire. Dans deux correspondances dat\u00e9es du 12 [&hellip;]<\/p>\n","protected":false},"author":2,"featured_media":170854,"comment_status":"open","ping_status":"open","sticky":false,"template":"","format":"standard","meta":{"_et_pb_use_builder":"","_et_pb_old_content":""},"categories":[34945],"tags":[],"yoast_head":"<!-- This site is optimized with the Yoast SEO Premium plugin v17.8 (Yoast SEO v17.8) - https:\/\/yoast.com\/wordpress\/plugins\/seo\/ -->\n<title>PROPOS CONTRE LE CHEF DE L\u2019\u00c9TAT \u00c0 L\u2019ASSEMBL\u00c9E NATIONALE - La coalition Diomaye saisit le procureur et interpelle le pr\u00e9sident de l\u2019Assembl\u00e9e | Nettali.com<\/title>\n<meta name=\"robots\" content=\"index, follow, max-snippet:-1, max-image-preview:large, max-video-preview:-1\" \/>\n<link rel=\"canonical\" href=\"https:\/\/www.nettali.com\/2026\/03\/13\/propos-contre-le-chef-de-letat-a-lassemblee-nationale-la-coalition-diomaye-saisit-le-procureur-et-interpelle-le-president-de-lassemblee\/\" \/>\n<meta property=\"og:locale\" content=\"fr_FR\" \/>\n<meta property=\"og:type\" content=\"article\" \/>\n<meta property=\"og:title\" content=\"PROPOS CONTRE LE CHEF DE L\u2019\u00c9TAT \u00c0 L\u2019ASSEMBL\u00c9E NATIONALE - La coalition Diomaye saisit le procureur et interpelle le pr\u00e9sident de l\u2019Assembl\u00e9e\" \/>\n<meta property=\"og:description\" content=\"NETTALI.COM - La pol\u00e9mique suscit\u00e9e par les propos tenus \u00e0 l\u2019Assembl\u00e9e nationale par le d\u00e9put\u00e9 Cheikh Bara Ndiaye, continue de provoquer des r\u00e9actions. La Conf\u00e9rence des leaders de la coalition Diomaye Pr\u00e9sident, \u00e0 travers plusieurs de ses composantes, a d\u00e9cid\u00e9 de porter l\u2019affaire sur les plans institutionnel et judiciaire. Dans deux correspondances dat\u00e9es du 12 [&hellip;]\" \/>\n<meta property=\"og:url\" content=\"https:\/\/www.nettali.com\/2026\/03\/13\/propos-contre-le-chef-de-letat-a-lassemblee-nationale-la-coalition-diomaye-saisit-le-procureur-et-interpelle-le-president-de-lassemblee\/\" \/>\n<meta property=\"og:site_name\" content=\"Nettali.com\" \/>\n<meta property=\"article:publisher\" content=\"https:\/\/www.facebook.com\/nettalicom\" \/>\n<meta property=\"article:published_time\" content=\"2026-03-13T10:00:22+00:00\" \/>\n<meta property=\"article:modified_time\" content=\"2026-03-14T05:58:07+00:00\" \/>\n<meta property=\"og:image\" content=\"https:\/\/www.nettali.com\/wp-content\/uploads\/2026\/03\/img_2194.jpeg\" \/>\n\t<meta property=\"og:image:width\" content=\"998\" \/>\n\t<meta property=\"og:image:height\" content=\"500\" \/>\n<meta name=\"twitter:card\" content=\"summary_large_image\" \/>\n<meta name=\"twitter:label1\" content=\"\u00c9crit par\" \/>\n\t<meta name=\"twitter:data1\" content=\"CK\" \/>\n\t<meta name=\"twitter:label2\" content=\"Dur\u00e9e de lecture estim\u00e9e\" \/>\n\t<meta name=\"twitter:data2\" content=\"2 minutes\" \/>\n<script type=\"application\/ld+json\" class=\"yoast-schema-graph\">{\"@context\":\"https:\/\/schema.org\",\"@graph\":[{\"@type\":\"WebSite\",\"@id\":\"https:\/\/www.nettali.com\/#website\",\"url\":\"https:\/\/www.nettali.com\/\",\"name\":\"Nettali.com\",\"description\":\"Le rendez-vous critique du Net\",\"potentialAction\":[{\"@type\":\"SearchAction\",\"target\":{\"@type\":\"EntryPoint\",\"urlTemplate\":\"https:\/\/www.nettali.com\/?s={search_term_string}\"},\"query-input\":\"required name=search_term_string\"}],\"inLanguage\":\"fr-FR\"},{\"@type\":\"ImageObject\",\"@id\":\"https:\/\/www.nettali.com\/2026\/03\/13\/propos-contre-le-chef-de-letat-a-lassemblee-nationale-la-coalition-diomaye-saisit-le-procureur-et-interpelle-le-president-de-lassemblee\/#primaryimage\",\"inLanguage\":\"fr-FR\",\"url\":\"https:\/\/www.nettali.com\/wp-content\/uploads\/2026\/03\/img_2194.jpeg\",\"contentUrl\":\"https:\/\/www.nettali.com\/wp-content\/uploads\/2026\/03\/img_2194.jpeg\",\"width\":998,\"height\":500},{\"@type\":\"WebPage\",\"@id\":\"https:\/\/www.nettali.com\/2026\/03\/13\/propos-contre-le-chef-de-letat-a-lassemblee-nationale-la-coalition-diomaye-saisit-le-procureur-et-interpelle-le-president-de-lassemblee\/#webpage\",\"url\":\"https:\/\/www.nettali.com\/2026\/03\/13\/propos-contre-le-chef-de-letat-a-lassemblee-nationale-la-coalition-diomaye-saisit-le-procureur-et-interpelle-le-president-de-lassemblee\/\",\"name\":\"PROPOS CONTRE LE CHEF DE L\\u2019\\u00c9TAT \\u00c0 L\\u2019ASSEMBL\\u00c9E NATIONALE - La coalition Diomaye saisit le procureur et interpelle le pr\\u00e9sident de l\\u2019Assembl\\u00e9e | Nettali.com\",\"isPartOf\":{\"@id\":\"https:\/\/www.nettali.com\/#website\"},\"primaryImageOfPage\":{\"@id\":\"https:\/\/www.nettali.com\/2026\/03\/13\/propos-contre-le-chef-de-letat-a-lassemblee-nationale-la-coalition-diomaye-saisit-le-procureur-et-interpelle-le-president-de-lassemblee\/#primaryimage\"},\"datePublished\":\"2026-03-13T10:00:22+00:00\",\"dateModified\":\"2026-03-14T05:58:07+00:00\",\"author\":{\"@id\":\"https:\/\/www.nettali.com\/#\/schema\/person\/d8ac7b7e27ddad43f1c0d2ef090d7f71\"},\"breadcrumb\":{\"@id\":\"https:\/\/www.nettali.com\/2026\/03\/13\/propos-contre-le-chef-de-letat-a-lassemblee-nationale-la-coalition-diomaye-saisit-le-procureur-et-interpelle-le-president-de-lassemblee\/#breadcrumb\"},\"inLanguage\":\"fr-FR\",\"potentialAction\":[{\"@type\":\"ReadAction\",\"target\":[\"https:\/\/www.nettali.com\/2026\/03\/13\/propos-contre-le-chef-de-letat-a-lassemblee-nationale-la-coalition-diomaye-saisit-le-procureur-et-interpelle-le-president-de-lassemblee\/\"]}]},{\"@type\":\"BreadcrumbList\",\"@id\":\"https:\/\/www.nettali.com\/2026\/03\/13\/propos-contre-le-chef-de-letat-a-lassemblee-nationale-la-coalition-diomaye-saisit-le-procureur-et-interpelle-le-president-de-lassemblee\/#breadcrumb\",\"itemListElement\":[{\"@type\":\"ListItem\",\"position\":1,\"name\":\"Accueil\",\"item\":\"https:\/\/www.nettali.com\/\"},{\"@type\":\"ListItem\",\"position\":2,\"name\":\"PROPOS CONTRE LE CHEF DE L\\u2019\\u00c9TAT \\u00c0 L\\u2019ASSEMBL\\u00c9E NATIONALE - La coalition Diomaye saisit le procureur et interpelle le pr\\u00e9sident de l\\u2019Assembl\\u00e9e\"}]},{\"@type\":\"Person\",\"@id\":\"https:\/\/www.nettali.com\/#\/schema\/person\/d8ac7b7e27ddad43f1c0d2ef090d7f71\",\"name\":\"CK\",\"image\":{\"@type\":\"ImageObject\",\"@id\":\"https:\/\/www.nettali.com\/#personlogo\",\"inLanguage\":\"fr-FR\",\"url\":\"https:\/\/secure.gravatar.com\/avatar\/1d8d5118b9327d94da7cd4ce7f17fec2?s=96&d=mm&r=g\",\"contentUrl\":\"https:\/\/secure.gravatar.com\/avatar\/1d8d5118b9327d94da7cd4ce7f17fec2?s=96&d=mm&r=g\",\"caption\":\"CK\"},\"sameAs\":[\"https:\/\/www.nettali.com\"]}]}<\/script>\n<!-- \/ Yoast SEO Premium plugin. -->","yoast_head_json":{"title":"PROPOS CONTRE LE CHEF DE L\u2019\u00c9TAT \u00c0 L\u2019ASSEMBL\u00c9E NATIONALE - La coalition Diomaye saisit le procureur et interpelle le pr\u00e9sident de l\u2019Assembl\u00e9e | Nettali.com","robots":{"index":"index","follow":"follow","max-snippet":"max-snippet:-1","max-image-preview":"max-image-preview:large","max-video-preview":"max-video-preview:-1"},"canonical":"https:\/\/www.nettali.com\/2026\/03\/13\/propos-contre-le-chef-de-letat-a-lassemblee-nationale-la-coalition-diomaye-saisit-le-procureur-et-interpelle-le-president-de-lassemblee\/","og_locale":"fr_FR","og_type":"article","og_title":"PROPOS CONTRE LE CHEF DE L\u2019\u00c9TAT \u00c0 L\u2019ASSEMBL\u00c9E NATIONALE - La coalition Diomaye saisit le procureur et interpelle le pr\u00e9sident de l\u2019Assembl\u00e9e","og_description":"NETTALI.COM - La pol\u00e9mique suscit\u00e9e par les propos tenus \u00e0 l\u2019Assembl\u00e9e nationale par le d\u00e9put\u00e9 Cheikh Bara Ndiaye, continue de provoquer des r\u00e9actions. La Conf\u00e9rence des leaders de la coalition Diomaye Pr\u00e9sident, \u00e0 travers plusieurs de ses composantes, a d\u00e9cid\u00e9 de porter l\u2019affaire sur les plans institutionnel et judiciaire. Dans deux correspondances dat\u00e9es du 12 [&hellip;]","og_url":"https:\/\/www.nettali.com\/2026\/03\/13\/propos-contre-le-chef-de-letat-a-lassemblee-nationale-la-coalition-diomaye-saisit-le-procureur-et-interpelle-le-president-de-lassemblee\/","og_site_name":"Nettali.com","article_publisher":"https:\/\/www.facebook.com\/nettalicom","article_published_time":"2026-03-13T10:00:22+00:00","article_modified_time":"2026-03-14T05:58:07+00:00","og_image":[{"width":998,"height":500,"url":"https:\/\/www.nettali.com\/wp-content\/uploads\/2026\/03\/img_2194.jpeg","type":"image\/jpeg"}],"twitter_card":"summary_large_image","twitter_misc":{"\u00c9crit par":"CK","Dur\u00e9e de lecture estim\u00e9e":"2 minutes"},"schema":{"@context":"https:\/\/schema.org","@graph":[{"@type":"WebSite","@id":"https:\/\/www.nettali.com\/#website","url":"https:\/\/www.nettali.com\/","name":"Nettali.com","description":"Le rendez-vous critique du Net","potentialAction":[{"@type":"SearchAction","target":{"@type":"EntryPoint","urlTemplate":"https:\/\/www.nettali.com\/?s={search_term_string}"},"query-input":"required name=search_term_string"}],"inLanguage":"fr-FR"},{"@type":"ImageObject","@id":"https:\/\/www.nettali.com\/2026\/03\/13\/propos-contre-le-chef-de-letat-a-lassemblee-nationale-la-coalition-diomaye-saisit-le-procureur-et-interpelle-le-president-de-lassemblee\/#primaryimage","inLanguage":"fr-FR","url":"https:\/\/www.nettali.com\/wp-content\/uploads\/2026\/03\/img_2194.jpeg","contentUrl":"https:\/\/www.nettali.com\/wp-content\/uploads\/2026\/03\/img_2194.jpeg","width":998,"height":500},{"@type":"WebPage","@id":"https:\/\/www.nettali.com\/2026\/03\/13\/propos-contre-le-chef-de-letat-a-lassemblee-nationale-la-coalition-diomaye-saisit-le-procureur-et-interpelle-le-president-de-lassemblee\/#webpage","url":"https:\/\/www.nettali.com\/2026\/03\/13\/propos-contre-le-chef-de-letat-a-lassemblee-nationale-la-coalition-diomaye-saisit-le-procureur-et-interpelle-le-president-de-lassemblee\/","name":"PROPOS CONTRE LE CHEF DE L\u2019\u00c9TAT \u00c0 L\u2019ASSEMBL\u00c9E NATIONALE - La coalition Diomaye saisit le procureur et interpelle le pr\u00e9sident de l\u2019Assembl\u00e9e | Nettali.com","isPartOf":{"@id":"https:\/\/www.nettali.com\/#website"},"primaryImageOfPage":{"@id":"https:\/\/www.nettali.com\/2026\/03\/13\/propos-contre-le-chef-de-letat-a-lassemblee-nationale-la-coalition-diomaye-saisit-le-procureur-et-interpelle-le-president-de-lassemblee\/#primaryimage"},"datePublished":"2026-03-13T10:00:22+00:00","dateModified":"2026-03-14T05:58:07+00:00","author":{"@id":"https:\/\/www.nettali.com\/#\/schema\/person\/d8ac7b7e27ddad43f1c0d2ef090d7f71"},"breadcrumb":{"@id":"https:\/\/www.nettali.com\/2026\/03\/13\/propos-contre-le-chef-de-letat-a-lassemblee-nationale-la-coalition-diomaye-saisit-le-procureur-et-interpelle-le-president-de-lassemblee\/#breadcrumb"},"inLanguage":"fr-FR","potentialAction":[{"@type":"ReadAction","target":["https:\/\/www.nettali.com\/2026\/03\/13\/propos-contre-le-chef-de-letat-a-lassemblee-nationale-la-coalition-diomaye-saisit-le-procureur-et-interpelle-le-president-de-lassemblee\/"]}]},{"@type":"BreadcrumbList","@id":"https:\/\/www.nettali.com\/2026\/03\/13\/propos-contre-le-chef-de-letat-a-lassemblee-nationale-la-coalition-diomaye-saisit-le-procureur-et-interpelle-le-president-de-lassemblee\/#breadcrumb","itemListElement":[{"@type":"ListItem","position":1,"name":"Accueil","item":"https:\/\/www.nettali.com\/"},{"@type":"ListItem","position":2,"name":"PROPOS CONTRE LE CHEF DE L\u2019\u00c9TAT \u00c0 L\u2019ASSEMBL\u00c9E NATIONALE - La coalition Diomaye saisit le procureur et interpelle le pr\u00e9sident de l\u2019Assembl\u00e9e"}]},{"@type":"Person","@id":"https:\/\/www.nettali.com\/#\/schema\/person\/d8ac7b7e27ddad43f1c0d2ef090d7f71","name":"CK","image":{"@type":"ImageObject","@id":"https:\/\/www.nettali.com\/#personlogo","inLanguage":"fr-FR","url":"https:\/\/secure.gravatar.com\/avatar\/1d8d5118b9327d94da7cd4ce7f17fec2?s=96&d=mm&r=g","contentUrl":"https:\/\/secure.gravatar.com\/avatar\/1d8d5118b9327d94da7cd4ce7f17fec2?s=96&d=mm&r=g","caption":"CK"},"sameAs":["https:\/\/www.nettali.com"]}]}},"_links":{"self":[{"href":"https:\/\/www.nettali.com\/rest\/wp\/v2\/posts\/170853"}],"collection":[{"href":"https:\/\/www.nettali.com\/rest\/wp\/v2\/posts"}],"about":[{"href":"https:\/\/www.nettali.com\/rest\/wp\/v2\/types\/post"}],"author":[{"embeddable":true,"href":"https:\/\/www.nettali.com\/rest\/wp\/v2\/users\/2"}],"replies":[{"embeddable":true,"href":"https:\/\/www.nettali.com\/rest\/wp\/v2\/comments?post=170853"}],"version-history":[{"count":1,"href":"https:\/\/www.nettali.com\/rest\/wp\/v2\/posts\/170853\/revisions"}],"predecessor-version":[{"id":170855,"href":"https:\/\/www.nettali.com\/rest\/wp\/v2\/posts\/170853\/revisions\/170855"}],"wp:featuredmedia":[{"embeddable":true,"href":"https:\/\/www.nettali.com\/rest\/wp\/v2\/media\/170854"}],"wp:attachment":[{"href":"https:\/\/www.nettali.com\/rest\/wp\/v2\/media?parent=170853"}],"wp:term":[{"taxonomy":"category","embeddable":true,"href":"https:\/\/www.nettali.com\/rest\/wp\/v2\/categories?post=170853"},{"taxonomy":"post_tag","embeddable":true,"href":"https:\/\/www.nettali.com\/rest\/wp\/v2\/tags?post=170853"}],"curies":[{"name":"wp","href":"https:\/\/api.w.org\/{rel}","templated":true}]}}