{"id":170836,"date":"2026-03-12T20:48:27","date_gmt":"2026-03-12T20:48:27","guid":{"rendered":"https:\/\/www.nettali.com\/?p=170836"},"modified":"2026-03-12T22:20:19","modified_gmt":"2026-03-12T22:20:19","slug":"immigration-clandestine-4-468-personnes-interpellees-et-582-deferees-durant-lannee-2025","status":"publish","type":"post","link":"https:\/\/www.nettali.com\/2026\/03\/12\/immigration-clandestine-4-468-personnes-interpellees-et-582-deferees-durant-lannee-2025\/","title":{"rendered":"IMMIGRATION CLANDESTINE - 4.468 personnes interpell\u00e9es et 582 d\u00e9f\u00e9r\u00e9es durant l\u2019ann\u00e9e 2025"},"content":{"rendered":"<p><strong>NETTALI.COM - Au S\u00e9n\u00e9gal, la Police nationale a pr\u00e9sent\u00e9, ce jeudi 12 mars 2026, le bilan de ses activit\u00e9s men\u00e9es durant l\u2019ann\u00e9e 2025. Le commissaire principal de police, Elhadji Ba\u00efty S\u00e8ne a r\u00e9v\u00e9l\u00e9 le nombre exact de personnes interpell\u00e9es et d\u00e9f\u00e9r\u00e9es dans la lutte contre l\u2019immigration irr\u00e9guli\u00e8re et la traite des personnes.<\/strong><\/p>\n<p>Selon le commissaire Elhadji Ba\u00efty S\u00e8ne, \"<em>la police m\u00e8ne des actions acharn\u00e9es pour enrayer tout d\u00e9part \u00e0 travers nos fronti\u00e8res<\/em>\", Ainsi, 4468 personnes ont \u00e9t\u00e9 interpell\u00e9es et 582 personnes d\u00e9f\u00e9r\u00e9es. Il a \u00e9galement soulign\u00e9 que \"<em>compar\u00e9 \u00e0 l'ann\u00e9e 2024, il y a une baisse des personnes interpell\u00e9es pour migration irr\u00e9guli\u00e8re<\/em>\".<\/p>\n<p>Une situation qui s'explique par \"<em>les moyens importants d\u00e9ploy\u00e9s, mais surtout la coop\u00e9ration au niveau international avec les partenaires, le renforcement des moyens logistiques et le renforcement de la surveillance c\u00f4ti\u00e8re<\/em>\".<\/p>\n<p>Celui-ci a par ailleurs affirm\u00e9 que \"<em>87% du flux de la migration irr\u00e9guli\u00e8re en 2025, a \u00e9t\u00e9 effectu\u00e9 par voie de mer<\/em>\". \"C<em>'est la voie maritime qui est beaucoup plus utilis\u00e9e par ceux qui sont tent\u00e9s de quitter le territoire et la police m\u00e8ne des actions pour enrayer toute action dans ce sens<\/em>\", selon le commissaire principal.<\/p>\n<div class='share-to-whatsapp-wrapper'><div class='share-on-whsp'>PARTAGER SUR : <\/div><a data-text='IMMIGRATION CLANDESTINE - 4.468 personnes interpell\u00e9es et 582 d\u00e9f\u00e9r\u00e9es durant l\u2019ann\u00e9e 2025' data-link='https:\/\/www.nettali.com\/2026\/03\/12\/immigration-clandestine-4-468-personnes-interpellees-et-582-deferees-durant-lannee-2025\/' class='whatsapp-button whatsapp-share'>WhatsApp<\/a><div class='clear '><\/div><\/div>","protected":false},"excerpt":{"rendered":"<p>NETTALI.COM - Au S\u00e9n\u00e9gal, la Police nationale a pr\u00e9sent\u00e9, ce jeudi 12 mars 2026, le bilan de ses activit\u00e9s men\u00e9es durant l\u2019ann\u00e9e 2025. Le commissaire principal de police, Elhadji Ba\u00efty S\u00e8ne a r\u00e9v\u00e9l\u00e9 le nombre exact de personnes interpell\u00e9es et d\u00e9f\u00e9r\u00e9es dans la lutte contre l\u2019immigration irr\u00e9guli\u00e8re et la traite des personnes. Selon le commissaire [&hellip;]<\/p>\n","protected":false},"author":5,"featured_media":130100,"comment_status":"open","ping_status":"open","sticky":false,"template":"","format":"standard","meta":{"_et_pb_use_builder":"","_et_pb_old_content":""},"categories":[3],"tags":[],"yoast_head":"<!-- This site is optimized with the Yoast SEO Premium plugin v17.8 (Yoast SEO v17.8) - https:\/\/yoast.com\/wordpress\/plugins\/seo\/ -->\n<title>IMMIGRATION CLANDESTINE - 4.468 personnes interpell\u00e9es et 582 d\u00e9f\u00e9r\u00e9es durant l\u2019ann\u00e9e 2025 | Nettali.com<\/title>\n<meta name=\"robots\" content=\"index, follow, max-snippet:-1, max-image-preview:large, max-video-preview:-1\" \/>\n<link rel=\"canonical\" href=\"https:\/\/www.nettali.com\/2026\/03\/12\/immigration-clandestine-4-468-personnes-interpellees-et-582-deferees-durant-lannee-2025\/\" \/>\n<meta property=\"og:locale\" content=\"fr_FR\" \/>\n<meta property=\"og:type\" content=\"article\" \/>\n<meta property=\"og:title\" content=\"IMMIGRATION CLANDESTINE - 4.468 personnes interpell\u00e9es et 582 d\u00e9f\u00e9r\u00e9es durant l\u2019ann\u00e9e 2025\" \/>\n<meta property=\"og:description\" content=\"NETTALI.COM - Au S\u00e9n\u00e9gal, la Police nationale a pr\u00e9sent\u00e9, ce jeudi 12 mars 2026, le bilan de ses activit\u00e9s men\u00e9es durant l\u2019ann\u00e9e 2025. Le commissaire principal de police, Elhadji Ba\u00efty S\u00e8ne a r\u00e9v\u00e9l\u00e9 le nombre exact de personnes interpell\u00e9es et d\u00e9f\u00e9r\u00e9es dans la lutte contre l\u2019immigration irr\u00e9guli\u00e8re et la traite des personnes. Selon le commissaire [&hellip;]\" \/>\n<meta property=\"og:url\" content=\"https:\/\/www.nettali.com\/2026\/03\/12\/immigration-clandestine-4-468-personnes-interpellees-et-582-deferees-durant-lannee-2025\/\" \/>\n<meta property=\"og:site_name\" content=\"Nettali.com\" \/>\n<meta property=\"article:publisher\" content=\"https:\/\/www.facebook.com\/nettalicom\" \/>\n<meta property=\"article:published_time\" content=\"2026-03-12T20:48:27+00:00\" \/>\n<meta property=\"article:modified_time\" content=\"2026-03-12T22:20:19+00:00\" \/>\n<meta property=\"og:image\" content=\"https:\/\/www.nettali.com\/wp-content\/uploads\/2024\/03\/immigration.jpg\" \/>\n\t<meta property=\"og:image:width\" content=\"580\" \/>\n\t<meta property=\"og:image:height\" content=\"363\" \/>\n<meta name=\"twitter:card\" content=\"summary_large_image\" \/>\n<meta name=\"twitter:label1\" content=\"\u00c9crit par\" \/>\n\t<meta name=\"twitter:data1\" content=\"Ibrahima\" \/>\n\t<meta name=\"twitter:label2\" content=\"Dur\u00e9e de lecture estim\u00e9e\" \/>\n\t<meta name=\"twitter:data2\" content=\"1 minute\" \/>\n<script type=\"application\/ld+json\" class=\"yoast-schema-graph\">{\"@context\":\"https:\/\/schema.org\",\"@graph\":[{\"@type\":\"WebSite\",\"@id\":\"https:\/\/www.nettali.com\/#website\",\"url\":\"https:\/\/www.nettali.com\/\",\"name\":\"Nettali.com\",\"description\":\"Le rendez-vous critique du Net\",\"potentialAction\":[{\"@type\":\"SearchAction\",\"target\":{\"@type\":\"EntryPoint\",\"urlTemplate\":\"https:\/\/www.nettali.com\/?s={search_term_string}\"},\"query-input\":\"required name=search_term_string\"}],\"inLanguage\":\"fr-FR\"},{\"@type\":\"ImageObject\",\"@id\":\"https:\/\/www.nettali.com\/2026\/03\/12\/immigration-clandestine-4-468-personnes-interpellees-et-582-deferees-durant-lannee-2025\/#primaryimage\",\"inLanguage\":\"fr-FR\",\"url\":\"https:\/\/www.nettali.com\/wp-content\/uploads\/2024\/03\/immigration.jpg\",\"contentUrl\":\"https:\/\/www.nettali.com\/wp-content\/uploads\/2024\/03\/immigration.jpg\",\"width\":580,\"height\":363},{\"@type\":\"WebPage\",\"@id\":\"https:\/\/www.nettali.com\/2026\/03\/12\/immigration-clandestine-4-468-personnes-interpellees-et-582-deferees-durant-lannee-2025\/#webpage\",\"url\":\"https:\/\/www.nettali.com\/2026\/03\/12\/immigration-clandestine-4-468-personnes-interpellees-et-582-deferees-durant-lannee-2025\/\",\"name\":\"IMMIGRATION CLANDESTINE - 4.468 personnes interpell\\u00e9es et 582 d\\u00e9f\\u00e9r\\u00e9es durant l\\u2019ann\\u00e9e 2025 | Nettali.com\",\"isPartOf\":{\"@id\":\"https:\/\/www.nettali.com\/#website\"},\"primaryImageOfPage\":{\"@id\":\"https:\/\/www.nettali.com\/2026\/03\/12\/immigration-clandestine-4-468-personnes-interpellees-et-582-deferees-durant-lannee-2025\/#primaryimage\"},\"datePublished\":\"2026-03-12T20:48:27+00:00\",\"dateModified\":\"2026-03-12T22:20:19+00:00\",\"author\":{\"@id\":\"https:\/\/www.nettali.com\/#\/schema\/person\/bb147657c2986240405a608162b9bb23\"},\"breadcrumb\":{\"@id\":\"https:\/\/www.nettali.com\/2026\/03\/12\/immigration-clandestine-4-468-personnes-interpellees-et-582-deferees-durant-lannee-2025\/#breadcrumb\"},\"inLanguage\":\"fr-FR\",\"potentialAction\":[{\"@type\":\"ReadAction\",\"target\":[\"https:\/\/www.nettali.com\/2026\/03\/12\/immigration-clandestine-4-468-personnes-interpellees-et-582-deferees-durant-lannee-2025\/\"]}]},{\"@type\":\"BreadcrumbList\",\"@id\":\"https:\/\/www.nettali.com\/2026\/03\/12\/immigration-clandestine-4-468-personnes-interpellees-et-582-deferees-durant-lannee-2025\/#breadcrumb\",\"itemListElement\":[{\"@type\":\"ListItem\",\"position\":1,\"name\":\"Accueil\",\"item\":\"https:\/\/www.nettali.com\/\"},{\"@type\":\"ListItem\",\"position\":2,\"name\":\"IMMIGRATION CLANDESTINE - 4.468 personnes interpell\\u00e9es et 582 d\\u00e9f\\u00e9r\\u00e9es durant l\\u2019ann\\u00e9e 2025\"}]},{\"@type\":\"Person\",\"@id\":\"https:\/\/www.nettali.com\/#\/schema\/person\/bb147657c2986240405a608162b9bb23\",\"name\":\"Ibrahima\",\"image\":{\"@type\":\"ImageObject\",\"@id\":\"https:\/\/www.nettali.com\/#personlogo\",\"inLanguage\":\"fr-FR\",\"url\":\"https:\/\/secure.gravatar.com\/avatar\/26a8a81f09f0dd7624c9d5c36c9ba3a2?s=96&d=mm&r=g\",\"contentUrl\":\"https:\/\/secure.gravatar.com\/avatar\/26a8a81f09f0dd7624c9d5c36c9ba3a2?s=96&d=mm&r=g\",\"caption\":\"Ibrahima\"},\"sameAs\":[\"https:\/\/www.nettali.com\"]}]}<\/script>\n<!-- \/ Yoast SEO Premium plugin. -->","yoast_head_json":{"title":"IMMIGRATION CLANDESTINE - 4.468 personnes interpell\u00e9es et 582 d\u00e9f\u00e9r\u00e9es durant l\u2019ann\u00e9e 2025 | Nettali.com","robots":{"index":"index","follow":"follow","max-snippet":"max-snippet:-1","max-image-preview":"max-image-preview:large","max-video-preview":"max-video-preview:-1"},"canonical":"https:\/\/www.nettali.com\/2026\/03\/12\/immigration-clandestine-4-468-personnes-interpellees-et-582-deferees-durant-lannee-2025\/","og_locale":"fr_FR","og_type":"article","og_title":"IMMIGRATION CLANDESTINE - 4.468 personnes interpell\u00e9es et 582 d\u00e9f\u00e9r\u00e9es durant l\u2019ann\u00e9e 2025","og_description":"NETTALI.COM - Au S\u00e9n\u00e9gal, la Police nationale a pr\u00e9sent\u00e9, ce jeudi 12 mars 2026, le bilan de ses activit\u00e9s men\u00e9es durant l\u2019ann\u00e9e 2025. Le commissaire principal de police, Elhadji Ba\u00efty S\u00e8ne a r\u00e9v\u00e9l\u00e9 le nombre exact de personnes interpell\u00e9es et d\u00e9f\u00e9r\u00e9es dans la lutte contre l\u2019immigration irr\u00e9guli\u00e8re et la traite des personnes. Selon le commissaire [&hellip;]","og_url":"https:\/\/www.nettali.com\/2026\/03\/12\/immigration-clandestine-4-468-personnes-interpellees-et-582-deferees-durant-lannee-2025\/","og_site_name":"Nettali.com","article_publisher":"https:\/\/www.facebook.com\/nettalicom","article_published_time":"2026-03-12T20:48:27+00:00","article_modified_time":"2026-03-12T22:20:19+00:00","og_image":[{"width":580,"height":363,"url":"https:\/\/www.nettali.com\/wp-content\/uploads\/2024\/03\/immigration.jpg","type":"image\/jpeg"}],"twitter_card":"summary_large_image","twitter_misc":{"\u00c9crit par":"Ibrahima","Dur\u00e9e de lecture estim\u00e9e":"1 minute"},"schema":{"@context":"https:\/\/schema.org","@graph":[{"@type":"WebSite","@id":"https:\/\/www.nettali.com\/#website","url":"https:\/\/www.nettali.com\/","name":"Nettali.com","description":"Le rendez-vous critique du Net","potentialAction":[{"@type":"SearchAction","target":{"@type":"EntryPoint","urlTemplate":"https:\/\/www.nettali.com\/?s={search_term_string}"},"query-input":"required name=search_term_string"}],"inLanguage":"fr-FR"},{"@type":"ImageObject","@id":"https:\/\/www.nettali.com\/2026\/03\/12\/immigration-clandestine-4-468-personnes-interpellees-et-582-deferees-durant-lannee-2025\/#primaryimage","inLanguage":"fr-FR","url":"https:\/\/www.nettali.com\/wp-content\/uploads\/2024\/03\/immigration.jpg","contentUrl":"https:\/\/www.nettali.com\/wp-content\/uploads\/2024\/03\/immigration.jpg","width":580,"height":363},{"@type":"WebPage","@id":"https:\/\/www.nettali.com\/2026\/03\/12\/immigration-clandestine-4-468-personnes-interpellees-et-582-deferees-durant-lannee-2025\/#webpage","url":"https:\/\/www.nettali.com\/2026\/03\/12\/immigration-clandestine-4-468-personnes-interpellees-et-582-deferees-durant-lannee-2025\/","name":"IMMIGRATION CLANDESTINE - 4.468 personnes interpell\u00e9es et 582 d\u00e9f\u00e9r\u00e9es durant l\u2019ann\u00e9e 2025 | Nettali.com","isPartOf":{"@id":"https:\/\/www.nettali.com\/#website"},"primaryImageOfPage":{"@id":"https:\/\/www.nettali.com\/2026\/03\/12\/immigration-clandestine-4-468-personnes-interpellees-et-582-deferees-durant-lannee-2025\/#primaryimage"},"datePublished":"2026-03-12T20:48:27+00:00","dateModified":"2026-03-12T22:20:19+00:00","author":{"@id":"https:\/\/www.nettali.com\/#\/schema\/person\/bb147657c2986240405a608162b9bb23"},"breadcrumb":{"@id":"https:\/\/www.nettali.com\/2026\/03\/12\/immigration-clandestine-4-468-personnes-interpellees-et-582-deferees-durant-lannee-2025\/#breadcrumb"},"inLanguage":"fr-FR","potentialAction":[{"@type":"ReadAction","target":["https:\/\/www.nettali.com\/2026\/03\/12\/immigration-clandestine-4-468-personnes-interpellees-et-582-deferees-durant-lannee-2025\/"]}]},{"@type":"BreadcrumbList","@id":"https:\/\/www.nettali.com\/2026\/03\/12\/immigration-clandestine-4-468-personnes-interpellees-et-582-deferees-durant-lannee-2025\/#breadcrumb","itemListElement":[{"@type":"ListItem","position":1,"name":"Accueil","item":"https:\/\/www.nettali.com\/"},{"@type":"ListItem","position":2,"name":"IMMIGRATION CLANDESTINE - 4.468 personnes interpell\u00e9es et 582 d\u00e9f\u00e9r\u00e9es durant l\u2019ann\u00e9e 2025"}]},{"@type":"Person","@id":"https:\/\/www.nettali.com\/#\/schema\/person\/bb147657c2986240405a608162b9bb23","name":"Ibrahima","image":{"@type":"ImageObject","@id":"https:\/\/www.nettali.com\/#personlogo","inLanguage":"fr-FR","url":"https:\/\/secure.gravatar.com\/avatar\/26a8a81f09f0dd7624c9d5c36c9ba3a2?s=96&d=mm&r=g","contentUrl":"https:\/\/secure.gravatar.com\/avatar\/26a8a81f09f0dd7624c9d5c36c9ba3a2?s=96&d=mm&r=g","caption":"Ibrahima"},"sameAs":["https:\/\/www.nettali.com"]}]}},"_links":{"self":[{"href":"https:\/\/www.nettali.com\/rest\/wp\/v2\/posts\/170836"}],"collection":[{"href":"https:\/\/www.nettali.com\/rest\/wp\/v2\/posts"}],"about":[{"href":"https:\/\/www.nettali.com\/rest\/wp\/v2\/types\/post"}],"author":[{"embeddable":true,"href":"https:\/\/www.nettali.com\/rest\/wp\/v2\/users\/5"}],"replies":[{"embeddable":true,"href":"https:\/\/www.nettali.com\/rest\/wp\/v2\/comments?post=170836"}],"version-history":[{"count":3,"href":"https:\/\/www.nettali.com\/rest\/wp\/v2\/posts\/170836\/revisions"}],"predecessor-version":[{"id":170847,"href":"https:\/\/www.nettali.com\/rest\/wp\/v2\/posts\/170836\/revisions\/170847"}],"wp:featuredmedia":[{"embeddable":true,"href":"https:\/\/www.nettali.com\/rest\/wp\/v2\/media\/130100"}],"wp:attachment":[{"href":"https:\/\/www.nettali.com\/rest\/wp\/v2\/media?parent=170836"}],"wp:term":[{"taxonomy":"category","embeddable":true,"href":"https:\/\/www.nettali.com\/rest\/wp\/v2\/categories?post=170836"},{"taxonomy":"post_tag","embeddable":true,"href":"https:\/\/www.nettali.com\/rest\/wp\/v2\/tags?post=170836"}],"curies":[{"name":"wp","href":"https:\/\/api.w.org\/{rel}","templated":true}]}}