{"id":170830,"date":"2026-03-13T05:54:04","date_gmt":"2026-03-13T05:54:04","guid":{"rendered":"https:\/\/www.nettali.com\/?p=170830"},"modified":"2026-03-13T05:54:04","modified_gmt":"2026-03-13T05:54:04","slug":"journee-mondiale-du-rein-le-senegal-ne-compte-que-trois-nephrologues-pediatres","status":"publish","type":"post","link":"https:\/\/www.nettali.com\/2026\/03\/13\/journee-mondiale-du-rein-le-senegal-ne-compte-que-trois-nephrologues-pediatres\/","title":{"rendered":"JOURN\u00c9E MONDIALE DU REIN-Le S\u00e9n\u00e9gal ne compte que trois n\u00e9phrologues p\u00e9diatres\u00a0"},"content":{"rendered":"<p><strong>NETTALI.COM-A l'occasion de la journ\u00e9e mondiale du rein, le chef de l\u2019unit\u00e9 n\u00e9phrologie p\u00e9diatrique du seul centre du pays sis \u00e0 l\u2019h\u00f4pital Abass Ndao, Younoussa Keita alerte sur la situation des enfants. Selon le sp\u00e9cialiste, le S\u00e9n\u00e9gal ne dispose actuellement que de trois n\u00e9phrologues p\u00e9diatres en activit\u00e9 pour assurer la prise en charge de l\u2019ensemble des enfants atteints de maladies r\u00e9nales sur le territoire national. <\/strong><\/p>\n<p>La journ\u00e9e mondiale du rein c\u00e9l\u00e9br\u00e9e \u00e0 ce jour porte sur le th\u00e8me de : \u00ab la sant\u00e9 r\u00e9nale : prendre soin de tous, tout en prot\u00e9geant la plan\u00e8te. Dans un entretien accord\u00e9 \u00e0 l\u2019agence de presse s\u00e9n\u00e9galaise, le professeur Younoussa Keita , chef de l\u2019unit\u00e9 n\u00e9phrologie p\u00e9diatrique d\u00e0 l\u2019h\u00f4pital Abass Ndao, est revenu sur la prise de la maladie dans le pays . \u00ab <em>La situation de la prise en charge des maladies r\u00e9nales chez l\u2019enfant est marqu\u00e9e par l\u2019insuffisance importante de sp\u00e9cialistes en n\u00e9phrologie p\u00e9diatrique dans le pays, particuli\u00e8rement au niveau des r\u00e9gions. \u00c0 l\u2019heure actuelle, le S\u00e9n\u00e9gal ne compte que trois n\u00e9phrologues p\u00e9diatres en activit\u00e9<\/em> \u00bb a t-il d\u00e9clar\u00e9.\u00a0Selon lui, deux jeunes sp\u00e9cialistes sont actuellement en formation, ce qui devrait contribuer \u00e0 renforcer les capacit\u00e9s nationales dans la prise en charge des maladies r\u00e9nales chez l\u2019enfant.<\/p>\n<p>Concernant les facteurs favorisant la survenue des maladies r\u00e9nales chez l\u2019enfant, le sp\u00e9cialiste fait observer qu\u2019elles sont identifi\u00e9es dans la majorit\u00e9 des cas, \u00ab <em>qu\u2019elles soient aigu\u00ebs ou chroniques<\/em> \u00bb. La survenue de ces maladies, qu\u2019elles soient aigu\u00ebs ou chroniques, est \u00e9troitement li\u00e9e \u00e0 des facteurs environnementaux et comportementaux identifiables. La d\u00e9shydratation cons\u00e9cutive \u00e0 des \u00e9pisodes diarrh\u00e9iques, souvent caus\u00e9s par une hygi\u00e8ne des mains pr\u00e9caire, ainsi que les infections urinaires r\u00e9currentes chez les jeunes filles en milieu scolaire, constituent des menaces s\u00e9rieuses.<\/p>\n<p>\u00c0 cela s'ajoutent les d\u00e9rives nutritionnelles modernes, o\u00f9 la consommation excessive de sel et de sucre favorise le surpoids et l'ob\u00e9sit\u00e9, augmentant ainsi la vuln\u00e9rabilit\u00e9 r\u00e9nale des plus jeunes.<\/p>\n<p data-path-to-node=\"8\"><strong>L\u2019imp\u00e9ratif de la pr\u00e9vention et du diagnostic pr\u00e9coce<\/strong><\/p>\n<p data-path-to-node=\"8\">Selon les explications du sp\u00e9cialiste, le pronostic vital et fonctionnel des jeunes patients est souvent compromis par un diagnostic trop tardif, entra\u00eenant des complications irr\u00e9versibles.<\/p>\n<p data-path-to-node=\"8\">Pour contrer cette fatalit\u00e9, le Professeur Keita insiste sur l'importance cruciale d'un suivi rigoureux des consultations pr\u00e9natales pour un d\u00e9pistage d\u00e8s la grossesse.<\/p>\n<p data-path-to-node=\"8\">Il exhorte \u00e9galement la population et le corps m\u00e9dical \u00e0 syst\u00e9matiser l'utilisation de moyens simples et accessibles, tels que la prise de la tension art\u00e9rielle, l\u2019usage de bandelettes urinaires, le contr\u00f4le du d\u00e9bit urinaire et le dosage de la cr\u00e9atinin\u00e9mie, afin d'agir avant que les l\u00e9sions ne deviennent critiques.<\/p>\n<div class='share-to-whatsapp-wrapper'><div class='share-on-whsp'>PARTAGER SUR : <\/div><a data-text='JOURN\u00c9E MONDIALE DU REIN-Le S\u00e9n\u00e9gal ne compte que trois n\u00e9phrologues p\u00e9diatres\u00a0' data-link='https:\/\/www.nettali.com\/2026\/03\/13\/journee-mondiale-du-rein-le-senegal-ne-compte-que-trois-nephrologues-pediatres\/' class='whatsapp-button whatsapp-share'>WhatsApp<\/a><div class='clear '><\/div><\/div>","protected":false},"excerpt":{"rendered":"<p>NETTALI.COM-A l'occasion de la journ\u00e9e mondiale du rein, le chef de l\u2019unit\u00e9 n\u00e9phrologie p\u00e9diatrique du seul centre du pays sis \u00e0 l\u2019h\u00f4pital Abass Ndao, Younoussa Keita alerte sur la situation des enfants. Selon le sp\u00e9cialiste, le S\u00e9n\u00e9gal ne dispose actuellement que de trois n\u00e9phrologues p\u00e9diatres en activit\u00e9 pour assurer la prise en charge de l\u2019ensemble [&hellip;]<\/p>\n","protected":false},"author":6,"featured_media":70177,"comment_status":"open","ping_status":"open","sticky":false,"template":"","format":"standard","meta":{"_et_pb_use_builder":"","_et_pb_old_content":""},"categories":[22],"tags":[],"yoast_head":"<!-- This site is optimized with the Yoast SEO Premium plugin v17.8 (Yoast SEO v17.8) - https:\/\/yoast.com\/wordpress\/plugins\/seo\/ -->\n<title>JOURN\u00c9E MONDIALE DU REIN-Le S\u00e9n\u00e9gal ne compte que trois n\u00e9phrologues p\u00e9diatres\u00a0 | Nettali.com<\/title>\n<meta name=\"robots\" content=\"index, follow, max-snippet:-1, max-image-preview:large, max-video-preview:-1\" \/>\n<link rel=\"canonical\" href=\"https:\/\/www.nettali.com\/2026\/03\/13\/journee-mondiale-du-rein-le-senegal-ne-compte-que-trois-nephrologues-pediatres\/\" \/>\n<meta property=\"og:locale\" content=\"fr_FR\" \/>\n<meta property=\"og:type\" content=\"article\" \/>\n<meta property=\"og:title\" content=\"JOURN\u00c9E MONDIALE DU REIN-Le S\u00e9n\u00e9gal ne compte que trois n\u00e9phrologues p\u00e9diatres\u00a0\" \/>\n<meta property=\"og:description\" content=\"NETTALI.COM-A l&#039;occasion de la journ\u00e9e mondiale du rein, le chef de l\u2019unit\u00e9 n\u00e9phrologie p\u00e9diatrique du seul centre du pays sis \u00e0 l\u2019h\u00f4pital Abass Ndao, Younoussa Keita alerte sur la situation des enfants. Selon le sp\u00e9cialiste, le S\u00e9n\u00e9gal ne dispose actuellement que de trois n\u00e9phrologues p\u00e9diatres en activit\u00e9 pour assurer la prise en charge de l\u2019ensemble [&hellip;]\" \/>\n<meta property=\"og:url\" content=\"https:\/\/www.nettali.com\/2026\/03\/13\/journee-mondiale-du-rein-le-senegal-ne-compte-que-trois-nephrologues-pediatres\/\" \/>\n<meta property=\"og:site_name\" content=\"Nettali.com\" \/>\n<meta property=\"article:publisher\" content=\"https:\/\/www.facebook.com\/nettalicom\" \/>\n<meta property=\"article:published_time\" content=\"2026-03-13T05:54:04+00:00\" \/>\n<meta property=\"og:image\" content=\"https:\/\/www.nettali.com\/wp-content\/uploads\/2021\/08\/reins_malades.jpg\" \/>\n\t<meta property=\"og:image:width\" content=\"692\" \/>\n\t<meta property=\"og:image:height\" content=\"351\" \/>\n<meta name=\"twitter:card\" content=\"summary_large_image\" \/>\n<meta name=\"twitter:label1\" content=\"\u00c9crit par\" \/>\n\t<meta name=\"twitter:data1\" content=\"Fatou\" \/>\n\t<meta name=\"twitter:label2\" content=\"Dur\u00e9e de lecture estim\u00e9e\" \/>\n\t<meta name=\"twitter:data2\" content=\"3 minutes\" \/>\n<script type=\"application\/ld+json\" class=\"yoast-schema-graph\">{\"@context\":\"https:\/\/schema.org\",\"@graph\":[{\"@type\":\"WebSite\",\"@id\":\"https:\/\/www.nettali.com\/#website\",\"url\":\"https:\/\/www.nettali.com\/\",\"name\":\"Nettali.com\",\"description\":\"Le rendez-vous critique du Net\",\"potentialAction\":[{\"@type\":\"SearchAction\",\"target\":{\"@type\":\"EntryPoint\",\"urlTemplate\":\"https:\/\/www.nettali.com\/?s={search_term_string}\"},\"query-input\":\"required name=search_term_string\"}],\"inLanguage\":\"fr-FR\"},{\"@type\":\"ImageObject\",\"@id\":\"https:\/\/www.nettali.com\/2026\/03\/13\/journee-mondiale-du-rein-le-senegal-ne-compte-que-trois-nephrologues-pediatres\/#primaryimage\",\"inLanguage\":\"fr-FR\",\"url\":\"https:\/\/www.nettali.com\/wp-content\/uploads\/2021\/08\/reins_malades.jpg\",\"contentUrl\":\"https:\/\/www.nettali.com\/wp-content\/uploads\/2021\/08\/reins_malades.jpg\",\"width\":692,\"height\":351},{\"@type\":\"WebPage\",\"@id\":\"https:\/\/www.nettali.com\/2026\/03\/13\/journee-mondiale-du-rein-le-senegal-ne-compte-que-trois-nephrologues-pediatres\/#webpage\",\"url\":\"https:\/\/www.nettali.com\/2026\/03\/13\/journee-mondiale-du-rein-le-senegal-ne-compte-que-trois-nephrologues-pediatres\/\",\"name\":\"JOURN\\u00c9E MONDIALE DU REIN-Le S\\u00e9n\\u00e9gal ne compte que trois n\\u00e9phrologues p\\u00e9diatres\\u00a0 | Nettali.com\",\"isPartOf\":{\"@id\":\"https:\/\/www.nettali.com\/#website\"},\"primaryImageOfPage\":{\"@id\":\"https:\/\/www.nettali.com\/2026\/03\/13\/journee-mondiale-du-rein-le-senegal-ne-compte-que-trois-nephrologues-pediatres\/#primaryimage\"},\"datePublished\":\"2026-03-13T05:54:04+00:00\",\"dateModified\":\"2026-03-13T05:54:04+00:00\",\"author\":{\"@id\":\"https:\/\/www.nettali.com\/#\/schema\/person\/418274a86bdf87caff7a3ef476bd0bbf\"},\"breadcrumb\":{\"@id\":\"https:\/\/www.nettali.com\/2026\/03\/13\/journee-mondiale-du-rein-le-senegal-ne-compte-que-trois-nephrologues-pediatres\/#breadcrumb\"},\"inLanguage\":\"fr-FR\",\"potentialAction\":[{\"@type\":\"ReadAction\",\"target\":[\"https:\/\/www.nettali.com\/2026\/03\/13\/journee-mondiale-du-rein-le-senegal-ne-compte-que-trois-nephrologues-pediatres\/\"]}]},{\"@type\":\"BreadcrumbList\",\"@id\":\"https:\/\/www.nettali.com\/2026\/03\/13\/journee-mondiale-du-rein-le-senegal-ne-compte-que-trois-nephrologues-pediatres\/#breadcrumb\",\"itemListElement\":[{\"@type\":\"ListItem\",\"position\":1,\"name\":\"Accueil\",\"item\":\"https:\/\/www.nettali.com\/\"},{\"@type\":\"ListItem\",\"position\":2,\"name\":\"JOURN\\u00c9E MONDIALE DU REIN-Le S\\u00e9n\\u00e9gal ne compte que trois n\\u00e9phrologues p\\u00e9diatres\\u00a0\"}]},{\"@type\":\"Person\",\"@id\":\"https:\/\/www.nettali.com\/#\/schema\/person\/418274a86bdf87caff7a3ef476bd0bbf\",\"name\":\"Fatou\",\"image\":{\"@type\":\"ImageObject\",\"@id\":\"https:\/\/www.nettali.com\/#personlogo\",\"inLanguage\":\"fr-FR\",\"url\":\"https:\/\/secure.gravatar.com\/avatar\/5a9442a2bee7b4dcf167cab035858e9a?s=96&d=mm&r=g\",\"contentUrl\":\"https:\/\/secure.gravatar.com\/avatar\/5a9442a2bee7b4dcf167cab035858e9a?s=96&d=mm&r=g\",\"caption\":\"Fatou\"},\"sameAs\":[\"https:\/\/www.nettali.com\"]}]}<\/script>\n<!-- \/ Yoast SEO Premium plugin. -->","yoast_head_json":{"title":"JOURN\u00c9E MONDIALE DU REIN-Le S\u00e9n\u00e9gal ne compte que trois n\u00e9phrologues p\u00e9diatres\u00a0 | Nettali.com","robots":{"index":"index","follow":"follow","max-snippet":"max-snippet:-1","max-image-preview":"max-image-preview:large","max-video-preview":"max-video-preview:-1"},"canonical":"https:\/\/www.nettali.com\/2026\/03\/13\/journee-mondiale-du-rein-le-senegal-ne-compte-que-trois-nephrologues-pediatres\/","og_locale":"fr_FR","og_type":"article","og_title":"JOURN\u00c9E MONDIALE DU REIN-Le S\u00e9n\u00e9gal ne compte que trois n\u00e9phrologues p\u00e9diatres\u00a0","og_description":"NETTALI.COM-A l'occasion de la journ\u00e9e mondiale du rein, le chef de l\u2019unit\u00e9 n\u00e9phrologie p\u00e9diatrique du seul centre du pays sis \u00e0 l\u2019h\u00f4pital Abass Ndao, Younoussa Keita alerte sur la situation des enfants. Selon le sp\u00e9cialiste, le S\u00e9n\u00e9gal ne dispose actuellement que de trois n\u00e9phrologues p\u00e9diatres en activit\u00e9 pour assurer la prise en charge de l\u2019ensemble [&hellip;]","og_url":"https:\/\/www.nettali.com\/2026\/03\/13\/journee-mondiale-du-rein-le-senegal-ne-compte-que-trois-nephrologues-pediatres\/","og_site_name":"Nettali.com","article_publisher":"https:\/\/www.facebook.com\/nettalicom","article_published_time":"2026-03-13T05:54:04+00:00","og_image":[{"width":692,"height":351,"url":"https:\/\/www.nettali.com\/wp-content\/uploads\/2021\/08\/reins_malades.jpg","type":"image\/jpeg"}],"twitter_card":"summary_large_image","twitter_misc":{"\u00c9crit par":"Fatou","Dur\u00e9e de lecture estim\u00e9e":"3 minutes"},"schema":{"@context":"https:\/\/schema.org","@graph":[{"@type":"WebSite","@id":"https:\/\/www.nettali.com\/#website","url":"https:\/\/www.nettali.com\/","name":"Nettali.com","description":"Le rendez-vous critique du Net","potentialAction":[{"@type":"SearchAction","target":{"@type":"EntryPoint","urlTemplate":"https:\/\/www.nettali.com\/?s={search_term_string}"},"query-input":"required name=search_term_string"}],"inLanguage":"fr-FR"},{"@type":"ImageObject","@id":"https:\/\/www.nettali.com\/2026\/03\/13\/journee-mondiale-du-rein-le-senegal-ne-compte-que-trois-nephrologues-pediatres\/#primaryimage","inLanguage":"fr-FR","url":"https:\/\/www.nettali.com\/wp-content\/uploads\/2021\/08\/reins_malades.jpg","contentUrl":"https:\/\/www.nettali.com\/wp-content\/uploads\/2021\/08\/reins_malades.jpg","width":692,"height":351},{"@type":"WebPage","@id":"https:\/\/www.nettali.com\/2026\/03\/13\/journee-mondiale-du-rein-le-senegal-ne-compte-que-trois-nephrologues-pediatres\/#webpage","url":"https:\/\/www.nettali.com\/2026\/03\/13\/journee-mondiale-du-rein-le-senegal-ne-compte-que-trois-nephrologues-pediatres\/","name":"JOURN\u00c9E MONDIALE DU REIN-Le S\u00e9n\u00e9gal ne compte que trois n\u00e9phrologues p\u00e9diatres\u00a0 | Nettali.com","isPartOf":{"@id":"https:\/\/www.nettali.com\/#website"},"primaryImageOfPage":{"@id":"https:\/\/www.nettali.com\/2026\/03\/13\/journee-mondiale-du-rein-le-senegal-ne-compte-que-trois-nephrologues-pediatres\/#primaryimage"},"datePublished":"2026-03-13T05:54:04+00:00","dateModified":"2026-03-13T05:54:04+00:00","author":{"@id":"https:\/\/www.nettali.com\/#\/schema\/person\/418274a86bdf87caff7a3ef476bd0bbf"},"breadcrumb":{"@id":"https:\/\/www.nettali.com\/2026\/03\/13\/journee-mondiale-du-rein-le-senegal-ne-compte-que-trois-nephrologues-pediatres\/#breadcrumb"},"inLanguage":"fr-FR","potentialAction":[{"@type":"ReadAction","target":["https:\/\/www.nettali.com\/2026\/03\/13\/journee-mondiale-du-rein-le-senegal-ne-compte-que-trois-nephrologues-pediatres\/"]}]},{"@type":"BreadcrumbList","@id":"https:\/\/www.nettali.com\/2026\/03\/13\/journee-mondiale-du-rein-le-senegal-ne-compte-que-trois-nephrologues-pediatres\/#breadcrumb","itemListElement":[{"@type":"ListItem","position":1,"name":"Accueil","item":"https:\/\/www.nettali.com\/"},{"@type":"ListItem","position":2,"name":"JOURN\u00c9E MONDIALE DU REIN-Le S\u00e9n\u00e9gal ne compte que trois n\u00e9phrologues p\u00e9diatres\u00a0"}]},{"@type":"Person","@id":"https:\/\/www.nettali.com\/#\/schema\/person\/418274a86bdf87caff7a3ef476bd0bbf","name":"Fatou","image":{"@type":"ImageObject","@id":"https:\/\/www.nettali.com\/#personlogo","inLanguage":"fr-FR","url":"https:\/\/secure.gravatar.com\/avatar\/5a9442a2bee7b4dcf167cab035858e9a?s=96&d=mm&r=g","contentUrl":"https:\/\/secure.gravatar.com\/avatar\/5a9442a2bee7b4dcf167cab035858e9a?s=96&d=mm&r=g","caption":"Fatou"},"sameAs":["https:\/\/www.nettali.com"]}]}},"_links":{"self":[{"href":"https:\/\/www.nettali.com\/rest\/wp\/v2\/posts\/170830"}],"collection":[{"href":"https:\/\/www.nettali.com\/rest\/wp\/v2\/posts"}],"about":[{"href":"https:\/\/www.nettali.com\/rest\/wp\/v2\/types\/post"}],"author":[{"embeddable":true,"href":"https:\/\/www.nettali.com\/rest\/wp\/v2\/users\/6"}],"replies":[{"embeddable":true,"href":"https:\/\/www.nettali.com\/rest\/wp\/v2\/comments?post=170830"}],"version-history":[{"count":1,"href":"https:\/\/www.nettali.com\/rest\/wp\/v2\/posts\/170830\/revisions"}],"predecessor-version":[{"id":170831,"href":"https:\/\/www.nettali.com\/rest\/wp\/v2\/posts\/170830\/revisions\/170831"}],"wp:featuredmedia":[{"embeddable":true,"href":"https:\/\/www.nettali.com\/rest\/wp\/v2\/media\/70177"}],"wp:attachment":[{"href":"https:\/\/www.nettali.com\/rest\/wp\/v2\/media?parent=170830"}],"wp:term":[{"taxonomy":"category","embeddable":true,"href":"https:\/\/www.nettali.com\/rest\/wp\/v2\/categories?post=170830"},{"taxonomy":"post_tag","embeddable":true,"href":"https:\/\/www.nettali.com\/rest\/wp\/v2\/tags?post=170830"}],"curies":[{"name":"wp","href":"https:\/\/api.w.org\/{rel}","templated":true}]}}