{"id":170824,"date":"2026-03-12T10:45:31","date_gmt":"2026-03-12T10:45:31","guid":{"rendered":"https:\/\/www.nettali.com\/?p=170824"},"modified":"2026-03-12T10:45:31","modified_gmt":"2026-03-12T10:45:31","slug":"renegociation-des-contrats-strategiques-ousmane-sonko-annonce-un-point-de-presse-ce-jeudi","status":"publish","type":"post","link":"https:\/\/www.nettali.com\/2026\/03\/12\/renegociation-des-contrats-strategiques-ousmane-sonko-annonce-un-point-de-presse-ce-jeudi\/","title":{"rendered":"REN\u00c9GOCIATION DES CONTRATS STRAT\u00c9GIQUES : Ousmane Sonko annonce un point de presse ce jeudi"},"content":{"rendered":"<p data-start=\"101\" data-end=\"280\"><strong>NETTALI.COM - Le Premier ministre Ousmane Sonko animera un point de presse ce jeudi 12 mars 2026 \u00e0 17 heures au Building administratif Pr\u00e9sident Mamadou Dia, situ\u00e9 au 10\u1d49 \u00e9tage.<\/strong><\/p>\n<p data-start=\"282\" data-end=\"431\">Cette rencontre avec la presse sera consacr\u00e9e \u00e0 la ren\u00e9gociation des conventions et contrats conclus dans les secteurs strat\u00e9giques du S\u00e9n\u00e9gal.<\/p>\n<p data-start=\"433\" data-end=\"670\">Selon les informations communiqu\u00e9es, le chef du gouvernement devrait y pr\u00e9senter l\u2019\u00e9tat d\u2019avancement des discussions engag\u00e9es avec plusieurs partenaires, ainsi que les orientations retenues par l\u2019\u00c9tat dans le cadre de cette d\u00e9marche.<\/p>\n<p data-start=\"672\" data-end=\"898\">La question de la ren\u00e9gociation des contrats, notamment dans les domaines minier, \u00e9nerg\u00e9tique et des ressources naturelles, constitue l\u2019un des axes majeurs du programme de gouvernance port\u00e9 par les autorit\u00e9s actuelles.<\/p>\n<p data-start=\"900\" data-end=\"1168\" data-is-last-node=\"\" data-is-only-node=\"\">Ce point de presse devrait ainsi permettre au Premier ministre d\u2019apporter des clarifications sur les objectifs, la m\u00e9thode et les enjeux de ces ren\u00e9gociations, dans un contexte marqu\u00e9 par de fortes attentes autour de la gestion des ressources strat\u00e9giques du pays.<\/p>\n<p>&nbsp;<\/p>\n<div class='share-to-whatsapp-wrapper'><div class='share-on-whsp'>PARTAGER SUR : <\/div><a data-text='REN\u00c9GOCIATION DES CONTRATS STRAT\u00c9GIQUES : Ousmane Sonko annonce un point de presse ce jeudi' data-link='https:\/\/www.nettali.com\/2026\/03\/12\/renegociation-des-contrats-strategiques-ousmane-sonko-annonce-un-point-de-presse-ce-jeudi\/' class='whatsapp-button whatsapp-share'>WhatsApp<\/a><div class='clear '><\/div><\/div>","protected":false},"excerpt":{"rendered":"<p>NETTALI.COM - Le Premier ministre Ousmane Sonko animera un point de presse ce jeudi 12 mars 2026 \u00e0 17 heures au Building administratif Pr\u00e9sident Mamadou Dia, situ\u00e9 au 10\u1d49 \u00e9tage. Cette rencontre avec la presse sera consacr\u00e9e \u00e0 la ren\u00e9gociation des conventions et contrats conclus dans les secteurs strat\u00e9giques du S\u00e9n\u00e9gal. Selon les informations communiqu\u00e9es, [&hellip;]<\/p>\n","protected":false},"author":4,"featured_media":167479,"comment_status":"open","ping_status":"open","sticky":false,"template":"","format":"standard","meta":{"_et_pb_use_builder":"","_et_pb_old_content":""},"categories":[2],"tags":[],"yoast_head":"<!-- This site is optimized with the Yoast SEO Premium plugin v17.8 (Yoast SEO v17.8) - https:\/\/yoast.com\/wordpress\/plugins\/seo\/ -->\n<title>REN\u00c9GOCIATION DES CONTRATS STRAT\u00c9GIQUES : Ousmane Sonko annonce un point de presse ce jeudi | Nettali.com<\/title>\n<meta name=\"robots\" content=\"index, follow, max-snippet:-1, max-image-preview:large, max-video-preview:-1\" \/>\n<link rel=\"canonical\" href=\"https:\/\/www.nettali.com\/2026\/03\/12\/renegociation-des-contrats-strategiques-ousmane-sonko-annonce-un-point-de-presse-ce-jeudi\/\" \/>\n<meta property=\"og:locale\" content=\"fr_FR\" \/>\n<meta property=\"og:type\" content=\"article\" \/>\n<meta property=\"og:title\" content=\"REN\u00c9GOCIATION DES CONTRATS STRAT\u00c9GIQUES : Ousmane Sonko annonce un point de presse ce jeudi\" \/>\n<meta property=\"og:description\" content=\"NETTALI.COM - Le Premier ministre Ousmane Sonko animera un point de presse ce jeudi 12 mars 2026 \u00e0 17 heures au Building administratif Pr\u00e9sident Mamadou Dia, situ\u00e9 au 10\u1d49 \u00e9tage. Cette rencontre avec la presse sera consacr\u00e9e \u00e0 la ren\u00e9gociation des conventions et contrats conclus dans les secteurs strat\u00e9giques du S\u00e9n\u00e9gal. Selon les informations communiqu\u00e9es, [&hellip;]\" \/>\n<meta property=\"og:url\" content=\"https:\/\/www.nettali.com\/2026\/03\/12\/renegociation-des-contrats-strategiques-ousmane-sonko-annonce-un-point-de-presse-ce-jeudi\/\" \/>\n<meta property=\"og:site_name\" content=\"Nettali.com\" \/>\n<meta property=\"article:publisher\" content=\"https:\/\/www.facebook.com\/nettalicom\" \/>\n<meta property=\"article:published_time\" content=\"2026-03-12T10:45:31+00:00\" \/>\n<meta property=\"og:image\" content=\"https:\/\/www.nettali.com\/wp-content\/uploads\/2026\/01\/Sonko.jpg\" \/>\n\t<meta property=\"og:image:width\" content=\"1280\" \/>\n\t<meta property=\"og:image:height\" content=\"853\" \/>\n<meta name=\"twitter:card\" content=\"summary_large_image\" \/>\n<meta name=\"twitter:label1\" content=\"\u00c9crit par\" \/>\n\t<meta name=\"twitter:data1\" content=\"Daouda\" \/>\n\t<meta name=\"twitter:label2\" content=\"Dur\u00e9e de lecture estim\u00e9e\" \/>\n\t<meta name=\"twitter:data2\" content=\"1 minute\" \/>\n<script type=\"application\/ld+json\" class=\"yoast-schema-graph\">{\"@context\":\"https:\/\/schema.org\",\"@graph\":[{\"@type\":\"WebSite\",\"@id\":\"https:\/\/www.nettali.com\/#website\",\"url\":\"https:\/\/www.nettali.com\/\",\"name\":\"Nettali.com\",\"description\":\"Le rendez-vous critique du Net\",\"potentialAction\":[{\"@type\":\"SearchAction\",\"target\":{\"@type\":\"EntryPoint\",\"urlTemplate\":\"https:\/\/www.nettali.com\/?s={search_term_string}\"},\"query-input\":\"required name=search_term_string\"}],\"inLanguage\":\"fr-FR\"},{\"@type\":\"ImageObject\",\"@id\":\"https:\/\/www.nettali.com\/2026\/03\/12\/renegociation-des-contrats-strategiques-ousmane-sonko-annonce-un-point-de-presse-ce-jeudi\/#primaryimage\",\"inLanguage\":\"fr-FR\",\"url\":\"https:\/\/www.nettali.com\/wp-content\/uploads\/2026\/01\/Sonko.jpg\",\"contentUrl\":\"https:\/\/www.nettali.com\/wp-content\/uploads\/2026\/01\/Sonko.jpg\",\"width\":1280,\"height\":853},{\"@type\":\"WebPage\",\"@id\":\"https:\/\/www.nettali.com\/2026\/03\/12\/renegociation-des-contrats-strategiques-ousmane-sonko-annonce-un-point-de-presse-ce-jeudi\/#webpage\",\"url\":\"https:\/\/www.nettali.com\/2026\/03\/12\/renegociation-des-contrats-strategiques-ousmane-sonko-annonce-un-point-de-presse-ce-jeudi\/\",\"name\":\"REN\\u00c9GOCIATION DES CONTRATS STRAT\\u00c9GIQUES : Ousmane Sonko annonce un point de presse ce jeudi | Nettali.com\",\"isPartOf\":{\"@id\":\"https:\/\/www.nettali.com\/#website\"},\"primaryImageOfPage\":{\"@id\":\"https:\/\/www.nettali.com\/2026\/03\/12\/renegociation-des-contrats-strategiques-ousmane-sonko-annonce-un-point-de-presse-ce-jeudi\/#primaryimage\"},\"datePublished\":\"2026-03-12T10:45:31+00:00\",\"dateModified\":\"2026-03-12T10:45:31+00:00\",\"author\":{\"@id\":\"https:\/\/www.nettali.com\/#\/schema\/person\/3317e0bb3aa1da309fbf7b2780901bf4\"},\"breadcrumb\":{\"@id\":\"https:\/\/www.nettali.com\/2026\/03\/12\/renegociation-des-contrats-strategiques-ousmane-sonko-annonce-un-point-de-presse-ce-jeudi\/#breadcrumb\"},\"inLanguage\":\"fr-FR\",\"potentialAction\":[{\"@type\":\"ReadAction\",\"target\":[\"https:\/\/www.nettali.com\/2026\/03\/12\/renegociation-des-contrats-strategiques-ousmane-sonko-annonce-un-point-de-presse-ce-jeudi\/\"]}]},{\"@type\":\"BreadcrumbList\",\"@id\":\"https:\/\/www.nettali.com\/2026\/03\/12\/renegociation-des-contrats-strategiques-ousmane-sonko-annonce-un-point-de-presse-ce-jeudi\/#breadcrumb\",\"itemListElement\":[{\"@type\":\"ListItem\",\"position\":1,\"name\":\"Accueil\",\"item\":\"https:\/\/www.nettali.com\/\"},{\"@type\":\"ListItem\",\"position\":2,\"name\":\"REN\\u00c9GOCIATION DES CONTRATS STRAT\\u00c9GIQUES : Ousmane Sonko annonce un point de presse ce jeudi\"}]},{\"@type\":\"Person\",\"@id\":\"https:\/\/www.nettali.com\/#\/schema\/person\/3317e0bb3aa1da309fbf7b2780901bf4\",\"name\":\"Daouda\",\"image\":{\"@type\":\"ImageObject\",\"@id\":\"https:\/\/www.nettali.com\/#personlogo\",\"inLanguage\":\"fr-FR\",\"url\":\"https:\/\/secure.gravatar.com\/avatar\/8d143b5a49345098ddcfee1c49c2f47c?s=96&d=mm&r=g\",\"contentUrl\":\"https:\/\/secure.gravatar.com\/avatar\/8d143b5a49345098ddcfee1c49c2f47c?s=96&d=mm&r=g\",\"caption\":\"Daouda\"},\"sameAs\":[\"https:\/\/www.nettali.com\"]}]}<\/script>\n<!-- \/ Yoast SEO Premium plugin. -->","yoast_head_json":{"title":"REN\u00c9GOCIATION DES CONTRATS STRAT\u00c9GIQUES : Ousmane Sonko annonce un point de presse ce jeudi | Nettali.com","robots":{"index":"index","follow":"follow","max-snippet":"max-snippet:-1","max-image-preview":"max-image-preview:large","max-video-preview":"max-video-preview:-1"},"canonical":"https:\/\/www.nettali.com\/2026\/03\/12\/renegociation-des-contrats-strategiques-ousmane-sonko-annonce-un-point-de-presse-ce-jeudi\/","og_locale":"fr_FR","og_type":"article","og_title":"REN\u00c9GOCIATION DES CONTRATS STRAT\u00c9GIQUES : Ousmane Sonko annonce un point de presse ce jeudi","og_description":"NETTALI.COM - Le Premier ministre Ousmane Sonko animera un point de presse ce jeudi 12 mars 2026 \u00e0 17 heures au Building administratif Pr\u00e9sident Mamadou Dia, situ\u00e9 au 10\u1d49 \u00e9tage. Cette rencontre avec la presse sera consacr\u00e9e \u00e0 la ren\u00e9gociation des conventions et contrats conclus dans les secteurs strat\u00e9giques du S\u00e9n\u00e9gal. Selon les informations communiqu\u00e9es, [&hellip;]","og_url":"https:\/\/www.nettali.com\/2026\/03\/12\/renegociation-des-contrats-strategiques-ousmane-sonko-annonce-un-point-de-presse-ce-jeudi\/","og_site_name":"Nettali.com","article_publisher":"https:\/\/www.facebook.com\/nettalicom","article_published_time":"2026-03-12T10:45:31+00:00","og_image":[{"width":1280,"height":853,"url":"https:\/\/www.nettali.com\/wp-content\/uploads\/2026\/01\/Sonko.jpg","type":"image\/jpeg"}],"twitter_card":"summary_large_image","twitter_misc":{"\u00c9crit par":"Daouda","Dur\u00e9e de lecture estim\u00e9e":"1 minute"},"schema":{"@context":"https:\/\/schema.org","@graph":[{"@type":"WebSite","@id":"https:\/\/www.nettali.com\/#website","url":"https:\/\/www.nettali.com\/","name":"Nettali.com","description":"Le rendez-vous critique du Net","potentialAction":[{"@type":"SearchAction","target":{"@type":"EntryPoint","urlTemplate":"https:\/\/www.nettali.com\/?s={search_term_string}"},"query-input":"required name=search_term_string"}],"inLanguage":"fr-FR"},{"@type":"ImageObject","@id":"https:\/\/www.nettali.com\/2026\/03\/12\/renegociation-des-contrats-strategiques-ousmane-sonko-annonce-un-point-de-presse-ce-jeudi\/#primaryimage","inLanguage":"fr-FR","url":"https:\/\/www.nettali.com\/wp-content\/uploads\/2026\/01\/Sonko.jpg","contentUrl":"https:\/\/www.nettali.com\/wp-content\/uploads\/2026\/01\/Sonko.jpg","width":1280,"height":853},{"@type":"WebPage","@id":"https:\/\/www.nettali.com\/2026\/03\/12\/renegociation-des-contrats-strategiques-ousmane-sonko-annonce-un-point-de-presse-ce-jeudi\/#webpage","url":"https:\/\/www.nettali.com\/2026\/03\/12\/renegociation-des-contrats-strategiques-ousmane-sonko-annonce-un-point-de-presse-ce-jeudi\/","name":"REN\u00c9GOCIATION DES CONTRATS STRAT\u00c9GIQUES : Ousmane Sonko annonce un point de presse ce jeudi | Nettali.com","isPartOf":{"@id":"https:\/\/www.nettali.com\/#website"},"primaryImageOfPage":{"@id":"https:\/\/www.nettali.com\/2026\/03\/12\/renegociation-des-contrats-strategiques-ousmane-sonko-annonce-un-point-de-presse-ce-jeudi\/#primaryimage"},"datePublished":"2026-03-12T10:45:31+00:00","dateModified":"2026-03-12T10:45:31+00:00","author":{"@id":"https:\/\/www.nettali.com\/#\/schema\/person\/3317e0bb3aa1da309fbf7b2780901bf4"},"breadcrumb":{"@id":"https:\/\/www.nettali.com\/2026\/03\/12\/renegociation-des-contrats-strategiques-ousmane-sonko-annonce-un-point-de-presse-ce-jeudi\/#breadcrumb"},"inLanguage":"fr-FR","potentialAction":[{"@type":"ReadAction","target":["https:\/\/www.nettali.com\/2026\/03\/12\/renegociation-des-contrats-strategiques-ousmane-sonko-annonce-un-point-de-presse-ce-jeudi\/"]}]},{"@type":"BreadcrumbList","@id":"https:\/\/www.nettali.com\/2026\/03\/12\/renegociation-des-contrats-strategiques-ousmane-sonko-annonce-un-point-de-presse-ce-jeudi\/#breadcrumb","itemListElement":[{"@type":"ListItem","position":1,"name":"Accueil","item":"https:\/\/www.nettali.com\/"},{"@type":"ListItem","position":2,"name":"REN\u00c9GOCIATION DES CONTRATS STRAT\u00c9GIQUES : Ousmane Sonko annonce un point de presse ce jeudi"}]},{"@type":"Person","@id":"https:\/\/www.nettali.com\/#\/schema\/person\/3317e0bb3aa1da309fbf7b2780901bf4","name":"Daouda","image":{"@type":"ImageObject","@id":"https:\/\/www.nettali.com\/#personlogo","inLanguage":"fr-FR","url":"https:\/\/secure.gravatar.com\/avatar\/8d143b5a49345098ddcfee1c49c2f47c?s=96&d=mm&r=g","contentUrl":"https:\/\/secure.gravatar.com\/avatar\/8d143b5a49345098ddcfee1c49c2f47c?s=96&d=mm&r=g","caption":"Daouda"},"sameAs":["https:\/\/www.nettali.com"]}]}},"_links":{"self":[{"href":"https:\/\/www.nettali.com\/rest\/wp\/v2\/posts\/170824"}],"collection":[{"href":"https:\/\/www.nettali.com\/rest\/wp\/v2\/posts"}],"about":[{"href":"https:\/\/www.nettali.com\/rest\/wp\/v2\/types\/post"}],"author":[{"embeddable":true,"href":"https:\/\/www.nettali.com\/rest\/wp\/v2\/users\/4"}],"replies":[{"embeddable":true,"href":"https:\/\/www.nettali.com\/rest\/wp\/v2\/comments?post=170824"}],"version-history":[{"count":1,"href":"https:\/\/www.nettali.com\/rest\/wp\/v2\/posts\/170824\/revisions"}],"predecessor-version":[{"id":170825,"href":"https:\/\/www.nettali.com\/rest\/wp\/v2\/posts\/170824\/revisions\/170825"}],"wp:featuredmedia":[{"embeddable":true,"href":"https:\/\/www.nettali.com\/rest\/wp\/v2\/media\/167479"}],"wp:attachment":[{"href":"https:\/\/www.nettali.com\/rest\/wp\/v2\/media?parent=170824"}],"wp:term":[{"taxonomy":"category","embeddable":true,"href":"https:\/\/www.nettali.com\/rest\/wp\/v2\/categories?post=170824"},{"taxonomy":"post_tag","embeddable":true,"href":"https:\/\/www.nettali.com\/rest\/wp\/v2\/tags?post=170824"}],"curies":[{"name":"wp","href":"https:\/\/api.w.org\/{rel}","templated":true}]}}