{"id":170822,"date":"2026-03-12T17:20:12","date_gmt":"2026-03-12T17:20:12","guid":{"rendered":"https:\/\/www.nettali.com\/?p=170822"},"modified":"2026-03-12T10:31:02","modified_gmt":"2026-03-12T10:31:02","slug":"senegal-les-cas-de-viol-en-hausse-malgre-la-criminalisation-selon-le-ministre-de-linterieur","status":"publish","type":"post","link":"https:\/\/www.nettali.com\/2026\/03\/12\/senegal-les-cas-de-viol-en-hausse-malgre-la-criminalisation-selon-le-ministre-de-linterieur\/","title":{"rendered":"S\u00c9N\u00c9GAL : les cas de viol en hausse malgr\u00e9 la criminalisation, selon le ministre de l\u2019Int\u00e9rieur"},"content":{"rendered":"<p data-start=\"105\" data-end=\"481\"><strong>NETTALI.COM - Les statistiques judiciaires font \u00e9tat d\u2019une augmentation des cas de viol et d\u2019attentat \u00e0 la pudeur avec violence au S\u00e9n\u00e9gal ces derni\u00e8res ann\u00e9es. L\u2019information a \u00e9t\u00e9 r\u00e9v\u00e9l\u00e9e par le ministre de l\u2019Int\u00e9rieur et de la S\u00e9curit\u00e9 publique, Mouhamadou Bamba Ciss\u00e9, lors de l\u2019examen \u00e0 l\u2019Assembl\u00e9e nationale du projet de loi n\u00b005\/2026 modifiant l\u2019article 319 du Code p\u00e9nal.<\/strong><\/p>\n<p data-start=\"483\" data-end=\"615\">Selon les donn\u00e9es pr\u00e9sent\u00e9es devant les d\u00e9put\u00e9s, 506 cas ont \u00e9t\u00e9 enregistr\u00e9s en 2021, contre 519 en 2022 et 623 en 2023.<\/p>\n<p data-start=\"619\" data-end=\"749\"><em>\u00ab Sur ces trois ann\u00e9es successives, les chiffres sont en progression, malgr\u00e9 la criminalisation du viol \u00bb<\/em>, a soulign\u00e9 le ministre.<\/p>\n<p>Le texte examin\u00e9 par les parlementaires, adopt\u00e9 \u00e0 la majorit\u00e9, pr\u00e9voit plusieurs innovations. Il introduit notamment un durcissement des peines applicables aux auteurs d\u2019actes contre nature, incluant les relations sexuelles entre personnes de m\u00eame sexe, ainsi que la zoophilie et la n\u00e9crophilie.<\/p>\n<p data-start=\"1112\" data-end=\"1306\">Dans le cadre de cette r\u00e9forme, il est propos\u00e9 que la peine ne puisse \u00eatre inf\u00e9rieure \u00e0 cinq ans d\u2019emprisonnement, avec la possibilit\u00e9 pour le juge de porter la sanction jusqu\u2019\u00e0 dix ans.<\/p>\n<p data-start=\"1308\" data-end=\"1478\">Pour le ministre de l\u2019Int\u00e9rieur, cette orientation vise \u00e0 renforcer l\u2019effet dissuasif de la loi.<br data-start=\"1408\" data-end=\"1411\" \/><em>\u00ab Il s\u2019agit d\u2019une option r\u00e9fl\u00e9chie et pertinente \u00bb<\/em>, a-t-il indiqu\u00e9.<\/p>\n<p>Devant l\u2019Assembl\u00e9e, Mouhamadou Bamba Ciss\u00e9 a \u00e9galement pr\u00e9sent\u00e9 des statistiques de la Direction g\u00e9n\u00e9rale de l\u2019administration p\u00e9nitentiaire.<\/p>\n<p data-start=\"1666\" data-end=\"1772\">Pour l\u2019ann\u00e9e 2024, les \u00e9tablissements p\u00e9nitentiaires du pays comptaient 37 433 personnes \u00e9crou\u00e9es.<\/p>\n<p data-start=\"1774\" data-end=\"1787\">Parmi elles :<\/p>\n<ul>\n<li data-start=\"1791\" data-end=\"1847\">11 080 d\u00e9tenus pour des faits de vol et recel,<\/li>\n<li data-start=\"1850\" data-end=\"1915\">7 158 personnes pour des infractions li\u00e9es \u00e0 la drogue,<\/li>\n<li data-start=\"1918\" data-end=\"1960\">1 250 cas li\u00e9s au vol de b\u00e9tail,<\/li>\n<li data-start=\"1963\" data-end=\"2007\">797 personnes incarc\u00e9r\u00e9es pour viol.<\/li>\n<\/ul>\n<p data-start=\"2061\" data-end=\"2218\">Les donn\u00e9es pour 2025 indiquent \u00e9galement une augmentation de la population carc\u00e9rale, avec 41 755 d\u00e9tenus recens\u00e9s sur l\u2019ensemble du territoire.<\/p>\n<p data-start=\"2220\" data-end=\"2235\">Dans ce total :<\/p>\n<ul>\n<li data-start=\"2239\" data-end=\"2301\">10 703 personnes sont poursuivies pour vol et recel,<\/li>\n<li data-start=\"2304\" data-end=\"2355\">8 470 pour des infractions li\u00e9es \u00e0 la drogue,<\/li>\n<li data-start=\"2358\" data-end=\"2406\">1 426 cas concernent le vol de b\u00e9tail,<\/li>\n<li data-start=\"2409\" data-end=\"2469\">818 personnes sont en attente de jugement pour viol.<\/li>\n<\/ul>\n<p>Le ministre a \u00e9galement pr\u00e9cis\u00e9 que, dans plusieurs affaires d\u2019actes contre nature, les personnes mises en cause sont interpell\u00e9es en flagrant d\u00e9lit, soit au moment des faits, soit lors de leur pr\u00e9paration ou dans des situations de tentative.<\/p>\n<p data-start=\"2778\" data-end=\"2973\" data-is-last-node=\"\" data-is-only-node=\"\">Dans ce contexte, le gouvernement estime que la r\u00e9forme en cours vise \u00e0 renforcer la r\u00e9ponse p\u00e9nale et la capacit\u00e9 dissuasive de la l\u00e9gislation, face \u00e0 l\u2019\u00e9volution des infractions constat\u00e9es.<\/p>\n<p>&nbsp;<\/p>\n<div class='share-to-whatsapp-wrapper'><div class='share-on-whsp'>PARTAGER SUR : <\/div><a data-text='S\u00c9N\u00c9GAL : les cas de viol en hausse malgr\u00e9 la criminalisation, selon le ministre de l\u2019Int\u00e9rieur' data-link='https:\/\/www.nettali.com\/2026\/03\/12\/senegal-les-cas-de-viol-en-hausse-malgre-la-criminalisation-selon-le-ministre-de-linterieur\/' class='whatsapp-button whatsapp-share'>WhatsApp<\/a><div class='clear '><\/div><\/div>","protected":false},"excerpt":{"rendered":"<p>NETTALI.COM - Les statistiques judiciaires font \u00e9tat d\u2019une augmentation des cas de viol et d\u2019attentat \u00e0 la pudeur avec violence au S\u00e9n\u00e9gal ces derni\u00e8res ann\u00e9es. L\u2019information a \u00e9t\u00e9 r\u00e9v\u00e9l\u00e9e par le ministre de l\u2019Int\u00e9rieur et de la S\u00e9curit\u00e9 publique, Mouhamadou Bamba Ciss\u00e9, lors de l\u2019examen \u00e0 l\u2019Assembl\u00e9e nationale du projet de loi n\u00b005\/2026 modifiant l\u2019article [&hellip;]<\/p>\n","protected":false},"author":4,"featured_media":161349,"comment_status":"open","ping_status":"open","sticky":false,"template":"","format":"standard","meta":{"_et_pb_use_builder":"","_et_pb_old_content":""},"categories":[3],"tags":[],"yoast_head":"<!-- This site is optimized with the Yoast SEO Premium plugin v17.8 (Yoast SEO v17.8) - https:\/\/yoast.com\/wordpress\/plugins\/seo\/ -->\n<title>S\u00c9N\u00c9GAL : les cas de viol en hausse malgr\u00e9 la criminalisation, selon le ministre de l\u2019Int\u00e9rieur | Nettali.com<\/title>\n<meta name=\"robots\" content=\"index, follow, max-snippet:-1, max-image-preview:large, max-video-preview:-1\" \/>\n<link rel=\"canonical\" href=\"https:\/\/www.nettali.com\/2026\/03\/12\/senegal-les-cas-de-viol-en-hausse-malgre-la-criminalisation-selon-le-ministre-de-linterieur\/\" \/>\n<meta property=\"og:locale\" content=\"fr_FR\" \/>\n<meta property=\"og:type\" content=\"article\" \/>\n<meta property=\"og:title\" content=\"S\u00c9N\u00c9GAL : les cas de viol en hausse malgr\u00e9 la criminalisation, selon le ministre de l\u2019Int\u00e9rieur\" \/>\n<meta property=\"og:description\" content=\"NETTALI.COM - Les statistiques judiciaires font \u00e9tat d\u2019une augmentation des cas de viol et d\u2019attentat \u00e0 la pudeur avec violence au S\u00e9n\u00e9gal ces derni\u00e8res ann\u00e9es. L\u2019information a \u00e9t\u00e9 r\u00e9v\u00e9l\u00e9e par le ministre de l\u2019Int\u00e9rieur et de la S\u00e9curit\u00e9 publique, Mouhamadou Bamba Ciss\u00e9, lors de l\u2019examen \u00e0 l\u2019Assembl\u00e9e nationale du projet de loi n\u00b005\/2026 modifiant l\u2019article [&hellip;]\" \/>\n<meta property=\"og:url\" content=\"https:\/\/www.nettali.com\/2026\/03\/12\/senegal-les-cas-de-viol-en-hausse-malgre-la-criminalisation-selon-le-ministre-de-linterieur\/\" \/>\n<meta property=\"og:site_name\" content=\"Nettali.com\" \/>\n<meta property=\"article:publisher\" content=\"https:\/\/www.facebook.com\/nettalicom\" \/>\n<meta property=\"article:published_time\" content=\"2026-03-12T17:20:12+00:00\" \/>\n<meta property=\"article:modified_time\" content=\"2026-03-12T10:31:02+00:00\" \/>\n<meta property=\"og:image\" content=\"https:\/\/www.nettali.com\/wp-content\/uploads\/2025\/09\/Bambaa-Cisse.jpg\" \/>\n\t<meta property=\"og:image:width\" content=\"2048\" \/>\n\t<meta property=\"og:image:height\" content=\"1366\" \/>\n<meta name=\"twitter:card\" content=\"summary_large_image\" \/>\n<meta name=\"twitter:label1\" content=\"\u00c9crit par\" \/>\n\t<meta name=\"twitter:data1\" content=\"Daouda\" \/>\n\t<meta name=\"twitter:label2\" content=\"Dur\u00e9e de lecture estim\u00e9e\" \/>\n\t<meta name=\"twitter:data2\" content=\"2 minutes\" \/>\n<script type=\"application\/ld+json\" class=\"yoast-schema-graph\">{\"@context\":\"https:\/\/schema.org\",\"@graph\":[{\"@type\":\"WebSite\",\"@id\":\"https:\/\/www.nettali.com\/#website\",\"url\":\"https:\/\/www.nettali.com\/\",\"name\":\"Nettali.com\",\"description\":\"Le rendez-vous critique du Net\",\"potentialAction\":[{\"@type\":\"SearchAction\",\"target\":{\"@type\":\"EntryPoint\",\"urlTemplate\":\"https:\/\/www.nettali.com\/?s={search_term_string}\"},\"query-input\":\"required name=search_term_string\"}],\"inLanguage\":\"fr-FR\"},{\"@type\":\"ImageObject\",\"@id\":\"https:\/\/www.nettali.com\/2026\/03\/12\/senegal-les-cas-de-viol-en-hausse-malgre-la-criminalisation-selon-le-ministre-de-linterieur\/#primaryimage\",\"inLanguage\":\"fr-FR\",\"url\":\"https:\/\/www.nettali.com\/wp-content\/uploads\/2025\/09\/Bambaa-Cisse.jpg\",\"contentUrl\":\"https:\/\/www.nettali.com\/wp-content\/uploads\/2025\/09\/Bambaa-Cisse.jpg\",\"width\":2048,\"height\":1366},{\"@type\":\"WebPage\",\"@id\":\"https:\/\/www.nettali.com\/2026\/03\/12\/senegal-les-cas-de-viol-en-hausse-malgre-la-criminalisation-selon-le-ministre-de-linterieur\/#webpage\",\"url\":\"https:\/\/www.nettali.com\/2026\/03\/12\/senegal-les-cas-de-viol-en-hausse-malgre-la-criminalisation-selon-le-ministre-de-linterieur\/\",\"name\":\"S\\u00c9N\\u00c9GAL : les cas de viol en hausse malgr\\u00e9 la criminalisation, selon le ministre de l\\u2019Int\\u00e9rieur | Nettali.com\",\"isPartOf\":{\"@id\":\"https:\/\/www.nettali.com\/#website\"},\"primaryImageOfPage\":{\"@id\":\"https:\/\/www.nettali.com\/2026\/03\/12\/senegal-les-cas-de-viol-en-hausse-malgre-la-criminalisation-selon-le-ministre-de-linterieur\/#primaryimage\"},\"datePublished\":\"2026-03-12T17:20:12+00:00\",\"dateModified\":\"2026-03-12T10:31:02+00:00\",\"author\":{\"@id\":\"https:\/\/www.nettali.com\/#\/schema\/person\/3317e0bb3aa1da309fbf7b2780901bf4\"},\"breadcrumb\":{\"@id\":\"https:\/\/www.nettali.com\/2026\/03\/12\/senegal-les-cas-de-viol-en-hausse-malgre-la-criminalisation-selon-le-ministre-de-linterieur\/#breadcrumb\"},\"inLanguage\":\"fr-FR\",\"potentialAction\":[{\"@type\":\"ReadAction\",\"target\":[\"https:\/\/www.nettali.com\/2026\/03\/12\/senegal-les-cas-de-viol-en-hausse-malgre-la-criminalisation-selon-le-ministre-de-linterieur\/\"]}]},{\"@type\":\"BreadcrumbList\",\"@id\":\"https:\/\/www.nettali.com\/2026\/03\/12\/senegal-les-cas-de-viol-en-hausse-malgre-la-criminalisation-selon-le-ministre-de-linterieur\/#breadcrumb\",\"itemListElement\":[{\"@type\":\"ListItem\",\"position\":1,\"name\":\"Accueil\",\"item\":\"https:\/\/www.nettali.com\/\"},{\"@type\":\"ListItem\",\"position\":2,\"name\":\"S\\u00c9N\\u00c9GAL : les cas de viol en hausse malgr\\u00e9 la criminalisation, selon le ministre de l\\u2019Int\\u00e9rieur\"}]},{\"@type\":\"Person\",\"@id\":\"https:\/\/www.nettali.com\/#\/schema\/person\/3317e0bb3aa1da309fbf7b2780901bf4\",\"name\":\"Daouda\",\"image\":{\"@type\":\"ImageObject\",\"@id\":\"https:\/\/www.nettali.com\/#personlogo\",\"inLanguage\":\"fr-FR\",\"url\":\"https:\/\/secure.gravatar.com\/avatar\/8d143b5a49345098ddcfee1c49c2f47c?s=96&d=mm&r=g\",\"contentUrl\":\"https:\/\/secure.gravatar.com\/avatar\/8d143b5a49345098ddcfee1c49c2f47c?s=96&d=mm&r=g\",\"caption\":\"Daouda\"},\"sameAs\":[\"https:\/\/www.nettali.com\"]}]}<\/script>\n<!-- \/ Yoast SEO Premium plugin. -->","yoast_head_json":{"title":"S\u00c9N\u00c9GAL : les cas de viol en hausse malgr\u00e9 la criminalisation, selon le ministre de l\u2019Int\u00e9rieur | Nettali.com","robots":{"index":"index","follow":"follow","max-snippet":"max-snippet:-1","max-image-preview":"max-image-preview:large","max-video-preview":"max-video-preview:-1"},"canonical":"https:\/\/www.nettali.com\/2026\/03\/12\/senegal-les-cas-de-viol-en-hausse-malgre-la-criminalisation-selon-le-ministre-de-linterieur\/","og_locale":"fr_FR","og_type":"article","og_title":"S\u00c9N\u00c9GAL : les cas de viol en hausse malgr\u00e9 la criminalisation, selon le ministre de l\u2019Int\u00e9rieur","og_description":"NETTALI.COM - Les statistiques judiciaires font \u00e9tat d\u2019une augmentation des cas de viol et d\u2019attentat \u00e0 la pudeur avec violence au S\u00e9n\u00e9gal ces derni\u00e8res ann\u00e9es. L\u2019information a \u00e9t\u00e9 r\u00e9v\u00e9l\u00e9e par le ministre de l\u2019Int\u00e9rieur et de la S\u00e9curit\u00e9 publique, Mouhamadou Bamba Ciss\u00e9, lors de l\u2019examen \u00e0 l\u2019Assembl\u00e9e nationale du projet de loi n\u00b005\/2026 modifiant l\u2019article [&hellip;]","og_url":"https:\/\/www.nettali.com\/2026\/03\/12\/senegal-les-cas-de-viol-en-hausse-malgre-la-criminalisation-selon-le-ministre-de-linterieur\/","og_site_name":"Nettali.com","article_publisher":"https:\/\/www.facebook.com\/nettalicom","article_published_time":"2026-03-12T17:20:12+00:00","article_modified_time":"2026-03-12T10:31:02+00:00","og_image":[{"width":2048,"height":1366,"url":"https:\/\/www.nettali.com\/wp-content\/uploads\/2025\/09\/Bambaa-Cisse.jpg","type":"image\/jpeg"}],"twitter_card":"summary_large_image","twitter_misc":{"\u00c9crit par":"Daouda","Dur\u00e9e de lecture estim\u00e9e":"2 minutes"},"schema":{"@context":"https:\/\/schema.org","@graph":[{"@type":"WebSite","@id":"https:\/\/www.nettali.com\/#website","url":"https:\/\/www.nettali.com\/","name":"Nettali.com","description":"Le rendez-vous critique du Net","potentialAction":[{"@type":"SearchAction","target":{"@type":"EntryPoint","urlTemplate":"https:\/\/www.nettali.com\/?s={search_term_string}"},"query-input":"required name=search_term_string"}],"inLanguage":"fr-FR"},{"@type":"ImageObject","@id":"https:\/\/www.nettali.com\/2026\/03\/12\/senegal-les-cas-de-viol-en-hausse-malgre-la-criminalisation-selon-le-ministre-de-linterieur\/#primaryimage","inLanguage":"fr-FR","url":"https:\/\/www.nettali.com\/wp-content\/uploads\/2025\/09\/Bambaa-Cisse.jpg","contentUrl":"https:\/\/www.nettali.com\/wp-content\/uploads\/2025\/09\/Bambaa-Cisse.jpg","width":2048,"height":1366},{"@type":"WebPage","@id":"https:\/\/www.nettali.com\/2026\/03\/12\/senegal-les-cas-de-viol-en-hausse-malgre-la-criminalisation-selon-le-ministre-de-linterieur\/#webpage","url":"https:\/\/www.nettali.com\/2026\/03\/12\/senegal-les-cas-de-viol-en-hausse-malgre-la-criminalisation-selon-le-ministre-de-linterieur\/","name":"S\u00c9N\u00c9GAL : les cas de viol en hausse malgr\u00e9 la criminalisation, selon le ministre de l\u2019Int\u00e9rieur | Nettali.com","isPartOf":{"@id":"https:\/\/www.nettali.com\/#website"},"primaryImageOfPage":{"@id":"https:\/\/www.nettali.com\/2026\/03\/12\/senegal-les-cas-de-viol-en-hausse-malgre-la-criminalisation-selon-le-ministre-de-linterieur\/#primaryimage"},"datePublished":"2026-03-12T17:20:12+00:00","dateModified":"2026-03-12T10:31:02+00:00","author":{"@id":"https:\/\/www.nettali.com\/#\/schema\/person\/3317e0bb3aa1da309fbf7b2780901bf4"},"breadcrumb":{"@id":"https:\/\/www.nettali.com\/2026\/03\/12\/senegal-les-cas-de-viol-en-hausse-malgre-la-criminalisation-selon-le-ministre-de-linterieur\/#breadcrumb"},"inLanguage":"fr-FR","potentialAction":[{"@type":"ReadAction","target":["https:\/\/www.nettali.com\/2026\/03\/12\/senegal-les-cas-de-viol-en-hausse-malgre-la-criminalisation-selon-le-ministre-de-linterieur\/"]}]},{"@type":"BreadcrumbList","@id":"https:\/\/www.nettali.com\/2026\/03\/12\/senegal-les-cas-de-viol-en-hausse-malgre-la-criminalisation-selon-le-ministre-de-linterieur\/#breadcrumb","itemListElement":[{"@type":"ListItem","position":1,"name":"Accueil","item":"https:\/\/www.nettali.com\/"},{"@type":"ListItem","position":2,"name":"S\u00c9N\u00c9GAL : les cas de viol en hausse malgr\u00e9 la criminalisation, selon le ministre de l\u2019Int\u00e9rieur"}]},{"@type":"Person","@id":"https:\/\/www.nettali.com\/#\/schema\/person\/3317e0bb3aa1da309fbf7b2780901bf4","name":"Daouda","image":{"@type":"ImageObject","@id":"https:\/\/www.nettali.com\/#personlogo","inLanguage":"fr-FR","url":"https:\/\/secure.gravatar.com\/avatar\/8d143b5a49345098ddcfee1c49c2f47c?s=96&d=mm&r=g","contentUrl":"https:\/\/secure.gravatar.com\/avatar\/8d143b5a49345098ddcfee1c49c2f47c?s=96&d=mm&r=g","caption":"Daouda"},"sameAs":["https:\/\/www.nettali.com"]}]}},"_links":{"self":[{"href":"https:\/\/www.nettali.com\/rest\/wp\/v2\/posts\/170822"}],"collection":[{"href":"https:\/\/www.nettali.com\/rest\/wp\/v2\/posts"}],"about":[{"href":"https:\/\/www.nettali.com\/rest\/wp\/v2\/types\/post"}],"author":[{"embeddable":true,"href":"https:\/\/www.nettali.com\/rest\/wp\/v2\/users\/4"}],"replies":[{"embeddable":true,"href":"https:\/\/www.nettali.com\/rest\/wp\/v2\/comments?post=170822"}],"version-history":[{"count":1,"href":"https:\/\/www.nettali.com\/rest\/wp\/v2\/posts\/170822\/revisions"}],"predecessor-version":[{"id":170823,"href":"https:\/\/www.nettali.com\/rest\/wp\/v2\/posts\/170822\/revisions\/170823"}],"wp:featuredmedia":[{"embeddable":true,"href":"https:\/\/www.nettali.com\/rest\/wp\/v2\/media\/161349"}],"wp:attachment":[{"href":"https:\/\/www.nettali.com\/rest\/wp\/v2\/media?parent=170822"}],"wp:term":[{"taxonomy":"category","embeddable":true,"href":"https:\/\/www.nettali.com\/rest\/wp\/v2\/categories?post=170822"},{"taxonomy":"post_tag","embeddable":true,"href":"https:\/\/www.nettali.com\/rest\/wp\/v2\/tags?post=170822"}],"curies":[{"name":"wp","href":"https:\/\/api.w.org\/{rel}","templated":true}]}}