{"id":170818,"date":"2026-03-12T07:07:51","date_gmt":"2026-03-12T07:07:51","guid":{"rendered":"https:\/\/www.nettali.com\/?p=170818"},"modified":"2026-03-12T07:07:51","modified_gmt":"2026-03-12T07:07:51","slug":"coupe-du-monde-2026-liran-boycotte","status":"publish","type":"post","link":"https:\/\/www.nettali.com\/2026\/03\/12\/coupe-du-monde-2026-liran-boycotte\/","title":{"rendered":"COUPE DU MONDE 2026 - L'Iran boycotte\u00a0"},"content":{"rendered":"<p><strong>NETTALI.COM - La participation de l\u2019Iran \u00e0 la Coupe du monde 2026 est d\u00e9sormais s\u00e9rieusement compromise. Les autorit\u00e9s sportives iraniennes ont annonc\u00e9 leur intention de boycotter la prochaine \u00e9dition du tournoi pr\u00e9vu l'\u00e9t\u00e9 prochain aux \u00c9tats-Unis, Mexique et Canada. Ce, en r\u00e9action au contexte politique et militaire tendu entre T\u00e9h\u00e9ran et Washington.<\/strong><\/p>\n<p>La d\u00e9cision a \u00e9t\u00e9 confirm\u00e9e par le ministre iranien des Sports, Ahmad Doyanmali, qui a d\u00e9nonc\u00e9 un environnement incompatible avec la participation de son pays \u00e0 la comp\u00e9tition. Selon lui, la situation actuelle, marqu\u00e9e par des conflits r\u00e9cents et des pertes humaines importantes, ne permet pas d\u2019envisager la pr\u00e9sence de la s\u00e9lection iranienne au tournoi mondial.<\/p>\n<p>\"<em>Vu que ce gouvernement corrompu a assassin\u00e9 notre leader, il n\u2019y a aucune condition qui ferait que l\u2019on participe \u00e0 cette Coupe du monde. On nous a impos\u00e9 deux guerres en huit ou neuf mois, et des milliers de nos citoyens ont \u00e9t\u00e9 assassin\u00e9s. Il n\u2019y a aucune possibilit\u00e9 que l\u2019on participe<\/em>\", a-t-il d\u00e9clar\u00e9.<\/p>\n<p>Le responsable iranien a \u00e9galement critiqu\u00e9 ce qu\u2019il consid\u00e8re comme le silence de la communaut\u00e9 internationale face aux \u00e9v\u00e9nements r\u00e9cents. Selon lui, si la comp\u00e9tition avait \u00e9t\u00e9 organis\u00e9e dans un autre pays, des r\u00e9actions plus fermes auraient d\u00e9j\u00e0 \u00e9t\u00e9 enregistr\u00e9es, allant jusqu\u2019\u00e0 remettre en cause l\u2019organisation du tournoi.<\/p>\n<p>Cette annonce intervient dans un climat de fortes tensions g\u00e9opolitiques, quelques jours seulement apr\u00e8s les frappes am\u00e9ricano-isra\u00e9liennes men\u00e9es le 28 f\u00e9vrier contre l\u2019Iran.<\/p>\n<p>Si ce boycott venait \u00e0 \u00eatre officiellement confirm\u00e9, la FIFA pourrait \u00eatre amen\u00e9e \u00e0 examiner d\u2019\u00e9ventuelles sanctions \u00e0 l\u2019encontre de la f\u00e9d\u00e9ration iranienne et \u00e0 d\u00e9signer une autre nation pour remplacer l\u2019Iran dans son groupe.<\/p>\n<p>Pour le moment, l\u2019Irak et les Emirats arabes unis sont \u00e9voqu\u00e9s comme possible rempla\u00e7ant de l\u2019Iran, qui a pourtant acquis sa qualification. Elle devait figurer dans le groupe G avec la Belgique, l\u2019\u00c9gypte et la Nouvelle-Z\u00e9lande. A moins d\u2019un retournement de situation, la FIFA va devoir d\u00e9signer un pays, a priori dans la zone Asie, qui prendra sa place.<\/p>\n<p><em><strong>\"Je m\u2019en fiche compl\u00e8tement\".<\/strong><\/em><\/p>\n<p>La semaine derni\u00e8re, le pr\u00e9sident Donald Trump avait surpris le monde du football en ces termes : \"<em>Je m\u2019en fiche compl\u00e8tement. Je pense que l\u2019Iran est un pays tr\u00e8s durement vaincu, \u00e0 bout de forces<\/em>\".<\/p>\n<p>Des d\u00e9clarations qui avaient fait jaser \u00e0 quelques mois de la Coupe du Monde 2026 et en plein conflit avec l\u2019Iran. Mais ce mercredi, Gianni Infantino a tent\u00e9 de voler au secours du pr\u00e9sidentam\u00e9ricain. Le boss de la FIFA r\u00e9v\u00e9le que la position du pr\u00e9sident des Etats-Unis avait \u00e9volu\u00e9. \"<em>Nous avons \u00e9voqu\u00e9 la situation actuelle en Iran et la qualification de l\u2019\u00e9quipe nationale iranienne pour la Coupe du Monde de la FIFA 2026. Au cours de nos discussions, le pr\u00e9sident Trump a r\u00e9affirm\u00e9 que l\u2019\u00e9quipe iranienne \u00e9tait bien entendu la bienvenue pour participer au tournoi aux \u00c9tats-Unis<\/em>.\"<\/p>\n<div class='share-to-whatsapp-wrapper'><div class='share-on-whsp'>PARTAGER SUR : <\/div><a data-text='COUPE DU MONDE 2026 - L'Iran boycotte\u00a0' data-link='https:\/\/www.nettali.com\/2026\/03\/12\/coupe-du-monde-2026-liran-boycotte\/' class='whatsapp-button whatsapp-share'>WhatsApp<\/a><div class='clear '><\/div><\/div>","protected":false},"excerpt":{"rendered":"<p>NETTALI.COM - La participation de l\u2019Iran \u00e0 la Coupe du monde 2026 est d\u00e9sormais s\u00e9rieusement compromise. Les autorit\u00e9s sportives iraniennes ont annonc\u00e9 leur intention de boycotter la prochaine \u00e9dition du tournoi pr\u00e9vu l'\u00e9t\u00e9 prochain aux \u00c9tats-Unis, Mexique et Canada. Ce, en r\u00e9action au contexte politique et militaire tendu entre T\u00e9h\u00e9ran et Washington. La d\u00e9cision a [&hellip;]<\/p>\n","protected":false},"author":5,"featured_media":170816,"comment_status":"open","ping_status":"open","sticky":false,"template":"","format":"standard","meta":{"_et_pb_use_builder":"","_et_pb_old_content":""},"categories":[6],"tags":[],"yoast_head":"<!-- This site is optimized with the Yoast SEO Premium plugin v17.8 (Yoast SEO v17.8) - https:\/\/yoast.com\/wordpress\/plugins\/seo\/ -->\n<title>COUPE DU MONDE 2026 - L&#039;Iran boycotte\u00a0 | Nettali.com<\/title>\n<meta name=\"robots\" content=\"index, follow, max-snippet:-1, max-image-preview:large, max-video-preview:-1\" \/>\n<link rel=\"canonical\" href=\"https:\/\/www.nettali.com\/2026\/03\/12\/coupe-du-monde-2026-liran-boycotte\/\" \/>\n<meta property=\"og:locale\" content=\"fr_FR\" \/>\n<meta property=\"og:type\" content=\"article\" \/>\n<meta property=\"og:title\" content=\"COUPE DU MONDE 2026 - L&#039;Iran boycotte\u00a0\" \/>\n<meta property=\"og:description\" content=\"NETTALI.COM - La participation de l\u2019Iran \u00e0 la Coupe du monde 2026 est d\u00e9sormais s\u00e9rieusement compromise. Les autorit\u00e9s sportives iraniennes ont annonc\u00e9 leur intention de boycotter la prochaine \u00e9dition du tournoi pr\u00e9vu l&#039;\u00e9t\u00e9 prochain aux \u00c9tats-Unis, Mexique et Canada. Ce, en r\u00e9action au contexte politique et militaire tendu entre T\u00e9h\u00e9ran et Washington. La d\u00e9cision a [&hellip;]\" \/>\n<meta property=\"og:url\" content=\"https:\/\/www.nettali.com\/2026\/03\/12\/coupe-du-monde-2026-liran-boycotte\/\" \/>\n<meta property=\"og:site_name\" content=\"Nettali.com\" \/>\n<meta property=\"article:publisher\" content=\"https:\/\/www.facebook.com\/nettalicom\" \/>\n<meta property=\"article:published_time\" content=\"2026-03-12T07:07:51+00:00\" \/>\n<meta property=\"og:image\" content=\"https:\/\/www.nettali.com\/wp-content\/uploads\/2026\/03\/HDIzTY8XUAA3AVj.jpeg\" \/>\n\t<meta property=\"og:image:width\" content=\"1024\" \/>\n\t<meta property=\"og:image:height\" content=\"576\" \/>\n<meta name=\"twitter:card\" content=\"summary_large_image\" \/>\n<meta name=\"twitter:label1\" content=\"\u00c9crit par\" \/>\n\t<meta name=\"twitter:data1\" content=\"Ibrahima\" \/>\n\t<meta name=\"twitter:label2\" content=\"Dur\u00e9e de lecture estim\u00e9e\" \/>\n\t<meta name=\"twitter:data2\" content=\"3 minutes\" \/>\n<script type=\"application\/ld+json\" class=\"yoast-schema-graph\">{\"@context\":\"https:\/\/schema.org\",\"@graph\":[{\"@type\":\"WebSite\",\"@id\":\"https:\/\/www.nettali.com\/#website\",\"url\":\"https:\/\/www.nettali.com\/\",\"name\":\"Nettali.com\",\"description\":\"Le rendez-vous critique du Net\",\"potentialAction\":[{\"@type\":\"SearchAction\",\"target\":{\"@type\":\"EntryPoint\",\"urlTemplate\":\"https:\/\/www.nettali.com\/?s={search_term_string}\"},\"query-input\":\"required name=search_term_string\"}],\"inLanguage\":\"fr-FR\"},{\"@type\":\"ImageObject\",\"@id\":\"https:\/\/www.nettali.com\/2026\/03\/12\/coupe-du-monde-2026-liran-boycotte\/#primaryimage\",\"inLanguage\":\"fr-FR\",\"url\":\"https:\/\/www.nettali.com\/wp-content\/uploads\/2026\/03\/HDIzTY8XUAA3AVj.jpeg\",\"contentUrl\":\"https:\/\/www.nettali.com\/wp-content\/uploads\/2026\/03\/HDIzTY8XUAA3AVj.jpeg\",\"width\":1024,\"height\":576},{\"@type\":\"WebPage\",\"@id\":\"https:\/\/www.nettali.com\/2026\/03\/12\/coupe-du-monde-2026-liran-boycotte\/#webpage\",\"url\":\"https:\/\/www.nettali.com\/2026\/03\/12\/coupe-du-monde-2026-liran-boycotte\/\",\"name\":\"COUPE DU MONDE 2026 - L'Iran boycotte\\u00a0 | Nettali.com\",\"isPartOf\":{\"@id\":\"https:\/\/www.nettali.com\/#website\"},\"primaryImageOfPage\":{\"@id\":\"https:\/\/www.nettali.com\/2026\/03\/12\/coupe-du-monde-2026-liran-boycotte\/#primaryimage\"},\"datePublished\":\"2026-03-12T07:07:51+00:00\",\"dateModified\":\"2026-03-12T07:07:51+00:00\",\"author\":{\"@id\":\"https:\/\/www.nettali.com\/#\/schema\/person\/bb147657c2986240405a608162b9bb23\"},\"breadcrumb\":{\"@id\":\"https:\/\/www.nettali.com\/2026\/03\/12\/coupe-du-monde-2026-liran-boycotte\/#breadcrumb\"},\"inLanguage\":\"fr-FR\",\"potentialAction\":[{\"@type\":\"ReadAction\",\"target\":[\"https:\/\/www.nettali.com\/2026\/03\/12\/coupe-du-monde-2026-liran-boycotte\/\"]}]},{\"@type\":\"BreadcrumbList\",\"@id\":\"https:\/\/www.nettali.com\/2026\/03\/12\/coupe-du-monde-2026-liran-boycotte\/#breadcrumb\",\"itemListElement\":[{\"@type\":\"ListItem\",\"position\":1,\"name\":\"Accueil\",\"item\":\"https:\/\/www.nettali.com\/\"},{\"@type\":\"ListItem\",\"position\":2,\"name\":\"COUPE DU MONDE 2026 - L'Iran boycotte\\u00a0\"}]},{\"@type\":\"Person\",\"@id\":\"https:\/\/www.nettali.com\/#\/schema\/person\/bb147657c2986240405a608162b9bb23\",\"name\":\"Ibrahima\",\"image\":{\"@type\":\"ImageObject\",\"@id\":\"https:\/\/www.nettali.com\/#personlogo\",\"inLanguage\":\"fr-FR\",\"url\":\"https:\/\/secure.gravatar.com\/avatar\/26a8a81f09f0dd7624c9d5c36c9ba3a2?s=96&d=mm&r=g\",\"contentUrl\":\"https:\/\/secure.gravatar.com\/avatar\/26a8a81f09f0dd7624c9d5c36c9ba3a2?s=96&d=mm&r=g\",\"caption\":\"Ibrahima\"},\"sameAs\":[\"https:\/\/www.nettali.com\"]}]}<\/script>\n<!-- \/ Yoast SEO Premium plugin. -->","yoast_head_json":{"title":"COUPE DU MONDE 2026 - L'Iran boycotte\u00a0 | Nettali.com","robots":{"index":"index","follow":"follow","max-snippet":"max-snippet:-1","max-image-preview":"max-image-preview:large","max-video-preview":"max-video-preview:-1"},"canonical":"https:\/\/www.nettali.com\/2026\/03\/12\/coupe-du-monde-2026-liran-boycotte\/","og_locale":"fr_FR","og_type":"article","og_title":"COUPE DU MONDE 2026 - L'Iran boycotte\u00a0","og_description":"NETTALI.COM - La participation de l\u2019Iran \u00e0 la Coupe du monde 2026 est d\u00e9sormais s\u00e9rieusement compromise. Les autorit\u00e9s sportives iraniennes ont annonc\u00e9 leur intention de boycotter la prochaine \u00e9dition du tournoi pr\u00e9vu l'\u00e9t\u00e9 prochain aux \u00c9tats-Unis, Mexique et Canada. Ce, en r\u00e9action au contexte politique et militaire tendu entre T\u00e9h\u00e9ran et Washington. La d\u00e9cision a [&hellip;]","og_url":"https:\/\/www.nettali.com\/2026\/03\/12\/coupe-du-monde-2026-liran-boycotte\/","og_site_name":"Nettali.com","article_publisher":"https:\/\/www.facebook.com\/nettalicom","article_published_time":"2026-03-12T07:07:51+00:00","og_image":[{"width":1024,"height":576,"url":"https:\/\/www.nettali.com\/wp-content\/uploads\/2026\/03\/HDIzTY8XUAA3AVj.jpeg","type":"image\/jpeg"}],"twitter_card":"summary_large_image","twitter_misc":{"\u00c9crit par":"Ibrahima","Dur\u00e9e de lecture estim\u00e9e":"3 minutes"},"schema":{"@context":"https:\/\/schema.org","@graph":[{"@type":"WebSite","@id":"https:\/\/www.nettali.com\/#website","url":"https:\/\/www.nettali.com\/","name":"Nettali.com","description":"Le rendez-vous critique du Net","potentialAction":[{"@type":"SearchAction","target":{"@type":"EntryPoint","urlTemplate":"https:\/\/www.nettali.com\/?s={search_term_string}"},"query-input":"required name=search_term_string"}],"inLanguage":"fr-FR"},{"@type":"ImageObject","@id":"https:\/\/www.nettali.com\/2026\/03\/12\/coupe-du-monde-2026-liran-boycotte\/#primaryimage","inLanguage":"fr-FR","url":"https:\/\/www.nettali.com\/wp-content\/uploads\/2026\/03\/HDIzTY8XUAA3AVj.jpeg","contentUrl":"https:\/\/www.nettali.com\/wp-content\/uploads\/2026\/03\/HDIzTY8XUAA3AVj.jpeg","width":1024,"height":576},{"@type":"WebPage","@id":"https:\/\/www.nettali.com\/2026\/03\/12\/coupe-du-monde-2026-liran-boycotte\/#webpage","url":"https:\/\/www.nettali.com\/2026\/03\/12\/coupe-du-monde-2026-liran-boycotte\/","name":"COUPE DU MONDE 2026 - L'Iran boycotte\u00a0 | Nettali.com","isPartOf":{"@id":"https:\/\/www.nettali.com\/#website"},"primaryImageOfPage":{"@id":"https:\/\/www.nettali.com\/2026\/03\/12\/coupe-du-monde-2026-liran-boycotte\/#primaryimage"},"datePublished":"2026-03-12T07:07:51+00:00","dateModified":"2026-03-12T07:07:51+00:00","author":{"@id":"https:\/\/www.nettali.com\/#\/schema\/person\/bb147657c2986240405a608162b9bb23"},"breadcrumb":{"@id":"https:\/\/www.nettali.com\/2026\/03\/12\/coupe-du-monde-2026-liran-boycotte\/#breadcrumb"},"inLanguage":"fr-FR","potentialAction":[{"@type":"ReadAction","target":["https:\/\/www.nettali.com\/2026\/03\/12\/coupe-du-monde-2026-liran-boycotte\/"]}]},{"@type":"BreadcrumbList","@id":"https:\/\/www.nettali.com\/2026\/03\/12\/coupe-du-monde-2026-liran-boycotte\/#breadcrumb","itemListElement":[{"@type":"ListItem","position":1,"name":"Accueil","item":"https:\/\/www.nettali.com\/"},{"@type":"ListItem","position":2,"name":"COUPE DU MONDE 2026 - L'Iran boycotte\u00a0"}]},{"@type":"Person","@id":"https:\/\/www.nettali.com\/#\/schema\/person\/bb147657c2986240405a608162b9bb23","name":"Ibrahima","image":{"@type":"ImageObject","@id":"https:\/\/www.nettali.com\/#personlogo","inLanguage":"fr-FR","url":"https:\/\/secure.gravatar.com\/avatar\/26a8a81f09f0dd7624c9d5c36c9ba3a2?s=96&d=mm&r=g","contentUrl":"https:\/\/secure.gravatar.com\/avatar\/26a8a81f09f0dd7624c9d5c36c9ba3a2?s=96&d=mm&r=g","caption":"Ibrahima"},"sameAs":["https:\/\/www.nettali.com"]}]}},"_links":{"self":[{"href":"https:\/\/www.nettali.com\/rest\/wp\/v2\/posts\/170818"}],"collection":[{"href":"https:\/\/www.nettali.com\/rest\/wp\/v2\/posts"}],"about":[{"href":"https:\/\/www.nettali.com\/rest\/wp\/v2\/types\/post"}],"author":[{"embeddable":true,"href":"https:\/\/www.nettali.com\/rest\/wp\/v2\/users\/5"}],"replies":[{"embeddable":true,"href":"https:\/\/www.nettali.com\/rest\/wp\/v2\/comments?post=170818"}],"version-history":[{"count":1,"href":"https:\/\/www.nettali.com\/rest\/wp\/v2\/posts\/170818\/revisions"}],"predecessor-version":[{"id":170819,"href":"https:\/\/www.nettali.com\/rest\/wp\/v2\/posts\/170818\/revisions\/170819"}],"wp:featuredmedia":[{"embeddable":true,"href":"https:\/\/www.nettali.com\/rest\/wp\/v2\/media\/170816"}],"wp:attachment":[{"href":"https:\/\/www.nettali.com\/rest\/wp\/v2\/media?parent=170818"}],"wp:term":[{"taxonomy":"category","embeddable":true,"href":"https:\/\/www.nettali.com\/rest\/wp\/v2\/categories?post=170818"},{"taxonomy":"post_tag","embeddable":true,"href":"https:\/\/www.nettali.com\/rest\/wp\/v2\/tags?post=170818"}],"curies":[{"name":"wp","href":"https:\/\/api.w.org\/{rel}","templated":true}]}}