{"id":170805,"date":"2026-03-12T13:00:11","date_gmt":"2026-03-12T13:00:11","guid":{"rendered":"https:\/\/www.nettali.com\/?p=170805"},"modified":"2026-03-13T06:47:13","modified_gmt":"2026-03-13T06:47:13","slug":"majorite-presidentielle-lassemblee-adoube-sonko-et-menace-diomaye","status":"publish","type":"post","link":"https:\/\/www.nettali.com\/2026\/03\/12\/majorite-presidentielle-lassemblee-adoube-sonko-et-menace-diomaye\/","title":{"rendered":"MAJORIT\u00c9 PR\u00c9SIDENTIELLE - L\u2019Assembl\u00e9e adoube Sonko et menace Diomaye"},"content":{"rendered":"<p><strong>NETTALI.COM - Lors de la session pl\u00e9ni\u00e8re portant sur l\u2019adoption de la loi contre l\u2019homosexualit\u00e9, le mercredi 11 mars, les d\u00e9put\u00e9s de Pastef ont presque pl\u00e9biscit\u00e9 Sonko, certains s\u2019en prenant violemment au pr\u00e9sident de la R\u00e9publique.<\/strong><\/p>\n<p>\u201cStanding ovation\u201d pour le Premier ministre Ousmane Sonko. Insultes pour le Pr\u00e9sident Bassirou Diomaye Faye et les tenants de l\u2019ancien r\u00e9gime. C\u2019\u00e9tait la principale information ressortie de plusieurs heures de discussion \u00e0 l\u2019Assembl\u00e9e nationale autour la loi dite de durcissement contre l\u2019homosexualit\u00e9. Comme \u00e0 son habitude, le thurif\u00e9raire de Sonko Serigne Bara Ndiaye a \u00e9t\u00e9 le plus virulent, le plus incendiaire \u00e0 l\u2019encontre du chef de l\u2019\u00c9tat.<\/p>\n<p>Il y a quelques jours, \u00e0 l\u2019occasion de l\u2019assembl\u00e9e g\u00e9n\u00e9rale de la coalition Diomaye Pr\u00e9sident, Aminata Tour\u00e9 avait rappel\u00e9 les dispositions constitutionnelles selon lesquelles le pr\u00e9sident de la R\u00e9publique est le chef supr\u00eame des arm\u00e9es, qu\u2019il pr\u00e9side le Conseil sup\u00e9rieur de la magistrature\u2026. Bara Ndiaye interpr\u00e8te \u00e0 sa mani\u00e8re cette d\u00e9claration de la haute repr\u00e9sentante du chef de l\u2019\u00c9tat. \u201c\u2026 <em>Quand elle lui dit vous \u00eates le chef supr\u00eame des arm\u00e9es, cela veut dire prenez les armes et tuez les enfants. Quand elle dit vous \u00eates le pr\u00e9sident du Conseil sup\u00e9rieur de la magistrature, elle demande d\u2019ouvrir les prisons et d\u2019emprisonner ses enfants<\/em>\u201d, accuse le tr\u00e8s virulent d\u00e9put\u00e9 qui invite ses camarades \u00e0 prendre au s\u00e9rieux de telles menaces. \u201cElle lui avait dit de trahir Sonko, personne n\u2019y croyait, mais il l\u2019a fait\u201d, avertit-il.<\/p>\n<p><strong>Les attaques virulentes de Bara Ndiaye<\/strong><\/p>\n<p>Bara Ndiaye ne s\u2019en est pas limit\u00e9. Il a aussi prof\u00e9r\u00e9 des menaces directes au chef de l\u2019\u00c9tat. Ce dernier doit savoir, selon lui, qu\u2019il n\u2019est pas comme Sall qui \u00e9tait non seulement au bord de la retraite, mais qui n\u2019a ni p\u00e8re ni m\u00e8re au S\u00e9n\u00e9gal (les deux ne sont plus de ce monde). \u201c<em>Lui il a un p\u00e8re, une m\u00e8re, deux jeunes \u00e9pouses et des enfants. Qu\u2019il sache qu\u2019\u00e0 Pastef, il n\u2019y a qu\u2019un peureux ; il s\u2019appelait Diomaye Faye. S\u2019il nous d\u00e9clare la guerre, on ne reculera d\u2019un iota. On le combattra et on le d\u00e9logera, comme on l\u2019a fait avec Macky Sall<\/em>\u201d, ass\u00e8ne-t-il. Pour lui, si Diomaye veut la paix, il n\u2019a qu\u2019\u00e0 ob\u00e9ir \u00e0 Sonko.<\/p>\n<p>Diomaye \u00e9tait ainsi la cible de plusieurs attaques. Directe comme indirecte. D\u2019autres s\u2019en ont pris violemment \u00e0 Aminata Tour\u00e9 et Dr Abdourahmane Diouf que certains ont trait\u00e9 d\u2019\u00e9nergum\u00e8nes. \u201c<em>Cette majorit\u00e9, elle est sonkiste<\/em>\u201d, a r\u00e9agi Abdourahmane Diouf qui dit regretter d\u2019avoir le m\u00eame nom que le ministre de l\u2019Environnement. Nous profitons de cette occasion pour r\u00e9pondre \u00e0 cet \u00e9nergum\u00e8ne qui est sorti derni\u00e8rement pour nous parler de majorit\u00e9 diomayenne\u201d, a-t-il soutenu.<\/p>\n<p>Les d\u00e9put\u00e9s ont ainsi donn\u00e9 le ton. La seule constance \u00e0 Pastef reste le Premier ministre et ils semblent fins pr\u00eats \u00e0 s\u2019\u00e9riger en bouclier pour le prot\u00e9ger. \u00c0 l\u2019instar de ses coll\u00e8gues, Ndeye Marie San\u00e9 a aussi rendu un hommage appuy\u00e9 au PM qu\u2019il pr\u00e9sente comme le porteur de ce projet contre l\u2019homosexualit\u00e9, le gardien de la r\u00e9volution s\u00e9n\u00e9galaise. \u201c<em>Cette majorit\u00e9 qui s\u2019appr\u00eate \u00e0 voter cette loi est sonkoiste, elle appartient \u00e0 Sonko. Si quelqu\u2019un veut sa majorit\u00e9 il n\u2019a qu\u2019\u00e0 faire comme lui, aller la chercher<\/em>\u201d, a-t-elle r\u00e9affirm\u00e9.<\/p>\n<p><strong>La crainte d\u2019une crise institutionnelle <\/strong><\/p>\n<p>Comme pour engager une bataille institutionnelle, certains n\u2019ont pas manqu\u00e9 d\u2019exiger l\u2019acc\u00e9l\u00e9ration des r\u00e9formes constitutionnelles. Mme San\u00e9 estime que le parlement doit en prendre l\u2019initiative. \u201c<em>Il devient plus que jamais n\u00e9cessaire d\u2019engager, en tant que parlementaires, une r\u00e9vision courageuse de la constitution, comme nous le permet l\u2019article 103 de la constitution qui dit que l\u2019initiative de la r\u00e9vision appartient concouramment au pr\u00e9sident de la R\u00e9publique et aux d\u00e9put\u00e9s<\/em>\u201d, indique la parlementaire qui pr\u00e9cise : \u201cu<em>ne constitution n\u2019a de l\u00e9gitimit\u00e9 que lorsqu\u2019elle refl\u00e8te fid\u00e8lement les valeurs et les aspirations souveraines du peuple qu\u2019elle est cens\u00e9e organiser<\/em>.\u201d<\/p>\n<p>Saliou Ndione a abond\u00e9 dans le m\u00eame sens. Le 31 d\u00e9cembre, le Pr\u00e9sident avait annonc\u00e9 pour le premier trimestre les projets de r\u00e9formes, notamment le code \u00e9lectoral avec les articles 29, 30 et 31, rappelle-t-il, demandant au chef de l\u2019Etat de passer \u00e0 l\u2019acte.<\/p>\n<p>Dans la m\u00eame logique que leur leader qui dit perdre espoir par rapport \u00e0 la reddition des comptes, des d\u00e9put\u00e9s ont accus\u00e9 le pr\u00e9sident de la r\u00e9publique de mettre sous le coude certains rapports. \u201c<em>Les rapports sont mis sous le coude pour des raisons qui rel\u00e8vent plus du copinage politicien que de l\u2019exigence de transparence et de bonne gouvernance pour lesquelles nos concitoyens nous ont fait confiance. La reddition des comptes est une promesse faite aux S\u00e9n\u00e9galais et nous devons la respecter<\/em>\u201d, a soutenu l\u2019un d\u2019eux.<\/p>\n<p>Par ailleurs, alors que la constitution attribue la pr\u00e9rogative d\u2019initier une proc\u00e9dure parlementaire au pr\u00e9sident de la R\u00e9publique et au parlement, les d\u00e9put\u00e9s, eux, ont carr\u00e9ment ignor\u00e9 Diomaye. Il y en avait que pour Sonko comme seul et unique porteur de cette loi. \u201c<em>Seul Sonko a os\u00e9 porter cette loi et seuls ses d\u00e9put\u00e9s osent le voter<\/em>\u201d, a charg\u00e9 le d\u00e9put\u00e9 Bara Ndiaye.<\/p>\n<p><strong>Quand voter une loi devient un exploit <\/strong><\/p>\n<p>A en croire les d\u00e9put\u00e9s de Pastef, la journ\u00e9e d\u2019hier a \u00e9t\u00e9 historique. Alors que leurs d\u00e9tracteurs parlent de reculade par rapport \u00e0 leur promesse de criminalisation, eux parlent de vrai courage et d\u2019audace. \u201c<em>Ce jour marque l\u2019affirmation irr\u00e9versible de la souverainet\u00e9 l\u00e9gislative du S\u00e9n\u00e9gal. Une nation libre et souveraine doit assumer pleinement sa souverainet\u00e9 l\u00e9gislative. Le S\u00e9n\u00e9gal n\u2019est pas un mod\u00e8le d\u2019exp\u00e9rimentation pour des mod\u00e8les venus d\u2019ailleurs. Aucun lobby, aucune pression ext\u00e9rieure, aucune injonction ne saurait dicter au peuple s\u00e9n\u00e9galais la mani\u00e8re dont il entend organiser sa soci\u00e9t\u00e9<\/em>\u201d, a plaid\u00e9 Ndeye Marie San\u00e9, qui ajoute : \u201c<em>en votant cette loi, nous n\u2019accomplissons pas un simple acte l\u00e9gislatif, nous posons un acte de souverainet\u00e9.<\/em>\u201d<\/p>\n<p>Pour sa part, Ismaila Wone a appel\u00e9 la soci\u00e9t\u00e9 \u00e0 soutenir ce projet, contre les pressions occidentales. \u201c<em>Depuis que le Premier ministre Ousmane Sonko a annonc\u00e9 cette r\u00e9forme, les m\u00e9dias internationaux se sont mis \u00e0 produire des textes pour attaquer non seulement notre leader, mais aussi le projet. Tout peuple, toute nation, a le droit d\u2019incarner ses propres valeurs. Autant nous acceptons qu\u2019ils fixent leurs valeurs et antivaleurs, autant nous demandons qu\u2019ils respectent nos valeurs et antivaleurs<\/em>\u201d, exige le d\u00e9put\u00e9 de Pastef.<\/p>\n<p><strong>Les griefs de l\u2019opposition <\/strong><\/p>\n<p>C\u2019est Abdou Mbow qui a lanc\u00e9 les hostilit\u00e9s \u00e0 l\u2019entame de la session en posant une question pr\u00e9alable. Le d\u00e9put\u00e9 de l\u2019opposition a relev\u00e9 trois p\u00e9ch\u00e9s de la \u201cloi de Sonko\u201d. D\u2019abord, rappelle-t-il, Pastef n\u2019a pas respect\u00e9 sa promesse de criminalisation. Ensuite, il a estim\u00e9 que c\u2019est mensonger de croire que les juges vont prononcer des peines de 10 ans pour un d\u00e9lit. Mais la critique la plus s\u00e9rieuse porte sur la disposition r\u00e9primant la d\u00e9nonciation. \u201c<em>Sous le pr\u00e9texte de punir la d\u00e9lation, on prot\u00e8ge les homosexuels. On se met \u00e0 punir celui qui la d\u00e9nonce comme pour faire peur \u00e0 l\u2019opinion et rendre ainsi difficile la d\u00e9nonciation du d\u00e9lit. On rend l\u2019homosexualit\u00e9 permissif. C\u2019est \u00e7a l\u2019agenda LGBT que vous portez<\/em>\u201d, soutient le d\u00e9put\u00e9 convaincu que cette loi prot\u00e8ge les homosexuels plus qu\u2019elle ne les combat.<\/p>\n<p>Tafsir Thioye, favorable au durcissement, partage cette inqui\u00e9tude. Il regrette la division dans laquelle cette loi est discut\u00e9e \u00e0 l\u2019Assembl\u00e9e nationale, alors qu\u2019il devrait y avoir un consensus tr\u00e8s fort. \u201c<em>Je vais d\u00e9poser un amendement, parce que si la loi passe en l\u2019\u00e9tat, \u00e7a risque de cr\u00e9er des probl\u00e8mes. Nous risquons d\u2019avoir pire que ce que nous avions<\/em>\u201d, at- il mis en garde.<\/p>\n<p>Idem pour le d\u00e9put\u00e9 Cheikh Tidiane Youm du Parti de l\u2019unit\u00e9 et du rassemblement.<\/p>\n<p>\u00c0 noter que sur les 130 d\u00e9put\u00e9s de la majorit\u00e9, 100 \u00e9taient pr\u00e9sents ; 06 sur les 17 d\u00e9put\u00e9s de Takku Wallu ; 05 sur les 18 d\u00e9put\u00e9s non inscrits.<\/p>\n<p>Au terme d\u2019une tr\u00e8s longue journ\u00e9e, le parlement a vot\u00e9 la loi qui renforce les sanctions contre les relations homosexuelles. D\u00e9sormais, les actes contre nature sont passibles de peines de cinq \u00e0 dix ans d\u2019emprisonnement.<\/p>\n<p>Le nouveau texte pr\u00e9voit \u00e9galement des sanctions p\u00e9nales visant toute forme de promotion ou de financement de l\u2019homosexualit\u00e9 au S\u00e9n\u00e9gal. Pour que cette loi devienne effective, elle doit encore \u00eatre promulgu\u00e9e par le pr\u00e9sident de la R\u00e9publique, Bassirou Diomaye Faye.<\/p>\n<p>Parmi les points qui ont le plus soulev\u00e9 la controverse, il y a les dispositions relatives \u00e0 la r\u00e9pression de la d\u00e9nonciation abusive.<\/p>\n<p>EnQu\u00eate<\/p>\n<div class='share-to-whatsapp-wrapper'><div class='share-on-whsp'>PARTAGER SUR : <\/div><a data-text='MAJORIT\u00c9 PR\u00c9SIDENTIELLE - L\u2019Assembl\u00e9e adoube Sonko et menace Diomaye' data-link='https:\/\/www.nettali.com\/2026\/03\/12\/majorite-presidentielle-lassemblee-adoube-sonko-et-menace-diomaye\/' class='whatsapp-button whatsapp-share'>WhatsApp<\/a><div class='clear '><\/div><\/div>","protected":false},"excerpt":{"rendered":"<p>NETTALI.COM - Lors de la session pl\u00e9ni\u00e8re portant sur l\u2019adoption de la loi contre l\u2019homosexualit\u00e9, le mercredi 11 mars, les d\u00e9put\u00e9s de Pastef ont presque pl\u00e9biscit\u00e9 Sonko, certains s\u2019en prenant violemment au pr\u00e9sident de la R\u00e9publique. \u201cStanding ovation\u201d pour le Premier ministre Ousmane Sonko. Insultes pour le Pr\u00e9sident Bassirou Diomaye Faye et les tenants de [&hellip;]<\/p>\n","protected":false},"author":2,"featured_media":170806,"comment_status":"open","ping_status":"open","sticky":false,"template":"","format":"standard","meta":{"_et_pb_use_builder":"","_et_pb_old_content":""},"categories":[2],"tags":[],"yoast_head":"<!-- This site is optimized with the Yoast SEO Premium plugin v17.8 (Yoast SEO v17.8) - https:\/\/yoast.com\/wordpress\/plugins\/seo\/ -->\n<title>MAJORIT\u00c9 PR\u00c9SIDENTIELLE - L\u2019Assembl\u00e9e adoube Sonko et menace Diomaye | Nettali.com<\/title>\n<meta name=\"robots\" content=\"index, follow, max-snippet:-1, max-image-preview:large, max-video-preview:-1\" \/>\n<link rel=\"canonical\" href=\"https:\/\/www.nettali.com\/2026\/03\/12\/majorite-presidentielle-lassemblee-adoube-sonko-et-menace-diomaye\/\" \/>\n<meta property=\"og:locale\" content=\"fr_FR\" \/>\n<meta property=\"og:type\" content=\"article\" \/>\n<meta property=\"og:title\" content=\"MAJORIT\u00c9 PR\u00c9SIDENTIELLE - L\u2019Assembl\u00e9e adoube Sonko et menace Diomaye\" \/>\n<meta property=\"og:description\" content=\"NETTALI.COM - Lors de la session pl\u00e9ni\u00e8re portant sur l\u2019adoption de la loi contre l\u2019homosexualit\u00e9, le mercredi 11 mars, les d\u00e9put\u00e9s de Pastef ont presque pl\u00e9biscit\u00e9 Sonko, certains s\u2019en prenant violemment au pr\u00e9sident de la R\u00e9publique. \u201cStanding ovation\u201d pour le Premier ministre Ousmane Sonko. Insultes pour le Pr\u00e9sident Bassirou Diomaye Faye et les tenants de [&hellip;]\" \/>\n<meta property=\"og:url\" content=\"https:\/\/www.nettali.com\/2026\/03\/12\/majorite-presidentielle-lassemblee-adoube-sonko-et-menace-diomaye\/\" \/>\n<meta property=\"og:site_name\" content=\"Nettali.com\" \/>\n<meta property=\"article:publisher\" content=\"https:\/\/www.facebook.com\/nettalicom\" \/>\n<meta property=\"article:published_time\" content=\"2026-03-12T13:00:11+00:00\" \/>\n<meta property=\"article:modified_time\" content=\"2026-03-13T06:47:13+00:00\" \/>\n<meta property=\"og:image\" content=\"https:\/\/www.nettali.com\/wp-content\/uploads\/2026\/03\/QMet4E_8.jpeg\" \/>\n\t<meta property=\"og:image:width\" content=\"1280\" \/>\n\t<meta property=\"og:image:height\" content=\"720\" \/>\n<meta name=\"twitter:card\" content=\"summary_large_image\" \/>\n<meta name=\"twitter:label1\" content=\"\u00c9crit par\" \/>\n\t<meta name=\"twitter:data1\" content=\"CK\" \/>\n\t<meta name=\"twitter:label2\" content=\"Dur\u00e9e de lecture estim\u00e9e\" \/>\n\t<meta name=\"twitter:data2\" content=\"8 minutes\" \/>\n<script type=\"application\/ld+json\" class=\"yoast-schema-graph\">{\"@context\":\"https:\/\/schema.org\",\"@graph\":[{\"@type\":\"WebSite\",\"@id\":\"https:\/\/www.nettali.com\/#website\",\"url\":\"https:\/\/www.nettali.com\/\",\"name\":\"Nettali.com\",\"description\":\"Le rendez-vous critique du Net\",\"potentialAction\":[{\"@type\":\"SearchAction\",\"target\":{\"@type\":\"EntryPoint\",\"urlTemplate\":\"https:\/\/www.nettali.com\/?s={search_term_string}\"},\"query-input\":\"required name=search_term_string\"}],\"inLanguage\":\"fr-FR\"},{\"@type\":\"ImageObject\",\"@id\":\"https:\/\/www.nettali.com\/2026\/03\/12\/majorite-presidentielle-lassemblee-adoube-sonko-et-menace-diomaye\/#primaryimage\",\"inLanguage\":\"fr-FR\",\"url\":\"https:\/\/www.nettali.com\/wp-content\/uploads\/2026\/03\/QMet4E_8.jpeg\",\"contentUrl\":\"https:\/\/www.nettali.com\/wp-content\/uploads\/2026\/03\/QMet4E_8.jpeg\",\"width\":1280,\"height\":720},{\"@type\":\"WebPage\",\"@id\":\"https:\/\/www.nettali.com\/2026\/03\/12\/majorite-presidentielle-lassemblee-adoube-sonko-et-menace-diomaye\/#webpage\",\"url\":\"https:\/\/www.nettali.com\/2026\/03\/12\/majorite-presidentielle-lassemblee-adoube-sonko-et-menace-diomaye\/\",\"name\":\"MAJORIT\\u00c9 PR\\u00c9SIDENTIELLE - L\\u2019Assembl\\u00e9e adoube Sonko et menace Diomaye | Nettali.com\",\"isPartOf\":{\"@id\":\"https:\/\/www.nettali.com\/#website\"},\"primaryImageOfPage\":{\"@id\":\"https:\/\/www.nettali.com\/2026\/03\/12\/majorite-presidentielle-lassemblee-adoube-sonko-et-menace-diomaye\/#primaryimage\"},\"datePublished\":\"2026-03-12T13:00:11+00:00\",\"dateModified\":\"2026-03-13T06:47:13+00:00\",\"author\":{\"@id\":\"https:\/\/www.nettali.com\/#\/schema\/person\/d8ac7b7e27ddad43f1c0d2ef090d7f71\"},\"breadcrumb\":{\"@id\":\"https:\/\/www.nettali.com\/2026\/03\/12\/majorite-presidentielle-lassemblee-adoube-sonko-et-menace-diomaye\/#breadcrumb\"},\"inLanguage\":\"fr-FR\",\"potentialAction\":[{\"@type\":\"ReadAction\",\"target\":[\"https:\/\/www.nettali.com\/2026\/03\/12\/majorite-presidentielle-lassemblee-adoube-sonko-et-menace-diomaye\/\"]}]},{\"@type\":\"BreadcrumbList\",\"@id\":\"https:\/\/www.nettali.com\/2026\/03\/12\/majorite-presidentielle-lassemblee-adoube-sonko-et-menace-diomaye\/#breadcrumb\",\"itemListElement\":[{\"@type\":\"ListItem\",\"position\":1,\"name\":\"Accueil\",\"item\":\"https:\/\/www.nettali.com\/\"},{\"@type\":\"ListItem\",\"position\":2,\"name\":\"MAJORIT\\u00c9 PR\\u00c9SIDENTIELLE - L\\u2019Assembl\\u00e9e adoube Sonko et menace Diomaye\"}]},{\"@type\":\"Person\",\"@id\":\"https:\/\/www.nettali.com\/#\/schema\/person\/d8ac7b7e27ddad43f1c0d2ef090d7f71\",\"name\":\"CK\",\"image\":{\"@type\":\"ImageObject\",\"@id\":\"https:\/\/www.nettali.com\/#personlogo\",\"inLanguage\":\"fr-FR\",\"url\":\"https:\/\/secure.gravatar.com\/avatar\/1d8d5118b9327d94da7cd4ce7f17fec2?s=96&d=mm&r=g\",\"contentUrl\":\"https:\/\/secure.gravatar.com\/avatar\/1d8d5118b9327d94da7cd4ce7f17fec2?s=96&d=mm&r=g\",\"caption\":\"CK\"},\"sameAs\":[\"https:\/\/www.nettali.com\"]}]}<\/script>\n<!-- \/ Yoast SEO Premium plugin. -->","yoast_head_json":{"title":"MAJORIT\u00c9 PR\u00c9SIDENTIELLE - L\u2019Assembl\u00e9e adoube Sonko et menace Diomaye | Nettali.com","robots":{"index":"index","follow":"follow","max-snippet":"max-snippet:-1","max-image-preview":"max-image-preview:large","max-video-preview":"max-video-preview:-1"},"canonical":"https:\/\/www.nettali.com\/2026\/03\/12\/majorite-presidentielle-lassemblee-adoube-sonko-et-menace-diomaye\/","og_locale":"fr_FR","og_type":"article","og_title":"MAJORIT\u00c9 PR\u00c9SIDENTIELLE - L\u2019Assembl\u00e9e adoube Sonko et menace Diomaye","og_description":"NETTALI.COM - Lors de la session pl\u00e9ni\u00e8re portant sur l\u2019adoption de la loi contre l\u2019homosexualit\u00e9, le mercredi 11 mars, les d\u00e9put\u00e9s de Pastef ont presque pl\u00e9biscit\u00e9 Sonko, certains s\u2019en prenant violemment au pr\u00e9sident de la R\u00e9publique. \u201cStanding ovation\u201d pour le Premier ministre Ousmane Sonko. Insultes pour le Pr\u00e9sident Bassirou Diomaye Faye et les tenants de [&hellip;]","og_url":"https:\/\/www.nettali.com\/2026\/03\/12\/majorite-presidentielle-lassemblee-adoube-sonko-et-menace-diomaye\/","og_site_name":"Nettali.com","article_publisher":"https:\/\/www.facebook.com\/nettalicom","article_published_time":"2026-03-12T13:00:11+00:00","article_modified_time":"2026-03-13T06:47:13+00:00","og_image":[{"width":1280,"height":720,"url":"https:\/\/www.nettali.com\/wp-content\/uploads\/2026\/03\/QMet4E_8.jpeg","type":"image\/jpeg"}],"twitter_card":"summary_large_image","twitter_misc":{"\u00c9crit par":"CK","Dur\u00e9e de lecture estim\u00e9e":"8 minutes"},"schema":{"@context":"https:\/\/schema.org","@graph":[{"@type":"WebSite","@id":"https:\/\/www.nettali.com\/#website","url":"https:\/\/www.nettali.com\/","name":"Nettali.com","description":"Le rendez-vous critique du Net","potentialAction":[{"@type":"SearchAction","target":{"@type":"EntryPoint","urlTemplate":"https:\/\/www.nettali.com\/?s={search_term_string}"},"query-input":"required name=search_term_string"}],"inLanguage":"fr-FR"},{"@type":"ImageObject","@id":"https:\/\/www.nettali.com\/2026\/03\/12\/majorite-presidentielle-lassemblee-adoube-sonko-et-menace-diomaye\/#primaryimage","inLanguage":"fr-FR","url":"https:\/\/www.nettali.com\/wp-content\/uploads\/2026\/03\/QMet4E_8.jpeg","contentUrl":"https:\/\/www.nettali.com\/wp-content\/uploads\/2026\/03\/QMet4E_8.jpeg","width":1280,"height":720},{"@type":"WebPage","@id":"https:\/\/www.nettali.com\/2026\/03\/12\/majorite-presidentielle-lassemblee-adoube-sonko-et-menace-diomaye\/#webpage","url":"https:\/\/www.nettali.com\/2026\/03\/12\/majorite-presidentielle-lassemblee-adoube-sonko-et-menace-diomaye\/","name":"MAJORIT\u00c9 PR\u00c9SIDENTIELLE - L\u2019Assembl\u00e9e adoube Sonko et menace Diomaye | Nettali.com","isPartOf":{"@id":"https:\/\/www.nettali.com\/#website"},"primaryImageOfPage":{"@id":"https:\/\/www.nettali.com\/2026\/03\/12\/majorite-presidentielle-lassemblee-adoube-sonko-et-menace-diomaye\/#primaryimage"},"datePublished":"2026-03-12T13:00:11+00:00","dateModified":"2026-03-13T06:47:13+00:00","author":{"@id":"https:\/\/www.nettali.com\/#\/schema\/person\/d8ac7b7e27ddad43f1c0d2ef090d7f71"},"breadcrumb":{"@id":"https:\/\/www.nettali.com\/2026\/03\/12\/majorite-presidentielle-lassemblee-adoube-sonko-et-menace-diomaye\/#breadcrumb"},"inLanguage":"fr-FR","potentialAction":[{"@type":"ReadAction","target":["https:\/\/www.nettali.com\/2026\/03\/12\/majorite-presidentielle-lassemblee-adoube-sonko-et-menace-diomaye\/"]}]},{"@type":"BreadcrumbList","@id":"https:\/\/www.nettali.com\/2026\/03\/12\/majorite-presidentielle-lassemblee-adoube-sonko-et-menace-diomaye\/#breadcrumb","itemListElement":[{"@type":"ListItem","position":1,"name":"Accueil","item":"https:\/\/www.nettali.com\/"},{"@type":"ListItem","position":2,"name":"MAJORIT\u00c9 PR\u00c9SIDENTIELLE - L\u2019Assembl\u00e9e adoube Sonko et menace Diomaye"}]},{"@type":"Person","@id":"https:\/\/www.nettali.com\/#\/schema\/person\/d8ac7b7e27ddad43f1c0d2ef090d7f71","name":"CK","image":{"@type":"ImageObject","@id":"https:\/\/www.nettali.com\/#personlogo","inLanguage":"fr-FR","url":"https:\/\/secure.gravatar.com\/avatar\/1d8d5118b9327d94da7cd4ce7f17fec2?s=96&d=mm&r=g","contentUrl":"https:\/\/secure.gravatar.com\/avatar\/1d8d5118b9327d94da7cd4ce7f17fec2?s=96&d=mm&r=g","caption":"CK"},"sameAs":["https:\/\/www.nettali.com"]}]}},"_links":{"self":[{"href":"https:\/\/www.nettali.com\/rest\/wp\/v2\/posts\/170805"}],"collection":[{"href":"https:\/\/www.nettali.com\/rest\/wp\/v2\/posts"}],"about":[{"href":"https:\/\/www.nettali.com\/rest\/wp\/v2\/types\/post"}],"author":[{"embeddable":true,"href":"https:\/\/www.nettali.com\/rest\/wp\/v2\/users\/2"}],"replies":[{"embeddable":true,"href":"https:\/\/www.nettali.com\/rest\/wp\/v2\/comments?post=170805"}],"version-history":[{"count":1,"href":"https:\/\/www.nettali.com\/rest\/wp\/v2\/posts\/170805\/revisions"}],"predecessor-version":[{"id":170807,"href":"https:\/\/www.nettali.com\/rest\/wp\/v2\/posts\/170805\/revisions\/170807"}],"wp:featuredmedia":[{"embeddable":true,"href":"https:\/\/www.nettali.com\/rest\/wp\/v2\/media\/170806"}],"wp:attachment":[{"href":"https:\/\/www.nettali.com\/rest\/wp\/v2\/media?parent=170805"}],"wp:term":[{"taxonomy":"category","embeddable":true,"href":"https:\/\/www.nettali.com\/rest\/wp\/v2\/categories?post=170805"},{"taxonomy":"post_tag","embeddable":true,"href":"https:\/\/www.nettali.com\/rest\/wp\/v2\/tags?post=170805"}],"curies":[{"name":"wp","href":"https:\/\/api.w.org\/{rel}","templated":true}]}}