{"id":170797,"date":"2026-03-11T20:07:18","date_gmt":"2026-03-11T20:07:18","guid":{"rendered":"https:\/\/www.nettali.com\/?p=170797"},"modified":"2026-03-11T20:07:18","modified_gmt":"2026-03-11T20:07:18","slug":"acte-contre-nature-ouzin-keita-et-ses-co-inculpes-places-sous-mandat-de-depot","status":"publish","type":"post","link":"https:\/\/www.nettali.com\/2026\/03\/11\/acte-contre-nature-ouzin-keita-et-ses-co-inculpes-places-sous-mandat-de-depot\/","title":{"rendered":"ACTE CONTRE-NATURE : Ouzin Ke\u00efta et ses co-inculp\u00e9s plac\u00e9s sous mandat de d\u00e9p\u00f4t"},"content":{"rendered":"<p data-start=\"90\" data-end=\"322\"><strong>NETTALI.COM - Nouveau tournant dans l\u2019affaire impliquant l\u2019artiste s\u00e9n\u00e9galais Ouzin Ke\u00efta. Apr\u00e8s deux retours de parquet, le chanteur et plusieurs personnes interpell\u00e9es dans ce dossier ont \u00e9t\u00e9 fix\u00e9s sur leur sort ce mercredi 11 mars.<\/strong><\/p>\n<p data-start=\"324\" data-end=\"531\">\u00a0Le minist\u00e8re public a d\u00e9cid\u00e9 d\u2019ouvrir une information judiciaire et de confier le dossier au juge du 1er cabinet d\u2019instruction du tribunal de Dakar.<\/p>\n<p data-start=\"579\" data-end=\"677\">Dans son r\u00e9quisitoire introductif, le parquet a vis\u00e9 plusieurs infractions graves, notamment l'association de malfaiteurs, les actes contre nature, le prox\u00e9n\u00e9tisme, l'escroquerie, le chantage, l'extorsion de fonds, la transmission volontaire du VIH\/Sida et l'usage de drogue.<\/p>\n<p data-start=\"902\" data-end=\"1019\">Le procureur a \u00e9galement requis le placement sous mandat de d\u00e9p\u00f4t contre l\u2019ensemble des personnes mises en cause.<\/p>\n<p data-start=\"902\" data-end=\"1019\">Apr\u00e8s leur pr\u00e9sentation devant le juge d\u2019instruction, le doyen des juges a suivi les r\u00e9quisitions du parquet. Ouzin Ke\u00efta et ses co-inculp\u00e9s ont \u00e9t\u00e9 inculp\u00e9s puis plac\u00e9s sous mandat de d\u00e9p\u00f4t, ce qui entra\u00eene leur incarc\u00e9ration en attendant la poursuite de l\u2019instruction judiciaire.<\/p>\n<p data-start=\"1354\" data-end=\"1509\" data-is-last-node=\"\" data-is-only-node=\"\">L\u2019enqu\u00eate va d\u00e9sormais se poursuivre sous la direction du juge d\u2019instruction afin de d\u00e9terminer les responsabilit\u00e9s de chacun dans les faits reproch\u00e9s.<\/p>\n<div class='share-to-whatsapp-wrapper'><div class='share-on-whsp'>PARTAGER SUR : <\/div><a data-text='ACTE CONTRE-NATURE : Ouzin Ke\u00efta et ses co-inculp\u00e9s plac\u00e9s sous mandat de d\u00e9p\u00f4t' data-link='https:\/\/www.nettali.com\/2026\/03\/11\/acte-contre-nature-ouzin-keita-et-ses-co-inculpes-places-sous-mandat-de-depot\/' class='whatsapp-button whatsapp-share'>WhatsApp<\/a><div class='clear '><\/div><\/div>","protected":false},"excerpt":{"rendered":"<p>NETTALI.COM - Nouveau tournant dans l\u2019affaire impliquant l\u2019artiste s\u00e9n\u00e9galais Ouzin Ke\u00efta. Apr\u00e8s deux retours de parquet, le chanteur et plusieurs personnes interpell\u00e9es dans ce dossier ont \u00e9t\u00e9 fix\u00e9s sur leur sort ce mercredi 11 mars. \u00a0Le minist\u00e8re public a d\u00e9cid\u00e9 d\u2019ouvrir une information judiciaire et de confier le dossier au juge du 1er cabinet d\u2019instruction [&hellip;]<\/p>\n","protected":false},"author":4,"featured_media":170659,"comment_status":"open","ping_status":"open","sticky":false,"template":"","format":"standard","meta":{"_et_pb_use_builder":"","_et_pb_old_content":""},"categories":[3],"tags":[],"yoast_head":"<!-- This site is optimized with the Yoast SEO Premium plugin v17.8 (Yoast SEO v17.8) - https:\/\/yoast.com\/wordpress\/plugins\/seo\/ -->\n<title>ACTE CONTRE-NATURE : Ouzin Ke\u00efta et ses co-inculp\u00e9s plac\u00e9s sous mandat de d\u00e9p\u00f4t | Nettali.com<\/title>\n<meta name=\"robots\" content=\"index, follow, max-snippet:-1, max-image-preview:large, max-video-preview:-1\" \/>\n<link rel=\"canonical\" href=\"https:\/\/www.nettali.com\/2026\/03\/11\/acte-contre-nature-ouzin-keita-et-ses-co-inculpes-places-sous-mandat-de-depot\/\" \/>\n<meta property=\"og:locale\" content=\"fr_FR\" \/>\n<meta property=\"og:type\" content=\"article\" \/>\n<meta property=\"og:title\" content=\"ACTE CONTRE-NATURE : Ouzin Ke\u00efta et ses co-inculp\u00e9s plac\u00e9s sous mandat de d\u00e9p\u00f4t\" \/>\n<meta property=\"og:description\" content=\"NETTALI.COM - Nouveau tournant dans l\u2019affaire impliquant l\u2019artiste s\u00e9n\u00e9galais Ouzin Ke\u00efta. Apr\u00e8s deux retours de parquet, le chanteur et plusieurs personnes interpell\u00e9es dans ce dossier ont \u00e9t\u00e9 fix\u00e9s sur leur sort ce mercredi 11 mars. \u00a0Le minist\u00e8re public a d\u00e9cid\u00e9 d\u2019ouvrir une information judiciaire et de confier le dossier au juge du 1er cabinet d\u2019instruction [&hellip;]\" \/>\n<meta property=\"og:url\" content=\"https:\/\/www.nettali.com\/2026\/03\/11\/acte-contre-nature-ouzin-keita-et-ses-co-inculpes-places-sous-mandat-de-depot\/\" \/>\n<meta property=\"og:site_name\" content=\"Nettali.com\" \/>\n<meta property=\"article:publisher\" content=\"https:\/\/www.facebook.com\/nettalicom\" \/>\n<meta property=\"article:published_time\" content=\"2026-03-11T20:07:18+00:00\" \/>\n<meta property=\"og:image\" content=\"https:\/\/www.nettali.com\/wp-content\/uploads\/2026\/03\/Ouzin-Keita.jpg\" \/>\n\t<meta property=\"og:image:width\" content=\"800\" \/>\n\t<meta property=\"og:image:height\" content=\"450\" \/>\n<meta name=\"twitter:card\" content=\"summary_large_image\" \/>\n<meta name=\"twitter:label1\" content=\"\u00c9crit par\" \/>\n\t<meta name=\"twitter:data1\" content=\"Daouda\" \/>\n\t<meta name=\"twitter:label2\" content=\"Dur\u00e9e de lecture estim\u00e9e\" \/>\n\t<meta name=\"twitter:data2\" content=\"1 minute\" \/>\n<script type=\"application\/ld+json\" class=\"yoast-schema-graph\">{\"@context\":\"https:\/\/schema.org\",\"@graph\":[{\"@type\":\"WebSite\",\"@id\":\"https:\/\/www.nettali.com\/#website\",\"url\":\"https:\/\/www.nettali.com\/\",\"name\":\"Nettali.com\",\"description\":\"Le rendez-vous critique du Net\",\"potentialAction\":[{\"@type\":\"SearchAction\",\"target\":{\"@type\":\"EntryPoint\",\"urlTemplate\":\"https:\/\/www.nettali.com\/?s={search_term_string}\"},\"query-input\":\"required name=search_term_string\"}],\"inLanguage\":\"fr-FR\"},{\"@type\":\"ImageObject\",\"@id\":\"https:\/\/www.nettali.com\/2026\/03\/11\/acte-contre-nature-ouzin-keita-et-ses-co-inculpes-places-sous-mandat-de-depot\/#primaryimage\",\"inLanguage\":\"fr-FR\",\"url\":\"https:\/\/www.nettali.com\/wp-content\/uploads\/2026\/03\/Ouzin-Keita.jpg\",\"contentUrl\":\"https:\/\/www.nettali.com\/wp-content\/uploads\/2026\/03\/Ouzin-Keita.jpg\",\"width\":800,\"height\":450},{\"@type\":\"WebPage\",\"@id\":\"https:\/\/www.nettali.com\/2026\/03\/11\/acte-contre-nature-ouzin-keita-et-ses-co-inculpes-places-sous-mandat-de-depot\/#webpage\",\"url\":\"https:\/\/www.nettali.com\/2026\/03\/11\/acte-contre-nature-ouzin-keita-et-ses-co-inculpes-places-sous-mandat-de-depot\/\",\"name\":\"ACTE CONTRE-NATURE : Ouzin Ke\\u00efta et ses co-inculp\\u00e9s plac\\u00e9s sous mandat de d\\u00e9p\\u00f4t | Nettali.com\",\"isPartOf\":{\"@id\":\"https:\/\/www.nettali.com\/#website\"},\"primaryImageOfPage\":{\"@id\":\"https:\/\/www.nettali.com\/2026\/03\/11\/acte-contre-nature-ouzin-keita-et-ses-co-inculpes-places-sous-mandat-de-depot\/#primaryimage\"},\"datePublished\":\"2026-03-11T20:07:18+00:00\",\"dateModified\":\"2026-03-11T20:07:18+00:00\",\"author\":{\"@id\":\"https:\/\/www.nettali.com\/#\/schema\/person\/3317e0bb3aa1da309fbf7b2780901bf4\"},\"breadcrumb\":{\"@id\":\"https:\/\/www.nettali.com\/2026\/03\/11\/acte-contre-nature-ouzin-keita-et-ses-co-inculpes-places-sous-mandat-de-depot\/#breadcrumb\"},\"inLanguage\":\"fr-FR\",\"potentialAction\":[{\"@type\":\"ReadAction\",\"target\":[\"https:\/\/www.nettali.com\/2026\/03\/11\/acte-contre-nature-ouzin-keita-et-ses-co-inculpes-places-sous-mandat-de-depot\/\"]}]},{\"@type\":\"BreadcrumbList\",\"@id\":\"https:\/\/www.nettali.com\/2026\/03\/11\/acte-contre-nature-ouzin-keita-et-ses-co-inculpes-places-sous-mandat-de-depot\/#breadcrumb\",\"itemListElement\":[{\"@type\":\"ListItem\",\"position\":1,\"name\":\"Accueil\",\"item\":\"https:\/\/www.nettali.com\/\"},{\"@type\":\"ListItem\",\"position\":2,\"name\":\"ACTE CONTRE-NATURE : Ouzin Ke\\u00efta et ses co-inculp\\u00e9s plac\\u00e9s sous mandat de d\\u00e9p\\u00f4t\"}]},{\"@type\":\"Person\",\"@id\":\"https:\/\/www.nettali.com\/#\/schema\/person\/3317e0bb3aa1da309fbf7b2780901bf4\",\"name\":\"Daouda\",\"image\":{\"@type\":\"ImageObject\",\"@id\":\"https:\/\/www.nettali.com\/#personlogo\",\"inLanguage\":\"fr-FR\",\"url\":\"https:\/\/secure.gravatar.com\/avatar\/8d143b5a49345098ddcfee1c49c2f47c?s=96&d=mm&r=g\",\"contentUrl\":\"https:\/\/secure.gravatar.com\/avatar\/8d143b5a49345098ddcfee1c49c2f47c?s=96&d=mm&r=g\",\"caption\":\"Daouda\"},\"sameAs\":[\"https:\/\/www.nettali.com\"]}]}<\/script>\n<!-- \/ Yoast SEO Premium plugin. -->","yoast_head_json":{"title":"ACTE CONTRE-NATURE : Ouzin Ke\u00efta et ses co-inculp\u00e9s plac\u00e9s sous mandat de d\u00e9p\u00f4t | Nettali.com","robots":{"index":"index","follow":"follow","max-snippet":"max-snippet:-1","max-image-preview":"max-image-preview:large","max-video-preview":"max-video-preview:-1"},"canonical":"https:\/\/www.nettali.com\/2026\/03\/11\/acte-contre-nature-ouzin-keita-et-ses-co-inculpes-places-sous-mandat-de-depot\/","og_locale":"fr_FR","og_type":"article","og_title":"ACTE CONTRE-NATURE : Ouzin Ke\u00efta et ses co-inculp\u00e9s plac\u00e9s sous mandat de d\u00e9p\u00f4t","og_description":"NETTALI.COM - Nouveau tournant dans l\u2019affaire impliquant l\u2019artiste s\u00e9n\u00e9galais Ouzin Ke\u00efta. Apr\u00e8s deux retours de parquet, le chanteur et plusieurs personnes interpell\u00e9es dans ce dossier ont \u00e9t\u00e9 fix\u00e9s sur leur sort ce mercredi 11 mars. \u00a0Le minist\u00e8re public a d\u00e9cid\u00e9 d\u2019ouvrir une information judiciaire et de confier le dossier au juge du 1er cabinet d\u2019instruction [&hellip;]","og_url":"https:\/\/www.nettali.com\/2026\/03\/11\/acte-contre-nature-ouzin-keita-et-ses-co-inculpes-places-sous-mandat-de-depot\/","og_site_name":"Nettali.com","article_publisher":"https:\/\/www.facebook.com\/nettalicom","article_published_time":"2026-03-11T20:07:18+00:00","og_image":[{"width":800,"height":450,"url":"https:\/\/www.nettali.com\/wp-content\/uploads\/2026\/03\/Ouzin-Keita.jpg","type":"image\/jpeg"}],"twitter_card":"summary_large_image","twitter_misc":{"\u00c9crit par":"Daouda","Dur\u00e9e de lecture estim\u00e9e":"1 minute"},"schema":{"@context":"https:\/\/schema.org","@graph":[{"@type":"WebSite","@id":"https:\/\/www.nettali.com\/#website","url":"https:\/\/www.nettali.com\/","name":"Nettali.com","description":"Le rendez-vous critique du Net","potentialAction":[{"@type":"SearchAction","target":{"@type":"EntryPoint","urlTemplate":"https:\/\/www.nettali.com\/?s={search_term_string}"},"query-input":"required name=search_term_string"}],"inLanguage":"fr-FR"},{"@type":"ImageObject","@id":"https:\/\/www.nettali.com\/2026\/03\/11\/acte-contre-nature-ouzin-keita-et-ses-co-inculpes-places-sous-mandat-de-depot\/#primaryimage","inLanguage":"fr-FR","url":"https:\/\/www.nettali.com\/wp-content\/uploads\/2026\/03\/Ouzin-Keita.jpg","contentUrl":"https:\/\/www.nettali.com\/wp-content\/uploads\/2026\/03\/Ouzin-Keita.jpg","width":800,"height":450},{"@type":"WebPage","@id":"https:\/\/www.nettali.com\/2026\/03\/11\/acte-contre-nature-ouzin-keita-et-ses-co-inculpes-places-sous-mandat-de-depot\/#webpage","url":"https:\/\/www.nettali.com\/2026\/03\/11\/acte-contre-nature-ouzin-keita-et-ses-co-inculpes-places-sous-mandat-de-depot\/","name":"ACTE CONTRE-NATURE : Ouzin Ke\u00efta et ses co-inculp\u00e9s plac\u00e9s sous mandat de d\u00e9p\u00f4t | Nettali.com","isPartOf":{"@id":"https:\/\/www.nettali.com\/#website"},"primaryImageOfPage":{"@id":"https:\/\/www.nettali.com\/2026\/03\/11\/acte-contre-nature-ouzin-keita-et-ses-co-inculpes-places-sous-mandat-de-depot\/#primaryimage"},"datePublished":"2026-03-11T20:07:18+00:00","dateModified":"2026-03-11T20:07:18+00:00","author":{"@id":"https:\/\/www.nettali.com\/#\/schema\/person\/3317e0bb3aa1da309fbf7b2780901bf4"},"breadcrumb":{"@id":"https:\/\/www.nettali.com\/2026\/03\/11\/acte-contre-nature-ouzin-keita-et-ses-co-inculpes-places-sous-mandat-de-depot\/#breadcrumb"},"inLanguage":"fr-FR","potentialAction":[{"@type":"ReadAction","target":["https:\/\/www.nettali.com\/2026\/03\/11\/acte-contre-nature-ouzin-keita-et-ses-co-inculpes-places-sous-mandat-de-depot\/"]}]},{"@type":"BreadcrumbList","@id":"https:\/\/www.nettali.com\/2026\/03\/11\/acte-contre-nature-ouzin-keita-et-ses-co-inculpes-places-sous-mandat-de-depot\/#breadcrumb","itemListElement":[{"@type":"ListItem","position":1,"name":"Accueil","item":"https:\/\/www.nettali.com\/"},{"@type":"ListItem","position":2,"name":"ACTE CONTRE-NATURE : Ouzin Ke\u00efta et ses co-inculp\u00e9s plac\u00e9s sous mandat de d\u00e9p\u00f4t"}]},{"@type":"Person","@id":"https:\/\/www.nettali.com\/#\/schema\/person\/3317e0bb3aa1da309fbf7b2780901bf4","name":"Daouda","image":{"@type":"ImageObject","@id":"https:\/\/www.nettali.com\/#personlogo","inLanguage":"fr-FR","url":"https:\/\/secure.gravatar.com\/avatar\/8d143b5a49345098ddcfee1c49c2f47c?s=96&d=mm&r=g","contentUrl":"https:\/\/secure.gravatar.com\/avatar\/8d143b5a49345098ddcfee1c49c2f47c?s=96&d=mm&r=g","caption":"Daouda"},"sameAs":["https:\/\/www.nettali.com"]}]}},"_links":{"self":[{"href":"https:\/\/www.nettali.com\/rest\/wp\/v2\/posts\/170797"}],"collection":[{"href":"https:\/\/www.nettali.com\/rest\/wp\/v2\/posts"}],"about":[{"href":"https:\/\/www.nettali.com\/rest\/wp\/v2\/types\/post"}],"author":[{"embeddable":true,"href":"https:\/\/www.nettali.com\/rest\/wp\/v2\/users\/4"}],"replies":[{"embeddable":true,"href":"https:\/\/www.nettali.com\/rest\/wp\/v2\/comments?post=170797"}],"version-history":[{"count":1,"href":"https:\/\/www.nettali.com\/rest\/wp\/v2\/posts\/170797\/revisions"}],"predecessor-version":[{"id":170798,"href":"https:\/\/www.nettali.com\/rest\/wp\/v2\/posts\/170797\/revisions\/170798"}],"wp:featuredmedia":[{"embeddable":true,"href":"https:\/\/www.nettali.com\/rest\/wp\/v2\/media\/170659"}],"wp:attachment":[{"href":"https:\/\/www.nettali.com\/rest\/wp\/v2\/media?parent=170797"}],"wp:term":[{"taxonomy":"category","embeddable":true,"href":"https:\/\/www.nettali.com\/rest\/wp\/v2\/categories?post=170797"},{"taxonomy":"post_tag","embeddable":true,"href":"https:\/\/www.nettali.com\/rest\/wp\/v2\/tags?post=170797"}],"curies":[{"name":"wp","href":"https:\/\/api.w.org\/{rel}","templated":true}]}}