{"id":170750,"date":"2026-03-10T21:13:45","date_gmt":"2026-03-10T21:13:45","guid":{"rendered":"https:\/\/www.nettali.com\/?p=170750"},"modified":"2026-03-10T21:13:45","modified_gmt":"2026-03-10T21:13:45","slug":"publication-dune-photo-du-president-en-mode-njuli-le-chroniqueur-de-feeling-dakar-daouda-oualy-interpelle","status":"publish","type":"post","link":"https:\/\/www.nettali.com\/2026\/03\/10\/publication-dune-photo-du-president-en-mode-njuli-le-chroniqueur-de-feeling-dakar-daouda-oualy-interpelle\/","title":{"rendered":"PUBLICATION D\u2019UNE PHOTO DU PR\u00c9SIDENT EN MODE \u00ab NJULI \u00bb : le chroniqueur de feeling Dakar, Daouda Oualy, interpell\u00e9"},"content":{"rendered":"<p data-start=\"104\" data-end=\"383\"><strong>NETTALI.COM - Le chroniqueur Daouda Oualy, collaborateur du m\u00e9dia Feeling Dakar, a \u00e9t\u00e9 interpell\u00e9 par les \u00e9l\u00e9ments de la Section de recherches de Colobane \u00e0 la suite de la publication d\u2019une photo du pr\u00e9sident de la R\u00e9publique, Bassirou Diomaye Faye, pr\u00e9sent\u00e9e en mode \u00ab Njuli \u00bb.<\/strong><\/p>\n<p data-start=\"385\" data-end=\"623\">Selon plusieurs sources, cette interpellation serait li\u00e9e \u00e0 la diffusion sur les r\u00e9seaux sociaux d\u2019une image jug\u00e9e controvers\u00e9e mettant en sc\u00e8ne le chef de l\u2019\u00c9tat dans une posture interpr\u00e9t\u00e9e comme irrespectueuse par certains internautes.<\/p>\n<p data-start=\"625\" data-end=\"872\">Apr\u00e8s la publication de cette photo, la Section de recherches aurait ouvert des investigations afin d\u2019identifier l\u2019auteur et les circonstances de la diffusion du visuel. Ces investigations ont conduit \u00e0 l\u2019interpellation du journaliste Daouda Oualy.<\/p>\n<p data-start=\"874\" data-end=\"1198\">Pour l\u2019heure, les autorit\u00e9s n\u2019ont pas encore communiqu\u00e9 officiellement sur la qualification juridique exacte des faits qui pourraient \u00eatre retenus contre le journaliste. Les enqu\u00eateurs devraient toutefois proc\u00e9der \u00e0 son audition afin de d\u00e9terminer les responsabilit\u00e9s li\u00e9es \u00e0 la publication et \u00e0 la diffusion de l\u2019image.<\/p>\n<p data-start=\"1200\" data-end=\"1411\">Cette affaire intervient dans un contexte de sensibilit\u00e9 accrue autour des contenus publi\u00e9s sur les r\u00e9seaux sociaux, notamment lorsqu\u2019ils concernent des personnalit\u00e9s publiques et des institutions de l\u2019\u00c9tat.<\/p>\n<p data-start=\"1413\" data-end=\"1535\" data-is-last-node=\"\" data-is-only-node=\"\">Les suites de la proc\u00e9dure devraient d\u00e9pendre des conclusions de l\u2019enqu\u00eate en cours au niveau de la Section de recherches.<\/p>\n<p>&nbsp;<\/p>\n<div class='share-to-whatsapp-wrapper'><div class='share-on-whsp'>PARTAGER SUR : <\/div><a data-text='PUBLICATION D\u2019UNE PHOTO DU PR\u00c9SIDENT EN MODE \u00ab NJULI \u00bb : le chroniqueur de feeling Dakar, Daouda Oualy, interpell\u00e9' data-link='https:\/\/www.nettali.com\/2026\/03\/10\/publication-dune-photo-du-president-en-mode-njuli-le-chroniqueur-de-feeling-dakar-daouda-oualy-interpelle\/' class='whatsapp-button whatsapp-share'>WhatsApp<\/a><div class='clear '><\/div><\/div>","protected":false},"excerpt":{"rendered":"<p>NETTALI.COM - Le chroniqueur Daouda Oualy, collaborateur du m\u00e9dia Feeling Dakar, a \u00e9t\u00e9 interpell\u00e9 par les \u00e9l\u00e9ments de la Section de recherches de Colobane \u00e0 la suite de la publication d\u2019une photo du pr\u00e9sident de la R\u00e9publique, Bassirou Diomaye Faye, pr\u00e9sent\u00e9e en mode \u00ab Njuli \u00bb. Selon plusieurs sources, cette interpellation serait li\u00e9e \u00e0 la [&hellip;]<\/p>\n","protected":false},"author":4,"featured_media":170751,"comment_status":"open","ping_status":"open","sticky":false,"template":"","format":"standard","meta":{"_et_pb_use_builder":"","_et_pb_old_content":""},"categories":[3],"tags":[],"yoast_head":"<!-- This site is optimized with the Yoast SEO Premium plugin v17.8 (Yoast SEO v17.8) - https:\/\/yoast.com\/wordpress\/plugins\/seo\/ -->\n<title>PUBLICATION D\u2019UNE PHOTO DU PR\u00c9SIDENT EN MODE \u00ab NJULI \u00bb : le chroniqueur de feeling Dakar, Daouda Oualy, interpell\u00e9 | Nettali.com<\/title>\n<meta name=\"robots\" content=\"index, follow, max-snippet:-1, max-image-preview:large, max-video-preview:-1\" \/>\n<link rel=\"canonical\" href=\"https:\/\/www.nettali.com\/2026\/03\/10\/publication-dune-photo-du-president-en-mode-njuli-le-chroniqueur-de-feeling-dakar-daouda-oualy-interpelle\/\" \/>\n<meta property=\"og:locale\" content=\"fr_FR\" \/>\n<meta property=\"og:type\" content=\"article\" \/>\n<meta property=\"og:title\" content=\"PUBLICATION D\u2019UNE PHOTO DU PR\u00c9SIDENT EN MODE \u00ab NJULI \u00bb : le chroniqueur de feeling Dakar, Daouda Oualy, interpell\u00e9\" \/>\n<meta property=\"og:description\" content=\"NETTALI.COM - Le chroniqueur Daouda Oualy, collaborateur du m\u00e9dia Feeling Dakar, a \u00e9t\u00e9 interpell\u00e9 par les \u00e9l\u00e9ments de la Section de recherches de Colobane \u00e0 la suite de la publication d\u2019une photo du pr\u00e9sident de la R\u00e9publique, Bassirou Diomaye Faye, pr\u00e9sent\u00e9e en mode \u00ab Njuli \u00bb. Selon plusieurs sources, cette interpellation serait li\u00e9e \u00e0 la [&hellip;]\" \/>\n<meta property=\"og:url\" content=\"https:\/\/www.nettali.com\/2026\/03\/10\/publication-dune-photo-du-president-en-mode-njuli-le-chroniqueur-de-feeling-dakar-daouda-oualy-interpelle\/\" \/>\n<meta property=\"og:site_name\" content=\"Nettali.com\" \/>\n<meta property=\"article:publisher\" content=\"https:\/\/www.facebook.com\/nettalicom\" \/>\n<meta property=\"article:published_time\" content=\"2026-03-10T21:13:45+00:00\" \/>\n<meta property=\"og:image\" content=\"https:\/\/www.nettali.com\/wp-content\/uploads\/2026\/03\/Capture-de\u0301cran-2026-03-10-a\u0300-21.06.30.png\" \/>\n\t<meta property=\"og:image:width\" content=\"671\" \/>\n\t<meta property=\"og:image:height\" content=\"389\" \/>\n<meta name=\"twitter:card\" content=\"summary_large_image\" \/>\n<meta name=\"twitter:label1\" content=\"\u00c9crit par\" \/>\n\t<meta name=\"twitter:data1\" content=\"Daouda\" \/>\n\t<meta name=\"twitter:label2\" content=\"Dur\u00e9e de lecture estim\u00e9e\" \/>\n\t<meta name=\"twitter:data2\" content=\"1 minute\" \/>\n<script type=\"application\/ld+json\" class=\"yoast-schema-graph\">{\"@context\":\"https:\/\/schema.org\",\"@graph\":[{\"@type\":\"WebSite\",\"@id\":\"https:\/\/www.nettali.com\/#website\",\"url\":\"https:\/\/www.nettali.com\/\",\"name\":\"Nettali.com\",\"description\":\"Le rendez-vous critique du Net\",\"potentialAction\":[{\"@type\":\"SearchAction\",\"target\":{\"@type\":\"EntryPoint\",\"urlTemplate\":\"https:\/\/www.nettali.com\/?s={search_term_string}\"},\"query-input\":\"required name=search_term_string\"}],\"inLanguage\":\"fr-FR\"},{\"@type\":\"ImageObject\",\"@id\":\"https:\/\/www.nettali.com\/2026\/03\/10\/publication-dune-photo-du-president-en-mode-njuli-le-chroniqueur-de-feeling-dakar-daouda-oualy-interpelle\/#primaryimage\",\"inLanguage\":\"fr-FR\",\"url\":\"https:\/\/www.nettali.com\/wp-content\/uploads\/2026\/03\/Capture-de\\u0301cran-2026-03-10-a\\u0300-21.06.30.png\",\"contentUrl\":\"https:\/\/www.nettali.com\/wp-content\/uploads\/2026\/03\/Capture-de\\u0301cran-2026-03-10-a\\u0300-21.06.30.png\",\"width\":671,\"height\":389},{\"@type\":\"WebPage\",\"@id\":\"https:\/\/www.nettali.com\/2026\/03\/10\/publication-dune-photo-du-president-en-mode-njuli-le-chroniqueur-de-feeling-dakar-daouda-oualy-interpelle\/#webpage\",\"url\":\"https:\/\/www.nettali.com\/2026\/03\/10\/publication-dune-photo-du-president-en-mode-njuli-le-chroniqueur-de-feeling-dakar-daouda-oualy-interpelle\/\",\"name\":\"PUBLICATION D\\u2019UNE PHOTO DU PR\\u00c9SIDENT EN MODE \\u00ab NJULI \\u00bb : le chroniqueur de feeling Dakar, Daouda Oualy, interpell\\u00e9 | Nettali.com\",\"isPartOf\":{\"@id\":\"https:\/\/www.nettali.com\/#website\"},\"primaryImageOfPage\":{\"@id\":\"https:\/\/www.nettali.com\/2026\/03\/10\/publication-dune-photo-du-president-en-mode-njuli-le-chroniqueur-de-feeling-dakar-daouda-oualy-interpelle\/#primaryimage\"},\"datePublished\":\"2026-03-10T21:13:45+00:00\",\"dateModified\":\"2026-03-10T21:13:45+00:00\",\"author\":{\"@id\":\"https:\/\/www.nettali.com\/#\/schema\/person\/3317e0bb3aa1da309fbf7b2780901bf4\"},\"breadcrumb\":{\"@id\":\"https:\/\/www.nettali.com\/2026\/03\/10\/publication-dune-photo-du-president-en-mode-njuli-le-chroniqueur-de-feeling-dakar-daouda-oualy-interpelle\/#breadcrumb\"},\"inLanguage\":\"fr-FR\",\"potentialAction\":[{\"@type\":\"ReadAction\",\"target\":[\"https:\/\/www.nettali.com\/2026\/03\/10\/publication-dune-photo-du-president-en-mode-njuli-le-chroniqueur-de-feeling-dakar-daouda-oualy-interpelle\/\"]}]},{\"@type\":\"BreadcrumbList\",\"@id\":\"https:\/\/www.nettali.com\/2026\/03\/10\/publication-dune-photo-du-president-en-mode-njuli-le-chroniqueur-de-feeling-dakar-daouda-oualy-interpelle\/#breadcrumb\",\"itemListElement\":[{\"@type\":\"ListItem\",\"position\":1,\"name\":\"Accueil\",\"item\":\"https:\/\/www.nettali.com\/\"},{\"@type\":\"ListItem\",\"position\":2,\"name\":\"PUBLICATION D\\u2019UNE PHOTO DU PR\\u00c9SIDENT EN MODE \\u00ab NJULI \\u00bb : le chroniqueur de feeling Dakar, Daouda Oualy, interpell\\u00e9\"}]},{\"@type\":\"Person\",\"@id\":\"https:\/\/www.nettali.com\/#\/schema\/person\/3317e0bb3aa1da309fbf7b2780901bf4\",\"name\":\"Daouda\",\"image\":{\"@type\":\"ImageObject\",\"@id\":\"https:\/\/www.nettali.com\/#personlogo\",\"inLanguage\":\"fr-FR\",\"url\":\"https:\/\/secure.gravatar.com\/avatar\/8d143b5a49345098ddcfee1c49c2f47c?s=96&d=mm&r=g\",\"contentUrl\":\"https:\/\/secure.gravatar.com\/avatar\/8d143b5a49345098ddcfee1c49c2f47c?s=96&d=mm&r=g\",\"caption\":\"Daouda\"},\"sameAs\":[\"https:\/\/www.nettali.com\"]}]}<\/script>\n<!-- \/ Yoast SEO Premium plugin. -->","yoast_head_json":{"title":"PUBLICATION D\u2019UNE PHOTO DU PR\u00c9SIDENT EN MODE \u00ab NJULI \u00bb : le chroniqueur de feeling Dakar, Daouda Oualy, interpell\u00e9 | Nettali.com","robots":{"index":"index","follow":"follow","max-snippet":"max-snippet:-1","max-image-preview":"max-image-preview:large","max-video-preview":"max-video-preview:-1"},"canonical":"https:\/\/www.nettali.com\/2026\/03\/10\/publication-dune-photo-du-president-en-mode-njuli-le-chroniqueur-de-feeling-dakar-daouda-oualy-interpelle\/","og_locale":"fr_FR","og_type":"article","og_title":"PUBLICATION D\u2019UNE PHOTO DU PR\u00c9SIDENT EN MODE \u00ab NJULI \u00bb : le chroniqueur de feeling Dakar, Daouda Oualy, interpell\u00e9","og_description":"NETTALI.COM - Le chroniqueur Daouda Oualy, collaborateur du m\u00e9dia Feeling Dakar, a \u00e9t\u00e9 interpell\u00e9 par les \u00e9l\u00e9ments de la Section de recherches de Colobane \u00e0 la suite de la publication d\u2019une photo du pr\u00e9sident de la R\u00e9publique, Bassirou Diomaye Faye, pr\u00e9sent\u00e9e en mode \u00ab Njuli \u00bb. Selon plusieurs sources, cette interpellation serait li\u00e9e \u00e0 la [&hellip;]","og_url":"https:\/\/www.nettali.com\/2026\/03\/10\/publication-dune-photo-du-president-en-mode-njuli-le-chroniqueur-de-feeling-dakar-daouda-oualy-interpelle\/","og_site_name":"Nettali.com","article_publisher":"https:\/\/www.facebook.com\/nettalicom","article_published_time":"2026-03-10T21:13:45+00:00","og_image":[{"width":671,"height":389,"url":"https:\/\/www.nettali.com\/wp-content\/uploads\/2026\/03\/Capture-de\u0301cran-2026-03-10-a\u0300-21.06.30.png","type":"image\/png"}],"twitter_card":"summary_large_image","twitter_misc":{"\u00c9crit par":"Daouda","Dur\u00e9e de lecture estim\u00e9e":"1 minute"},"schema":{"@context":"https:\/\/schema.org","@graph":[{"@type":"WebSite","@id":"https:\/\/www.nettali.com\/#website","url":"https:\/\/www.nettali.com\/","name":"Nettali.com","description":"Le rendez-vous critique du Net","potentialAction":[{"@type":"SearchAction","target":{"@type":"EntryPoint","urlTemplate":"https:\/\/www.nettali.com\/?s={search_term_string}"},"query-input":"required name=search_term_string"}],"inLanguage":"fr-FR"},{"@type":"ImageObject","@id":"https:\/\/www.nettali.com\/2026\/03\/10\/publication-dune-photo-du-president-en-mode-njuli-le-chroniqueur-de-feeling-dakar-daouda-oualy-interpelle\/#primaryimage","inLanguage":"fr-FR","url":"https:\/\/www.nettali.com\/wp-content\/uploads\/2026\/03\/Capture-de\u0301cran-2026-03-10-a\u0300-21.06.30.png","contentUrl":"https:\/\/www.nettali.com\/wp-content\/uploads\/2026\/03\/Capture-de\u0301cran-2026-03-10-a\u0300-21.06.30.png","width":671,"height":389},{"@type":"WebPage","@id":"https:\/\/www.nettali.com\/2026\/03\/10\/publication-dune-photo-du-president-en-mode-njuli-le-chroniqueur-de-feeling-dakar-daouda-oualy-interpelle\/#webpage","url":"https:\/\/www.nettali.com\/2026\/03\/10\/publication-dune-photo-du-president-en-mode-njuli-le-chroniqueur-de-feeling-dakar-daouda-oualy-interpelle\/","name":"PUBLICATION D\u2019UNE PHOTO DU PR\u00c9SIDENT EN MODE \u00ab NJULI \u00bb : le chroniqueur de feeling Dakar, Daouda Oualy, interpell\u00e9 | Nettali.com","isPartOf":{"@id":"https:\/\/www.nettali.com\/#website"},"primaryImageOfPage":{"@id":"https:\/\/www.nettali.com\/2026\/03\/10\/publication-dune-photo-du-president-en-mode-njuli-le-chroniqueur-de-feeling-dakar-daouda-oualy-interpelle\/#primaryimage"},"datePublished":"2026-03-10T21:13:45+00:00","dateModified":"2026-03-10T21:13:45+00:00","author":{"@id":"https:\/\/www.nettali.com\/#\/schema\/person\/3317e0bb3aa1da309fbf7b2780901bf4"},"breadcrumb":{"@id":"https:\/\/www.nettali.com\/2026\/03\/10\/publication-dune-photo-du-president-en-mode-njuli-le-chroniqueur-de-feeling-dakar-daouda-oualy-interpelle\/#breadcrumb"},"inLanguage":"fr-FR","potentialAction":[{"@type":"ReadAction","target":["https:\/\/www.nettali.com\/2026\/03\/10\/publication-dune-photo-du-president-en-mode-njuli-le-chroniqueur-de-feeling-dakar-daouda-oualy-interpelle\/"]}]},{"@type":"BreadcrumbList","@id":"https:\/\/www.nettali.com\/2026\/03\/10\/publication-dune-photo-du-president-en-mode-njuli-le-chroniqueur-de-feeling-dakar-daouda-oualy-interpelle\/#breadcrumb","itemListElement":[{"@type":"ListItem","position":1,"name":"Accueil","item":"https:\/\/www.nettali.com\/"},{"@type":"ListItem","position":2,"name":"PUBLICATION D\u2019UNE PHOTO DU PR\u00c9SIDENT EN MODE \u00ab NJULI \u00bb : le chroniqueur de feeling Dakar, Daouda Oualy, interpell\u00e9"}]},{"@type":"Person","@id":"https:\/\/www.nettali.com\/#\/schema\/person\/3317e0bb3aa1da309fbf7b2780901bf4","name":"Daouda","image":{"@type":"ImageObject","@id":"https:\/\/www.nettali.com\/#personlogo","inLanguage":"fr-FR","url":"https:\/\/secure.gravatar.com\/avatar\/8d143b5a49345098ddcfee1c49c2f47c?s=96&d=mm&r=g","contentUrl":"https:\/\/secure.gravatar.com\/avatar\/8d143b5a49345098ddcfee1c49c2f47c?s=96&d=mm&r=g","caption":"Daouda"},"sameAs":["https:\/\/www.nettali.com"]}]}},"_links":{"self":[{"href":"https:\/\/www.nettali.com\/rest\/wp\/v2\/posts\/170750"}],"collection":[{"href":"https:\/\/www.nettali.com\/rest\/wp\/v2\/posts"}],"about":[{"href":"https:\/\/www.nettali.com\/rest\/wp\/v2\/types\/post"}],"author":[{"embeddable":true,"href":"https:\/\/www.nettali.com\/rest\/wp\/v2\/users\/4"}],"replies":[{"embeddable":true,"href":"https:\/\/www.nettali.com\/rest\/wp\/v2\/comments?post=170750"}],"version-history":[{"count":1,"href":"https:\/\/www.nettali.com\/rest\/wp\/v2\/posts\/170750\/revisions"}],"predecessor-version":[{"id":170752,"href":"https:\/\/www.nettali.com\/rest\/wp\/v2\/posts\/170750\/revisions\/170752"}],"wp:featuredmedia":[{"embeddable":true,"href":"https:\/\/www.nettali.com\/rest\/wp\/v2\/media\/170751"}],"wp:attachment":[{"href":"https:\/\/www.nettali.com\/rest\/wp\/v2\/media?parent=170750"}],"wp:term":[{"taxonomy":"category","embeddable":true,"href":"https:\/\/www.nettali.com\/rest\/wp\/v2\/categories?post=170750"},{"taxonomy":"post_tag","embeddable":true,"href":"https:\/\/www.nettali.com\/rest\/wp\/v2\/tags?post=170750"}],"curies":[{"name":"wp","href":"https:\/\/api.w.org\/{rel}","templated":true}]}}