{"id":170745,"date":"2026-03-10T20:28:04","date_gmt":"2026-03-10T20:28:04","guid":{"rendered":"https:\/\/www.nettali.com\/?p=170745"},"modified":"2026-03-10T20:28:04","modified_gmt":"2026-03-10T20:28:04","slug":"affaire-softcare-les-syndicats-de-la-sante-soupconnent-une-collision-entre-le-ministre-les-responsables-de-lentreprise","status":"publish","type":"post","link":"https:\/\/www.nettali.com\/2026\/03\/10\/affaire-softcare-les-syndicats-de-la-sante-soupconnent-une-collision-entre-le-ministre-les-responsables-de-lentreprise\/","title":{"rendered":"AFFAIRE SOFTCARE\u00a0 : les syndicats de la sant\u00e9 soup\u00e7onnent une collision entre le ministre les responsables de l'entreprise"},"content":{"rendered":"<p data-start=\"102\" data-end=\"579\"><strong>NETTALI.COM - Les syndicats du secteur de la sant\u00e9 ont vivement critiqu\u00e9 la gestion de l\u2019affaire Softcare par le ministre de la Sant\u00e9 et de l\u2019Hygi\u00e8ne publique. Lors d\u2019une conf\u00e9rence de presse tenue ce mardi, le Bureau ex\u00e9cutif national (BEN) du SAMES et celui du SUTSAS ont d\u00e9nonc\u00e9 ce qu\u2019ils qualifient de graves dysfonctionnements au sein de l\u2019Agence de R\u00e9glementation Pharmaceutique (ARP), tout en remettant en cause la communication officielle du minist\u00e8re sur ce dossier.<\/strong><\/p>\n<p data-start=\"581\" data-end=\"1054\">Selon les responsables syndicaux, la sortie m\u00e9diatique du ministre, le 5 mars 2026, n\u2019a pas apport\u00e9 les clarifications attendues par l\u2019opinion publique sur cette affaire li\u00e9e \u00e0 la s\u00e9curit\u00e9 sanitaire. <em>\u00ab Le discours du ministre n\u2019a pas \u00e9clair\u00e9 les S\u00e9n\u00e9galais sur cette affaire. Nous nous interrogeons sur l\u2019attitude adopt\u00e9e dans ce dossier \u00bb<\/em>, ont-ils d\u00e9clar\u00e9, \u00e9voquant m\u00eame l\u2019existence possible de \u00ab liens particuliers \u00bb entre la tutelle et l\u2019entreprise Softcare.<\/p>\n<p data-start=\"1117\" data-end=\"1464\">Les syndicats rappellent que les premi\u00e8res mesures conservatoires ont \u00e9t\u00e9 prises par les inspecteurs de l\u2019ARP afin de prot\u00e9ger les populations. Selon leurs explications, une inspection aurait mis en \u00e9vidence la pr\u00e9sence de mati\u00e8res premi\u00e8res p\u00e9rim\u00e9es, avec environ 1 300 kilogrammes de produits retrouv\u00e9s dans l\u2019enceinte de production.<\/p>\n<p data-start=\"1466\" data-end=\"1672\">Une situation jug\u00e9e particuli\u00e8rement pr\u00e9occupante au regard des normes de l\u2019UEMOA, qui interdisent formellement la pr\u00e9sence de produits p\u00e9rim\u00e9s dans les zones de fabrication de produits pharmaceutiques.<\/p>\n<p data-start=\"1674\" data-end=\"2019\">Pour les organisations syndicales, la d\u00e9cision du ministre de remettre en cause ces conclusions constitue un pr\u00e9c\u00e9dent inqui\u00e9tant. <em>\u00ab Les inspecteurs sont des agents asserment\u00e9s dont les constatations font foi. Leur travail repose sur des faits objectifs et sur des proc\u00e9dures reconnues au niveau r\u00e9gional et international \u00bb<\/em>, ont-ils soutenu.<\/p>\n<p data-start=\"2021\" data-end=\"2198\">Ils contestent \u00e9galement la lev\u00e9e des mesures conservatoires sans qu\u2019un nouveau rapport d\u2019inspection officiel ne vienne confirmer la r\u00e9solution des non-conformit\u00e9s relev\u00e9es.<\/p>\n<p data-start=\"2251\" data-end=\"2436\">Au-del\u00e0 du cas Softcare, le SAMES et le SUTSAS estiment que cette affaire r\u00e9v\u00e8le une crise de gouvernance plus profonde au sein de l\u2019Agence de R\u00e9glementation Pharmaceutique.<\/p>\n<p data-start=\"2438\" data-end=\"2627\">Les syndicats d\u00e9noncent notamment des pratiques de n\u00e9potisme, des recrutements client\u00e9listes et des mutations qu\u2019ils assimilent \u00e0 des sanctions d\u00e9guis\u00e9es contre certains agents.<\/p>\n<p data-start=\"2629\" data-end=\"2947\"><em>\u00ab Des agents sont sanctionn\u00e9s pour avoir simplement appliqu\u00e9 la loi \u00bb<\/em>, ont-ils affirm\u00e9. Ils critiquent \u00e9galement la d\u00e9cision de transf\u00e9rer le service de surveillance du march\u00e9 vers la direction charg\u00e9e de d\u00e9livrer les autorisations, une organisation qui pourrait, selon eux, cr\u00e9er un conflit d\u2019int\u00e9r\u00eats majeur.<\/p>\n<p data-start=\"3010\" data-end=\"3312\">Face \u00e0 la situation, les syndicats exigent la mise en place d\u2019une commission d\u2019enqu\u00eate ind\u00e9pendante, associant notamment l\u2019Inspection g\u00e9n\u00e9rale d\u2019\u00c9tat (IGE) et l\u2019OFNAC. Ils demandent \u00e9galement un audit complet des proc\u00e9dures d\u2019homologation et d\u2019inspection dans le secteur pharmaceutique.<\/p>\n<p data-start=\"3314\" data-end=\"3514\">Pour les organisations syndicales, l\u2019enjeu d\u00e9passe le seul cas de Softcare. <em>\u00ab Il s\u2019agit de garantir aux S\u00e9n\u00e9galais l\u2019acc\u00e8s \u00e0 des produits de sant\u00e9 s\u00fbrs, efficaces et de qualit\u00e9 \u00bb<\/em>, ont-ils insist\u00e9.<\/p>\n<p data-start=\"3516\" data-end=\"3769\" data-is-last-node=\"\" data-is-only-node=\"\">En guise de protestation, le SAMES et le SUTSAS ont annonc\u00e9 l\u2019organisation d\u2019une premi\u00e8re gr\u00e8ve r\u00e9gionale \u00e0 Dakar, tout en avertissant qu\u2019un mouvement national pourrait \u00eatre d\u00e9clench\u00e9 si leurs revendications ne sont pas prises en compte.<\/p>\n<div class='share-to-whatsapp-wrapper'><div class='share-on-whsp'>PARTAGER SUR : <\/div><a data-text='AFFAIRE SOFTCARE\u00a0 : les syndicats de la sant\u00e9 soup\u00e7onnent une collision entre le ministre les responsables de l'entreprise' data-link='https:\/\/www.nettali.com\/2026\/03\/10\/affaire-softcare-les-syndicats-de-la-sante-soupconnent-une-collision-entre-le-ministre-les-responsables-de-lentreprise\/' class='whatsapp-button whatsapp-share'>WhatsApp<\/a><div class='clear '><\/div><\/div>","protected":false},"excerpt":{"rendered":"<p>NETTALI.COM - Les syndicats du secteur de la sant\u00e9 ont vivement critiqu\u00e9 la gestion de l\u2019affaire Softcare par le ministre de la Sant\u00e9 et de l\u2019Hygi\u00e8ne publique. Lors d\u2019une conf\u00e9rence de presse tenue ce mardi, le Bureau ex\u00e9cutif national (BEN) du SAMES et celui du SUTSAS ont d\u00e9nonc\u00e9 ce qu\u2019ils qualifient de graves dysfonctionnements au [&hellip;]<\/p>\n","protected":false},"author":4,"featured_media":149925,"comment_status":"open","ping_status":"open","sticky":false,"template":"","format":"standard","meta":{"_et_pb_use_builder":"","_et_pb_old_content":""},"categories":[3],"tags":[],"yoast_head":"<!-- This site is optimized with the Yoast SEO Premium plugin v17.8 (Yoast SEO v17.8) - https:\/\/yoast.com\/wordpress\/plugins\/seo\/ -->\n<title>AFFAIRE SOFTCARE\u00a0 : les syndicats de la sant\u00e9 soup\u00e7onnent une collision entre le ministre les responsables de l&#039;entreprise | Nettali.com<\/title>\n<meta name=\"robots\" content=\"index, follow, max-snippet:-1, max-image-preview:large, max-video-preview:-1\" \/>\n<link rel=\"canonical\" href=\"https:\/\/www.nettali.com\/2026\/03\/10\/affaire-softcare-les-syndicats-de-la-sante-soupconnent-une-collision-entre-le-ministre-les-responsables-de-lentreprise\/\" \/>\n<meta property=\"og:locale\" content=\"fr_FR\" \/>\n<meta property=\"og:type\" content=\"article\" \/>\n<meta property=\"og:title\" content=\"AFFAIRE SOFTCARE\u00a0 : les syndicats de la sant\u00e9 soup\u00e7onnent une collision entre le ministre les responsables de l&#039;entreprise\" \/>\n<meta property=\"og:description\" content=\"NETTALI.COM - Les syndicats du secteur de la sant\u00e9 ont vivement critiqu\u00e9 la gestion de l\u2019affaire Softcare par le ministre de la Sant\u00e9 et de l\u2019Hygi\u00e8ne publique. Lors d\u2019une conf\u00e9rence de presse tenue ce mardi, le Bureau ex\u00e9cutif national (BEN) du SAMES et celui du SUTSAS ont d\u00e9nonc\u00e9 ce qu\u2019ils qualifient de graves dysfonctionnements au [&hellip;]\" \/>\n<meta property=\"og:url\" content=\"https:\/\/www.nettali.com\/2026\/03\/10\/affaire-softcare-les-syndicats-de-la-sante-soupconnent-une-collision-entre-le-ministre-les-responsables-de-lentreprise\/\" \/>\n<meta property=\"og:site_name\" content=\"Nettali.com\" \/>\n<meta property=\"article:publisher\" content=\"https:\/\/www.facebook.com\/nettalicom\" \/>\n<meta property=\"article:published_time\" content=\"2026-03-10T20:28:04+00:00\" \/>\n<meta property=\"og:image\" content=\"https:\/\/www.nettali.com\/wp-content\/uploads\/2025\/02\/Ministre-sante.png\" \/>\n\t<meta property=\"og:image:width\" content=\"986\" \/>\n\t<meta property=\"og:image:height\" content=\"528\" \/>\n<meta name=\"twitter:card\" content=\"summary_large_image\" \/>\n<meta name=\"twitter:label1\" content=\"\u00c9crit par\" \/>\n\t<meta name=\"twitter:data1\" content=\"Daouda\" \/>\n\t<meta name=\"twitter:label2\" content=\"Dur\u00e9e de lecture estim\u00e9e\" \/>\n\t<meta name=\"twitter:data2\" content=\"3 minutes\" \/>\n<script type=\"application\/ld+json\" class=\"yoast-schema-graph\">{\"@context\":\"https:\/\/schema.org\",\"@graph\":[{\"@type\":\"WebSite\",\"@id\":\"https:\/\/www.nettali.com\/#website\",\"url\":\"https:\/\/www.nettali.com\/\",\"name\":\"Nettali.com\",\"description\":\"Le rendez-vous critique du Net\",\"potentialAction\":[{\"@type\":\"SearchAction\",\"target\":{\"@type\":\"EntryPoint\",\"urlTemplate\":\"https:\/\/www.nettali.com\/?s={search_term_string}\"},\"query-input\":\"required name=search_term_string\"}],\"inLanguage\":\"fr-FR\"},{\"@type\":\"ImageObject\",\"@id\":\"https:\/\/www.nettali.com\/2026\/03\/10\/affaire-softcare-les-syndicats-de-la-sante-soupconnent-une-collision-entre-le-ministre-les-responsables-de-lentreprise\/#primaryimage\",\"inLanguage\":\"fr-FR\",\"url\":\"https:\/\/www.nettali.com\/wp-content\/uploads\/2025\/02\/Ministre-sante.png\",\"contentUrl\":\"https:\/\/www.nettali.com\/wp-content\/uploads\/2025\/02\/Ministre-sante.png\",\"width\":986,\"height\":528},{\"@type\":\"WebPage\",\"@id\":\"https:\/\/www.nettali.com\/2026\/03\/10\/affaire-softcare-les-syndicats-de-la-sante-soupconnent-une-collision-entre-le-ministre-les-responsables-de-lentreprise\/#webpage\",\"url\":\"https:\/\/www.nettali.com\/2026\/03\/10\/affaire-softcare-les-syndicats-de-la-sante-soupconnent-une-collision-entre-le-ministre-les-responsables-de-lentreprise\/\",\"name\":\"AFFAIRE SOFTCARE\\u00a0 : les syndicats de la sant\\u00e9 soup\\u00e7onnent une collision entre le ministre les responsables de l'entreprise | Nettali.com\",\"isPartOf\":{\"@id\":\"https:\/\/www.nettali.com\/#website\"},\"primaryImageOfPage\":{\"@id\":\"https:\/\/www.nettali.com\/2026\/03\/10\/affaire-softcare-les-syndicats-de-la-sante-soupconnent-une-collision-entre-le-ministre-les-responsables-de-lentreprise\/#primaryimage\"},\"datePublished\":\"2026-03-10T20:28:04+00:00\",\"dateModified\":\"2026-03-10T20:28:04+00:00\",\"author\":{\"@id\":\"https:\/\/www.nettali.com\/#\/schema\/person\/3317e0bb3aa1da309fbf7b2780901bf4\"},\"breadcrumb\":{\"@id\":\"https:\/\/www.nettali.com\/2026\/03\/10\/affaire-softcare-les-syndicats-de-la-sante-soupconnent-une-collision-entre-le-ministre-les-responsables-de-lentreprise\/#breadcrumb\"},\"inLanguage\":\"fr-FR\",\"potentialAction\":[{\"@type\":\"ReadAction\",\"target\":[\"https:\/\/www.nettali.com\/2026\/03\/10\/affaire-softcare-les-syndicats-de-la-sante-soupconnent-une-collision-entre-le-ministre-les-responsables-de-lentreprise\/\"]}]},{\"@type\":\"BreadcrumbList\",\"@id\":\"https:\/\/www.nettali.com\/2026\/03\/10\/affaire-softcare-les-syndicats-de-la-sante-soupconnent-une-collision-entre-le-ministre-les-responsables-de-lentreprise\/#breadcrumb\",\"itemListElement\":[{\"@type\":\"ListItem\",\"position\":1,\"name\":\"Accueil\",\"item\":\"https:\/\/www.nettali.com\/\"},{\"@type\":\"ListItem\",\"position\":2,\"name\":\"AFFAIRE SOFTCARE\\u00a0 : les syndicats de la sant\\u00e9 soup\\u00e7onnent une collision entre le ministre les responsables de l'entreprise\"}]},{\"@type\":\"Person\",\"@id\":\"https:\/\/www.nettali.com\/#\/schema\/person\/3317e0bb3aa1da309fbf7b2780901bf4\",\"name\":\"Daouda\",\"image\":{\"@type\":\"ImageObject\",\"@id\":\"https:\/\/www.nettali.com\/#personlogo\",\"inLanguage\":\"fr-FR\",\"url\":\"https:\/\/secure.gravatar.com\/avatar\/8d143b5a49345098ddcfee1c49c2f47c?s=96&d=mm&r=g\",\"contentUrl\":\"https:\/\/secure.gravatar.com\/avatar\/8d143b5a49345098ddcfee1c49c2f47c?s=96&d=mm&r=g\",\"caption\":\"Daouda\"},\"sameAs\":[\"https:\/\/www.nettali.com\"]}]}<\/script>\n<!-- \/ Yoast SEO Premium plugin. -->","yoast_head_json":{"title":"AFFAIRE SOFTCARE\u00a0 : les syndicats de la sant\u00e9 soup\u00e7onnent une collision entre le ministre les responsables de l'entreprise | Nettali.com","robots":{"index":"index","follow":"follow","max-snippet":"max-snippet:-1","max-image-preview":"max-image-preview:large","max-video-preview":"max-video-preview:-1"},"canonical":"https:\/\/www.nettali.com\/2026\/03\/10\/affaire-softcare-les-syndicats-de-la-sante-soupconnent-une-collision-entre-le-ministre-les-responsables-de-lentreprise\/","og_locale":"fr_FR","og_type":"article","og_title":"AFFAIRE SOFTCARE\u00a0 : les syndicats de la sant\u00e9 soup\u00e7onnent une collision entre le ministre les responsables de l'entreprise","og_description":"NETTALI.COM - Les syndicats du secteur de la sant\u00e9 ont vivement critiqu\u00e9 la gestion de l\u2019affaire Softcare par le ministre de la Sant\u00e9 et de l\u2019Hygi\u00e8ne publique. Lors d\u2019une conf\u00e9rence de presse tenue ce mardi, le Bureau ex\u00e9cutif national (BEN) du SAMES et celui du SUTSAS ont d\u00e9nonc\u00e9 ce qu\u2019ils qualifient de graves dysfonctionnements au [&hellip;]","og_url":"https:\/\/www.nettali.com\/2026\/03\/10\/affaire-softcare-les-syndicats-de-la-sante-soupconnent-une-collision-entre-le-ministre-les-responsables-de-lentreprise\/","og_site_name":"Nettali.com","article_publisher":"https:\/\/www.facebook.com\/nettalicom","article_published_time":"2026-03-10T20:28:04+00:00","og_image":[{"width":986,"height":528,"url":"https:\/\/www.nettali.com\/wp-content\/uploads\/2025\/02\/Ministre-sante.png","type":"image\/png"}],"twitter_card":"summary_large_image","twitter_misc":{"\u00c9crit par":"Daouda","Dur\u00e9e de lecture estim\u00e9e":"3 minutes"},"schema":{"@context":"https:\/\/schema.org","@graph":[{"@type":"WebSite","@id":"https:\/\/www.nettali.com\/#website","url":"https:\/\/www.nettali.com\/","name":"Nettali.com","description":"Le rendez-vous critique du Net","potentialAction":[{"@type":"SearchAction","target":{"@type":"EntryPoint","urlTemplate":"https:\/\/www.nettali.com\/?s={search_term_string}"},"query-input":"required name=search_term_string"}],"inLanguage":"fr-FR"},{"@type":"ImageObject","@id":"https:\/\/www.nettali.com\/2026\/03\/10\/affaire-softcare-les-syndicats-de-la-sante-soupconnent-une-collision-entre-le-ministre-les-responsables-de-lentreprise\/#primaryimage","inLanguage":"fr-FR","url":"https:\/\/www.nettali.com\/wp-content\/uploads\/2025\/02\/Ministre-sante.png","contentUrl":"https:\/\/www.nettali.com\/wp-content\/uploads\/2025\/02\/Ministre-sante.png","width":986,"height":528},{"@type":"WebPage","@id":"https:\/\/www.nettali.com\/2026\/03\/10\/affaire-softcare-les-syndicats-de-la-sante-soupconnent-une-collision-entre-le-ministre-les-responsables-de-lentreprise\/#webpage","url":"https:\/\/www.nettali.com\/2026\/03\/10\/affaire-softcare-les-syndicats-de-la-sante-soupconnent-une-collision-entre-le-ministre-les-responsables-de-lentreprise\/","name":"AFFAIRE SOFTCARE\u00a0 : les syndicats de la sant\u00e9 soup\u00e7onnent une collision entre le ministre les responsables de l'entreprise | Nettali.com","isPartOf":{"@id":"https:\/\/www.nettali.com\/#website"},"primaryImageOfPage":{"@id":"https:\/\/www.nettali.com\/2026\/03\/10\/affaire-softcare-les-syndicats-de-la-sante-soupconnent-une-collision-entre-le-ministre-les-responsables-de-lentreprise\/#primaryimage"},"datePublished":"2026-03-10T20:28:04+00:00","dateModified":"2026-03-10T20:28:04+00:00","author":{"@id":"https:\/\/www.nettali.com\/#\/schema\/person\/3317e0bb3aa1da309fbf7b2780901bf4"},"breadcrumb":{"@id":"https:\/\/www.nettali.com\/2026\/03\/10\/affaire-softcare-les-syndicats-de-la-sante-soupconnent-une-collision-entre-le-ministre-les-responsables-de-lentreprise\/#breadcrumb"},"inLanguage":"fr-FR","potentialAction":[{"@type":"ReadAction","target":["https:\/\/www.nettali.com\/2026\/03\/10\/affaire-softcare-les-syndicats-de-la-sante-soupconnent-une-collision-entre-le-ministre-les-responsables-de-lentreprise\/"]}]},{"@type":"BreadcrumbList","@id":"https:\/\/www.nettali.com\/2026\/03\/10\/affaire-softcare-les-syndicats-de-la-sante-soupconnent-une-collision-entre-le-ministre-les-responsables-de-lentreprise\/#breadcrumb","itemListElement":[{"@type":"ListItem","position":1,"name":"Accueil","item":"https:\/\/www.nettali.com\/"},{"@type":"ListItem","position":2,"name":"AFFAIRE SOFTCARE\u00a0 : les syndicats de la sant\u00e9 soup\u00e7onnent une collision entre le ministre les responsables de l'entreprise"}]},{"@type":"Person","@id":"https:\/\/www.nettali.com\/#\/schema\/person\/3317e0bb3aa1da309fbf7b2780901bf4","name":"Daouda","image":{"@type":"ImageObject","@id":"https:\/\/www.nettali.com\/#personlogo","inLanguage":"fr-FR","url":"https:\/\/secure.gravatar.com\/avatar\/8d143b5a49345098ddcfee1c49c2f47c?s=96&d=mm&r=g","contentUrl":"https:\/\/secure.gravatar.com\/avatar\/8d143b5a49345098ddcfee1c49c2f47c?s=96&d=mm&r=g","caption":"Daouda"},"sameAs":["https:\/\/www.nettali.com"]}]}},"_links":{"self":[{"href":"https:\/\/www.nettali.com\/rest\/wp\/v2\/posts\/170745"}],"collection":[{"href":"https:\/\/www.nettali.com\/rest\/wp\/v2\/posts"}],"about":[{"href":"https:\/\/www.nettali.com\/rest\/wp\/v2\/types\/post"}],"author":[{"embeddable":true,"href":"https:\/\/www.nettali.com\/rest\/wp\/v2\/users\/4"}],"replies":[{"embeddable":true,"href":"https:\/\/www.nettali.com\/rest\/wp\/v2\/comments?post=170745"}],"version-history":[{"count":1,"href":"https:\/\/www.nettali.com\/rest\/wp\/v2\/posts\/170745\/revisions"}],"predecessor-version":[{"id":170746,"href":"https:\/\/www.nettali.com\/rest\/wp\/v2\/posts\/170745\/revisions\/170746"}],"wp:featuredmedia":[{"embeddable":true,"href":"https:\/\/www.nettali.com\/rest\/wp\/v2\/media\/149925"}],"wp:attachment":[{"href":"https:\/\/www.nettali.com\/rest\/wp\/v2\/media?parent=170745"}],"wp:term":[{"taxonomy":"category","embeddable":true,"href":"https:\/\/www.nettali.com\/rest\/wp\/v2\/categories?post=170745"},{"taxonomy":"post_tag","embeddable":true,"href":"https:\/\/www.nettali.com\/rest\/wp\/v2\/tags?post=170745"}],"curies":[{"name":"wp","href":"https:\/\/api.w.org\/{rel}","templated":true}]}}