{"id":170742,"date":"2026-03-10T18:00:31","date_gmt":"2026-03-10T18:00:31","guid":{"rendered":"https:\/\/www.nettali.com\/?p=170742"},"modified":"2026-03-16T23:14:26","modified_gmt":"2026-03-16T23:14:26","slug":"idiovisuel-folle-course-vers-le-mur","status":"publish","type":"post","link":"https:\/\/www.nettali.com\/2026\/03\/10\/idiovisuel-folle-course-vers-le-mur\/","title":{"rendered":"IDIOVISUEL - Folle course vers le mur !"},"content":{"rendered":"<p><strong>NETTALI.COM - Lorsque les rapports entre deux personnes atteignent un certain niveau de d\u00e9fiance, de passe d\u2019armes et de divergences, cela veut tout simplement dire que quelque chose s\u2019est rompue dans leur relation. Situation d'autant plus grave, les deux personnes sont pr\u00e9sident de la r\u00e9publique et premier ministre.\u00a0\u00a0<\/strong><\/p>\n<p>Et pourtant, dans la relation, le pr\u00e9sident de la r\u00e9publique Bassirou Diomaye Faye \u00e9tait all\u00e9 jusqu\u2019\u00e0 d\u00e9clarer publiquement que le premier ministre est devenu son ami. Il avait m\u00eame par la force de la proximit\u00e9, choisi la m\u00e8re d\u2019Ousmane Sonko comme marraine de sa fille. Qu\u2019ils en soient aujourd\u2019hui \u00e0 se lancer des piques sur fond d\u2019allusions, cela signifie tout simplement que la nature de leurs rapports a vraiment chang\u00e9 et empir\u00e9.<\/p>\n<p>Comment par exemple, lors de l\u2019assembl\u00e9e g\u00e9n\u00e9rale de la \u00ab Coalition Diomaye pr\u00e9sident \u00bb, lorsque le pr\u00e9sident Faye lance : \u00ab il faut \u00eatre deux pour se disputer[...] \u00bb, avant de poursuivre avec ironie : \u00ab lorsqu'un individu se lamente tout seul dans son coin, c'est ce que les wolofs appellent faire le bougon... Or, on ne peut emp\u00eacher personne de faire le bougon \u00bb.<\/p>\n<p>De m\u00eame, de noter que des quotidiens du 10 mars, ont repris des propos attribu\u00e9s au premier ministre Ousmane Sonko et pr\u00e9sent\u00e9s comme une r\u00e9plique aux attaques de Diomaye et d\u2019Abdourakhmane Diouf, en ces termes : \" j<em>\u2019ai plus confiance aux femmes parce que je sais qu\u2019elles ne trahiront jamais<\/em> \", l\u2019on note bien que la relation est devenue ex\u00e9crable.<\/p>\n<p><strong>Une relation en dents de scie<\/strong><\/p>\n<p>Et pourtant, pour peu que l\u2019on remonte dans le temps, l\u2019on se rendra compte que la relation entre les deux \u00e9tait bien partie sur une base de bienveillance et de complicit\u00e9. Le pr\u00e9sident Bassirou Diomaye Faye cherchait par tous les moyens, lors de ses sorties, \u00e0 donner des gages de loyaut\u00e9.<\/p>\n<p>Lors d\u2019une interview de fin d\u2019ann\u00e9e par exemple, il r\u00e9pondait ceci, comme pour se justifier aupr\u00e8s de ceux qui l\u2019accusaient d\u2019\u00eatre faible devant son PM : \u201cJ<em>e ne m\u2019efface pas, c\u2019est que je n\u2019embrasse pas trop. Parce que, qui trop embrasse, mal \u00e9treint ; je veux plus d\u2019efficacit\u00e9. C\u2019est pourquoi je veux des DG forts, je veux des ministres forts, je veux un premier ministre super fort\u2026<\/em>\u201d Le premier ministre, disait-il, ne lui pose pas de probl\u00e8me sous ce rapport. \u201c<em>Au contraire, je pense qu\u2019il n\u2019a pas assez de pouvoir ; je compte d\u2019ailleurs le renforcer, parce que je veux \u00eatre davantage aid\u00e9 dans mes t\u00e2ches pour plus d\u2019efficacit\u00e9 et d\u2019efficience. Ce n\u2019est pas difficile \u00e0 comprendre<\/em>\u201d, ajoutait-il, en r\u00e9action aux critiques. Ousmane Sonko pouvait m\u00eame \"<em>lorgner son fauteuil<\/em>\" pour quelqu\u2019un qu\u2019il s\u2019emploie \u00e0 \"f<em>aire arriver au pouvoir<\/em>\"<\/p>\n<p>De m\u00eame, face aux divergences entre l\u2019opposition parlementaire et le chef du Gouvernement, le pr\u00e9sident de la R\u00e9publique avait voulu trancher et fixer la date de la d\u00e9claration de politique g\u00e9n\u00e9rale pour le 13 septembre 2024. Ce qui n\u2019avait pas laiss\u00e9 ses d\u00e9tracteurs indiff\u00e9rents. Mais en v\u00e9rit\u00e9, le premier ministre ne tenait pas du tout \u00e0 faire face \u00e0 l\u2019assembl\u00e9e nationale domin\u00e9e par la majorit\u00e9 sortante de Benno Bokk Yaakaar. Dans la foul\u00e9e, le PR faisait une sortie et annon\u00e7ait la dissolution de l\u2019Assembl\u00e9e nationale le 12 septembre. Diomaye avait fini par dissoudre l\u2019assembl\u00e9e, comme annonc\u00e9 par son puissant PM.<\/p>\n<p>Il y eut aussi l\u2019\u00e9pisode de la nomination au poste de PCA de la SN HLM de Samba Ndiaye, cet ancien DG limog\u00e9 par Macky pour s\u2019\u00eatre oppos\u00e9 \u00e0 son 3\u00e8me mandat. Ousmane Sonko qui s\u2019y opposera avant de proposer des \u00ab mesures correctives \u00bb dans le but d\u2019apaiser les militants, suite \u00e0 une fronde de ses lieutenants, aura finalement gain de cause, cette nomination n\u2019ayant jusqu\u2019ici jamais \u00e9t\u00e9 effective. Interpell\u00e9 par la suite sur les \u00ab mesures correctives \u00bb annonc\u00e9es par son PM, Diomaye Faye avait r\u00e9torqu\u00e9 que ces propos \u00e9taient du Premier ministre et non de lui. Une mani\u00e8re d\u2019esquiver le sujet.<\/p>\n<p>Le point culminant de la relation a \u00e9t\u00e9 atteint en juillet 2025, \u00e0 la suite de la d\u00e9cision rendue par la Cour supr\u00eame dans l\u2019affaire Mame Mbaye Niang. Ce jour-l\u00e0, Sonko avait vid\u00e9 tout son sac sur la Justice et indirectement sur le pr\u00e9sident de la R\u00e9publique.<\/p>\n<p>Qui ne se rappelle pas de sa virulente sortie au cours de laquelle, il avait point\u00e9 \"l<em>e manque d\u2019autorit\u00e9 de Diomaye<\/em>\", lui demandant de le laisser faire s\u2019il ne pouvait pas gouverner. Lors du conseil national de son parti, le chef du Pastef s\u2019en prend directement au pr\u00e9sident de la R\u00e9publique. \u201c<em>Ce qui se passe, il peut y mettre un terme s\u2019il le veut et je le lui ai dit clairement. Si j\u2019\u00e9tais Pr\u00e9sident, ces gens n\u2019allaient pas parler ainsi de moi.<\/em>\u201d Ousmane Sonko ne s\u2019en limite pas. Il s\u2019insurge aussi contre le fait que certains aient tendance \u00e0 pr\u00e9senter le Pr\u00e9sident Faye en homme de paix, disciplin\u00e9 et discret, lui le belliqueux\u2026. \u201c\u2026<em>Si c\u2019est \u00e7a ne pas aimer la paix, sachez que nous sommes venus au pouvoir dans la confrontation\u2026 Ce que nous sommes en train de dire, nous l\u2019avons dit entre quatre murs au Pr\u00e9sident, mais il n\u2019y a pas eu de solution ; nous l\u2019avons dit en Bureau politique, pas de solutions\u2026 C\u2019est pourquoi je le dis ici aujourd\u2019hui<\/em>\u201d, se justifiait le pr\u00e9sident de Pastef, soulignant que personne n\u2019est plus disciplin\u00e9 et discret que lui.<\/p>\n<p>Lors d\u2019une question d\u2019actualit\u00e9s \u00e0 l\u2019Assembl\u00e9e nationale, il \u00e9voque \" <em>un besoin de clarifications<\/em> \" entre les deux et estime m\u00eame qu\u2019 \"<em>aujourd'hui, tout est clair<\/em> \", ajoutant que \"<em>tout se passe bien entre nous, il n'y a aucun probl\u00e8me<\/em>\" et que \"<em>chacun peut avoir sa d\u00e9marche politique.<\/em>\".<\/p>\n<p>Au-del\u00e0 de ce qui apparaissait comme une entente de fa\u00e7ade, il \u00e9tait difficile de comprendre pourquoi Ousmane Sonko avait ressenti un tel besoin de pr\u00e9ciser qu\u2019il \"<em>ne travaille pas pour le Pr\u00e9sident Bassirou Diomaye Faye, mais pour le S\u00e9n\u00e9ga<\/em>l\", soulignant m\u00eame au passage qu\u2019il \"<em>est sous sa tutelle, et que tous ses actes seront attribu\u00e9s \u00e0 son mandat<\/em>\". Il y avait en effet chez lui, comme une position de premier ministre qu\u2019il vit mal pour le leader charismatique du Pastef qu\u2019il est et qui devrait dicter la ligne de la gouvernance via le parti.<\/p>\n<p><strong>Passes d\u2019armes \u00e0 distance<\/strong><\/p>\n<p>Du c\u00f4t\u00e9 des alli\u00e9s du pr\u00e9sident Faye, ce ne sont pas les sorties, comme pour r\u00e9pondre aux attaques contre Diomaye qui manquent. Comme lors que le leader d\u2019Awal\u00e9 Abdourahmane Diouf d\u00e9clare que le pr\u00e9sident Bassirou Diomaye Faye \"<em>n'est pas le pr\u00e9sident d'un parti<\/em> \" mais \" <em>le pr\u00e9sident d'un pays<\/em> \". Dans une salle comble du Cices, lors de l\u2019anniversaire de son parti, il invite \u00e0 l\u2019union et \u00e0 ne pas sous-estimer le r\u00f4le des mouvements soutenant le pr\u00e9sident. \u201cIl y a la l\u00e9gitimit\u00e9 principale et les l\u00e9gitimit\u00e9s secondaires. Personne ne doit minimiser ceux qui sont dans Diomaye Pr\u00e9sident\u201d, avait-il ajout\u00e9, comme pour r\u00e9pondre \u00e0 Waly Diouf Bodian.<\/p>\n<p>Le ministre Diouf demande alors \u00e0 toute la salle de se lever pour un standing ovation au pr\u00e9sident Bassirou Diomaye Diakhar Faye, vantant au passage sa capacit\u00e9 d\u2019\u00e9coute extraordinaire, \u00e0 comprendre tr\u00e8s vite les enjeux et son ouverture d\u2019esprit. Il n\u2019h\u00e9site pas \u00e0 scander un \" <em>Ass mooy Diomaye, Diomay mooy Ass<\/em> \" qui n\u2019est pas sans rappeler le \" <em>Sonko Mooy Diomaye, Diomaye mooy Sonko<\/em> \", estimant qu\u2019 \" <em>on doit laisser le pr\u00e9sident rester \u00e0 \u00e9quidistance de la justice. Son r\u00f4le n'\u00e9tant pas de donner des ordres \u00e0 la Justice, mais plut\u00f4t de r\u00e9concilier les S\u00e9n\u00e9galais.<\/em>\"<\/p>\n<p>Lors du T\u00e9ra meeting organis\u00e9 sur le parking du stade L\u00e9opold S\u00e9dar Senghor, Ousmane Sonko qui n\u2019est pas homme \u00e0 laisser passer certaines attaques sans broncher, choisit d\u2019accabler Abdourahmane Diouf qu\u2019il accuse de surfacturation, sans oublier Aminata Tour\u00e9, en citant un rapport sous l\u2019\u00e8re Macky. L\u2019on a bien compris qu\u2019il visait, \u00e0 partir de l\u00e0, les deux alli\u00e9s de Diomaye Faye qu\u2019il consid\u00e9rait comme les piliers de \"<em>Diomaye pr\u00e9sident<\/em> \". Des accusations qui ne seront pas suivies d\u2019effets.<\/p>\n<p>Face aux critiques l\u2019accusant d\u2019h\u00e9g\u00e9monisme, Ousmane Sonko a choisi de clarifier certaines choses. \u201c<em>PASTFE ne refuse pas de travailler ni de coaliser. Ce que nous refusons, c\u2019est que quelqu\u2019un vienne vouloir \u00eatre \u00e0 la t\u00eate de PASTEF, alors que PASTEF a tout le poids<\/em>\u201d, a-t-il martel\u00e9 pour marquer son territoire. Selon lui, certaines alliances ne cherchent pas la synergie, mais le pourrissement de l'int\u00e9rieur, fustigeant au passage les nouveaux venus de 2024 qui seraient, selon ses calculs, responsables de 95 % du \u201cbruit\u201d m\u00e9diatique actuel. Cette exigence de loyaut\u00e9 ne ferme pas pour autant la porte aux collaborations historiques. Le Premier ministre s'est alors appliqu\u00e9 \u00e0 rappeler que son parti s\u2019est construit sur une culture de fusion d\u00e8s 2015, citant les partenariats avec des figures telles que Cheikh Tidiane Di\u00e8ye ou A\u00efda Mbodj comme des mod\u00e8les de r\u00e9ussite. Pour prouver cette volont\u00e9 de partage, il a mis en avant l'attribution de postes strat\u00e9giques, tant \u00e0 l'Assembl\u00e9e nationale qu'au sein du gouvernement, \u00e0 des alli\u00e9s de la premi\u00e8re heure. \u201cIl ne faut pas qu\u2019on nous pr\u00e9sente comme des gens qui ne veulent pas coaliser\u201d, a-t-il ainsi plaid\u00e9, soucieux de briser l'image d'une formation herm\u00e9tique. Toutefois, \u00e0 qui veut l'entendre, le chef du Pastef entend d\u00e9fendre corps et \u00e2me la vision de sa formation politique au sein du r\u00e9gime. \u201cLe Pr\u00e9sident revendique son appartenance au PASTEF, le Premier ministre aussi, et la plupart des ministres \u00e9galement. Tant que je serai Premier ministre, la gouvernance refl\u00e9tera la vision du PASTEF\u201d.<\/p>\n<p>Lors de la r\u00e9cente Assembl\u00e9e g\u00e9n\u00e9rale de la \u00ab coalition Diomaye \u00bb, le ministre Abdourahmane Diouf a tenu \u00e0 r\u00e9pondre aux critiques formul\u00e9es, il y a quelques mois par le Premier ministre Ousmane Sonko. Il a ainsi rappel\u00e9 le r\u00f4le d\u00e9terminant de cette plateforme politique dans l\u2019\u00e9lection du pr\u00e9sident Bassirou Diomaye Faye. \u00ab Personne ne pourra r\u00e9\u00e9crire l\u2019histoire. C\u2019est la coalition Diomaye Pr\u00e9sident qui a \u00e9lu le pr\u00e9sident Diomaye Faye \u00bb, d\u00e9clare-t-il. Une prise de position qui intervient en r\u00e9action \u00e0 des d\u00e9clarations d\u2019Ousmane Sonko, qui a affirm\u00e9 que 90 % de l\u2019\u00e9lectorat ayant port\u00e9 Diomaye Faye \u00e0 la pr\u00e9sidence, provenait de Pastef, minimisant ainsi le poids des alli\u00e9s de la coalition.<\/p>\n<p>Abdourahmane Diouf conteste en effet cette lecture des faits, estimant que la victoire \u00e0 la pr\u00e9sidentielle est d\u2019abord celle d\u2019une coalition large. Selon lui, cette dynamique a ensuite favoris\u00e9 la victoire de la majorit\u00e9 lors des \u00e9lections l\u00e9gislatives. \u00ab C\u2019est d\u2019ailleurs cette victoire qui leur a permis de remporter ensuite les l\u00e9gislatives. On sait tous qu\u2019au S\u00e9n\u00e9gal, le vainqueur de la pr\u00e9sidentielle remporte ais\u00e9ment les l\u00e9gislatives \u00bb, a-t-il soutenu.<\/p>\n<p>Profitant de cette tribune politique, le ministre ne s\u2019arr\u00eate pas l\u00e0 puisqu\u2019il lance un appel et anticipe en faveur d\u2019une candidature de Bassirou Diomaye Faye \u00e0 l\u2019\u00e9lection pr\u00e9sidentielle de 2029. \u00ab Nous ne te demandons pas ton avis. Tu peux y r\u00e9fl\u00e9chir, mais nous, nous vous avons choisi pour nous repr\u00e9senter \u00bb, a-t-il affirm\u00e9.<\/p>\n<p>Une sortie qui pourrait raviver les tensions au sein de la majorit\u00e9, surtout que le ministre a d\u00e9j\u00e0 \u00e9t\u00e9 accus\u00e9 par certains militants proches de Pastef de chercher \u00e0 fragiliser le tandem Diomaye\u2013Sonko \u00e0 la t\u00eate de l\u2019\u00c9tat.<\/p>\n<p>Finalement, autant de d\u00e9clarations et d\u2019actes qui illustrent les lignes de fracture apparues dans le temps au sein de la coalition au pouvoir, entre les partisans d\u2019un leadership centr\u00e9 sur Pastef et ceux qui revendiquent un r\u00f4le d\u00e9terminant des alli\u00e9s dans la victoire de 2024. Mais au-del\u00e0 c\u2019est dans la relation Diomaye-Sonko que cela a un impact consid\u00e9rable.<\/p>\n<p><strong>L\u2019\u00e9quation du r\u00e9sultat dans une telle ambiance de division et de dissonances<\/strong><\/p>\n<p>Il sera en tout cas bien difficile de comprendre les propos du pr\u00e9sident de la R\u00e9publique qui a indiqu\u00e9, lors de la fameuse AG, que la vraie sagesse consiste \u00e0 ne pas r\u00e9pondre aux attaques pour se focaliser exclusivement sur son travail. Comment imaginer que cette ambiance conflictuelle et de confrontation n\u2019ait pas d\u2019impact n\u00e9gatif sur la gouvernance ? Comment arriver \u00e0 produire du r\u00e9sultat dans cette ambiance faite de dissonances et d\u2019actes oppos\u00e9s ?<\/p>\n<p>Le pr\u00e9sident prend une position sur le plan diplomatique, le premier ministre en adopte une diff\u00e9rente. Comme dans le dossier relatif \u00e0 l\u2019affaire Emballo. Dans nos rapports avec le FMI idem, leurs violons ne s\u2019accordent pas.<\/p>\n<p>L\u2019on est en effet comme dans une sorte de course folle vers 2029 aux contours pas tr\u00e8s clairs, o\u00f9 chacun essaie de tirer la couverture sur lui. Ce sont en v\u00e9rit\u00e9 deux visions oppos\u00e9es qui s\u2019affrontent : une vision r\u00e9publicaine de \" <em>gardien de la constitution \", \"le seul type de gardien reconnu<\/em> \" par Abdourahmane Diouf et Cie et au travers de laquelle, l\u2019objectif comme l'a dit le PR est de r\u00e9concilier le peuple, de ne pas intervenir dans la marche de la justice et de gouverner avec tous les s\u00e9n\u00e9galais ; une seconde vision de \u00ab gardien de la r\u00e9volution \u00bb dans laquelle, l\u2019objectif est d'op\u00e9rer une rupture, casser le syst\u00e8me, renforcer la logique de reddition des comptes, gouverner avec les s\u00e9n\u00e9galais qui croient au projet, tout en imposant la pr\u00e9gnance du parti dans la gouvernance.<\/p>\n<p>Dans l\u2019un ou dans l\u2019autre cas, la cons\u00e9quence est de perdre de vue l\u2019objectif de d\u00e9veloppement du pays, car il est devenu bien difficile de d\u00e9celer les vraies options sur le plan \u00e9conomique, face \u00e0 un secteur priv\u00e9 sans soutien et une question de la dette o\u00f9 l\u2019on nage dans le flou total.<\/p>\n<p>Il y a en v\u00e9rit\u00e9 beaucoup de goulots d\u2019\u00e9tranglements qui emp\u00eachent cette gouvernance de fonctionner. N'aurions-nous pas pu par exemple r\u00e9former la justice apr\u00e8s les fameuses assises du d\u00e9but de la gouvernance ? En proc\u00e9dant certainement par doses hom\u00e9opathiques et en introduisant des aspects structurants de cette r\u00e9forme. Par exemple en modifiant l\u2019article 28 du code de proc\u00e9dure de p\u00e9nale qui fait injonction au procureur de suivre les injonctions du ministre de la justice lorsqu\u2019il est demand\u00e9 de poursuivre ? ou en introduisant le juge de la d\u00e9tention et des libert\u00e9s ? Nous n\u2019en serions sans doute pas l\u00e0 \u00e0 nous pr\u00e9occuper des poursuites des procureurs sous l\u2019autorit\u00e9 du ministre de la justice.<\/p>\n<p>Et lorsqu\u2019on arrive \u00e0 une situation o\u00f9 le premier ministre peut tancer publiquement des ministres, alors qu\u2019il est cens\u00e9, en tant que sup\u00e9rieur hi\u00e9rarchique des ministres, faire preuve d\u2019un peu plus de hauteur et de solidarit\u00e9 gouvernementale dans un attelage dont il est le chef, que peut-on attendre comme r\u00e9sultats ? Si lui-m\u00eame en arrive \u00e0 \u00eatre contredit par le ministre des finances et celui de l\u2019\u00e9conomie sur la question de la dette dite cach\u00e9e, que peut-on penser de son niveau d\u2019autorit\u00e9 ? Imaginez une seconde la nature de la relation entre Ousmane Sonko et le ministre Abdourakhmane Diouf ; et l'ambiance du conseil des ministres.<\/p>\n<p>Une situation qui ne peut produire que de la dissonance \u00e0 tous les \u00e9tages et de l\u2019inaction. Le chroniqueur Ibou Fall pense d'ailleurs que le duel Diomaye-Sonko est une mauvaise publicit\u00e9 pour le S\u00e9n\u00e9gal et ne fait que ternir son image, parce qu'elle aggrave la situation actuelle\u00a0 qui donne l'impression que ce pays n'est pas gouvern\u00e9 ; or, estime-t-il, pour \u00eatre gouvern\u00e9, il faut une organisation efficace, avec un pr\u00e9sident de la r\u00e9publique dont les d\u00e9cisions sont ex\u00e9cut\u00e9es par le Premier ministre. Il faut une figure qui incarne l'autorit\u00e9 et la r\u00e9publique. Mais, \u00e0 son avis, ce \u00e0 quoi on assiste, c'est purement et simplement du d\u00e9sordre. Il a pour preuve donn\u00e9 l'exemple pr\u00e9sident et du ministre Abdourakhmane Diouf qui ont lanc\u00e9 quelques piques au PM, qui, \u00e0 son tour, a ripost\u00e9. Et Fall, de se demander si cela est un gouvernement.<\/p>\n<p>Comment peut-on par ailleurs comprendre qu\u2019un d\u00e9put\u00e9 Cheikh Bara Ndiaye fut-il un parlementaire issu de la majorit\u00e9 \u00e9manant du Pastef, puisse s\u2019en prendre de mani\u00e8re aussi irrespectueuse au pr\u00e9sident de la r\u00e9publique sur la foi d\u2019analyses biais\u00e9es et subjectives ? Comment concevoir les insultes prof\u00e9r\u00e9es contre le pr\u00e9sident de la r\u00e9publique dans les r\u00e9seaux sociaux ?<\/p>\n<p><strong>Une histoire du Pastef et de la conqu\u00eate du pouvoir racont\u00e9e avec plusieurs versions<\/strong><\/p>\n<p>Mais comme le retrace \u00e0 sa Une, le quotidien \u00ab <em>Direct News<\/em> \u00bb du vendredi 13 novembre, \u00ab tout a d\u00e9marr\u00e9 le 14 juillet (apr\u00e8s les d\u00e9clarations de Sonko au King Fahd intervenues le 11 juillet), Sonko aurait affirm\u00e9 \u00e0 Diomaye \"<em>mane ma tass sa coalition, si l\u00e9gislatives yi lako tass<\/em>\" (j\u2019ai fait imploser la coalition depuis les l\u00e9gislatives) ; la r\u00e9ponse de Diomaye fut alors : \"<em>je prends acte, mais vous savez que je sais structurer une organisation.<\/em>\" C\u2019est \u00e0 partir de ce moment, renseigne le journal, que Diomaye a d\u00e9cid\u00e9 de reprendre en main la \u00ab coalition Diomaye \u00bb.<\/p>\n<p>Le quotidien de poursuivre en \u00e9crivant que \"<em>les r\u00e9v\u00e9lations d\u2019Ousmane Sonko au meeting sur la coalition, n\u2019ont pas fait l\u2019objet de discussions pr\u00e9alables entre lui et Diomaye<\/em> \", d\u2019apr\u00e8s ses renseignements. \u00ab Direct News \u00bb citant toujours des t\u00e9moins, lors de la r\u00e9union du bureau politique du 24 octobre, de poursuivre : \"<em>Sonko a dit topato wouma coalition, mane Pastef lay g\u00e9rer<\/em> \" (je ne m\u2019occupe que de Pastef, pas d\u2019une quelconque coalition), ajoutant que \"<em>m\u00eame dans Pastef, personne ne comprend pas que Sonko veuille imposer un bras de fer inutile pour une coalition pour laquelle, il ne s\u2019est jamais int\u00e9ress\u00e9 et qu\u2019il dit m\u00eame avoir fait imploser.<\/em>\"<\/p>\n<p>Toujours est-il que dans cet affrontement \u00e0 distance, il y en a pour crier \u00e0 la trahison de Diomaye parce que, selon eux, l\u2019actuel Premier ministre, en tant que chef du parti, l\u2019avait d\u00e9sign\u00e9 pour en faire son candidat ; d\u2019autres t\u00e9moins de l\u2019histoire, comme le parti Visa Les citoyens, membre de la \"Coalition Diomaye Pr\u00e9sident\" qui a tenu un point de presse pour, dit-il, \"<em>mettre fin une bonne fois pour toutes aux manipulations et contre-v\u00e9rit\u00e9s<\/em>\" qui circulent au sujet de la candidature du Pr\u00e9sident Bassirou Diomaye Faye \u00e0 l\u2019\u00e9lection 2024. D\u00e9thi\u00e9 Diouf, est revenu sur les conditions dans lesquelles le mandataire national Amadou B\u00e2 avait obtenu le pr\u00e9cieux s\u00e9same. Pendant ce temps, dit-il, Pastef avait d\u00e9j\u00e0 \u00e9tabli une hi\u00e9rarchie d\u2019investiture : Ousmane Sonko comme premier choix, Habib Sy comme deuxi\u00e8me et Cheikh Tidiane Di\u00e9ye en troisi\u00e8me position. Tous b\u00e9n\u00e9ficiaient, dit-il, du parrainage des \u00e9lus \u00e0 l\u2019exception du dernier. Bassirou Diomaye Faye n\u2019avait b\u00e9n\u00e9fici\u00e9 d\u2019aucun parrainage des militants de Pastef. Il avait d\u2019ailleurs \u00e9tait recal\u00e9 dans un premier temps par le Conseil constitutionnel, qui lui avait donn\u00e9 48 heures pour compl\u00e9ter ses parrainages restants. Et des observateurs comme Cheikh Y\u00e9rim Seck, de pr\u00e9ciser que Diomaye Faye a d\u00fb se battre pour s'imposer au parrainage avant que Sonko ne le propose enfin apr\u00e8s une mise en garde contre la candidature des alli\u00e9s Habib Sy et Cheikh Tidiane Di\u00e8ye, dans les rangs de Pastef.<\/p>\n<p>En somme, l\u2019on assiste \u00e0 des lectures diff\u00e9rentes de la situation, avec des histoires du Pastef racont\u00e9es en fonction de la v\u00e9rit\u00e9 qu\u2019on veut asseoir ; ou des th\u00e8ses sur un Diomaye membre fondateur de Pastef qui a fait venir Ousmane Sonko au Pastef ; et un Ousmane Sonko qui a fait \u00e9lire Diomaye, voire qui n\u2019en voulait pas du tout comme candidat avec comme cons\u00e9quences des accusations de trahison contre Dioamye par les pro Sonko.<\/p>\n<p>L\u2019on finit m\u00eame par perdre le cap sur les travers qu'emprunte le compagnonnage et la gouvernance. Qu\u2019Ousmane Sonko en arrive aussi \u00e0 th\u00e9oriser une \u00ab cohabitation douce \u00bb avec le Pr\u00e9sident, alors que le S\u00e9n\u00e9gal n\u2019est pas dans le cadre d\u2019un r\u00e9gime parlementaire, monte qu\u2019on s\u2019oriente in\u00e9luctablement vers un affrontement ou chacun s\u2019amuse \u00e0 faire peur \u00e0 l\u2019autre. La question est plut\u00f4t de savoir o\u00f9 tout cela peut-il nous mener, si ce n\u2019est droit au mur ?<\/p>\n<div class='share-to-whatsapp-wrapper'><div class='share-on-whsp'>PARTAGER SUR : <\/div><a data-text='IDIOVISUEL - Folle course vers le mur !' data-link='https:\/\/www.nettali.com\/2026\/03\/10\/idiovisuel-folle-course-vers-le-mur\/' class='whatsapp-button whatsapp-share'>WhatsApp<\/a><div class='clear '><\/div><\/div>","protected":false},"excerpt":{"rendered":"<p>NETTALI.COM - Lorsque les rapports entre deux personnes atteignent un certain niveau de d\u00e9fiance, de passe d\u2019armes et de divergences, cela veut tout simplement dire que quelque chose s\u2019est rompue dans leur relation. Situation d'autant plus grave, les deux personnes sont pr\u00e9sident de la r\u00e9publique et premier ministre.\u00a0\u00a0 Et pourtant, dans la relation, le pr\u00e9sident [&hellip;]<\/p>\n","protected":false},"author":2,"featured_media":170684,"comment_status":"open","ping_status":"open","sticky":false,"template":"","format":"standard","meta":{"_et_pb_use_builder":"","_et_pb_old_content":""},"categories":[9],"tags":[],"yoast_head":"<!-- This site is optimized with the Yoast SEO Premium plugin v17.8 (Yoast SEO v17.8) - https:\/\/yoast.com\/wordpress\/plugins\/seo\/ -->\n<title>IDIOVISUEL - Folle course vers le mur ! | Nettali.com<\/title>\n<meta name=\"robots\" content=\"index, follow, max-snippet:-1, max-image-preview:large, max-video-preview:-1\" \/>\n<link rel=\"canonical\" href=\"https:\/\/www.nettali.com\/2026\/03\/10\/idiovisuel-folle-course-vers-le-mur\/\" \/>\n<meta property=\"og:locale\" content=\"fr_FR\" \/>\n<meta property=\"og:type\" content=\"article\" \/>\n<meta property=\"og:title\" content=\"IDIOVISUEL - Folle course vers le mur !\" \/>\n<meta property=\"og:description\" content=\"NETTALI.COM - Lorsque les rapports entre deux personnes atteignent un certain niveau de d\u00e9fiance, de passe d\u2019armes et de divergences, cela veut tout simplement dire que quelque chose s\u2019est rompue dans leur relation. Situation d&#039;autant plus grave, les deux personnes sont pr\u00e9sident de la r\u00e9publique et premier ministre.\u00a0\u00a0 Et pourtant, dans la relation, le pr\u00e9sident [&hellip;]\" \/>\n<meta property=\"og:url\" content=\"https:\/\/www.nettali.com\/2026\/03\/10\/idiovisuel-folle-course-vers-le-mur\/\" \/>\n<meta property=\"og:site_name\" content=\"Nettali.com\" \/>\n<meta property=\"article:publisher\" content=\"https:\/\/www.facebook.com\/nettalicom\" \/>\n<meta property=\"article:published_time\" content=\"2026-03-10T18:00:31+00:00\" \/>\n<meta property=\"article:modified_time\" content=\"2026-03-16T23:14:26+00:00\" \/>\n<meta property=\"og:image\" content=\"https:\/\/www.nettali.com\/wp-content\/uploads\/2026\/03\/toure-diouf-faye-sonko.jpg\" \/>\n\t<meta property=\"og:image:width\" content=\"1280\" \/>\n\t<meta property=\"og:image:height\" content=\"600\" \/>\n<meta name=\"twitter:card\" content=\"summary_large_image\" \/>\n<meta name=\"twitter:label1\" content=\"\u00c9crit par\" \/>\n\t<meta name=\"twitter:data1\" content=\"CK\" \/>\n\t<meta name=\"twitter:label2\" content=\"Dur\u00e9e de lecture estim\u00e9e\" \/>\n\t<meta name=\"twitter:data2\" content=\"16 minutes\" \/>\n<script type=\"application\/ld+json\" class=\"yoast-schema-graph\">{\"@context\":\"https:\/\/schema.org\",\"@graph\":[{\"@type\":\"WebSite\",\"@id\":\"https:\/\/www.nettali.com\/#website\",\"url\":\"https:\/\/www.nettali.com\/\",\"name\":\"Nettali.com\",\"description\":\"Le rendez-vous critique du Net\",\"potentialAction\":[{\"@type\":\"SearchAction\",\"target\":{\"@type\":\"EntryPoint\",\"urlTemplate\":\"https:\/\/www.nettali.com\/?s={search_term_string}\"},\"query-input\":\"required name=search_term_string\"}],\"inLanguage\":\"fr-FR\"},{\"@type\":\"ImageObject\",\"@id\":\"https:\/\/www.nettali.com\/2026\/03\/10\/idiovisuel-folle-course-vers-le-mur\/#primaryimage\",\"inLanguage\":\"fr-FR\",\"url\":\"https:\/\/www.nettali.com\/wp-content\/uploads\/2026\/03\/toure-diouf-faye-sonko.jpg\",\"contentUrl\":\"https:\/\/www.nettali.com\/wp-content\/uploads\/2026\/03\/toure-diouf-faye-sonko.jpg\",\"width\":1280,\"height\":600},{\"@type\":\"WebPage\",\"@id\":\"https:\/\/www.nettali.com\/2026\/03\/10\/idiovisuel-folle-course-vers-le-mur\/#webpage\",\"url\":\"https:\/\/www.nettali.com\/2026\/03\/10\/idiovisuel-folle-course-vers-le-mur\/\",\"name\":\"IDIOVISUEL - Folle course vers le mur ! | Nettali.com\",\"isPartOf\":{\"@id\":\"https:\/\/www.nettali.com\/#website\"},\"primaryImageOfPage\":{\"@id\":\"https:\/\/www.nettali.com\/2026\/03\/10\/idiovisuel-folle-course-vers-le-mur\/#primaryimage\"},\"datePublished\":\"2026-03-10T18:00:31+00:00\",\"dateModified\":\"2026-03-16T23:14:26+00:00\",\"author\":{\"@id\":\"https:\/\/www.nettali.com\/#\/schema\/person\/d8ac7b7e27ddad43f1c0d2ef090d7f71\"},\"breadcrumb\":{\"@id\":\"https:\/\/www.nettali.com\/2026\/03\/10\/idiovisuel-folle-course-vers-le-mur\/#breadcrumb\"},\"inLanguage\":\"fr-FR\",\"potentialAction\":[{\"@type\":\"ReadAction\",\"target\":[\"https:\/\/www.nettali.com\/2026\/03\/10\/idiovisuel-folle-course-vers-le-mur\/\"]}]},{\"@type\":\"BreadcrumbList\",\"@id\":\"https:\/\/www.nettali.com\/2026\/03\/10\/idiovisuel-folle-course-vers-le-mur\/#breadcrumb\",\"itemListElement\":[{\"@type\":\"ListItem\",\"position\":1,\"name\":\"Accueil\",\"item\":\"https:\/\/www.nettali.com\/\"},{\"@type\":\"ListItem\",\"position\":2,\"name\":\"IDIOVISUEL - Folle course vers le mur !\"}]},{\"@type\":\"Person\",\"@id\":\"https:\/\/www.nettali.com\/#\/schema\/person\/d8ac7b7e27ddad43f1c0d2ef090d7f71\",\"name\":\"CK\",\"image\":{\"@type\":\"ImageObject\",\"@id\":\"https:\/\/www.nettali.com\/#personlogo\",\"inLanguage\":\"fr-FR\",\"url\":\"https:\/\/secure.gravatar.com\/avatar\/1d8d5118b9327d94da7cd4ce7f17fec2?s=96&d=mm&r=g\",\"contentUrl\":\"https:\/\/secure.gravatar.com\/avatar\/1d8d5118b9327d94da7cd4ce7f17fec2?s=96&d=mm&r=g\",\"caption\":\"CK\"},\"sameAs\":[\"https:\/\/www.nettali.com\"]}]}<\/script>\n<!-- \/ Yoast SEO Premium plugin. -->","yoast_head_json":{"title":"IDIOVISUEL - Folle course vers le mur ! | Nettali.com","robots":{"index":"index","follow":"follow","max-snippet":"max-snippet:-1","max-image-preview":"max-image-preview:large","max-video-preview":"max-video-preview:-1"},"canonical":"https:\/\/www.nettali.com\/2026\/03\/10\/idiovisuel-folle-course-vers-le-mur\/","og_locale":"fr_FR","og_type":"article","og_title":"IDIOVISUEL - Folle course vers le mur !","og_description":"NETTALI.COM - Lorsque les rapports entre deux personnes atteignent un certain niveau de d\u00e9fiance, de passe d\u2019armes et de divergences, cela veut tout simplement dire que quelque chose s\u2019est rompue dans leur relation. Situation d'autant plus grave, les deux personnes sont pr\u00e9sident de la r\u00e9publique et premier ministre.\u00a0\u00a0 Et pourtant, dans la relation, le pr\u00e9sident [&hellip;]","og_url":"https:\/\/www.nettali.com\/2026\/03\/10\/idiovisuel-folle-course-vers-le-mur\/","og_site_name":"Nettali.com","article_publisher":"https:\/\/www.facebook.com\/nettalicom","article_published_time":"2026-03-10T18:00:31+00:00","article_modified_time":"2026-03-16T23:14:26+00:00","og_image":[{"width":1280,"height":600,"url":"https:\/\/www.nettali.com\/wp-content\/uploads\/2026\/03\/toure-diouf-faye-sonko.jpg","type":"image\/jpeg"}],"twitter_card":"summary_large_image","twitter_misc":{"\u00c9crit par":"CK","Dur\u00e9e de lecture estim\u00e9e":"16 minutes"},"schema":{"@context":"https:\/\/schema.org","@graph":[{"@type":"WebSite","@id":"https:\/\/www.nettali.com\/#website","url":"https:\/\/www.nettali.com\/","name":"Nettali.com","description":"Le rendez-vous critique du Net","potentialAction":[{"@type":"SearchAction","target":{"@type":"EntryPoint","urlTemplate":"https:\/\/www.nettali.com\/?s={search_term_string}"},"query-input":"required name=search_term_string"}],"inLanguage":"fr-FR"},{"@type":"ImageObject","@id":"https:\/\/www.nettali.com\/2026\/03\/10\/idiovisuel-folle-course-vers-le-mur\/#primaryimage","inLanguage":"fr-FR","url":"https:\/\/www.nettali.com\/wp-content\/uploads\/2026\/03\/toure-diouf-faye-sonko.jpg","contentUrl":"https:\/\/www.nettali.com\/wp-content\/uploads\/2026\/03\/toure-diouf-faye-sonko.jpg","width":1280,"height":600},{"@type":"WebPage","@id":"https:\/\/www.nettali.com\/2026\/03\/10\/idiovisuel-folle-course-vers-le-mur\/#webpage","url":"https:\/\/www.nettali.com\/2026\/03\/10\/idiovisuel-folle-course-vers-le-mur\/","name":"IDIOVISUEL - Folle course vers le mur ! | Nettali.com","isPartOf":{"@id":"https:\/\/www.nettali.com\/#website"},"primaryImageOfPage":{"@id":"https:\/\/www.nettali.com\/2026\/03\/10\/idiovisuel-folle-course-vers-le-mur\/#primaryimage"},"datePublished":"2026-03-10T18:00:31+00:00","dateModified":"2026-03-16T23:14:26+00:00","author":{"@id":"https:\/\/www.nettali.com\/#\/schema\/person\/d8ac7b7e27ddad43f1c0d2ef090d7f71"},"breadcrumb":{"@id":"https:\/\/www.nettali.com\/2026\/03\/10\/idiovisuel-folle-course-vers-le-mur\/#breadcrumb"},"inLanguage":"fr-FR","potentialAction":[{"@type":"ReadAction","target":["https:\/\/www.nettali.com\/2026\/03\/10\/idiovisuel-folle-course-vers-le-mur\/"]}]},{"@type":"BreadcrumbList","@id":"https:\/\/www.nettali.com\/2026\/03\/10\/idiovisuel-folle-course-vers-le-mur\/#breadcrumb","itemListElement":[{"@type":"ListItem","position":1,"name":"Accueil","item":"https:\/\/www.nettali.com\/"},{"@type":"ListItem","position":2,"name":"IDIOVISUEL - Folle course vers le mur !"}]},{"@type":"Person","@id":"https:\/\/www.nettali.com\/#\/schema\/person\/d8ac7b7e27ddad43f1c0d2ef090d7f71","name":"CK","image":{"@type":"ImageObject","@id":"https:\/\/www.nettali.com\/#personlogo","inLanguage":"fr-FR","url":"https:\/\/secure.gravatar.com\/avatar\/1d8d5118b9327d94da7cd4ce7f17fec2?s=96&d=mm&r=g","contentUrl":"https:\/\/secure.gravatar.com\/avatar\/1d8d5118b9327d94da7cd4ce7f17fec2?s=96&d=mm&r=g","caption":"CK"},"sameAs":["https:\/\/www.nettali.com"]}]}},"_links":{"self":[{"href":"https:\/\/www.nettali.com\/rest\/wp\/v2\/posts\/170742"}],"collection":[{"href":"https:\/\/www.nettali.com\/rest\/wp\/v2\/posts"}],"about":[{"href":"https:\/\/www.nettali.com\/rest\/wp\/v2\/types\/post"}],"author":[{"embeddable":true,"href":"https:\/\/www.nettali.com\/rest\/wp\/v2\/users\/2"}],"replies":[{"embeddable":true,"href":"https:\/\/www.nettali.com\/rest\/wp\/v2\/comments?post=170742"}],"version-history":[{"count":8,"href":"https:\/\/www.nettali.com\/rest\/wp\/v2\/posts\/170742\/revisions"}],"predecessor-version":[{"id":170826,"href":"https:\/\/www.nettali.com\/rest\/wp\/v2\/posts\/170742\/revisions\/170826"}],"wp:featuredmedia":[{"embeddable":true,"href":"https:\/\/www.nettali.com\/rest\/wp\/v2\/media\/170684"}],"wp:attachment":[{"href":"https:\/\/www.nettali.com\/rest\/wp\/v2\/media?parent=170742"}],"wp:term":[{"taxonomy":"category","embeddable":true,"href":"https:\/\/www.nettali.com\/rest\/wp\/v2\/categories?post=170742"},{"taxonomy":"post_tag","embeddable":true,"href":"https:\/\/www.nettali.com\/rest\/wp\/v2\/tags?post=170742"}],"curies":[{"name":"wp","href":"https:\/\/api.w.org\/{rel}","templated":true}]}}