{"id":170735,"date":"2026-03-10T14:27:18","date_gmt":"2026-03-10T14:27:18","guid":{"rendered":"https:\/\/www.nettali.com\/?p=170735"},"modified":"2026-03-10T14:26:43","modified_gmt":"2026-03-10T14:26:43","slug":"romain-saiss-brahim-diaz-aurait-pu-etre-un-heros-mais-il-a-voulu-etre-un-super-heros","status":"publish","type":"post","link":"https:\/\/www.nettali.com\/2026\/03\/10\/romain-saiss-brahim-diaz-aurait-pu-etre-un-heros-mais-il-a-voulu-etre-un-super-heros\/","title":{"rendered":"ROMAIN SA\u00cfSS - \"Brahim Diaz aurait pu \u00eatre un h\u00e9ros, mais il a voulu \u00eatre un super-h\u00e9ros\""},"content":{"rendered":"<p><strong>NETTALI.COM - Quelques jours apr\u00e8s avoir annonc\u00e9 sa retraite internationale, Romain Sa\u00efss est revenu sur l\u2019\u00e9pisode de la panenka rat\u00e9e de Brahim Diaz en finale de la CAN 2025 face au S\u00e9n\u00e9gal, lors d\u2019un entretien accord\u00e9 \u00e0 la cha\u00eene YouTube \"<em>Colinterview<\/em>\". Pour l\u2019ancien capitaine des Lions de l\u2019Atlas, le geste de Diaz \u00e0 ce moment crucial a \u00e9t\u00e9 mal r\u00e9fl\u00e9chi. Le Madril\u00e8ne, selon lui, \"<em>aurait pu \u00eatre un h\u00e9ros, mais il a voulu \u00eatre un super-h\u00e9ros<\/em>\". L\u2019ancien d\u00e9fenseur de Wolverhampton a assur\u00e9 qu\u2019il n\u2019en voulait pas \u00e0 son co\u00e9quipier, tout en esp\u00e9rant que cet \u00e9pisode lui servira de le\u00e7on.<\/strong><\/p>\n<p>L\u2019image du penalty manqu\u00e9 par Brahim Diaz en finale de la CAN 2025 face au S\u00e9n\u00e9gal reste, sans aucun doute, l\u2019un des souvenirs les plus difficiles \u00e0 dig\u00e9rer pour le public marocain et pour les joueurs de l'\u00e9quipe du Maroc.<\/p>\n<p>La tentative compl\u00e8tement rat\u00e9e de Diaz a marqu\u00e9 les esprits et a \u00e9t\u00e9 mal v\u00e9cue par plusieurs de ses co\u00e9quipiers, dont l\u2019ancien capitaine des Lions de l\u2019Atlas, revenu sur cet \u00e9pisode lors d\u2019un entretien accord\u00e9 \u00e0 la cha\u00eene YouTube \"<em>Colinterview<\/em>\".<\/p>\n<p>\"<em>Je me suis dit : Il n\u2019a pas fait \u00e7a quand m\u00eame. Je me suis retourn\u00e9 directement, je me suis pris la t\u00eate \u00e0 deux mains et je me suis dit : Il n\u2019a pas os\u00e9 faire \u00e7a quand m\u00eame. Tu peux rater un penalty, tu vois, en Coupe d\u2019Afrique, en finale, \u00e0 la fin d\u2019un match, \u00e7a nous est arriv\u00e9. Achraf Hakimi a rat\u00e9 un penalty \u00e0 un moment crucial. On est pass\u00e9 \u00e0 autre chose. Il a tir\u00e9, il a essay\u00e9, bref. Hakim Ziyech, pareil. \u00c7a fait partie du foot. Mais l\u00e0, quand il a fait la panenka, j\u2019ai dit : Mais non, tu ne peux pas faire \u00e7a maintenant<\/em>\", a confi\u00e9 l\u2019ancien capitaine des Lions de l\u2019Atlas.<\/p>\n<p>Il a ajout\u00e9 que ce geste a quelque peu terni la comp\u00e9tition du joueur. \"<em>Il aurait pu \u00eatre le h\u00e9ros, mais il a voulu \u00eatre le super-h\u00e9ros<\/em>\", a lanc\u00e9 Sa\u00efss. \"<em>\u00c7a m\u2019emb\u00eate pour lui, parce que \u00e7a ternit un peu sa comp\u00e9tition. Je souhaite que \u00e7a lui serve pour la suite. Je pensais qu\u2019il allait mettre une praline en plein milieu, merci et au revoir : on soul\u00e8ve le troph\u00e9e et on rentre chez nous, tout le monde est content et on fait la f\u00eate<\/em>\", a confi\u00e9 l\u2019ancien joueur de Be\u015fikta\u015f JK.<\/p>\n<div class='share-to-whatsapp-wrapper'><div class='share-on-whsp'>PARTAGER SUR : <\/div><a data-text='ROMAIN SA\u00cfSS - \"Brahim Diaz aurait pu \u00eatre un h\u00e9ros, mais il a voulu \u00eatre un super-h\u00e9ros\"' data-link='https:\/\/www.nettali.com\/2026\/03\/10\/romain-saiss-brahim-diaz-aurait-pu-etre-un-heros-mais-il-a-voulu-etre-un-super-heros\/' class='whatsapp-button whatsapp-share'>WhatsApp<\/a><div class='clear '><\/div><\/div>","protected":false},"excerpt":{"rendered":"<p>NETTALI.COM - Quelques jours apr\u00e8s avoir annonc\u00e9 sa retraite internationale, Romain Sa\u00efss est revenu sur l\u2019\u00e9pisode de la panenka rat\u00e9e de Brahim Diaz en finale de la CAN 2025 face au S\u00e9n\u00e9gal, lors d\u2019un entretien accord\u00e9 \u00e0 la cha\u00eene YouTube \"Colinterview\". Pour l\u2019ancien capitaine des Lions de l\u2019Atlas, le geste de Diaz \u00e0 ce moment [&hellip;]<\/p>\n","protected":false},"author":5,"featured_media":170732,"comment_status":"open","ping_status":"open","sticky":false,"template":"","format":"standard","meta":{"_et_pb_use_builder":"","_et_pb_old_content":""},"categories":[6],"tags":[],"yoast_head":"<!-- This site is optimized with the Yoast SEO Premium plugin v17.8 (Yoast SEO v17.8) - https:\/\/yoast.com\/wordpress\/plugins\/seo\/ -->\n<title>ROMAIN SA\u00cfSS - &quot;Brahim Diaz aurait pu \u00eatre un h\u00e9ros, mais il a voulu \u00eatre un super-h\u00e9ros&quot; | Nettali.com<\/title>\n<meta name=\"robots\" content=\"index, follow, max-snippet:-1, max-image-preview:large, max-video-preview:-1\" \/>\n<link rel=\"canonical\" href=\"https:\/\/www.nettali.com\/2026\/03\/10\/romain-saiss-brahim-diaz-aurait-pu-etre-un-heros-mais-il-a-voulu-etre-un-super-heros\/\" \/>\n<meta property=\"og:locale\" content=\"fr_FR\" \/>\n<meta property=\"og:type\" content=\"article\" \/>\n<meta property=\"og:title\" content=\"ROMAIN SA\u00cfSS - &quot;Brahim Diaz aurait pu \u00eatre un h\u00e9ros, mais il a voulu \u00eatre un super-h\u00e9ros&quot;\" \/>\n<meta property=\"og:description\" content=\"NETTALI.COM - Quelques jours apr\u00e8s avoir annonc\u00e9 sa retraite internationale, Romain Sa\u00efss est revenu sur l\u2019\u00e9pisode de la panenka rat\u00e9e de Brahim Diaz en finale de la CAN 2025 face au S\u00e9n\u00e9gal, lors d\u2019un entretien accord\u00e9 \u00e0 la cha\u00eene YouTube &quot;Colinterview&quot;. Pour l\u2019ancien capitaine des Lions de l\u2019Atlas, le geste de Diaz \u00e0 ce moment [&hellip;]\" \/>\n<meta property=\"og:url\" content=\"https:\/\/www.nettali.com\/2026\/03\/10\/romain-saiss-brahim-diaz-aurait-pu-etre-un-heros-mais-il-a-voulu-etre-un-super-heros\/\" \/>\n<meta property=\"og:site_name\" content=\"Nettali.com\" \/>\n<meta property=\"article:publisher\" content=\"https:\/\/www.facebook.com\/nettalicom\" \/>\n<meta property=\"article:published_time\" content=\"2026-03-10T14:27:18+00:00\" \/>\n<meta property=\"article:modified_time\" content=\"2026-03-10T14:26:43+00:00\" \/>\n<meta property=\"og:image\" content=\"https:\/\/www.nettali.com\/wp-content\/uploads\/2026\/03\/1200-L-maroc-romain-sass-rejoint-officiellement-besiktas.jpg\" \/>\n\t<meta property=\"og:image:width\" content=\"1200\" \/>\n\t<meta property=\"og:image:height\" content=\"640\" \/>\n<meta name=\"twitter:card\" content=\"summary_large_image\" \/>\n<meta name=\"twitter:label1\" content=\"\u00c9crit par\" \/>\n\t<meta name=\"twitter:data1\" content=\"Ibrahima\" \/>\n\t<meta name=\"twitter:label2\" content=\"Dur\u00e9e de lecture estim\u00e9e\" \/>\n\t<meta name=\"twitter:data2\" content=\"2 minutes\" \/>\n<script type=\"application\/ld+json\" class=\"yoast-schema-graph\">{\"@context\":\"https:\/\/schema.org\",\"@graph\":[{\"@type\":\"WebSite\",\"@id\":\"https:\/\/www.nettali.com\/#website\",\"url\":\"https:\/\/www.nettali.com\/\",\"name\":\"Nettali.com\",\"description\":\"Le rendez-vous critique du Net\",\"potentialAction\":[{\"@type\":\"SearchAction\",\"target\":{\"@type\":\"EntryPoint\",\"urlTemplate\":\"https:\/\/www.nettali.com\/?s={search_term_string}\"},\"query-input\":\"required name=search_term_string\"}],\"inLanguage\":\"fr-FR\"},{\"@type\":\"ImageObject\",\"@id\":\"https:\/\/www.nettali.com\/2026\/03\/10\/romain-saiss-brahim-diaz-aurait-pu-etre-un-heros-mais-il-a-voulu-etre-un-super-heros\/#primaryimage\",\"inLanguage\":\"fr-FR\",\"url\":\"https:\/\/www.nettali.com\/wp-content\/uploads\/2026\/03\/1200-L-maroc-romain-sass-rejoint-officiellement-besiktas.jpg\",\"contentUrl\":\"https:\/\/www.nettali.com\/wp-content\/uploads\/2026\/03\/1200-L-maroc-romain-sass-rejoint-officiellement-besiktas.jpg\",\"width\":1200,\"height\":640},{\"@type\":\"WebPage\",\"@id\":\"https:\/\/www.nettali.com\/2026\/03\/10\/romain-saiss-brahim-diaz-aurait-pu-etre-un-heros-mais-il-a-voulu-etre-un-super-heros\/#webpage\",\"url\":\"https:\/\/www.nettali.com\/2026\/03\/10\/romain-saiss-brahim-diaz-aurait-pu-etre-un-heros-mais-il-a-voulu-etre-un-super-heros\/\",\"name\":\"ROMAIN SA\\u00cfSS - \\\"Brahim Diaz aurait pu \\u00eatre un h\\u00e9ros, mais il a voulu \\u00eatre un super-h\\u00e9ros\\\" | Nettali.com\",\"isPartOf\":{\"@id\":\"https:\/\/www.nettali.com\/#website\"},\"primaryImageOfPage\":{\"@id\":\"https:\/\/www.nettali.com\/2026\/03\/10\/romain-saiss-brahim-diaz-aurait-pu-etre-un-heros-mais-il-a-voulu-etre-un-super-heros\/#primaryimage\"},\"datePublished\":\"2026-03-10T14:27:18+00:00\",\"dateModified\":\"2026-03-10T14:26:43+00:00\",\"author\":{\"@id\":\"https:\/\/www.nettali.com\/#\/schema\/person\/bb147657c2986240405a608162b9bb23\"},\"breadcrumb\":{\"@id\":\"https:\/\/www.nettali.com\/2026\/03\/10\/romain-saiss-brahim-diaz-aurait-pu-etre-un-heros-mais-il-a-voulu-etre-un-super-heros\/#breadcrumb\"},\"inLanguage\":\"fr-FR\",\"potentialAction\":[{\"@type\":\"ReadAction\",\"target\":[\"https:\/\/www.nettali.com\/2026\/03\/10\/romain-saiss-brahim-diaz-aurait-pu-etre-un-heros-mais-il-a-voulu-etre-un-super-heros\/\"]}]},{\"@type\":\"BreadcrumbList\",\"@id\":\"https:\/\/www.nettali.com\/2026\/03\/10\/romain-saiss-brahim-diaz-aurait-pu-etre-un-heros-mais-il-a-voulu-etre-un-super-heros\/#breadcrumb\",\"itemListElement\":[{\"@type\":\"ListItem\",\"position\":1,\"name\":\"Accueil\",\"item\":\"https:\/\/www.nettali.com\/\"},{\"@type\":\"ListItem\",\"position\":2,\"name\":\"ROMAIN SA\\u00cfSS - \\\"Brahim Diaz aurait pu \\u00eatre un h\\u00e9ros, mais il a voulu \\u00eatre un super-h\\u00e9ros\\\"\"}]},{\"@type\":\"Person\",\"@id\":\"https:\/\/www.nettali.com\/#\/schema\/person\/bb147657c2986240405a608162b9bb23\",\"name\":\"Ibrahima\",\"image\":{\"@type\":\"ImageObject\",\"@id\":\"https:\/\/www.nettali.com\/#personlogo\",\"inLanguage\":\"fr-FR\",\"url\":\"https:\/\/secure.gravatar.com\/avatar\/26a8a81f09f0dd7624c9d5c36c9ba3a2?s=96&d=mm&r=g\",\"contentUrl\":\"https:\/\/secure.gravatar.com\/avatar\/26a8a81f09f0dd7624c9d5c36c9ba3a2?s=96&d=mm&r=g\",\"caption\":\"Ibrahima\"},\"sameAs\":[\"https:\/\/www.nettali.com\"]}]}<\/script>\n<!-- \/ Yoast SEO Premium plugin. -->","yoast_head_json":{"title":"ROMAIN SA\u00cfSS - \"Brahim Diaz aurait pu \u00eatre un h\u00e9ros, mais il a voulu \u00eatre un super-h\u00e9ros\" | Nettali.com","robots":{"index":"index","follow":"follow","max-snippet":"max-snippet:-1","max-image-preview":"max-image-preview:large","max-video-preview":"max-video-preview:-1"},"canonical":"https:\/\/www.nettali.com\/2026\/03\/10\/romain-saiss-brahim-diaz-aurait-pu-etre-un-heros-mais-il-a-voulu-etre-un-super-heros\/","og_locale":"fr_FR","og_type":"article","og_title":"ROMAIN SA\u00cfSS - \"Brahim Diaz aurait pu \u00eatre un h\u00e9ros, mais il a voulu \u00eatre un super-h\u00e9ros\"","og_description":"NETTALI.COM - Quelques jours apr\u00e8s avoir annonc\u00e9 sa retraite internationale, Romain Sa\u00efss est revenu sur l\u2019\u00e9pisode de la panenka rat\u00e9e de Brahim Diaz en finale de la CAN 2025 face au S\u00e9n\u00e9gal, lors d\u2019un entretien accord\u00e9 \u00e0 la cha\u00eene YouTube \"Colinterview\". Pour l\u2019ancien capitaine des Lions de l\u2019Atlas, le geste de Diaz \u00e0 ce moment [&hellip;]","og_url":"https:\/\/www.nettali.com\/2026\/03\/10\/romain-saiss-brahim-diaz-aurait-pu-etre-un-heros-mais-il-a-voulu-etre-un-super-heros\/","og_site_name":"Nettali.com","article_publisher":"https:\/\/www.facebook.com\/nettalicom","article_published_time":"2026-03-10T14:27:18+00:00","article_modified_time":"2026-03-10T14:26:43+00:00","og_image":[{"width":1200,"height":640,"url":"https:\/\/www.nettali.com\/wp-content\/uploads\/2026\/03\/1200-L-maroc-romain-sass-rejoint-officiellement-besiktas.jpg","type":"image\/jpeg"}],"twitter_card":"summary_large_image","twitter_misc":{"\u00c9crit par":"Ibrahima","Dur\u00e9e de lecture estim\u00e9e":"2 minutes"},"schema":{"@context":"https:\/\/schema.org","@graph":[{"@type":"WebSite","@id":"https:\/\/www.nettali.com\/#website","url":"https:\/\/www.nettali.com\/","name":"Nettali.com","description":"Le rendez-vous critique du Net","potentialAction":[{"@type":"SearchAction","target":{"@type":"EntryPoint","urlTemplate":"https:\/\/www.nettali.com\/?s={search_term_string}"},"query-input":"required name=search_term_string"}],"inLanguage":"fr-FR"},{"@type":"ImageObject","@id":"https:\/\/www.nettali.com\/2026\/03\/10\/romain-saiss-brahim-diaz-aurait-pu-etre-un-heros-mais-il-a-voulu-etre-un-super-heros\/#primaryimage","inLanguage":"fr-FR","url":"https:\/\/www.nettali.com\/wp-content\/uploads\/2026\/03\/1200-L-maroc-romain-sass-rejoint-officiellement-besiktas.jpg","contentUrl":"https:\/\/www.nettali.com\/wp-content\/uploads\/2026\/03\/1200-L-maroc-romain-sass-rejoint-officiellement-besiktas.jpg","width":1200,"height":640},{"@type":"WebPage","@id":"https:\/\/www.nettali.com\/2026\/03\/10\/romain-saiss-brahim-diaz-aurait-pu-etre-un-heros-mais-il-a-voulu-etre-un-super-heros\/#webpage","url":"https:\/\/www.nettali.com\/2026\/03\/10\/romain-saiss-brahim-diaz-aurait-pu-etre-un-heros-mais-il-a-voulu-etre-un-super-heros\/","name":"ROMAIN SA\u00cfSS - \"Brahim Diaz aurait pu \u00eatre un h\u00e9ros, mais il a voulu \u00eatre un super-h\u00e9ros\" | Nettali.com","isPartOf":{"@id":"https:\/\/www.nettali.com\/#website"},"primaryImageOfPage":{"@id":"https:\/\/www.nettali.com\/2026\/03\/10\/romain-saiss-brahim-diaz-aurait-pu-etre-un-heros-mais-il-a-voulu-etre-un-super-heros\/#primaryimage"},"datePublished":"2026-03-10T14:27:18+00:00","dateModified":"2026-03-10T14:26:43+00:00","author":{"@id":"https:\/\/www.nettali.com\/#\/schema\/person\/bb147657c2986240405a608162b9bb23"},"breadcrumb":{"@id":"https:\/\/www.nettali.com\/2026\/03\/10\/romain-saiss-brahim-diaz-aurait-pu-etre-un-heros-mais-il-a-voulu-etre-un-super-heros\/#breadcrumb"},"inLanguage":"fr-FR","potentialAction":[{"@type":"ReadAction","target":["https:\/\/www.nettali.com\/2026\/03\/10\/romain-saiss-brahim-diaz-aurait-pu-etre-un-heros-mais-il-a-voulu-etre-un-super-heros\/"]}]},{"@type":"BreadcrumbList","@id":"https:\/\/www.nettali.com\/2026\/03\/10\/romain-saiss-brahim-diaz-aurait-pu-etre-un-heros-mais-il-a-voulu-etre-un-super-heros\/#breadcrumb","itemListElement":[{"@type":"ListItem","position":1,"name":"Accueil","item":"https:\/\/www.nettali.com\/"},{"@type":"ListItem","position":2,"name":"ROMAIN SA\u00cfSS - \"Brahim Diaz aurait pu \u00eatre un h\u00e9ros, mais il a voulu \u00eatre un super-h\u00e9ros\""}]},{"@type":"Person","@id":"https:\/\/www.nettali.com\/#\/schema\/person\/bb147657c2986240405a608162b9bb23","name":"Ibrahima","image":{"@type":"ImageObject","@id":"https:\/\/www.nettali.com\/#personlogo","inLanguage":"fr-FR","url":"https:\/\/secure.gravatar.com\/avatar\/26a8a81f09f0dd7624c9d5c36c9ba3a2?s=96&d=mm&r=g","contentUrl":"https:\/\/secure.gravatar.com\/avatar\/26a8a81f09f0dd7624c9d5c36c9ba3a2?s=96&d=mm&r=g","caption":"Ibrahima"},"sameAs":["https:\/\/www.nettali.com"]}]}},"_links":{"self":[{"href":"https:\/\/www.nettali.com\/rest\/wp\/v2\/posts\/170735"}],"collection":[{"href":"https:\/\/www.nettali.com\/rest\/wp\/v2\/posts"}],"about":[{"href":"https:\/\/www.nettali.com\/rest\/wp\/v2\/types\/post"}],"author":[{"embeddable":true,"href":"https:\/\/www.nettali.com\/rest\/wp\/v2\/users\/5"}],"replies":[{"embeddable":true,"href":"https:\/\/www.nettali.com\/rest\/wp\/v2\/comments?post=170735"}],"version-history":[{"count":1,"href":"https:\/\/www.nettali.com\/rest\/wp\/v2\/posts\/170735\/revisions"}],"predecessor-version":[{"id":170736,"href":"https:\/\/www.nettali.com\/rest\/wp\/v2\/posts\/170735\/revisions\/170736"}],"wp:featuredmedia":[{"embeddable":true,"href":"https:\/\/www.nettali.com\/rest\/wp\/v2\/media\/170732"}],"wp:attachment":[{"href":"https:\/\/www.nettali.com\/rest\/wp\/v2\/media?parent=170735"}],"wp:term":[{"taxonomy":"category","embeddable":true,"href":"https:\/\/www.nettali.com\/rest\/wp\/v2\/categories?post=170735"},{"taxonomy":"post_tag","embeddable":true,"href":"https:\/\/www.nettali.com\/rest\/wp\/v2\/tags?post=170735"}],"curies":[{"name":"wp","href":"https:\/\/api.w.org\/{rel}","templated":true}]}}