{"id":170681,"date":"2026-03-09T11:19:31","date_gmt":"2026-03-09T11:19:31","guid":{"rendered":"https:\/\/www.nettali.com\/?p=170681"},"modified":"2026-03-09T06:29:44","modified_gmt":"2026-03-09T06:29:44","slug":"le-senegal-a-la-croisee-des-chemins-quand-lego-en-politique-menace-linteret-national","status":"publish","type":"post","link":"https:\/\/www.nettali.com\/2026\/03\/09\/le-senegal-a-la-croisee-des-chemins-quand-lego-en-politique-menace-linteret-national\/","title":{"rendered":"Le S\u00e9n\u00e9gal \u00e0 la crois\u00e9e des chemins : quand l'ego en politique menace l'int\u00e9r\u00eat national"},"content":{"rendered":"<p><strong>CONTRIBUTION -<\/strong> Il y a moins de deux ans, le S\u00e9n\u00e9gal vivait un moment historique rare sur le continent africain : deux hommes sortis de prison, port\u00e9s par une vague populaire de rupture, acc\u00e9daient au pouvoir avec une majorit\u00e9 \u00e9crasante et la promesse solennelle d'une gouvernance nouvelle. \u00ab Diomaye moy Sonko \u00bb \u2014 Diomaye est Sonko \u2014 r\u00e9sumait en trois mots ce que le peuple s\u00e9n\u00e9galais avait choisi : non pas un homme, mais un projet ; non pas un leader, mais un tandem. Aujourd'hui, ce slogan fondateur et federateur semble s'essouffler au grand d\u00e9sarroi du citoyen et la Nation retient son souffle. **<\/p>\n<p><strong>I. LA FRACTURE AU SOMMET : ANATOMIE D'UNE RUPTURE ANNONC\u00c9E** <\/strong><\/p>\n<p>L'ann\u00e9e 2025 restera grav\u00e9e dans la m\u00e9moire collective nationale en raison des divergences apparues au sommet de l'ex\u00e9cutif entre le chef de l'\u00c9tat et son Premier ministre Ousmane Sonko. Ces tensions ont \u00e9clat\u00e9 publiquement le 10 juillet 2025, \u00e0 l'occasion de l'installation du Conseil national du Pastef, lorsque Sonko d\u00e9non\u00e7a le silence du Pr\u00e9sident face aux attaques r\u00e9p\u00e9t\u00e9es dont il estimait \u00eatre la cible. Le casus belli d\u00e9cisif surgit en novembre 2025.<\/p>\n<p>La d\u00e9cision de Bassirou Diomaye Faye de nommer Aminata Tour\u00e9, ancienne ministre de Macky Sall, \u00e0 la t\u00eate de la coalition pr\u00e9sidentielle a suscit\u00e9 de vives critiques au sein du Pastef. J\u2019avais publiquement interpell\u00e9 Mimi Toure de plut\u00f4t d\u00e9cliner. Alors qu'Ousmane Sonko avait affirm\u00e9 publiquement lors de son meeting de Tera du 8 novembre qu'il n'y aurait pas de changement \u00e0 la t\u00eate de la coalition, le Pr\u00e9sident Diomaye, par une lettre du 11 novembre, mit fin \u00e0 la mission de Madame A\u00efda Mbodj \u2014 proche alli\u00e9e de Sonko \u2014 La r\u00e9ponse du Pastef fut cinglante : le parti d'Ousmane Sonko estima que le chef de l'\u00c9tat n'avait tout simplement pas le pouvoir de prendre une telle d\u00e9cision, affirmant ne partager avec Aminata Tour\u00e9 \u00ab <em>ni les m\u00eames valeurs ni les m\u00eames principes<\/em> \u00bb Le 7 d\u00e9cembre 2025, lors de la Journ\u00e9e des Martyrs, Ousmane Sonko admit sans \u00e9quivoque ses divergences avec le Pr\u00e9sident, devant une foule de militants. Le slogan originel \u00ab <em>Diomaye moy Sonko<\/em> \u00bb s'\u00e9tait d\u00e9sormais invers\u00e9 dans la rue en \u00ab<em> Diomaye du Sonko<\/em> \u00bb \u2014 Diomaye n'est pas Sonko.<\/p>\n<p><strong>**II. UNE DIVERGENCE DE NATURE, PAS SEULEMENT DE M\u00c9THODE** <\/strong><\/p>\n<p>Il serait r\u00e9ducteur de ramener cette crise \u00e0 une simple querelle d'\u00e9gos politiques \u00e0 une bataille de positionnement pour 2029. La fracture est plus profonde, plus structurelle \u00e0 mon humble avis. J'esp\u00e8re beaucoup me fourvoyer. Sonko pr\u00e9sente une orientation politique dominante au sens de la valeur centrale comme levier de transformation. Diomaye manifeste une orientation davantage sociale et th\u00e9orique, privil\u00e9giant la coh\u00e9sion et la l\u00e9gitimit\u00e9 institutionnelle sur l'affirmation de puissance.<\/p>\n<p>Ces orientations diff\u00e9rentes expliquent non pas un d\u00e9saccord sur les fins \u2014 les deux partagent le projet souverainiste et panafricaniste \u2014 mais une divergence profonde sur les moyens, le rythme et la m\u00e9thode. Le Pr\u00e9sident Faye semble privil\u00e9gier le dialogue et la pr\u00e9servation de l'unit\u00e9 nationale, agissant avec prudence dans les r\u00e9formes judiciaires et le traitement des dignitaires de l'ancien r\u00e9gime.<\/p>\n<p>Le Premier Ministre Ousmane Sonko, lui, reproche une d\u00e9rive technocratique \u00e9loign\u00e9e des id\u00e9aux du projet initial.<\/p>\n<p>Sur le terrain \u00e9conomique, la divergence est tout aussi nette. Le S\u00e9n\u00e9gal traverse une p\u00e9riode \u00e9conomique d\u00e9licate. Ousmane Sonko adopte une position ferme face aux propositions de restructuration du FMI, refusant certaines mesures jug\u00e9es inacceptables, tandis que Bassirou Diomaye Faye privil\u00e9gie une approche plus diplomatique, visant \u00e0 rassurer les march\u00e9s. Deux visions du souverainisme s'affrontent : l'une radicale et populiste, l'autre pragmatique et institutionnelle.<\/p>\n<p><strong>**III. LE PASTEF ENTRE LOYAUT\u00c9S CONTRADICTOIRES** <\/strong><\/p>\n<p>La coalition \u00ab Diomaye Pr\u00e9sident \u00bb est clairement divis\u00e9e. Une dynamique \u00ab Pro-Sonko \u00bb s'oppose \u00e0 une dynamique \u00ab Pro-Diomaye \u00bb, aggravant la crise. Le Bureau politique du Pastef a r\u00e9affirm\u00e9 sa volont\u00e9 de restructurer la coalition en pla\u00e7ant le Pastef au centre, refusant de reconstruire avec des dignitaires recycl\u00e9s de l'ancien r\u00e9gime de Macky Sall. La question de la l\u00e9gitimit\u00e9 populaire cristallise les tensions internes.<\/p>\n<p>Lors des derni\u00e8res \u00e9lections l\u00e9gislatives, le Pastef sous la direction de Sonko a remport\u00e9 130 des 165 si\u00e8ges, et beaucoup de ces d\u00e9put\u00e9s ont affirm\u00e9 leur loyaut\u00e9 envers le Premier ministre. Si Diomaye venait \u00e0 rompre avec le noyau dur du Pastef, sa coalition \u00ab Diomaye Pr\u00e9sident \u00bb aurait du mal \u00e0 rivaliser avec la l\u00e9gitimit\u00e9 populaire d'Ousmane Sonko, au S\u00e9n\u00e9gal et dans la diaspora, et pourrait peiner \u00e0 faire voter des lois importantes avant la prochaine pr\u00e9sidentielle de 2029.<\/p>\n<p>Des m\u00e9diateurs de bonne volont\u00e9 sont intervenus pour tenter d'aplanir les diff\u00e9rends, notamment des membres de la soci\u00e9t\u00e9 civile, des marabouts, et m\u00eame des proches des familles des deux hommes. Mais selon la presse s\u00e9n\u00e9galaise, le foss\u00e9 Diomaye-Sonko continuerait de se creuser.<\/p>\n<p><strong>**IV. LES R\u00c9SEAUX SOCIAUX : AMPLIFICATEURS D'UNE CRISE, FOSSOYEURS DU DIALOGUE** <\/strong><\/p>\n<p>Dans cette confrontation, les r\u00e9seaux sociaux jouent un r\u00f4le aussi puissant que pernicieux. Facebook, Twitter\/X, TikTok et les groupes WhatsApp ne se contentent pas de relayer l'information : ils la fabriquent, l'amplifient et la polarisent. Les militants des deux camps s'y affrontent avec une virulence qui rend tout espace de nuance impossible. Chaque d\u00e9claration pr\u00e9sidentielle est accueillie par des \u00ab Vive Diomaye, \u00e0 bas Sonko \u00bb ; chaque discours du Premier ministre suscite l'op\u00e9ration inverse.<\/p>\n<p>Cette polarisation num\u00e9rique a un effet r\u00e9el et document\u00e9 sur les positions des leaders eux-m\u00eames. Conscients de la puissance de leurs bases respectives sur les r\u00e9seaux, ils sont tent\u00e9s de durcir le ton pour ne pas para\u00eetre faibles aux yeux de leurs partisans. La radicalisation de la base devient ainsi un carburant pour l'escalade au sommet.<\/p>\n<p>Ce cercle vicieux transforme une divergence politique \u2014 normale et saine dans toute d\u00e9mocratie \u2014 en crise d'\u00c9tat potentielle. Le citoyen ordinaire, bombard\u00e9 de montages, de rumeurs et de prises de position partisanes, perd de vue l'essentiel : l'int\u00e9r\u00eat sup\u00e9rieur de la Nation s\u00e9n\u00e9galaise.<\/p>\n<p><strong>**V. L'ALERTE ROUGE : LE S\u00c9N\u00c9GAL NE PEUT PAS SE PAYER LE LUXE DE CETTE CRISE**<\/strong><\/p>\n<p>C'est ici que r\u00e9side le danger le plus grave. La querelle Diomaye-Sonko ne se d\u00e9roule pas dans un contexte de stabilit\u00e9 et d'abondance. Elle \u00e9clate au pire moment possible pour les finances publiques s\u00e9n\u00e9galaises. La dette totale du secteur public et parapublic du S\u00e9n\u00e9gal atteignait 132 % du PIB \u00e0 la fin de 2024, dont environ 4 % en arri\u00e9r\u00e9s int\u00e9rieurs. Cette pression sur les finances publiques continue de peser lourdement sur les relations entre Dakar et ses partenaires financiers internationaux. Un audit de la Cour des comptes a mis en lumi\u00e8re une manipulation des donn\u00e9es budg\u00e9taires sous l'ancienne administration, r\u00e9v\u00e9lant que le d\u00e9ficit budg\u00e9taire r\u00e9el avait d\u00e9pass\u00e9 de pr\u00e8s de 5 points de PIB les chiffres officiellement communiqu\u00e9s entre 2019 et 2023. Entre 2026 et 2028, le S\u00e9n\u00e9gal devra faire face \u00e0 un service de la dette estim\u00e9 \u00e0 14 870 milliards de FCFA, soit pr\u00e8s de 6 000 milliards de FCFA par an n\u00e9cessaires pour honorer les besoins de refinancement \u2014 ce qui explique la prudence persistante du FMI. Bank of America a averti en d\u00e9cembre 2025 qu'un moratoire sur la dette ext\u00e9rieure, suivi de n\u00e9gociations de restructuration, appara\u00eet comme le sc\u00e9nario le plus r\u00e9aliste vers fin 2026. Sans soutien du FMI, le pays pourrait difficilement couvrir ses besoins financiers pour les 2e, 3e et 4e trimestre 2026. Mais est-ce pertinent?<\/p>\n<p>Le Premier est convaincu du contraire car accepter une restructuration revient \u00e0 confirmer que l\u2019Etat du S\u00e9n\u00e9gal serait en d\u00e9faut de paiement! Et ca Sonko n'accepte pas un tel sch\u00e9ma. Il incite plut\u00f4t les s\u00e9n\u00e9galais \u00e0 relever le d\u00e9fi avec le Gouvernement Diomaye ! Dans ce contexte, une rupture ouverte entre les deux t\u00eates de l'ex\u00e9cutif enverrait un signal catastrophique aux march\u00e9s, aux investisseurs et aux institutions de Bretton Woods. Elle fragiliserait la position de n\u00e9gociation du S\u00e9n\u00e9gal, compromettrait l'acc\u00e8s aux financements ext\u00e9rieurs et porterait pr\u00e9judice aux millions de S\u00e9n\u00e9galais qui attendent, impatiemment, les dividendes de la rupture promise. Et je parie que ceux-l\u00e0 qui pr\u00f4nent la restructuration auraient d\u00fb pain b\u00e9ni pour \u00e9tayer leur argumentaire!<\/p>\n<p><strong>**VI. LES POINTS DE CONVERGENCE : UNE BASE COMMUNE QU'IL FAUT PR\u00c9SERVER** <\/strong><\/p>\n<p>Il serait injuste et inexact de ne voir dans ce tandem que le choc. Les deux hommes partagent un socle id\u00e9ologique r\u00e9el et ind\u00e9niable. Tous deux s'inscrivent dans un projet souverainiste, panafricaniste, r\u00e9solument tourn\u00e9 vers une r\u00e9vision des termes de l'\u00e9change avec les partenaires \u00e9trangers. Tous deux ont pay\u00e9 un prix personnel \u00e9lev\u00e9 pour leur engagement. Tous deux b\u00e9n\u00e9ficient d'une l\u00e9gitimit\u00e9 d\u00e9mocratique incontestable. Le Pr\u00e9sident Diomaye Faye a lui-m\u00eame affirm\u00e9 : \u00ab <em>Je ne ferais jamais de mal \u00e0 Sonko et il ne me fera jamais de mal<\/em> \u00bb, tout en d\u00e9fendant ses choix institutionnels. Ce sont l\u00e0 les fondements d'un dialogue possible, d'une r\u00e9conciliation n\u00e9cessaire.<\/p>\n<p><strong>**VII. CE QUE LA NATION EST EN DROIT D'EXIGER** <\/strong><\/p>\n<p>L'int\u00e9r\u00eat sup\u00e9rieur de la Nation s\u00e9n\u00e9galaise ne saurait \u00eatre l'otage des ambitions personnelles, des calculs \u00e9lectoraux pour 2029, ni des injonctions des bases militantes sur les r\u00e9seaux sociaux. Le S\u00e9n\u00e9gal a besoin, aujourd'hui, d'un ex\u00e9cutif uni, coh\u00e9rent et cr\u00e9dible aux yeux du monde. Il a besoin que ses deux dirigeants comprennent que la grandeur d'un homme d'\u00c9tat se mesure non pas \u00e0 sa capacit\u00e9 \u00e0 dominer son alli\u00e9, mais \u00e0 sa capacit\u00e9 \u00e0 se d\u00e9passer lui-m\u00eame pour servir son peuple.<\/p>\n<p>Que le Pr\u00e9sident exerce pleinement son autorit\u00e9 constitutionnelle, avec s\u00e9r\u00e9nit\u00e9 et hauteur.<\/p>\n<p>Que le Premier ministre canalise son \u00e9nergie combative vers les r\u00e9formes que les S\u00e9n\u00e9galais attendent.<\/p>\n<p>Que les partisans des deux camps comprennent qu'un S\u00e9n\u00e9gal divis\u00e9 au sommet est un S\u00e9n\u00e9gal affaibli \u00e0 la base. L'histoire jugera ces deux hommes non pas sur leurs discours de rupture, mais sur ce qu'ils auront construit \u2014 ou d\u00e9truit \u2014 ensemble. *\u00ab Un peuple qui se divise sur des questions de personnes, lorsque la Nation est en danger, donne \u00e0 ses adversaires la seule arme dont ils ont besoin. \ud83d\udcac **Et vous, citoyens s\u00e9n\u00e9galais de l'int\u00e9rieur et de la diaspora \u2014 pensez-vous que le dialogue est encore possible ? Que doit primer : la coh\u00e9rence du projet ou la hi\u00e9rarchie des egos ?** *Partagez, d\u00e9battez, mais toujours dans le respect de l'int\u00e9r\u00eat sup\u00e9rieur du S\u00e9n\u00e9gal \ud83c\uddf8\ud83c\uddf3<\/p>\n<p><strong>* Xavier DIATTA, Citoyen<\/strong><\/p>\n<div class='share-to-whatsapp-wrapper'><div class='share-on-whsp'>PARTAGER SUR : <\/div><a data-text='Le S\u00e9n\u00e9gal \u00e0 la crois\u00e9e des chemins : quand l'ego en politique menace l'int\u00e9r\u00eat national' data-link='https:\/\/www.nettali.com\/2026\/03\/09\/le-senegal-a-la-croisee-des-chemins-quand-lego-en-politique-menace-linteret-national\/' class='whatsapp-button whatsapp-share'>WhatsApp<\/a><div class='clear '><\/div><\/div>","protected":false},"excerpt":{"rendered":"<p>CONTRIBUTION - Il y a moins de deux ans, le S\u00e9n\u00e9gal vivait un moment historique rare sur le continent africain : deux hommes sortis de prison, port\u00e9s par une vague populaire de rupture, acc\u00e9daient au pouvoir avec une majorit\u00e9 \u00e9crasante et la promesse solennelle d'une gouvernance nouvelle. \u00ab Diomaye moy Sonko \u00bb \u2014 Diomaye est [&hellip;]<\/p>\n","protected":false},"author":2,"featured_media":170682,"comment_status":"open","ping_status":"open","sticky":false,"template":"","format":"standard","meta":{"_et_pb_use_builder":"","_et_pb_old_content":""},"categories":[34933,2],"tags":[],"yoast_head":"<!-- This site is optimized with the Yoast SEO Premium plugin v17.8 (Yoast SEO v17.8) - https:\/\/yoast.com\/wordpress\/plugins\/seo\/ -->\n<title>Le S\u00e9n\u00e9gal \u00e0 la crois\u00e9e des chemins : quand l&#039;ego en politique menace l&#039;int\u00e9r\u00eat national | Nettali.com<\/title>\n<meta name=\"robots\" content=\"index, follow, max-snippet:-1, max-image-preview:large, max-video-preview:-1\" \/>\n<link rel=\"canonical\" href=\"https:\/\/www.nettali.com\/2026\/03\/09\/le-senegal-a-la-croisee-des-chemins-quand-lego-en-politique-menace-linteret-national\/\" \/>\n<meta property=\"og:locale\" content=\"fr_FR\" \/>\n<meta property=\"og:type\" content=\"article\" \/>\n<meta property=\"og:title\" content=\"Le S\u00e9n\u00e9gal \u00e0 la crois\u00e9e des chemins : quand l&#039;ego en politique menace l&#039;int\u00e9r\u00eat national\" \/>\n<meta property=\"og:description\" content=\"CONTRIBUTION - Il y a moins de deux ans, le S\u00e9n\u00e9gal vivait un moment historique rare sur le continent africain : deux hommes sortis de prison, port\u00e9s par une vague populaire de rupture, acc\u00e9daient au pouvoir avec une majorit\u00e9 \u00e9crasante et la promesse solennelle d&#039;une gouvernance nouvelle. \u00ab Diomaye moy Sonko \u00bb \u2014 Diomaye est [&hellip;]\" \/>\n<meta property=\"og:url\" content=\"https:\/\/www.nettali.com\/2026\/03\/09\/le-senegal-a-la-croisee-des-chemins-quand-lego-en-politique-menace-linteret-national\/\" \/>\n<meta property=\"og:site_name\" content=\"Nettali.com\" \/>\n<meta property=\"article:publisher\" content=\"https:\/\/www.facebook.com\/nettalicom\" \/>\n<meta property=\"article:published_time\" content=\"2026-03-09T11:19:31+00:00\" \/>\n<meta property=\"article:modified_time\" content=\"2026-03-09T06:29:44+00:00\" \/>\n<meta property=\"og:image\" content=\"https:\/\/www.nettali.com\/wp-content\/uploads\/2026\/03\/split-191125-sonko-3.jpg\" \/>\n\t<meta property=\"og:image:width\" content=\"1280\" \/>\n\t<meta property=\"og:image:height\" content=\"720\" \/>\n<meta name=\"twitter:card\" content=\"summary_large_image\" \/>\n<meta name=\"twitter:label1\" content=\"\u00c9crit par\" \/>\n\t<meta name=\"twitter:data1\" content=\"CK\" \/>\n\t<meta name=\"twitter:label2\" content=\"Dur\u00e9e de lecture estim\u00e9e\" \/>\n\t<meta name=\"twitter:data2\" content=\"9 minutes\" \/>\n<script type=\"application\/ld+json\" class=\"yoast-schema-graph\">{\"@context\":\"https:\/\/schema.org\",\"@graph\":[{\"@type\":\"WebSite\",\"@id\":\"https:\/\/www.nettali.com\/#website\",\"url\":\"https:\/\/www.nettali.com\/\",\"name\":\"Nettali.com\",\"description\":\"Le rendez-vous critique du Net\",\"potentialAction\":[{\"@type\":\"SearchAction\",\"target\":{\"@type\":\"EntryPoint\",\"urlTemplate\":\"https:\/\/www.nettali.com\/?s={search_term_string}\"},\"query-input\":\"required name=search_term_string\"}],\"inLanguage\":\"fr-FR\"},{\"@type\":\"ImageObject\",\"@id\":\"https:\/\/www.nettali.com\/2026\/03\/09\/le-senegal-a-la-croisee-des-chemins-quand-lego-en-politique-menace-linteret-national\/#primaryimage\",\"inLanguage\":\"fr-FR\",\"url\":\"https:\/\/www.nettali.com\/wp-content\/uploads\/2026\/03\/split-191125-sonko-3.jpg\",\"contentUrl\":\"https:\/\/www.nettali.com\/wp-content\/uploads\/2026\/03\/split-191125-sonko-3.jpg\",\"width\":1280,\"height\":720},{\"@type\":\"WebPage\",\"@id\":\"https:\/\/www.nettali.com\/2026\/03\/09\/le-senegal-a-la-croisee-des-chemins-quand-lego-en-politique-menace-linteret-national\/#webpage\",\"url\":\"https:\/\/www.nettali.com\/2026\/03\/09\/le-senegal-a-la-croisee-des-chemins-quand-lego-en-politique-menace-linteret-national\/\",\"name\":\"Le S\\u00e9n\\u00e9gal \\u00e0 la crois\\u00e9e des chemins : quand l'ego en politique menace l'int\\u00e9r\\u00eat national | Nettali.com\",\"isPartOf\":{\"@id\":\"https:\/\/www.nettali.com\/#website\"},\"primaryImageOfPage\":{\"@id\":\"https:\/\/www.nettali.com\/2026\/03\/09\/le-senegal-a-la-croisee-des-chemins-quand-lego-en-politique-menace-linteret-national\/#primaryimage\"},\"datePublished\":\"2026-03-09T11:19:31+00:00\",\"dateModified\":\"2026-03-09T06:29:44+00:00\",\"author\":{\"@id\":\"https:\/\/www.nettali.com\/#\/schema\/person\/d8ac7b7e27ddad43f1c0d2ef090d7f71\"},\"breadcrumb\":{\"@id\":\"https:\/\/www.nettali.com\/2026\/03\/09\/le-senegal-a-la-croisee-des-chemins-quand-lego-en-politique-menace-linteret-national\/#breadcrumb\"},\"inLanguage\":\"fr-FR\",\"potentialAction\":[{\"@type\":\"ReadAction\",\"target\":[\"https:\/\/www.nettali.com\/2026\/03\/09\/le-senegal-a-la-croisee-des-chemins-quand-lego-en-politique-menace-linteret-national\/\"]}]},{\"@type\":\"BreadcrumbList\",\"@id\":\"https:\/\/www.nettali.com\/2026\/03\/09\/le-senegal-a-la-croisee-des-chemins-quand-lego-en-politique-menace-linteret-national\/#breadcrumb\",\"itemListElement\":[{\"@type\":\"ListItem\",\"position\":1,\"name\":\"Accueil\",\"item\":\"https:\/\/www.nettali.com\/\"},{\"@type\":\"ListItem\",\"position\":2,\"name\":\"Le S\\u00e9n\\u00e9gal \\u00e0 la crois\\u00e9e des chemins : quand l'ego en politique menace l'int\\u00e9r\\u00eat national\"}]},{\"@type\":\"Person\",\"@id\":\"https:\/\/www.nettali.com\/#\/schema\/person\/d8ac7b7e27ddad43f1c0d2ef090d7f71\",\"name\":\"CK\",\"image\":{\"@type\":\"ImageObject\",\"@id\":\"https:\/\/www.nettali.com\/#personlogo\",\"inLanguage\":\"fr-FR\",\"url\":\"https:\/\/secure.gravatar.com\/avatar\/1d8d5118b9327d94da7cd4ce7f17fec2?s=96&d=mm&r=g\",\"contentUrl\":\"https:\/\/secure.gravatar.com\/avatar\/1d8d5118b9327d94da7cd4ce7f17fec2?s=96&d=mm&r=g\",\"caption\":\"CK\"},\"sameAs\":[\"https:\/\/www.nettali.com\"]}]}<\/script>\n<!-- \/ Yoast SEO Premium plugin. -->","yoast_head_json":{"title":"Le S\u00e9n\u00e9gal \u00e0 la crois\u00e9e des chemins : quand l'ego en politique menace l'int\u00e9r\u00eat national | Nettali.com","robots":{"index":"index","follow":"follow","max-snippet":"max-snippet:-1","max-image-preview":"max-image-preview:large","max-video-preview":"max-video-preview:-1"},"canonical":"https:\/\/www.nettali.com\/2026\/03\/09\/le-senegal-a-la-croisee-des-chemins-quand-lego-en-politique-menace-linteret-national\/","og_locale":"fr_FR","og_type":"article","og_title":"Le S\u00e9n\u00e9gal \u00e0 la crois\u00e9e des chemins : quand l'ego en politique menace l'int\u00e9r\u00eat national","og_description":"CONTRIBUTION - Il y a moins de deux ans, le S\u00e9n\u00e9gal vivait un moment historique rare sur le continent africain : deux hommes sortis de prison, port\u00e9s par une vague populaire de rupture, acc\u00e9daient au pouvoir avec une majorit\u00e9 \u00e9crasante et la promesse solennelle d'une gouvernance nouvelle. \u00ab Diomaye moy Sonko \u00bb \u2014 Diomaye est [&hellip;]","og_url":"https:\/\/www.nettali.com\/2026\/03\/09\/le-senegal-a-la-croisee-des-chemins-quand-lego-en-politique-menace-linteret-national\/","og_site_name":"Nettali.com","article_publisher":"https:\/\/www.facebook.com\/nettalicom","article_published_time":"2026-03-09T11:19:31+00:00","article_modified_time":"2026-03-09T06:29:44+00:00","og_image":[{"width":1280,"height":720,"url":"https:\/\/www.nettali.com\/wp-content\/uploads\/2026\/03\/split-191125-sonko-3.jpg","type":"image\/jpeg"}],"twitter_card":"summary_large_image","twitter_misc":{"\u00c9crit par":"CK","Dur\u00e9e de lecture estim\u00e9e":"9 minutes"},"schema":{"@context":"https:\/\/schema.org","@graph":[{"@type":"WebSite","@id":"https:\/\/www.nettali.com\/#website","url":"https:\/\/www.nettali.com\/","name":"Nettali.com","description":"Le rendez-vous critique du Net","potentialAction":[{"@type":"SearchAction","target":{"@type":"EntryPoint","urlTemplate":"https:\/\/www.nettali.com\/?s={search_term_string}"},"query-input":"required name=search_term_string"}],"inLanguage":"fr-FR"},{"@type":"ImageObject","@id":"https:\/\/www.nettali.com\/2026\/03\/09\/le-senegal-a-la-croisee-des-chemins-quand-lego-en-politique-menace-linteret-national\/#primaryimage","inLanguage":"fr-FR","url":"https:\/\/www.nettali.com\/wp-content\/uploads\/2026\/03\/split-191125-sonko-3.jpg","contentUrl":"https:\/\/www.nettali.com\/wp-content\/uploads\/2026\/03\/split-191125-sonko-3.jpg","width":1280,"height":720},{"@type":"WebPage","@id":"https:\/\/www.nettali.com\/2026\/03\/09\/le-senegal-a-la-croisee-des-chemins-quand-lego-en-politique-menace-linteret-national\/#webpage","url":"https:\/\/www.nettali.com\/2026\/03\/09\/le-senegal-a-la-croisee-des-chemins-quand-lego-en-politique-menace-linteret-national\/","name":"Le S\u00e9n\u00e9gal \u00e0 la crois\u00e9e des chemins : quand l'ego en politique menace l'int\u00e9r\u00eat national | Nettali.com","isPartOf":{"@id":"https:\/\/www.nettali.com\/#website"},"primaryImageOfPage":{"@id":"https:\/\/www.nettali.com\/2026\/03\/09\/le-senegal-a-la-croisee-des-chemins-quand-lego-en-politique-menace-linteret-national\/#primaryimage"},"datePublished":"2026-03-09T11:19:31+00:00","dateModified":"2026-03-09T06:29:44+00:00","author":{"@id":"https:\/\/www.nettali.com\/#\/schema\/person\/d8ac7b7e27ddad43f1c0d2ef090d7f71"},"breadcrumb":{"@id":"https:\/\/www.nettali.com\/2026\/03\/09\/le-senegal-a-la-croisee-des-chemins-quand-lego-en-politique-menace-linteret-national\/#breadcrumb"},"inLanguage":"fr-FR","potentialAction":[{"@type":"ReadAction","target":["https:\/\/www.nettali.com\/2026\/03\/09\/le-senegal-a-la-croisee-des-chemins-quand-lego-en-politique-menace-linteret-national\/"]}]},{"@type":"BreadcrumbList","@id":"https:\/\/www.nettali.com\/2026\/03\/09\/le-senegal-a-la-croisee-des-chemins-quand-lego-en-politique-menace-linteret-national\/#breadcrumb","itemListElement":[{"@type":"ListItem","position":1,"name":"Accueil","item":"https:\/\/www.nettali.com\/"},{"@type":"ListItem","position":2,"name":"Le S\u00e9n\u00e9gal \u00e0 la crois\u00e9e des chemins : quand l'ego en politique menace l'int\u00e9r\u00eat national"}]},{"@type":"Person","@id":"https:\/\/www.nettali.com\/#\/schema\/person\/d8ac7b7e27ddad43f1c0d2ef090d7f71","name":"CK","image":{"@type":"ImageObject","@id":"https:\/\/www.nettali.com\/#personlogo","inLanguage":"fr-FR","url":"https:\/\/secure.gravatar.com\/avatar\/1d8d5118b9327d94da7cd4ce7f17fec2?s=96&d=mm&r=g","contentUrl":"https:\/\/secure.gravatar.com\/avatar\/1d8d5118b9327d94da7cd4ce7f17fec2?s=96&d=mm&r=g","caption":"CK"},"sameAs":["https:\/\/www.nettali.com"]}]}},"_links":{"self":[{"href":"https:\/\/www.nettali.com\/rest\/wp\/v2\/posts\/170681"}],"collection":[{"href":"https:\/\/www.nettali.com\/rest\/wp\/v2\/posts"}],"about":[{"href":"https:\/\/www.nettali.com\/rest\/wp\/v2\/types\/post"}],"author":[{"embeddable":true,"href":"https:\/\/www.nettali.com\/rest\/wp\/v2\/users\/2"}],"replies":[{"embeddable":true,"href":"https:\/\/www.nettali.com\/rest\/wp\/v2\/comments?post=170681"}],"version-history":[{"count":1,"href":"https:\/\/www.nettali.com\/rest\/wp\/v2\/posts\/170681\/revisions"}],"predecessor-version":[{"id":170683,"href":"https:\/\/www.nettali.com\/rest\/wp\/v2\/posts\/170681\/revisions\/170683"}],"wp:featuredmedia":[{"embeddable":true,"href":"https:\/\/www.nettali.com\/rest\/wp\/v2\/media\/170682"}],"wp:attachment":[{"href":"https:\/\/www.nettali.com\/rest\/wp\/v2\/media?parent=170681"}],"wp:term":[{"taxonomy":"category","embeddable":true,"href":"https:\/\/www.nettali.com\/rest\/wp\/v2\/categories?post=170681"},{"taxonomy":"post_tag","embeddable":true,"href":"https:\/\/www.nettali.com\/rest\/wp\/v2\/tags?post=170681"}],"curies":[{"name":"wp","href":"https:\/\/api.w.org\/{rel}","templated":true}]}}