{"id":170665,"date":"2026-03-08T22:06:41","date_gmt":"2026-03-08T22:06:41","guid":{"rendered":"https:\/\/www.nettali.com\/?p=170665"},"modified":"2026-03-08T21:09:32","modified_gmt":"2026-03-08T21:09:32","slug":"onu-seydou-gueye-demande-une-mobilisation-autour-de-la-candidature-de-macky-sall","status":"publish","type":"post","link":"https:\/\/www.nettali.com\/2026\/03\/08\/onu-seydou-gueye-demande-une-mobilisation-autour-de-la-candidature-de-macky-sall\/","title":{"rendered":"ONU : Seydou Gu\u00e8ye demande une mobilisation autour de la candidature de Macky Sall"},"content":{"rendered":"<p data-start=\"96\" data-end=\"512\"><strong>NETTALI.COM - Ancien porte-parole de l\u2019Alliance pour la R\u00e9publique (APR) et ex-ministre sous le r\u00e9gime de Macky Sall, Seydou Gueye a appel\u00e9 \u00e0 une mobilisation nationale et africaine en faveur d\u2019une \u00e9ventuelle candidature de l\u2019ancien chef de l\u2019\u00c9tat au poste de secr\u00e9taire g\u00e9n\u00e9ral de l\u2019Organisation des Nations unies (ONU). Il s\u2019exprimait lors de l\u2019\u00e9mission Jury du Dimanche (JDD) diffus\u00e9e sur iRadio et iTV.<\/strong><\/p>\n<p data-start=\"514\" data-end=\"811\">Selon lui, la pr\u00e9sence d\u2019un Africain \u00e0 la t\u00eate de l\u2019organisation internationale constituerait une opportunit\u00e9 majeure pour le continent. Il estime qu\u2019un secr\u00e9taire g\u00e9n\u00e9ral issu d\u2019Afrique pourrait contribuer \u00e0 mieux porter les priorit\u00e9s africaines au sein de l\u2019Assembl\u00e9e g\u00e9n\u00e9rale des Nations unies.<\/p>\n<p data-start=\"813\" data-end=\"1021\"><em>\u00ab Une grande partie des questions d\u00e9battues aux Nations unies concerne directement l\u2019Afrique \u00bb<\/em>, a-t-il rappel\u00e9, soulignant l\u2019importance pour le continent de peser davantage dans les instances internationales.<\/p>\n<p data-start=\"1056\" data-end=\"1382\">Seydou Gueye consid\u00e8re que Macky Sall dispose de l\u2019exp\u00e9rience et du leadership n\u00e9cessaires pour assumer une telle responsabilit\u00e9. Il d\u00e9plore toutefois les critiques formul\u00e9es par certains acteurs politiques s\u00e9n\u00e9galais \u00e0 l\u2019encontre de l\u2019ancien pr\u00e9sident, estimant qu\u2019elles visent \u00e0 ternir son image sur la sc\u00e8ne internationale.<\/p>\n<p data-start=\"1438\" data-end=\"1728\">\u00c9voquant les tensions politiques qui ont marqu\u00e9 la p\u00e9riode entre 2021 et les ann\u00e9es suivantes, notamment les manifestations ayant entra\u00een\u00e9 des pertes en vies humaines, l\u2019ancien ministre affirme qu\u2019aucun rapport n\u2019a, selon lui, \u00e9tabli clairement la responsabilit\u00e9 d\u2019une personne pr\u00e9cise.<\/p>\n<p data-start=\"1730\" data-end=\"1905\">Il estime que l\u2019analyse de cette p\u00e9riode doit prendre en compte l\u2019ensemble des facteurs ayant conduit aux affrontements entre manifestants et forces de d\u00e9fense et de s\u00e9curit\u00e9.<\/p>\n<p data-start=\"1907\" data-end=\"2144\">Seydou Gueye critique \u00e9galement certaines positions qu\u2019il juge contradictoires, estimant qu\u2019il est incoh\u00e9rent, selon lui, d\u2019accuser Macky Sall tout en b\u00e9n\u00e9ficiant des effets de la loi d\u2019amnistie adopt\u00e9e apr\u00e8s les tensions politiques.<\/p>\n<p data-start=\"2183\" data-end=\"2405\">Dans ce contexte, l\u2019ancien porte-parole de l\u2019APR appelle les autorit\u00e9s s\u00e9n\u00e9galaises et les citoyens \u00e0 soutenir la candidature de l\u2019ancien chef de l\u2019\u00c9tat, qu\u2019il pr\u00e9sente comme une ambition d\u00e9passant les clivages politiques.<\/p>\n<p data-start=\"2407\" data-end=\"2568\" data-is-last-node=\"\" data-is-only-node=\"\">Selon lui, l\u2019appui d\u00e9j\u00e0 exprim\u00e9 par plusieurs pays africains constitue une reconnaissance du parcours et du leadership de Macky Sall sur la sc\u00e8ne internationale.<\/p>\n<div class='share-to-whatsapp-wrapper'><div class='share-on-whsp'>PARTAGER SUR : <\/div><a data-text='ONU : Seydou Gu\u00e8ye demande une mobilisation autour de la candidature de Macky Sall' data-link='https:\/\/www.nettali.com\/2026\/03\/08\/onu-seydou-gueye-demande-une-mobilisation-autour-de-la-candidature-de-macky-sall\/' class='whatsapp-button whatsapp-share'>WhatsApp<\/a><div class='clear '><\/div><\/div>","protected":false},"excerpt":{"rendered":"<p>NETTALI.COM - Ancien porte-parole de l\u2019Alliance pour la R\u00e9publique (APR) et ex-ministre sous le r\u00e9gime de Macky Sall, Seydou Gueye a appel\u00e9 \u00e0 une mobilisation nationale et africaine en faveur d\u2019une \u00e9ventuelle candidature de l\u2019ancien chef de l\u2019\u00c9tat au poste de secr\u00e9taire g\u00e9n\u00e9ral de l\u2019Organisation des Nations unies (ONU). Il s\u2019exprimait lors de l\u2019\u00e9mission Jury [&hellip;]<\/p>\n","protected":false},"author":4,"featured_media":112435,"comment_status":"open","ping_status":"open","sticky":false,"template":"","format":"standard","meta":{"_et_pb_use_builder":"","_et_pb_old_content":""},"categories":[2],"tags":[],"yoast_head":"<!-- This site is optimized with the Yoast SEO Premium plugin v17.8 (Yoast SEO v17.8) - https:\/\/yoast.com\/wordpress\/plugins\/seo\/ -->\n<title>ONU : Seydou Gu\u00e8ye demande une mobilisation autour de la candidature de Macky Sall | Nettali.com<\/title>\n<meta name=\"robots\" content=\"index, follow, max-snippet:-1, max-image-preview:large, max-video-preview:-1\" \/>\n<link rel=\"canonical\" href=\"https:\/\/www.nettali.com\/2026\/03\/08\/onu-seydou-gueye-demande-une-mobilisation-autour-de-la-candidature-de-macky-sall\/\" \/>\n<meta property=\"og:locale\" content=\"fr_FR\" \/>\n<meta property=\"og:type\" content=\"article\" \/>\n<meta property=\"og:title\" content=\"ONU : Seydou Gu\u00e8ye demande une mobilisation autour de la candidature de Macky Sall\" \/>\n<meta property=\"og:description\" content=\"NETTALI.COM - Ancien porte-parole de l\u2019Alliance pour la R\u00e9publique (APR) et ex-ministre sous le r\u00e9gime de Macky Sall, Seydou Gueye a appel\u00e9 \u00e0 une mobilisation nationale et africaine en faveur d\u2019une \u00e9ventuelle candidature de l\u2019ancien chef de l\u2019\u00c9tat au poste de secr\u00e9taire g\u00e9n\u00e9ral de l\u2019Organisation des Nations unies (ONU). Il s\u2019exprimait lors de l\u2019\u00e9mission Jury [&hellip;]\" \/>\n<meta property=\"og:url\" content=\"https:\/\/www.nettali.com\/2026\/03\/08\/onu-seydou-gueye-demande-une-mobilisation-autour-de-la-candidature-de-macky-sall\/\" \/>\n<meta property=\"og:site_name\" content=\"Nettali.com\" \/>\n<meta property=\"article:publisher\" content=\"https:\/\/www.facebook.com\/nettalicom\" \/>\n<meta property=\"article:published_time\" content=\"2026-03-08T22:06:41+00:00\" \/>\n<meta property=\"article:modified_time\" content=\"2026-03-08T21:09:32+00:00\" \/>\n<meta property=\"og:image\" content=\"https:\/\/www.nettali.com\/wp-content\/uploads\/2023\/06\/seydou-gueye-dialogue-politique_0.jpeg\" \/>\n\t<meta property=\"og:image:width\" content=\"470\" \/>\n\t<meta property=\"og:image:height\" content=\"246\" \/>\n<meta name=\"twitter:card\" content=\"summary_large_image\" \/>\n<meta name=\"twitter:label1\" content=\"\u00c9crit par\" \/>\n\t<meta name=\"twitter:data1\" content=\"Daouda\" \/>\n\t<meta name=\"twitter:label2\" content=\"Dur\u00e9e de lecture estim\u00e9e\" \/>\n\t<meta name=\"twitter:data2\" content=\"2 minutes\" \/>\n<script type=\"application\/ld+json\" class=\"yoast-schema-graph\">{\"@context\":\"https:\/\/schema.org\",\"@graph\":[{\"@type\":\"WebSite\",\"@id\":\"https:\/\/www.nettali.com\/#website\",\"url\":\"https:\/\/www.nettali.com\/\",\"name\":\"Nettali.com\",\"description\":\"Le rendez-vous critique du Net\",\"potentialAction\":[{\"@type\":\"SearchAction\",\"target\":{\"@type\":\"EntryPoint\",\"urlTemplate\":\"https:\/\/www.nettali.com\/?s={search_term_string}\"},\"query-input\":\"required name=search_term_string\"}],\"inLanguage\":\"fr-FR\"},{\"@type\":\"ImageObject\",\"@id\":\"https:\/\/www.nettali.com\/2026\/03\/08\/onu-seydou-gueye-demande-une-mobilisation-autour-de-la-candidature-de-macky-sall\/#primaryimage\",\"inLanguage\":\"fr-FR\",\"url\":\"https:\/\/www.nettali.com\/wp-content\/uploads\/2023\/06\/seydou-gueye-dialogue-politique_0.jpeg\",\"contentUrl\":\"https:\/\/www.nettali.com\/wp-content\/uploads\/2023\/06\/seydou-gueye-dialogue-politique_0.jpeg\",\"width\":470,\"height\":246},{\"@type\":\"WebPage\",\"@id\":\"https:\/\/www.nettali.com\/2026\/03\/08\/onu-seydou-gueye-demande-une-mobilisation-autour-de-la-candidature-de-macky-sall\/#webpage\",\"url\":\"https:\/\/www.nettali.com\/2026\/03\/08\/onu-seydou-gueye-demande-une-mobilisation-autour-de-la-candidature-de-macky-sall\/\",\"name\":\"ONU : Seydou Gu\\u00e8ye demande une mobilisation autour de la candidature de Macky Sall | Nettali.com\",\"isPartOf\":{\"@id\":\"https:\/\/www.nettali.com\/#website\"},\"primaryImageOfPage\":{\"@id\":\"https:\/\/www.nettali.com\/2026\/03\/08\/onu-seydou-gueye-demande-une-mobilisation-autour-de-la-candidature-de-macky-sall\/#primaryimage\"},\"datePublished\":\"2026-03-08T22:06:41+00:00\",\"dateModified\":\"2026-03-08T21:09:32+00:00\",\"author\":{\"@id\":\"https:\/\/www.nettali.com\/#\/schema\/person\/3317e0bb3aa1da309fbf7b2780901bf4\"},\"breadcrumb\":{\"@id\":\"https:\/\/www.nettali.com\/2026\/03\/08\/onu-seydou-gueye-demande-une-mobilisation-autour-de-la-candidature-de-macky-sall\/#breadcrumb\"},\"inLanguage\":\"fr-FR\",\"potentialAction\":[{\"@type\":\"ReadAction\",\"target\":[\"https:\/\/www.nettali.com\/2026\/03\/08\/onu-seydou-gueye-demande-une-mobilisation-autour-de-la-candidature-de-macky-sall\/\"]}]},{\"@type\":\"BreadcrumbList\",\"@id\":\"https:\/\/www.nettali.com\/2026\/03\/08\/onu-seydou-gueye-demande-une-mobilisation-autour-de-la-candidature-de-macky-sall\/#breadcrumb\",\"itemListElement\":[{\"@type\":\"ListItem\",\"position\":1,\"name\":\"Accueil\",\"item\":\"https:\/\/www.nettali.com\/\"},{\"@type\":\"ListItem\",\"position\":2,\"name\":\"ONU : Seydou Gu\\u00e8ye demande une mobilisation autour de la candidature de Macky Sall\"}]},{\"@type\":\"Person\",\"@id\":\"https:\/\/www.nettali.com\/#\/schema\/person\/3317e0bb3aa1da309fbf7b2780901bf4\",\"name\":\"Daouda\",\"image\":{\"@type\":\"ImageObject\",\"@id\":\"https:\/\/www.nettali.com\/#personlogo\",\"inLanguage\":\"fr-FR\",\"url\":\"https:\/\/secure.gravatar.com\/avatar\/8d143b5a49345098ddcfee1c49c2f47c?s=96&d=mm&r=g\",\"contentUrl\":\"https:\/\/secure.gravatar.com\/avatar\/8d143b5a49345098ddcfee1c49c2f47c?s=96&d=mm&r=g\",\"caption\":\"Daouda\"},\"sameAs\":[\"https:\/\/www.nettali.com\"]}]}<\/script>\n<!-- \/ Yoast SEO Premium plugin. -->","yoast_head_json":{"title":"ONU : Seydou Gu\u00e8ye demande une mobilisation autour de la candidature de Macky Sall | Nettali.com","robots":{"index":"index","follow":"follow","max-snippet":"max-snippet:-1","max-image-preview":"max-image-preview:large","max-video-preview":"max-video-preview:-1"},"canonical":"https:\/\/www.nettali.com\/2026\/03\/08\/onu-seydou-gueye-demande-une-mobilisation-autour-de-la-candidature-de-macky-sall\/","og_locale":"fr_FR","og_type":"article","og_title":"ONU : Seydou Gu\u00e8ye demande une mobilisation autour de la candidature de Macky Sall","og_description":"NETTALI.COM - Ancien porte-parole de l\u2019Alliance pour la R\u00e9publique (APR) et ex-ministre sous le r\u00e9gime de Macky Sall, Seydou Gueye a appel\u00e9 \u00e0 une mobilisation nationale et africaine en faveur d\u2019une \u00e9ventuelle candidature de l\u2019ancien chef de l\u2019\u00c9tat au poste de secr\u00e9taire g\u00e9n\u00e9ral de l\u2019Organisation des Nations unies (ONU). Il s\u2019exprimait lors de l\u2019\u00e9mission Jury [&hellip;]","og_url":"https:\/\/www.nettali.com\/2026\/03\/08\/onu-seydou-gueye-demande-une-mobilisation-autour-de-la-candidature-de-macky-sall\/","og_site_name":"Nettali.com","article_publisher":"https:\/\/www.facebook.com\/nettalicom","article_published_time":"2026-03-08T22:06:41+00:00","article_modified_time":"2026-03-08T21:09:32+00:00","og_image":[{"width":470,"height":246,"url":"https:\/\/www.nettali.com\/wp-content\/uploads\/2023\/06\/seydou-gueye-dialogue-politique_0.jpeg","type":"image\/jpeg"}],"twitter_card":"summary_large_image","twitter_misc":{"\u00c9crit par":"Daouda","Dur\u00e9e de lecture estim\u00e9e":"2 minutes"},"schema":{"@context":"https:\/\/schema.org","@graph":[{"@type":"WebSite","@id":"https:\/\/www.nettali.com\/#website","url":"https:\/\/www.nettali.com\/","name":"Nettali.com","description":"Le rendez-vous critique du Net","potentialAction":[{"@type":"SearchAction","target":{"@type":"EntryPoint","urlTemplate":"https:\/\/www.nettali.com\/?s={search_term_string}"},"query-input":"required name=search_term_string"}],"inLanguage":"fr-FR"},{"@type":"ImageObject","@id":"https:\/\/www.nettali.com\/2026\/03\/08\/onu-seydou-gueye-demande-une-mobilisation-autour-de-la-candidature-de-macky-sall\/#primaryimage","inLanguage":"fr-FR","url":"https:\/\/www.nettali.com\/wp-content\/uploads\/2023\/06\/seydou-gueye-dialogue-politique_0.jpeg","contentUrl":"https:\/\/www.nettali.com\/wp-content\/uploads\/2023\/06\/seydou-gueye-dialogue-politique_0.jpeg","width":470,"height":246},{"@type":"WebPage","@id":"https:\/\/www.nettali.com\/2026\/03\/08\/onu-seydou-gueye-demande-une-mobilisation-autour-de-la-candidature-de-macky-sall\/#webpage","url":"https:\/\/www.nettali.com\/2026\/03\/08\/onu-seydou-gueye-demande-une-mobilisation-autour-de-la-candidature-de-macky-sall\/","name":"ONU : Seydou Gu\u00e8ye demande une mobilisation autour de la candidature de Macky Sall | Nettali.com","isPartOf":{"@id":"https:\/\/www.nettali.com\/#website"},"primaryImageOfPage":{"@id":"https:\/\/www.nettali.com\/2026\/03\/08\/onu-seydou-gueye-demande-une-mobilisation-autour-de-la-candidature-de-macky-sall\/#primaryimage"},"datePublished":"2026-03-08T22:06:41+00:00","dateModified":"2026-03-08T21:09:32+00:00","author":{"@id":"https:\/\/www.nettali.com\/#\/schema\/person\/3317e0bb3aa1da309fbf7b2780901bf4"},"breadcrumb":{"@id":"https:\/\/www.nettali.com\/2026\/03\/08\/onu-seydou-gueye-demande-une-mobilisation-autour-de-la-candidature-de-macky-sall\/#breadcrumb"},"inLanguage":"fr-FR","potentialAction":[{"@type":"ReadAction","target":["https:\/\/www.nettali.com\/2026\/03\/08\/onu-seydou-gueye-demande-une-mobilisation-autour-de-la-candidature-de-macky-sall\/"]}]},{"@type":"BreadcrumbList","@id":"https:\/\/www.nettali.com\/2026\/03\/08\/onu-seydou-gueye-demande-une-mobilisation-autour-de-la-candidature-de-macky-sall\/#breadcrumb","itemListElement":[{"@type":"ListItem","position":1,"name":"Accueil","item":"https:\/\/www.nettali.com\/"},{"@type":"ListItem","position":2,"name":"ONU : Seydou Gu\u00e8ye demande une mobilisation autour de la candidature de Macky Sall"}]},{"@type":"Person","@id":"https:\/\/www.nettali.com\/#\/schema\/person\/3317e0bb3aa1da309fbf7b2780901bf4","name":"Daouda","image":{"@type":"ImageObject","@id":"https:\/\/www.nettali.com\/#personlogo","inLanguage":"fr-FR","url":"https:\/\/secure.gravatar.com\/avatar\/8d143b5a49345098ddcfee1c49c2f47c?s=96&d=mm&r=g","contentUrl":"https:\/\/secure.gravatar.com\/avatar\/8d143b5a49345098ddcfee1c49c2f47c?s=96&d=mm&r=g","caption":"Daouda"},"sameAs":["https:\/\/www.nettali.com"]}]}},"_links":{"self":[{"href":"https:\/\/www.nettali.com\/rest\/wp\/v2\/posts\/170665"}],"collection":[{"href":"https:\/\/www.nettali.com\/rest\/wp\/v2\/posts"}],"about":[{"href":"https:\/\/www.nettali.com\/rest\/wp\/v2\/types\/post"}],"author":[{"embeddable":true,"href":"https:\/\/www.nettali.com\/rest\/wp\/v2\/users\/4"}],"replies":[{"embeddable":true,"href":"https:\/\/www.nettali.com\/rest\/wp\/v2\/comments?post=170665"}],"version-history":[{"count":1,"href":"https:\/\/www.nettali.com\/rest\/wp\/v2\/posts\/170665\/revisions"}],"predecessor-version":[{"id":170666,"href":"https:\/\/www.nettali.com\/rest\/wp\/v2\/posts\/170665\/revisions\/170666"}],"wp:featuredmedia":[{"embeddable":true,"href":"https:\/\/www.nettali.com\/rest\/wp\/v2\/media\/112435"}],"wp:attachment":[{"href":"https:\/\/www.nettali.com\/rest\/wp\/v2\/media?parent=170665"}],"wp:term":[{"taxonomy":"category","embeddable":true,"href":"https:\/\/www.nettali.com\/rest\/wp\/v2\/categories?post=170665"},{"taxonomy":"post_tag","embeddable":true,"href":"https:\/\/www.nettali.com\/rest\/wp\/v2\/tags?post=170665"}],"curies":[{"name":"wp","href":"https:\/\/api.w.org\/{rel}","templated":true}]}}