{"id":170661,"date":"2026-03-09T05:50:44","date_gmt":"2026-03-09T05:50:44","guid":{"rendered":"https:\/\/www.nettali.com\/?p=170661"},"modified":"2026-03-13T06:16:02","modified_gmt":"2026-03-13T06:16:02","slug":"diomaye-face-a-sonko-lheure-de-lemancipation-presidentielle","status":"publish","type":"post","link":"https:\/\/www.nettali.com\/2026\/03\/09\/diomaye-face-a-sonko-lheure-de-lemancipation-presidentielle\/","title":{"rendered":"DIOMAYE FACE A SONKO - A l\u2019heure de l\u2019\u00e9mancipation"},"content":{"rendered":"<p data-start=\"198\" data-end=\"414\"><strong>NETTALI.COM -<\/strong> L\u2019erreur que commettent aujourd\u2019hui beaucoup d\u2019analystes et de militants du Pastef, est de continuer \u00e0 regarder Bassirou Diomaye Faye comme le simple joker d\u2019Ousmane Sonko. Cette lecture appartient d\u00e9sormais au pass\u00e9.<\/p>\n<p data-start=\"416\" data-end=\"776\">Diomaye Faye n\u2019est plus en v\u00e9rit\u00e9 ce jeune cadre discret propuls\u00e9 dans l\u2019ar\u00e8ne politique par la strat\u00e9gie d\u2019un leader charismatique. Il est aujourd\u2019hui le Pr\u00e9sident de la R\u00e9publique du S\u00e9n\u00e9gal. Et cette fonction change tout. Elle transforme un homme, red\u00e9finit ses responsabilit\u00e9s surtout face \u00e0 la r\u00e9alit\u00e9 du pouvoir et l\u2019inscrit dans une dimension institutionnelle qui d\u00e9passe les postures romantiques de l'opposition ainsi que les loyaut\u00e9s militantes dociles assises sur une dictature du parti qui aurait de la pr\u00e9gnance dans la gestion du pays.<\/p>\n<p data-start=\"778\" data-end=\"1150\">Continuer \u00e0 ainsi sous-estimer Diomaye Faye pr\u00e9sident de la r\u00e9publique, constitue probablement la plus grande erreur strat\u00e9gique et d'appr\u00e9ciation de l'\u00e9quation du pouvoir de celui-ci, par les partisans de Sonko. Diomaye n\u2019est pas une pi\u00e8ce interchangeable. Il est d\u00e9sormais l\u2019incarnation de l\u2019\u00c9tat. Et dans l\u2019histoire politique, ceux qui pensent pouvoir contr\u00f4ler un pr\u00e9sident comme un simple relais, finissent souvent par d\u00e9couvrir qu\u2019ils ont mal \u00e9valu\u00e9 la nature du pouvoir.<\/p>\n<p data-start=\"1152\" data-end=\"1632\">Beaucoup semblent oublier que la chute du r\u00e9gime de Macky Sall s\u2019est produite dans un contexte particulier. Une non candidature d\u00e9clar\u00e9e de Macky Sall, donc un pouvoir en fin de cycle, en plus fragilis\u00e9 par ses propres d\u00e9cisions \u2014 notamment la tentative controvers\u00e9e de prolongation du mandat pr\u00e9sidentiel \u2014 a offert \u00e0 l\u2019opposition une fen\u00eatre historique de mobilisation populaire. Cette dynamique a permis la victoire de mars 2024. Mais croire que ce moment politique garantit un contr\u00f4le durable sur le pouvoir, est un mauvais et hasardeux calcul.<\/p>\n<p data-start=\"1634\" data-end=\"2024\">Lorsque certains militants affirment aujourd\u2019hui que Diomaye Faye aurait trahi Sonko et les \u00ab patriotes \u00bb, la question m\u00e9rite d\u2019\u00eatre pos\u00e9e : de quoi parle-t-on r\u00e9ellement ? La fid\u00e9lit\u00e9 politique peut-elle exiger qu\u2019un chef d\u2019\u00c9tat se soumette \u00e0 la volont\u00e9 d\u2019un autre acteur politique, f\u00fbt-il populaire ? Une telle logique serait non seulement anormale mais dangereuse pour les institutions.<\/p>\n<p data-start=\"2026\" data-end=\"2266\">Un pr\u00e9sident de la R\u00e9publique ne peut gouverner sous tutelle. L\u2019histoire politique regorge d\u2019exemples montrant que lorsque la fonction pr\u00e9sidentielle est subordonn\u00e9e \u00e0 une personnalit\u00e9 ext\u00e9rieure, c\u2019est l\u2019\u00e9quilibre de l\u2019\u00c9tat qui est menac\u00e9.<\/p>\n<p data-start=\"2268\" data-end=\"2664\">Dans l\u2019exercice du pouvoir, les rapports changent. Une proximit\u00e9 personnelle, m\u00eame ancienne, ne peut effacer la r\u00e9alit\u00e9 institutionnelle. Comme le rappelait un sage : <em data-start=\"2457\" data-end=\"2568\">quelle que soit ta familiarit\u00e9 avec le lion, veille \u00e0 ce qu\u2019il n\u2019interpr\u00e8te jamais ton geste comme une menace<\/em>. Dans les sph\u00e8res du pouvoir, les \u00e9quilibres sont fragiles et les rapports de force permanents.<\/p>\n<p data-start=\"2666\" data-end=\"2966\">D\u00e8s le lendemain de la victoire du 24 mars 2024, une question se posait d\u00e9j\u00e0 : combien de temps l\u2019\u00e9quation Diomaye\u2013Sonko pouvait-elle tenir ? L\u2019histoire montre que la coexistence entre un pr\u00e9sident et un leader politique dominant en dehors de la magistrature supr\u00eame, est rarement stable sur la dur\u00e9e.<\/p>\n<p data-start=\"2968\" data-end=\"3190\">Aujourd\u2019hui, Bassirou Diomaye Faye semble vouloir s\u2019affranchir de l\u2019image de \u00ab pr\u00e9sident par procuration \u00bb. Cette \u00e9volution \u00e9tait presque in\u00e9vitable. La fonction pr\u00e9sidentielle impose une autonomie politique et symbolique.<\/p>\n<p data-start=\"3192\" data-end=\"3459\">Mais cette \u00e9mancipation ne suffira pas. Si le chef de l\u2019\u00c9tat veut consolider sa l\u00e9gitimit\u00e9, il devra d\u00e9sormais se concentrer sur l\u2019essentiel : les r\u00e9sultats de sa gouvernance. Dynamisation du secteur priv\u00e9, d\u00e9veloppement \u00e9conomique, emploi des jeunes, stabilit\u00e9 sociale, r\u00e9formes structurelles.<\/p>\n<p data-start=\"3461\" data-end=\"3704\" data-is-last-node=\"\" data-is-only-node=\"\">C\u2019est \u00e0 ce prix seulement que Diomaye Faye pourra prouver qu\u2019il n\u2019est ni un accident de l\u2019histoire ni un figurant dans la trajectoire politique du S\u00e9n\u00e9gal.<\/p>\n<p data-start=\"3461\" data-end=\"3704\" data-is-last-node=\"\" data-is-only-node=\"\">Le pouvoir l\u2019a \u00e9lev\u00e9 \u00e0 la fonction supr\u00eame. Il lui appartient maintenant de lui donner un sens.<\/p>\n<p>&nbsp;<\/p>\n<div class='share-to-whatsapp-wrapper'><div class='share-on-whsp'>PARTAGER SUR : <\/div><a data-text='DIOMAYE FACE A SONKO - A l\u2019heure de l\u2019\u00e9mancipation' data-link='https:\/\/www.nettali.com\/2026\/03\/09\/diomaye-face-a-sonko-lheure-de-lemancipation-presidentielle\/' class='whatsapp-button whatsapp-share'>WhatsApp<\/a><div class='clear '><\/div><\/div>","protected":false},"excerpt":{"rendered":"<p>NETTALI.COM - L\u2019erreur que commettent aujourd\u2019hui beaucoup d\u2019analystes et de militants du Pastef, est de continuer \u00e0 regarder Bassirou Diomaye Faye comme le simple joker d\u2019Ousmane Sonko. Cette lecture appartient d\u00e9sormais au pass\u00e9. Diomaye Faye n\u2019est plus en v\u00e9rit\u00e9 ce jeune cadre discret propuls\u00e9 dans l\u2019ar\u00e8ne politique par la strat\u00e9gie d\u2019un leader charismatique. Il est [&hellip;]<\/p>\n","protected":false},"author":4,"featured_media":131903,"comment_status":"open","ping_status":"open","sticky":false,"template":"","format":"standard","meta":{"_et_pb_use_builder":"","_et_pb_old_content":""},"categories":[34932],"tags":[],"yoast_head":"<!-- This site is optimized with the Yoast SEO Premium plugin v17.8 (Yoast SEO v17.8) - https:\/\/yoast.com\/wordpress\/plugins\/seo\/ -->\n<title>DIOMAYE FACE A SONKO - A l\u2019heure de l\u2019\u00e9mancipation | Nettali.com<\/title>\n<meta name=\"robots\" content=\"index, follow, max-snippet:-1, max-image-preview:large, max-video-preview:-1\" \/>\n<link rel=\"canonical\" href=\"https:\/\/www.nettali.com\/2026\/03\/09\/diomaye-face-a-sonko-lheure-de-lemancipation-presidentielle\/\" \/>\n<meta property=\"og:locale\" content=\"fr_FR\" \/>\n<meta property=\"og:type\" content=\"article\" \/>\n<meta property=\"og:title\" content=\"DIOMAYE FACE A SONKO - A l\u2019heure de l\u2019\u00e9mancipation\" \/>\n<meta property=\"og:description\" content=\"NETTALI.COM - L\u2019erreur que commettent aujourd\u2019hui beaucoup d\u2019analystes et de militants du Pastef, est de continuer \u00e0 regarder Bassirou Diomaye Faye comme le simple joker d\u2019Ousmane Sonko. Cette lecture appartient d\u00e9sormais au pass\u00e9. Diomaye Faye n\u2019est plus en v\u00e9rit\u00e9 ce jeune cadre discret propuls\u00e9 dans l\u2019ar\u00e8ne politique par la strat\u00e9gie d\u2019un leader charismatique. Il est [&hellip;]\" \/>\n<meta property=\"og:url\" content=\"https:\/\/www.nettali.com\/2026\/03\/09\/diomaye-face-a-sonko-lheure-de-lemancipation-presidentielle\/\" \/>\n<meta property=\"og:site_name\" content=\"Nettali.com\" \/>\n<meta property=\"article:publisher\" content=\"https:\/\/www.facebook.com\/nettalicom\" \/>\n<meta property=\"article:published_time\" content=\"2026-03-09T05:50:44+00:00\" \/>\n<meta property=\"article:modified_time\" content=\"2026-03-13T06:16:02+00:00\" \/>\n<meta property=\"og:image\" content=\"https:\/\/www.nettali.com\/wp-content\/uploads\/2024\/04\/Diomaye-Sonko.jpeg\" \/>\n\t<meta property=\"og:image:width\" content=\"720\" \/>\n\t<meta property=\"og:image:height\" content=\"480\" \/>\n<meta name=\"twitter:card\" content=\"summary_large_image\" \/>\n<meta name=\"twitter:label1\" content=\"\u00c9crit par\" \/>\n\t<meta name=\"twitter:data1\" content=\"Daouda\" \/>\n\t<meta name=\"twitter:label2\" content=\"Dur\u00e9e de lecture estim\u00e9e\" \/>\n\t<meta name=\"twitter:data2\" content=\"3 minutes\" \/>\n<script type=\"application\/ld+json\" class=\"yoast-schema-graph\">{\"@context\":\"https:\/\/schema.org\",\"@graph\":[{\"@type\":\"WebSite\",\"@id\":\"https:\/\/www.nettali.com\/#website\",\"url\":\"https:\/\/www.nettali.com\/\",\"name\":\"Nettali.com\",\"description\":\"Le rendez-vous critique du Net\",\"potentialAction\":[{\"@type\":\"SearchAction\",\"target\":{\"@type\":\"EntryPoint\",\"urlTemplate\":\"https:\/\/www.nettali.com\/?s={search_term_string}\"},\"query-input\":\"required name=search_term_string\"}],\"inLanguage\":\"fr-FR\"},{\"@type\":\"ImageObject\",\"@id\":\"https:\/\/www.nettali.com\/2026\/03\/09\/diomaye-face-a-sonko-lheure-de-lemancipation-presidentielle\/#primaryimage\",\"inLanguage\":\"fr-FR\",\"url\":\"https:\/\/www.nettali.com\/wp-content\/uploads\/2024\/04\/Diomaye-Sonko.jpeg\",\"contentUrl\":\"https:\/\/www.nettali.com\/wp-content\/uploads\/2024\/04\/Diomaye-Sonko.jpeg\",\"width\":720,\"height\":480},{\"@type\":\"WebPage\",\"@id\":\"https:\/\/www.nettali.com\/2026\/03\/09\/diomaye-face-a-sonko-lheure-de-lemancipation-presidentielle\/#webpage\",\"url\":\"https:\/\/www.nettali.com\/2026\/03\/09\/diomaye-face-a-sonko-lheure-de-lemancipation-presidentielle\/\",\"name\":\"DIOMAYE FACE A SONKO - A l\\u2019heure de l\\u2019\\u00e9mancipation | Nettali.com\",\"isPartOf\":{\"@id\":\"https:\/\/www.nettali.com\/#website\"},\"primaryImageOfPage\":{\"@id\":\"https:\/\/www.nettali.com\/2026\/03\/09\/diomaye-face-a-sonko-lheure-de-lemancipation-presidentielle\/#primaryimage\"},\"datePublished\":\"2026-03-09T05:50:44+00:00\",\"dateModified\":\"2026-03-13T06:16:02+00:00\",\"author\":{\"@id\":\"https:\/\/www.nettali.com\/#\/schema\/person\/3317e0bb3aa1da309fbf7b2780901bf4\"},\"breadcrumb\":{\"@id\":\"https:\/\/www.nettali.com\/2026\/03\/09\/diomaye-face-a-sonko-lheure-de-lemancipation-presidentielle\/#breadcrumb\"},\"inLanguage\":\"fr-FR\",\"potentialAction\":[{\"@type\":\"ReadAction\",\"target\":[\"https:\/\/www.nettali.com\/2026\/03\/09\/diomaye-face-a-sonko-lheure-de-lemancipation-presidentielle\/\"]}]},{\"@type\":\"BreadcrumbList\",\"@id\":\"https:\/\/www.nettali.com\/2026\/03\/09\/diomaye-face-a-sonko-lheure-de-lemancipation-presidentielle\/#breadcrumb\",\"itemListElement\":[{\"@type\":\"ListItem\",\"position\":1,\"name\":\"Accueil\",\"item\":\"https:\/\/www.nettali.com\/\"},{\"@type\":\"ListItem\",\"position\":2,\"name\":\"DIOMAYE FACE A SONKO - A l\\u2019heure de l\\u2019\\u00e9mancipation\"}]},{\"@type\":\"Person\",\"@id\":\"https:\/\/www.nettali.com\/#\/schema\/person\/3317e0bb3aa1da309fbf7b2780901bf4\",\"name\":\"Daouda\",\"image\":{\"@type\":\"ImageObject\",\"@id\":\"https:\/\/www.nettali.com\/#personlogo\",\"inLanguage\":\"fr-FR\",\"url\":\"https:\/\/secure.gravatar.com\/avatar\/8d143b5a49345098ddcfee1c49c2f47c?s=96&d=mm&r=g\",\"contentUrl\":\"https:\/\/secure.gravatar.com\/avatar\/8d143b5a49345098ddcfee1c49c2f47c?s=96&d=mm&r=g\",\"caption\":\"Daouda\"},\"sameAs\":[\"https:\/\/www.nettali.com\"]}]}<\/script>\n<!-- \/ Yoast SEO Premium plugin. -->","yoast_head_json":{"title":"DIOMAYE FACE A SONKO - A l\u2019heure de l\u2019\u00e9mancipation | Nettali.com","robots":{"index":"index","follow":"follow","max-snippet":"max-snippet:-1","max-image-preview":"max-image-preview:large","max-video-preview":"max-video-preview:-1"},"canonical":"https:\/\/www.nettali.com\/2026\/03\/09\/diomaye-face-a-sonko-lheure-de-lemancipation-presidentielle\/","og_locale":"fr_FR","og_type":"article","og_title":"DIOMAYE FACE A SONKO - A l\u2019heure de l\u2019\u00e9mancipation","og_description":"NETTALI.COM - L\u2019erreur que commettent aujourd\u2019hui beaucoup d\u2019analystes et de militants du Pastef, est de continuer \u00e0 regarder Bassirou Diomaye Faye comme le simple joker d\u2019Ousmane Sonko. Cette lecture appartient d\u00e9sormais au pass\u00e9. Diomaye Faye n\u2019est plus en v\u00e9rit\u00e9 ce jeune cadre discret propuls\u00e9 dans l\u2019ar\u00e8ne politique par la strat\u00e9gie d\u2019un leader charismatique. Il est [&hellip;]","og_url":"https:\/\/www.nettali.com\/2026\/03\/09\/diomaye-face-a-sonko-lheure-de-lemancipation-presidentielle\/","og_site_name":"Nettali.com","article_publisher":"https:\/\/www.facebook.com\/nettalicom","article_published_time":"2026-03-09T05:50:44+00:00","article_modified_time":"2026-03-13T06:16:02+00:00","og_image":[{"width":720,"height":480,"url":"https:\/\/www.nettali.com\/wp-content\/uploads\/2024\/04\/Diomaye-Sonko.jpeg","type":"image\/jpeg"}],"twitter_card":"summary_large_image","twitter_misc":{"\u00c9crit par":"Daouda","Dur\u00e9e de lecture estim\u00e9e":"3 minutes"},"schema":{"@context":"https:\/\/schema.org","@graph":[{"@type":"WebSite","@id":"https:\/\/www.nettali.com\/#website","url":"https:\/\/www.nettali.com\/","name":"Nettali.com","description":"Le rendez-vous critique du Net","potentialAction":[{"@type":"SearchAction","target":{"@type":"EntryPoint","urlTemplate":"https:\/\/www.nettali.com\/?s={search_term_string}"},"query-input":"required name=search_term_string"}],"inLanguage":"fr-FR"},{"@type":"ImageObject","@id":"https:\/\/www.nettali.com\/2026\/03\/09\/diomaye-face-a-sonko-lheure-de-lemancipation-presidentielle\/#primaryimage","inLanguage":"fr-FR","url":"https:\/\/www.nettali.com\/wp-content\/uploads\/2024\/04\/Diomaye-Sonko.jpeg","contentUrl":"https:\/\/www.nettali.com\/wp-content\/uploads\/2024\/04\/Diomaye-Sonko.jpeg","width":720,"height":480},{"@type":"WebPage","@id":"https:\/\/www.nettali.com\/2026\/03\/09\/diomaye-face-a-sonko-lheure-de-lemancipation-presidentielle\/#webpage","url":"https:\/\/www.nettali.com\/2026\/03\/09\/diomaye-face-a-sonko-lheure-de-lemancipation-presidentielle\/","name":"DIOMAYE FACE A SONKO - A l\u2019heure de l\u2019\u00e9mancipation | Nettali.com","isPartOf":{"@id":"https:\/\/www.nettali.com\/#website"},"primaryImageOfPage":{"@id":"https:\/\/www.nettali.com\/2026\/03\/09\/diomaye-face-a-sonko-lheure-de-lemancipation-presidentielle\/#primaryimage"},"datePublished":"2026-03-09T05:50:44+00:00","dateModified":"2026-03-13T06:16:02+00:00","author":{"@id":"https:\/\/www.nettali.com\/#\/schema\/person\/3317e0bb3aa1da309fbf7b2780901bf4"},"breadcrumb":{"@id":"https:\/\/www.nettali.com\/2026\/03\/09\/diomaye-face-a-sonko-lheure-de-lemancipation-presidentielle\/#breadcrumb"},"inLanguage":"fr-FR","potentialAction":[{"@type":"ReadAction","target":["https:\/\/www.nettali.com\/2026\/03\/09\/diomaye-face-a-sonko-lheure-de-lemancipation-presidentielle\/"]}]},{"@type":"BreadcrumbList","@id":"https:\/\/www.nettali.com\/2026\/03\/09\/diomaye-face-a-sonko-lheure-de-lemancipation-presidentielle\/#breadcrumb","itemListElement":[{"@type":"ListItem","position":1,"name":"Accueil","item":"https:\/\/www.nettali.com\/"},{"@type":"ListItem","position":2,"name":"DIOMAYE FACE A SONKO - A l\u2019heure de l\u2019\u00e9mancipation"}]},{"@type":"Person","@id":"https:\/\/www.nettali.com\/#\/schema\/person\/3317e0bb3aa1da309fbf7b2780901bf4","name":"Daouda","image":{"@type":"ImageObject","@id":"https:\/\/www.nettali.com\/#personlogo","inLanguage":"fr-FR","url":"https:\/\/secure.gravatar.com\/avatar\/8d143b5a49345098ddcfee1c49c2f47c?s=96&d=mm&r=g","contentUrl":"https:\/\/secure.gravatar.com\/avatar\/8d143b5a49345098ddcfee1c49c2f47c?s=96&d=mm&r=g","caption":"Daouda"},"sameAs":["https:\/\/www.nettali.com"]}]}},"_links":{"self":[{"href":"https:\/\/www.nettali.com\/rest\/wp\/v2\/posts\/170661"}],"collection":[{"href":"https:\/\/www.nettali.com\/rest\/wp\/v2\/posts"}],"about":[{"href":"https:\/\/www.nettali.com\/rest\/wp\/v2\/types\/post"}],"author":[{"embeddable":true,"href":"https:\/\/www.nettali.com\/rest\/wp\/v2\/users\/4"}],"replies":[{"embeddable":true,"href":"https:\/\/www.nettali.com\/rest\/wp\/v2\/comments?post=170661"}],"version-history":[{"count":3,"href":"https:\/\/www.nettali.com\/rest\/wp\/v2\/posts\/170661\/revisions"}],"predecessor-version":[{"id":170671,"href":"https:\/\/www.nettali.com\/rest\/wp\/v2\/posts\/170661\/revisions\/170671"}],"wp:featuredmedia":[{"embeddable":true,"href":"https:\/\/www.nettali.com\/rest\/wp\/v2\/media\/131903"}],"wp:attachment":[{"href":"https:\/\/www.nettali.com\/rest\/wp\/v2\/media?parent=170661"}],"wp:term":[{"taxonomy":"category","embeddable":true,"href":"https:\/\/www.nettali.com\/rest\/wp\/v2\/categories?post=170661"},{"taxonomy":"post_tag","embeddable":true,"href":"https:\/\/www.nettali.com\/rest\/wp\/v2\/tags?post=170661"}],"curies":[{"name":"wp","href":"https:\/\/api.w.org\/{rel}","templated":true}]}}