{"id":170624,"date":"2026-03-07T15:46:59","date_gmt":"2026-03-07T15:46:59","guid":{"rendered":"https:\/\/www.nettali.com\/?p=170624"},"modified":"2026-03-07T19:54:03","modified_gmt":"2026-03-07T19:54:03","slug":"transport-la-federation-des-syndicats-projette-une-greve-du-30-mars-au-1er-avril-2026","status":"publish","type":"post","link":"https:\/\/www.nettali.com\/2026\/03\/07\/transport-la-federation-des-syndicats-projette-une-greve-du-30-mars-au-1er-avril-2026\/","title":{"rendered":"TRANSPORT- La F\u00e9d\u00e9ration des syndicats projette une gr\u00e8ve du 30 mars au 1er avril 2026"},"content":{"rendered":"<p><strong>NETTALI.COM-\u00a0La F\u00e9d\u00e9ration des syndicats des transports a annonc\u00e9 une gr\u00e8ve de 72 heures, qui d\u00e9butera du 30 mars au 1er avril 2026. Selon Fallou Samb, l\u2019un des responsables de la f\u00e9d\u00e9ration, 14 syndicats ont sign\u00e9 le mandat.<\/strong><\/p>\n<p>Apr\u00e8s avoir report\u00e9 leur gr\u00e8ve pr\u00e9vue le 28 mars 2026, La F\u00e9d\u00e9ration des syndicats des transports annonce un autre mouvement d\u2019humeur. \u00ab <em>Tous les segments de transport du pays se sont retrouv\u00e9s autour de la F\u00e9d\u00e9ration. Donc, nous avons d\u00e9cid\u00e9 de mettre en place quelqu\u2019un qui va conduire la F\u00e9d\u00e9ration. C\u2019est pourquoi on a choisi le doyen Alassane Ndoye comme pr\u00e9sident<\/em>\u00a0\u00bb, a-t-il d\u00e9clar\u00e9.<\/p>\n<p>Selon le syndicaliste, cette gr\u00e8ve vise \u00e0 \u00ab <em>aider l\u2019\u00c9tat \u00e0 appliquer la r\u00e9glementation des lois et r\u00e8glements <\/em>\u00bb du S\u00e9n\u00e9gal dans le cadre du transport, ajoutant qu\u2019il est temps que \u00ab <em>l\u2019\u00c9tat prenne conscience et revienne \u00e0 la raison<\/em>\u00bb.<\/p>\n<p>Il a \u00e9galement d\u00e9nonc\u00e9 \u00ab l\u2019acharnement \u00bb que les forces de l\u2019ordre font subir aux transporteurs dans la l\u00e9galit\u00e9, tout en annon\u00e7ant une grande rencontre \u00e0 Kaolack (ouest), le 12 mars prochain, pour harmoniser leurs actions de lutte.<\/p>\n<div class='share-to-whatsapp-wrapper'><div class='share-on-whsp'>PARTAGER SUR : <\/div><a data-text='TRANSPORT- La F\u00e9d\u00e9ration des syndicats projette une gr\u00e8ve du 30 mars au 1er avril 2026' data-link='https:\/\/www.nettali.com\/2026\/03\/07\/transport-la-federation-des-syndicats-projette-une-greve-du-30-mars-au-1er-avril-2026\/' class='whatsapp-button whatsapp-share'>WhatsApp<\/a><div class='clear '><\/div><\/div>","protected":false},"excerpt":{"rendered":"<p>NETTALI.COM-\u00a0La F\u00e9d\u00e9ration des syndicats des transports a annonc\u00e9 une gr\u00e8ve de 72 heures, qui d\u00e9butera du 30 mars au 1er avril 2026. Selon Fallou Samb, l\u2019un des responsables de la f\u00e9d\u00e9ration, 14 syndicats ont sign\u00e9 le mandat. Apr\u00e8s avoir report\u00e9 leur gr\u00e8ve pr\u00e9vue le 28 mars 2026, La F\u00e9d\u00e9ration des syndicats des transports annonce un [&hellip;]<\/p>\n","protected":false},"author":6,"featured_media":101652,"comment_status":"open","ping_status":"open","sticky":false,"template":"","format":"standard","meta":{"_et_pb_use_builder":"","_et_pb_old_content":""},"categories":[3],"tags":[],"yoast_head":"<!-- This site is optimized with the Yoast SEO Premium plugin v17.8 (Yoast SEO v17.8) - https:\/\/yoast.com\/wordpress\/plugins\/seo\/ -->\n<title>TRANSPORT- La F\u00e9d\u00e9ration des syndicats projette une gr\u00e8ve du 30 mars au 1er avril 2026 | Nettali.com<\/title>\n<meta name=\"robots\" content=\"index, follow, max-snippet:-1, max-image-preview:large, max-video-preview:-1\" \/>\n<link rel=\"canonical\" href=\"https:\/\/www.nettali.com\/2026\/03\/07\/transport-la-federation-des-syndicats-projette-une-greve-du-30-mars-au-1er-avril-2026\/\" \/>\n<meta property=\"og:locale\" content=\"fr_FR\" \/>\n<meta property=\"og:type\" content=\"article\" \/>\n<meta property=\"og:title\" content=\"TRANSPORT- La F\u00e9d\u00e9ration des syndicats projette une gr\u00e8ve du 30 mars au 1er avril 2026\" \/>\n<meta property=\"og:description\" content=\"NETTALI.COM-\u00a0La F\u00e9d\u00e9ration des syndicats des transports a annonc\u00e9 une gr\u00e8ve de 72 heures, qui d\u00e9butera du 30 mars au 1er avril 2026. Selon Fallou Samb, l\u2019un des responsables de la f\u00e9d\u00e9ration, 14 syndicats ont sign\u00e9 le mandat. Apr\u00e8s avoir report\u00e9 leur gr\u00e8ve pr\u00e9vue le 28 mars 2026, La F\u00e9d\u00e9ration des syndicats des transports annonce un [&hellip;]\" \/>\n<meta property=\"og:url\" content=\"https:\/\/www.nettali.com\/2026\/03\/07\/transport-la-federation-des-syndicats-projette-une-greve-du-30-mars-au-1er-avril-2026\/\" \/>\n<meta property=\"og:site_name\" content=\"Nettali.com\" \/>\n<meta property=\"article:publisher\" content=\"https:\/\/www.facebook.com\/nettalicom\" \/>\n<meta property=\"article:published_time\" content=\"2026-03-07T15:46:59+00:00\" \/>\n<meta property=\"article:modified_time\" content=\"2026-03-07T19:54:03+00:00\" \/>\n<meta property=\"og:image\" content=\"https:\/\/www.nettali.com\/wp-content\/uploads\/2023\/01\/Greve-des-transporteurs-1.jpg\" \/>\n\t<meta property=\"og:image:width\" content=\"630\" \/>\n\t<meta property=\"og:image:height\" content=\"421\" \/>\n<meta name=\"twitter:card\" content=\"summary_large_image\" \/>\n<meta name=\"twitter:label1\" content=\"\u00c9crit par\" \/>\n\t<meta name=\"twitter:data1\" content=\"Fatou\" \/>\n\t<meta name=\"twitter:label2\" content=\"Dur\u00e9e de lecture estim\u00e9e\" \/>\n\t<meta name=\"twitter:data2\" content=\"1 minute\" \/>\n<script type=\"application\/ld+json\" class=\"yoast-schema-graph\">{\"@context\":\"https:\/\/schema.org\",\"@graph\":[{\"@type\":\"WebSite\",\"@id\":\"https:\/\/www.nettali.com\/#website\",\"url\":\"https:\/\/www.nettali.com\/\",\"name\":\"Nettali.com\",\"description\":\"Le rendez-vous critique du Net\",\"potentialAction\":[{\"@type\":\"SearchAction\",\"target\":{\"@type\":\"EntryPoint\",\"urlTemplate\":\"https:\/\/www.nettali.com\/?s={search_term_string}\"},\"query-input\":\"required name=search_term_string\"}],\"inLanguage\":\"fr-FR\"},{\"@type\":\"ImageObject\",\"@id\":\"https:\/\/www.nettali.com\/2026\/03\/07\/transport-la-federation-des-syndicats-projette-une-greve-du-30-mars-au-1er-avril-2026\/#primaryimage\",\"inLanguage\":\"fr-FR\",\"url\":\"https:\/\/www.nettali.com\/wp-content\/uploads\/2023\/01\/Greve-des-transporteurs-1.jpg\",\"contentUrl\":\"https:\/\/www.nettali.com\/wp-content\/uploads\/2023\/01\/Greve-des-transporteurs-1.jpg\",\"width\":630,\"height\":421},{\"@type\":\"WebPage\",\"@id\":\"https:\/\/www.nettali.com\/2026\/03\/07\/transport-la-federation-des-syndicats-projette-une-greve-du-30-mars-au-1er-avril-2026\/#webpage\",\"url\":\"https:\/\/www.nettali.com\/2026\/03\/07\/transport-la-federation-des-syndicats-projette-une-greve-du-30-mars-au-1er-avril-2026\/\",\"name\":\"TRANSPORT- La F\\u00e9d\\u00e9ration des syndicats projette une gr\\u00e8ve du 30 mars au 1er avril 2026 | Nettali.com\",\"isPartOf\":{\"@id\":\"https:\/\/www.nettali.com\/#website\"},\"primaryImageOfPage\":{\"@id\":\"https:\/\/www.nettali.com\/2026\/03\/07\/transport-la-federation-des-syndicats-projette-une-greve-du-30-mars-au-1er-avril-2026\/#primaryimage\"},\"datePublished\":\"2026-03-07T15:46:59+00:00\",\"dateModified\":\"2026-03-07T19:54:03+00:00\",\"author\":{\"@id\":\"https:\/\/www.nettali.com\/#\/schema\/person\/418274a86bdf87caff7a3ef476bd0bbf\"},\"breadcrumb\":{\"@id\":\"https:\/\/www.nettali.com\/2026\/03\/07\/transport-la-federation-des-syndicats-projette-une-greve-du-30-mars-au-1er-avril-2026\/#breadcrumb\"},\"inLanguage\":\"fr-FR\",\"potentialAction\":[{\"@type\":\"ReadAction\",\"target\":[\"https:\/\/www.nettali.com\/2026\/03\/07\/transport-la-federation-des-syndicats-projette-une-greve-du-30-mars-au-1er-avril-2026\/\"]}]},{\"@type\":\"BreadcrumbList\",\"@id\":\"https:\/\/www.nettali.com\/2026\/03\/07\/transport-la-federation-des-syndicats-projette-une-greve-du-30-mars-au-1er-avril-2026\/#breadcrumb\",\"itemListElement\":[{\"@type\":\"ListItem\",\"position\":1,\"name\":\"Accueil\",\"item\":\"https:\/\/www.nettali.com\/\"},{\"@type\":\"ListItem\",\"position\":2,\"name\":\"TRANSPORT- La F\\u00e9d\\u00e9ration des syndicats projette une gr\\u00e8ve du 30 mars au 1er avril 2026\"}]},{\"@type\":\"Person\",\"@id\":\"https:\/\/www.nettali.com\/#\/schema\/person\/418274a86bdf87caff7a3ef476bd0bbf\",\"name\":\"Fatou\",\"image\":{\"@type\":\"ImageObject\",\"@id\":\"https:\/\/www.nettali.com\/#personlogo\",\"inLanguage\":\"fr-FR\",\"url\":\"https:\/\/secure.gravatar.com\/avatar\/5a9442a2bee7b4dcf167cab035858e9a?s=96&d=mm&r=g\",\"contentUrl\":\"https:\/\/secure.gravatar.com\/avatar\/5a9442a2bee7b4dcf167cab035858e9a?s=96&d=mm&r=g\",\"caption\":\"Fatou\"},\"sameAs\":[\"https:\/\/www.nettali.com\"]}]}<\/script>\n<!-- \/ Yoast SEO Premium plugin. -->","yoast_head_json":{"title":"TRANSPORT- La F\u00e9d\u00e9ration des syndicats projette une gr\u00e8ve du 30 mars au 1er avril 2026 | Nettali.com","robots":{"index":"index","follow":"follow","max-snippet":"max-snippet:-1","max-image-preview":"max-image-preview:large","max-video-preview":"max-video-preview:-1"},"canonical":"https:\/\/www.nettali.com\/2026\/03\/07\/transport-la-federation-des-syndicats-projette-une-greve-du-30-mars-au-1er-avril-2026\/","og_locale":"fr_FR","og_type":"article","og_title":"TRANSPORT- La F\u00e9d\u00e9ration des syndicats projette une gr\u00e8ve du 30 mars au 1er avril 2026","og_description":"NETTALI.COM-\u00a0La F\u00e9d\u00e9ration des syndicats des transports a annonc\u00e9 une gr\u00e8ve de 72 heures, qui d\u00e9butera du 30 mars au 1er avril 2026. Selon Fallou Samb, l\u2019un des responsables de la f\u00e9d\u00e9ration, 14 syndicats ont sign\u00e9 le mandat. Apr\u00e8s avoir report\u00e9 leur gr\u00e8ve pr\u00e9vue le 28 mars 2026, La F\u00e9d\u00e9ration des syndicats des transports annonce un [&hellip;]","og_url":"https:\/\/www.nettali.com\/2026\/03\/07\/transport-la-federation-des-syndicats-projette-une-greve-du-30-mars-au-1er-avril-2026\/","og_site_name":"Nettali.com","article_publisher":"https:\/\/www.facebook.com\/nettalicom","article_published_time":"2026-03-07T15:46:59+00:00","article_modified_time":"2026-03-07T19:54:03+00:00","og_image":[{"width":630,"height":421,"url":"https:\/\/www.nettali.com\/wp-content\/uploads\/2023\/01\/Greve-des-transporteurs-1.jpg","type":"image\/jpeg"}],"twitter_card":"summary_large_image","twitter_misc":{"\u00c9crit par":"Fatou","Dur\u00e9e de lecture estim\u00e9e":"1 minute"},"schema":{"@context":"https:\/\/schema.org","@graph":[{"@type":"WebSite","@id":"https:\/\/www.nettali.com\/#website","url":"https:\/\/www.nettali.com\/","name":"Nettali.com","description":"Le rendez-vous critique du Net","potentialAction":[{"@type":"SearchAction","target":{"@type":"EntryPoint","urlTemplate":"https:\/\/www.nettali.com\/?s={search_term_string}"},"query-input":"required name=search_term_string"}],"inLanguage":"fr-FR"},{"@type":"ImageObject","@id":"https:\/\/www.nettali.com\/2026\/03\/07\/transport-la-federation-des-syndicats-projette-une-greve-du-30-mars-au-1er-avril-2026\/#primaryimage","inLanguage":"fr-FR","url":"https:\/\/www.nettali.com\/wp-content\/uploads\/2023\/01\/Greve-des-transporteurs-1.jpg","contentUrl":"https:\/\/www.nettali.com\/wp-content\/uploads\/2023\/01\/Greve-des-transporteurs-1.jpg","width":630,"height":421},{"@type":"WebPage","@id":"https:\/\/www.nettali.com\/2026\/03\/07\/transport-la-federation-des-syndicats-projette-une-greve-du-30-mars-au-1er-avril-2026\/#webpage","url":"https:\/\/www.nettali.com\/2026\/03\/07\/transport-la-federation-des-syndicats-projette-une-greve-du-30-mars-au-1er-avril-2026\/","name":"TRANSPORT- La F\u00e9d\u00e9ration des syndicats projette une gr\u00e8ve du 30 mars au 1er avril 2026 | Nettali.com","isPartOf":{"@id":"https:\/\/www.nettali.com\/#website"},"primaryImageOfPage":{"@id":"https:\/\/www.nettali.com\/2026\/03\/07\/transport-la-federation-des-syndicats-projette-une-greve-du-30-mars-au-1er-avril-2026\/#primaryimage"},"datePublished":"2026-03-07T15:46:59+00:00","dateModified":"2026-03-07T19:54:03+00:00","author":{"@id":"https:\/\/www.nettali.com\/#\/schema\/person\/418274a86bdf87caff7a3ef476bd0bbf"},"breadcrumb":{"@id":"https:\/\/www.nettali.com\/2026\/03\/07\/transport-la-federation-des-syndicats-projette-une-greve-du-30-mars-au-1er-avril-2026\/#breadcrumb"},"inLanguage":"fr-FR","potentialAction":[{"@type":"ReadAction","target":["https:\/\/www.nettali.com\/2026\/03\/07\/transport-la-federation-des-syndicats-projette-une-greve-du-30-mars-au-1er-avril-2026\/"]}]},{"@type":"BreadcrumbList","@id":"https:\/\/www.nettali.com\/2026\/03\/07\/transport-la-federation-des-syndicats-projette-une-greve-du-30-mars-au-1er-avril-2026\/#breadcrumb","itemListElement":[{"@type":"ListItem","position":1,"name":"Accueil","item":"https:\/\/www.nettali.com\/"},{"@type":"ListItem","position":2,"name":"TRANSPORT- La F\u00e9d\u00e9ration des syndicats projette une gr\u00e8ve du 30 mars au 1er avril 2026"}]},{"@type":"Person","@id":"https:\/\/www.nettali.com\/#\/schema\/person\/418274a86bdf87caff7a3ef476bd0bbf","name":"Fatou","image":{"@type":"ImageObject","@id":"https:\/\/www.nettali.com\/#personlogo","inLanguage":"fr-FR","url":"https:\/\/secure.gravatar.com\/avatar\/5a9442a2bee7b4dcf167cab035858e9a?s=96&d=mm&r=g","contentUrl":"https:\/\/secure.gravatar.com\/avatar\/5a9442a2bee7b4dcf167cab035858e9a?s=96&d=mm&r=g","caption":"Fatou"},"sameAs":["https:\/\/www.nettali.com"]}]}},"_links":{"self":[{"href":"https:\/\/www.nettali.com\/rest\/wp\/v2\/posts\/170624"}],"collection":[{"href":"https:\/\/www.nettali.com\/rest\/wp\/v2\/posts"}],"about":[{"href":"https:\/\/www.nettali.com\/rest\/wp\/v2\/types\/post"}],"author":[{"embeddable":true,"href":"https:\/\/www.nettali.com\/rest\/wp\/v2\/users\/6"}],"replies":[{"embeddable":true,"href":"https:\/\/www.nettali.com\/rest\/wp\/v2\/comments?post=170624"}],"version-history":[{"count":1,"href":"https:\/\/www.nettali.com\/rest\/wp\/v2\/posts\/170624\/revisions"}],"predecessor-version":[{"id":170625,"href":"https:\/\/www.nettali.com\/rest\/wp\/v2\/posts\/170624\/revisions\/170625"}],"wp:featuredmedia":[{"embeddable":true,"href":"https:\/\/www.nettali.com\/rest\/wp\/v2\/media\/101652"}],"wp:attachment":[{"href":"https:\/\/www.nettali.com\/rest\/wp\/v2\/media?parent=170624"}],"wp:term":[{"taxonomy":"category","embeddable":true,"href":"https:\/\/www.nettali.com\/rest\/wp\/v2\/categories?post=170624"},{"taxonomy":"post_tag","embeddable":true,"href":"https:\/\/www.nettali.com\/rest\/wp\/v2\/tags?post=170624"}],"curies":[{"name":"wp","href":"https:\/\/api.w.org\/{rel}","templated":true}]}}