{"id":170529,"date":"2026-03-04T11:00:55","date_gmt":"2026-03-04T11:00:55","guid":{"rendered":"https:\/\/www.nettali.com\/?p=170529"},"modified":"2026-03-05T12:55:11","modified_gmt":"2026-03-05T12:55:11","slug":"nice-soudain-n2-diouf-ne-comprend-pas","status":"publish","type":"post","link":"https:\/\/www.nettali.com\/2026\/03\/04\/nice-soudain-n2-diouf-ne-comprend-pas\/","title":{"rendered":"NICE - Soudain N\u00b02, Diouf ne comprend pas"},"content":{"rendered":"<p><strong>NETTALI.COM -<\/strong> Titulaire indiscutable en premi\u00e8re partie de saison, Yehvann Diouf (26 ans, 25 matchs toutes comp\u00e9titions cette saison) doit se contenter d\u2019un statut de gardien rempla\u00e7ant depuis la CAN et l\u2019intronisation de Claude Puel sur le banc de l'OGC Nice. Un changement soudain qui a \u201chorriblement d\u00e9\u00e7u\u201d le S\u00e9n\u00e9galais, indique L\u2019\u00c9quipe. L\u2019ancien R\u00e9mois n\u2019a tout simplement \u201cpas compris\u201d ce d\u00e9classement.<\/p>\n<p>Selon le quotidien, l\u2019entra\u00eeneur azur\u00e9en lui pr\u00e9f\u00e8re Maxime Dup\u00e9 car ce dernier apporterait davantage de s\u00e9r\u00e9nit\u00e9 et de calme \u00e0 la d\u00e9fense ni\u00e7oise, sans oublier un jeu au pied qu\u2019il juge meilleur et plus rassurant.<\/p>\n<p>En attendant de potentiellement retrouver sa place de N\u00b01, le protecteur de serviettes le plus c\u00e9l\u00e8bre du monde aura l\u2019occasion de prouver sa valeur ce mercredi (20h30) lors du quart de finale de Coupe de France contre Lorient.<\/p>\n<div class='share-to-whatsapp-wrapper'><div class='share-on-whsp'>PARTAGER SUR : <\/div><a data-text='NICE - Soudain N\u00b02, Diouf ne comprend pas' data-link='https:\/\/www.nettali.com\/2026\/03\/04\/nice-soudain-n2-diouf-ne-comprend-pas\/' class='whatsapp-button whatsapp-share'>WhatsApp<\/a><div class='clear '><\/div><\/div>","protected":false},"excerpt":{"rendered":"<p>NETTALI.COM - Titulaire indiscutable en premi\u00e8re partie de saison, Yehvann Diouf (26 ans, 25 matchs toutes comp\u00e9titions cette saison) doit se contenter d\u2019un statut de gardien rempla\u00e7ant depuis la CAN et l\u2019intronisation de Claude Puel sur le banc de l'OGC Nice. Un changement soudain qui a \u201chorriblement d\u00e9\u00e7u\u201d le S\u00e9n\u00e9galais, indique L\u2019\u00c9quipe. L\u2019ancien R\u00e9mois n\u2019a [&hellip;]<\/p>\n","protected":false},"author":2,"featured_media":170530,"comment_status":"open","ping_status":"open","sticky":false,"template":"","format":"standard","meta":{"_et_pb_use_builder":"","_et_pb_old_content":""},"categories":[6],"tags":[],"yoast_head":"<!-- This site is optimized with the Yoast SEO Premium plugin v17.8 (Yoast SEO v17.8) - https:\/\/yoast.com\/wordpress\/plugins\/seo\/ -->\n<title>NICE - Soudain N\u00b02, Diouf ne comprend pas | Nettali.com<\/title>\n<meta name=\"robots\" content=\"index, follow, max-snippet:-1, max-image-preview:large, max-video-preview:-1\" \/>\n<link rel=\"canonical\" href=\"https:\/\/www.nettali.com\/2026\/03\/04\/nice-soudain-n2-diouf-ne-comprend-pas\/\" \/>\n<meta property=\"og:locale\" content=\"fr_FR\" \/>\n<meta property=\"og:type\" content=\"article\" \/>\n<meta property=\"og:title\" content=\"NICE - Soudain N\u00b02, Diouf ne comprend pas\" \/>\n<meta property=\"og:description\" content=\"NETTALI.COM - Titulaire indiscutable en premi\u00e8re partie de saison, Yehvann Diouf (26 ans, 25 matchs toutes comp\u00e9titions cette saison) doit se contenter d\u2019un statut de gardien rempla\u00e7ant depuis la CAN et l\u2019intronisation de Claude Puel sur le banc de l&#039;OGC Nice. Un changement soudain qui a \u201chorriblement d\u00e9\u00e7u\u201d le S\u00e9n\u00e9galais, indique L\u2019\u00c9quipe. L\u2019ancien R\u00e9mois n\u2019a [&hellip;]\" \/>\n<meta property=\"og:url\" content=\"https:\/\/www.nettali.com\/2026\/03\/04\/nice-soudain-n2-diouf-ne-comprend-pas\/\" \/>\n<meta property=\"og:site_name\" content=\"Nettali.com\" \/>\n<meta property=\"article:publisher\" content=\"https:\/\/www.facebook.com\/nettalicom\" \/>\n<meta property=\"article:published_time\" content=\"2026-03-04T11:00:55+00:00\" \/>\n<meta property=\"article:modified_time\" content=\"2026-03-05T12:55:11+00:00\" \/>\n<meta property=\"og:image\" content=\"https:\/\/www.nettali.com\/wp-content\/uploads\/2026\/03\/l1-20250723143623-6135.jpg\" \/>\n\t<meta property=\"og:image:width\" content=\"1200\" \/>\n\t<meta property=\"og:image:height\" content=\"800\" \/>\n<meta name=\"twitter:card\" content=\"summary_large_image\" \/>\n<meta name=\"twitter:label1\" content=\"\u00c9crit par\" \/>\n\t<meta name=\"twitter:data1\" content=\"CK\" \/>\n\t<meta name=\"twitter:label2\" content=\"Dur\u00e9e de lecture estim\u00e9e\" \/>\n\t<meta name=\"twitter:data2\" content=\"1 minute\" \/>\n<script type=\"application\/ld+json\" class=\"yoast-schema-graph\">{\"@context\":\"https:\/\/schema.org\",\"@graph\":[{\"@type\":\"WebSite\",\"@id\":\"https:\/\/www.nettali.com\/#website\",\"url\":\"https:\/\/www.nettali.com\/\",\"name\":\"Nettali.com\",\"description\":\"Le rendez-vous critique du Net\",\"potentialAction\":[{\"@type\":\"SearchAction\",\"target\":{\"@type\":\"EntryPoint\",\"urlTemplate\":\"https:\/\/www.nettali.com\/?s={search_term_string}\"},\"query-input\":\"required name=search_term_string\"}],\"inLanguage\":\"fr-FR\"},{\"@type\":\"ImageObject\",\"@id\":\"https:\/\/www.nettali.com\/2026\/03\/04\/nice-soudain-n2-diouf-ne-comprend-pas\/#primaryimage\",\"inLanguage\":\"fr-FR\",\"url\":\"https:\/\/www.nettali.com\/wp-content\/uploads\/2026\/03\/l1-20250723143623-6135.jpg\",\"contentUrl\":\"https:\/\/www.nettali.com\/wp-content\/uploads\/2026\/03\/l1-20250723143623-6135.jpg\",\"width\":1200,\"height\":800},{\"@type\":\"WebPage\",\"@id\":\"https:\/\/www.nettali.com\/2026\/03\/04\/nice-soudain-n2-diouf-ne-comprend-pas\/#webpage\",\"url\":\"https:\/\/www.nettali.com\/2026\/03\/04\/nice-soudain-n2-diouf-ne-comprend-pas\/\",\"name\":\"NICE - Soudain N\\u00b02, Diouf ne comprend pas | Nettali.com\",\"isPartOf\":{\"@id\":\"https:\/\/www.nettali.com\/#website\"},\"primaryImageOfPage\":{\"@id\":\"https:\/\/www.nettali.com\/2026\/03\/04\/nice-soudain-n2-diouf-ne-comprend-pas\/#primaryimage\"},\"datePublished\":\"2026-03-04T11:00:55+00:00\",\"dateModified\":\"2026-03-05T12:55:11+00:00\",\"author\":{\"@id\":\"https:\/\/www.nettali.com\/#\/schema\/person\/d8ac7b7e27ddad43f1c0d2ef090d7f71\"},\"breadcrumb\":{\"@id\":\"https:\/\/www.nettali.com\/2026\/03\/04\/nice-soudain-n2-diouf-ne-comprend-pas\/#breadcrumb\"},\"inLanguage\":\"fr-FR\",\"potentialAction\":[{\"@type\":\"ReadAction\",\"target\":[\"https:\/\/www.nettali.com\/2026\/03\/04\/nice-soudain-n2-diouf-ne-comprend-pas\/\"]}]},{\"@type\":\"BreadcrumbList\",\"@id\":\"https:\/\/www.nettali.com\/2026\/03\/04\/nice-soudain-n2-diouf-ne-comprend-pas\/#breadcrumb\",\"itemListElement\":[{\"@type\":\"ListItem\",\"position\":1,\"name\":\"Accueil\",\"item\":\"https:\/\/www.nettali.com\/\"},{\"@type\":\"ListItem\",\"position\":2,\"name\":\"NICE - Soudain N\\u00b02, Diouf ne comprend pas\"}]},{\"@type\":\"Person\",\"@id\":\"https:\/\/www.nettali.com\/#\/schema\/person\/d8ac7b7e27ddad43f1c0d2ef090d7f71\",\"name\":\"CK\",\"image\":{\"@type\":\"ImageObject\",\"@id\":\"https:\/\/www.nettali.com\/#personlogo\",\"inLanguage\":\"fr-FR\",\"url\":\"https:\/\/secure.gravatar.com\/avatar\/1d8d5118b9327d94da7cd4ce7f17fec2?s=96&d=mm&r=g\",\"contentUrl\":\"https:\/\/secure.gravatar.com\/avatar\/1d8d5118b9327d94da7cd4ce7f17fec2?s=96&d=mm&r=g\",\"caption\":\"CK\"},\"sameAs\":[\"https:\/\/www.nettali.com\"]}]}<\/script>\n<!-- \/ Yoast SEO Premium plugin. -->","yoast_head_json":{"title":"NICE - Soudain N\u00b02, Diouf ne comprend pas | Nettali.com","robots":{"index":"index","follow":"follow","max-snippet":"max-snippet:-1","max-image-preview":"max-image-preview:large","max-video-preview":"max-video-preview:-1"},"canonical":"https:\/\/www.nettali.com\/2026\/03\/04\/nice-soudain-n2-diouf-ne-comprend-pas\/","og_locale":"fr_FR","og_type":"article","og_title":"NICE - Soudain N\u00b02, Diouf ne comprend pas","og_description":"NETTALI.COM - Titulaire indiscutable en premi\u00e8re partie de saison, Yehvann Diouf (26 ans, 25 matchs toutes comp\u00e9titions cette saison) doit se contenter d\u2019un statut de gardien rempla\u00e7ant depuis la CAN et l\u2019intronisation de Claude Puel sur le banc de l'OGC Nice. Un changement soudain qui a \u201chorriblement d\u00e9\u00e7u\u201d le S\u00e9n\u00e9galais, indique L\u2019\u00c9quipe. L\u2019ancien R\u00e9mois n\u2019a [&hellip;]","og_url":"https:\/\/www.nettali.com\/2026\/03\/04\/nice-soudain-n2-diouf-ne-comprend-pas\/","og_site_name":"Nettali.com","article_publisher":"https:\/\/www.facebook.com\/nettalicom","article_published_time":"2026-03-04T11:00:55+00:00","article_modified_time":"2026-03-05T12:55:11+00:00","og_image":[{"width":1200,"height":800,"url":"https:\/\/www.nettali.com\/wp-content\/uploads\/2026\/03\/l1-20250723143623-6135.jpg","type":"image\/jpeg"}],"twitter_card":"summary_large_image","twitter_misc":{"\u00c9crit par":"CK","Dur\u00e9e de lecture estim\u00e9e":"1 minute"},"schema":{"@context":"https:\/\/schema.org","@graph":[{"@type":"WebSite","@id":"https:\/\/www.nettali.com\/#website","url":"https:\/\/www.nettali.com\/","name":"Nettali.com","description":"Le rendez-vous critique du Net","potentialAction":[{"@type":"SearchAction","target":{"@type":"EntryPoint","urlTemplate":"https:\/\/www.nettali.com\/?s={search_term_string}"},"query-input":"required name=search_term_string"}],"inLanguage":"fr-FR"},{"@type":"ImageObject","@id":"https:\/\/www.nettali.com\/2026\/03\/04\/nice-soudain-n2-diouf-ne-comprend-pas\/#primaryimage","inLanguage":"fr-FR","url":"https:\/\/www.nettali.com\/wp-content\/uploads\/2026\/03\/l1-20250723143623-6135.jpg","contentUrl":"https:\/\/www.nettali.com\/wp-content\/uploads\/2026\/03\/l1-20250723143623-6135.jpg","width":1200,"height":800},{"@type":"WebPage","@id":"https:\/\/www.nettali.com\/2026\/03\/04\/nice-soudain-n2-diouf-ne-comprend-pas\/#webpage","url":"https:\/\/www.nettali.com\/2026\/03\/04\/nice-soudain-n2-diouf-ne-comprend-pas\/","name":"NICE - Soudain N\u00b02, Diouf ne comprend pas | Nettali.com","isPartOf":{"@id":"https:\/\/www.nettali.com\/#website"},"primaryImageOfPage":{"@id":"https:\/\/www.nettali.com\/2026\/03\/04\/nice-soudain-n2-diouf-ne-comprend-pas\/#primaryimage"},"datePublished":"2026-03-04T11:00:55+00:00","dateModified":"2026-03-05T12:55:11+00:00","author":{"@id":"https:\/\/www.nettali.com\/#\/schema\/person\/d8ac7b7e27ddad43f1c0d2ef090d7f71"},"breadcrumb":{"@id":"https:\/\/www.nettali.com\/2026\/03\/04\/nice-soudain-n2-diouf-ne-comprend-pas\/#breadcrumb"},"inLanguage":"fr-FR","potentialAction":[{"@type":"ReadAction","target":["https:\/\/www.nettali.com\/2026\/03\/04\/nice-soudain-n2-diouf-ne-comprend-pas\/"]}]},{"@type":"BreadcrumbList","@id":"https:\/\/www.nettali.com\/2026\/03\/04\/nice-soudain-n2-diouf-ne-comprend-pas\/#breadcrumb","itemListElement":[{"@type":"ListItem","position":1,"name":"Accueil","item":"https:\/\/www.nettali.com\/"},{"@type":"ListItem","position":2,"name":"NICE - Soudain N\u00b02, Diouf ne comprend pas"}]},{"@type":"Person","@id":"https:\/\/www.nettali.com\/#\/schema\/person\/d8ac7b7e27ddad43f1c0d2ef090d7f71","name":"CK","image":{"@type":"ImageObject","@id":"https:\/\/www.nettali.com\/#personlogo","inLanguage":"fr-FR","url":"https:\/\/secure.gravatar.com\/avatar\/1d8d5118b9327d94da7cd4ce7f17fec2?s=96&d=mm&r=g","contentUrl":"https:\/\/secure.gravatar.com\/avatar\/1d8d5118b9327d94da7cd4ce7f17fec2?s=96&d=mm&r=g","caption":"CK"},"sameAs":["https:\/\/www.nettali.com"]}]}},"_links":{"self":[{"href":"https:\/\/www.nettali.com\/rest\/wp\/v2\/posts\/170529"}],"collection":[{"href":"https:\/\/www.nettali.com\/rest\/wp\/v2\/posts"}],"about":[{"href":"https:\/\/www.nettali.com\/rest\/wp\/v2\/types\/post"}],"author":[{"embeddable":true,"href":"https:\/\/www.nettali.com\/rest\/wp\/v2\/users\/2"}],"replies":[{"embeddable":true,"href":"https:\/\/www.nettali.com\/rest\/wp\/v2\/comments?post=170529"}],"version-history":[{"count":1,"href":"https:\/\/www.nettali.com\/rest\/wp\/v2\/posts\/170529\/revisions"}],"predecessor-version":[{"id":170531,"href":"https:\/\/www.nettali.com\/rest\/wp\/v2\/posts\/170529\/revisions\/170531"}],"wp:featuredmedia":[{"embeddable":true,"href":"https:\/\/www.nettali.com\/rest\/wp\/v2\/media\/170530"}],"wp:attachment":[{"href":"https:\/\/www.nettali.com\/rest\/wp\/v2\/media?parent=170529"}],"wp:term":[{"taxonomy":"category","embeddable":true,"href":"https:\/\/www.nettali.com\/rest\/wp\/v2\/categories?post=170529"},{"taxonomy":"post_tag","embeddable":true,"href":"https:\/\/www.nettali.com\/rest\/wp\/v2\/tags?post=170529"}],"curies":[{"name":"wp","href":"https:\/\/api.w.org\/{rel}","templated":true}]}}